{"id":2017070,"date":"2026-06-29T04:53:54","date_gmt":"2026-06-29T01:53:54","guid":{"rendered":"https:\/\/analyse.optim.biz\/?p=2017070"},"modified":"2026-06-29T04:53:54","modified_gmt":"2026-06-29T01:53:54","slug":"29-iunie-sfintii-apostoli-petru-si-pavel-ocrotitorii-indeosebi-ai-celor-ce-se-pocaiesc-de-faptele-lor-grave","status":"publish","type":"post","link":"https:\/\/analyse.optim.biz\/?p=2017070","title":{"rendered":"29 iunie. Sfin\u021bii Apostoli Petru \u0219i Pavel, ocrotitorii, \u00eendeosebi, ai celor ce se poc\u0103iesc de faptele lor grave"},"content":{"rendered":"<p>[analyse_image type=&#8221;featured&#8221; src=&#8221;https:\/\/ortodoxinfo.ro\/wp-content\/uploads\/2024\/06\/petru.jpghttps:\/\/ortodoxinfo.ro\/wp-content\/uploads\/2024\/06\/petru.jpg&#8221;]<\/p>\n<article id=\"post-158374\" class=\"post-158374 post type-post status-publish format-standard has-post-thumbnail category-sfinti-si-sarbatori\">\n<header class=\"single-header\">\n<aside class=\"breadcrumb-wrap breadcrumb-yoast s-breadcrumb\">\n<div class=\"breadcrumb-inner\"><span><span><a href=\"https:\/\/ortodoxinfo.ro\/\">Prima pagin\u0103<\/a><\/span> \u00bb <span><a href=\"https:\/\/ortodoxinfo.ro\/blog\/\">Blog<\/a><\/span> \u00bb <span class=\"breadcrumb_last\" aria-current=\"page\">29 iunie. Sfin\u021bii Apostoli Petru \u0219i Pavel, ocrotitorii, \u00eendeosebi, ai celor ce se poc\u0103iesc de faptele lor grave<\/span><\/span><\/div>\n<\/aside>\n<h1 class=\"s-title fw-headline\">29 iunie. Sfin\u021bii Apostoli Petru \u0219i Pavel, ocrotitorii, \u00eendeosebi, ai celor ce se poc\u0103iesc de faptele lor grave<\/h1>\n<div class=\"single-meta meta-s-default yes-0\">\n<div class=\"smeta-in\"><a class=\"meta-el meta-avatar\" href=\"https:\/\/ortodoxinfo.ro\/author\/redactor\/\"><img loading=\"lazy\" decoding=\"async\" alt=\"OrtodoxINFO\" src=\"https:\/\/secure.gravatar.com\/avatar\/21010332354a182ce4de6016685c5586f21c51866d0ec5bc8ef383240b3c3e02?s=120&amp;r=g\" class=\"avatar avatar-120 photo\" height=\"120\" width=\"120\"><\/a><\/p>\n<div class=\"smeta-sec\">\n<div class=\"p-meta\">\n<div class=\"meta-inner is-meta\"><span class=\"meta-el meta-date\"><time datetime=\"2026-06-29T11:39:35+03:00\">29 iunie 2026<\/time><\/span><span class=\"meta-el meta-category meta-bold\"><a class=\"meta-separate category-1858\" href=\"https:\/\/ortodoxinfo.ro\/category\/credinta-ortodoxa\/sfinti-si-sarbatori\/\">Sfin\u021bi \u0219i s\u0103rb\u0103tori<\/a><\/span><span class=\"meta-el meta-view\">1.7k vizualiz\u0103ri\t\t<\/span><span class=\"meta-el meta-comment mobile-last-meta tablet-last-meta\"><a href=\"https:\/\/ortodoxinfo.ro\/2026\/06\/29\/29-iunie-sfintii-apostoli-petru-si-pavel-ocrotitorii-indeosebi-ai-celor-ce-se-pocaiesc-de-faptele-lor-grave\/#respond\">Comentarii<\/a><\/span><\/div>\n<\/div>\n<\/div>\n<\/div>\n<div class=\"smeta-extra\">\n<div class=\"t-shared-sec tooltips-n has-read-meta is-color\">\n<div class=\"t-shared-header is-meta\"><span class=\"share-label\">Share<\/span><\/div>\n<\/div>\n<div class=\"single-right-meta single-time-read is-meta\"><span class=\"meta-el meta-read\">6 Min Read<\/span><\/div>\n<\/div>\n<\/div>\n<\/header>\n<div class=\"grid-container\">\n<div class=\"s-ct\">\n<div class=\"s-feat-outer\">\n<div class=\"s-feat\">\n<div class=\"featured-lightbox-trigger\" data-source=\"https:\/\/ortodoxinfo.ro\/wp-content\/uploads\/2024\/06\/petru.jpg\" data-caption data-attribution><img fetchpriority=\"high\" decoding=\"async\" width=\"746\" height=\"512\" src=\"https:\/\/ortodoxinfo.ro\/wp-content\/uploads\/2024\/06\/petru.jpg\" class=\"attachment-foxiz_crop_o1 size-foxiz_crop_o1 wp-post-image\" alt loading=\"eager\"><\/div>\n<\/div>\n<\/div>\n<div class=\"s-ct-wrap has-lsl\">\n<div class=\"s-ct-inner\">\n<div class=\"l-shared-sec-outer show-mobile\">\n<div class=\"l-shared-sec\">\n<div class=\"l-shared-header meta-text\"><span class=\"share-label\">SHARE<\/span><\/div>\n<\/div>\n<\/div>\n<div class=\"e-ct-outer\">\n<div class=\"entry-top\">\n<div id=\"custom_html-3\" class=\"widget_text widget entry-widget clearfix widget_custom_html\">\n<div class=\"textwidget custom-html-widget\">\n<div><small><br \/>\n    OrtodoxINFO este supus unui sabotaj sistematic din partea reprezentan\u021bilor Google Rom\u00e2nia, at\u00e2t la afi\u0219\u0103ri c\u00e2t \u0219i \u00een rezultatele de c\u0103utare.<br \/>\n        Astfel c\u0103 veniturile din publicitate au sc\u0103zut de p\u00e2n\u0103 la <strong>10 ori<\/strong>. Situa\u021bia este similar\u0103 \u0219i pe Facebook.<\/p>\n<p>        V\u0103 invit\u0103m s\u0103 accesa\u021bi direct site-ul \u0219i s\u0103 v\u0103 abona\u021bi la notific\u0103ri.<\/p>\n<p>    Dac\u0103 dori\u021bi s\u0103 ne sus\u021bine\u021bi \u00een aceast\u0103 perioad\u0103 dificil\u0103, orice <a href=\"https:\/\/ortodoxinfo.ro\/donatii\/\">dona\u021bie<\/a> este binevenit\u0103.<br \/>\n    Dumnezeu s\u0103 v\u0103 r\u0103spl\u0103teasc\u0103!<br \/>\n<\/small><\/div>\n<\/div>\n<\/div>\n<\/div>\n<div class=\"entry-content rbct clearfix is-highlight-shares\">\n<div>\n<p>Biserica s\u0103rb\u0103tore\u0219te la 29 iunie pe Sfin\u021bii Apostoli Petru \u0219i Pavel, doi st\u00e2lpi ai bisericii noastre.<\/p>\n<p><strong>Sf\u00e2ntul Apostol Petru<\/strong>\u00a0era originar din Betsaida (\u00een Galileea Palestinei). Era fiul lui Iona \u0219i fratele mai mare al Sf\u00e2ntului Apostolul Andrei, cel \u00eent\u00e2i-chemat. Numele s\u0103u din p\u0103rin\u021bi era Simon. C\u0103s\u0103torindu-se cu fiica lui Aristobol (fratele Sf\u00e2ntului Apostol Barnaba) s-a mutat \u00een Capernaum, un ora\u0219 a\u0219ezat pe malul lacului Ghenizaret care era bogat \u00een pe\u0219te \u0219i de aici a deprins \u0219i meseria de pescar.<\/p>\n<p>Numele de Petru l-a primit de la \u00censu\u0219i Domnul Iisus Hristos, care s-a uitat la el \u0219i i-a spus \u201eTu e\u0219ti Simon, fiul lui Iona; tu te vei chema Chefa (ce se t\u00e2lcuie\u0219te: Petru)\u201d (Ioan 1, 42). Petru i-a f\u0103g\u0103duit M\u00e2ntuitorului Iisus Hristos c\u0103 \u00cel va iubi \u00eentotdeauna, dar \u00een timpul patimilor Lui, s-a lep\u0103dat de trei ori, nerecunosc\u00e2nd \u00een fa\u021ba g\u0103rzilor c\u0103 \u00eel cunoa\u0219te pe Domnul Iisus Hristos. Imediat s-a c\u0103it de fapta sa \u0219i a \u00eenceput s\u0103 pl\u00e2ng\u0103 amar. Iisus a prezis dinainte c\u0103 Petru se va lep\u0103da de El de trei ori \u00een Joia mare. Gre\u0219eala i-a fost iertat\u0103, c\u0103ci dup\u0103 \u00cenvierea Sa, M\u00e2ntuitorul s-a ar\u0103tat Apostolilor \u0219i l-a \u00eentrebat pe Petru de trei ori dac\u0103 \u00eel iube\u0219te.<\/p>\n<p>Cel ce a zis \u00een Joia Mare de trei ori c\u0103 nu-L cunoa\u0219te, acum spune de trei ori: \u201eDoamne, Tu \u0219tii toate. Tu \u0219tii c\u0103 Te iubesc\u201d, iar Iisus i-a zis: \u201ePa\u0219te oile Mele\u201d (Ioan 21, 17), rea\u0219ez\u00e2ndu-l \u00een misiunea de apostol. Dup\u0103 \u00cen\u0103l\u021barea M\u00e2ntuitorului la cer \u0219i Pogor\u00e2rea Sf\u00e2ntului Duh, plin de curaj \u0219i de Duh Sf\u00e2nt, Sf\u00e2ntul Apostol Petru a propov\u0103duit pe Hristos \u00een \u021aara Sf\u00e2nt\u0103, \u00een ora\u0219ele din Asia Mic\u0103. A fost arestat \u00eempreun\u0103 cu Apostolul Pavel, condamnat la moarte \u0219i executat prin r\u0103stignire pe cruce cu capul \u00een jos (la cererea lui, spre a se deosebi de modul r\u0103stignirii lui Iisus Hristos), \u00een anul 67 d. Hr.<\/p>\n<p><strong>Sf\u00e2ntul Apostol Pavel<\/strong>\u00a0s-a n\u0103scut \u00eentre anii 1-5 d. Hr. \u00een ora\u0219ul Tars, capitala provinciei Cilicia (Asia Mic\u0103), fiind numit la na\u0219tere Saul. Tat\u0103l s\u0103u era evreu -fariseu. \u00cenainte de a veni \u00een Tars locuise \u00een Roma \u0219i ob\u021binuse dreptul de cet\u0103\u021benie roman\u0103. Saul a fost elev al \u00eenv\u0103\u021batului rabin Gamaliel. Dup\u0103 studiile \u00eendrumate de marele rabin, Saul devine cel mai str\u0103lucit discipol al acestuia, av\u00e2nd calit\u0103\u021bi intelectuale deosebite, precum \u0219i zeul \u0219i fanatismul religios al unui fariseu. De aceea, Saul a fost un aprig urm\u0103ritor al cre\u0219tinilor, fiind prezent la lapidarea Sf\u00e2ntului Apostol \u0218tefan, \u00cent\u00e2iul-Mucenic (Fapte 7, 58). \u00cen anul 33 Saul cere aprobarea marelui preot Caiafa pentru a pleca la Damasc \u00een urm\u0103rirea cre\u0219tinilor. Faptele Apostolilor arat\u0103 prefacerea sufleteasc\u0103 a lui Saul, prigonitorul cre\u0219tinilor, \u00een Pavel, apostolul lui Hristos. \u00cen timp ce se afla pe cale o lumin\u0103 din cer, ca de fulger, l-a \u00eenv\u0103luit deodat\u0103.<\/p>\n<p>\u0218i, c\u0103z\u00e2nd la p\u0103m\u00e2nt, a auzit un glas, zic\u00e2ndu-i: Saule, Saule, de ce M\u0103 prigone\u0219ti? Iar el a zis: Cine e\u0219ti, Doamne? \u0218i Domnul a zis: Eu sunt Iisus, pe Care tu \u00cel prigone\u0219ti. Greu \u00ee\u021bi este s\u0103 izbe\u0219ti cu piciorul \u00een \u021bepu\u0219\u0103. \u0218i el, tremur\u00e2nd \u0219i \u00eensp\u0103im\u00e2ntat fiind, a zis: Doamne, ce voie\u0219ti s\u0103 fac? Iar Domnul i-a zis: Ridic\u0103-te, intr\u0103 \u00een cetate \u0219i \u021bi se va spune ce trebuie s\u0103 faci. Iar b\u0103rba\u021bii, care erau cu el pe cale, st\u0103teau \u00eenm\u0103rmuri\u021bi, auzind glasul, dar nev\u0103z\u00e2nd pe nimeni (Fapte 9, 1-22). Aflat de Apostolul Anania, \u00een urma unei vedenii dumnezeie\u0219ti, Saul \u00ee\u0219i regret\u0103 faptele \u0219i este botezat de Anania.<\/p>\n<p>Cur\u00e2nd dup\u0103 convertire, Saul \u00ee\u0219i schimb\u0103 numele \u00een Pavel, iar mai t\u00e2rziu a fost inclus \u00een ceata Apostolilor. Pavel a propov\u0103duit Evanghelia pe o zon\u0103 foarte \u00eentins\u0103, din Arabia p\u00e2n\u0103 \u00een Spania, at\u00e2t la evrei, c\u00e2t \u0219i la p\u0103g\u00e2ni. Pavel \u0219i-a petrecut via\u021ba de cre\u0219tin \u00een suferin\u021b\u0103 \u0219i lucr\u00e2nd pentru Hristos, \u00eenfiin\u021b\u00e2nd \u0219i organiz\u00e2nd Biserici pretutindeni. A atins o a\u0219a stare de \u00eembun\u0103t\u0103\u021bire \u00eenc\u00e2t spune Bisericii din Galatia: nu eu, ci Hristos tr\u0103ie\u0219te \u00een mine (Galateni 2, 20). Sf\u00e2ntul Pavel a fost martirizat prin decapitare.<\/p>\n<p><strong>Sfin\u021bii Apostoli Petru \u0219i Pavel ocrotitori ai celor priva\u021bi de libertate<\/strong><\/p>\n<p>Sfin\u021bii Apostoli Petru \u0219i Pavel sunt considera\u021bi ocrotitori ai celor priva\u021bi de libertate din Rom\u00e2nia, deoarece \u00een penitenciare ajung oameni care au gre\u0219it fa\u021b\u0103 de Dumnezeu, precum ace\u0219ti doi corifei ai Ortodoxiei. Sf\u00e2ntul Petru s-a lep\u0103dat de El, iar Sf\u00e2ntul Pavel i-a prigonit pe cre\u0219tini, dar dup\u0103 c\u0103in\u021b\u0103 puternic\u0103 au fost ierta\u021bi, de aceea ei reprezint\u0103 un exemplu de iertare \u0219i \u00eencredere \u00een bun\u0103tatea lui Dumnezeu pentru cei care gre\u0219esc. De asemenea, cei doi Sfin\u021bi Apostoli au fost \u00eenchi\u0219i, nu pentru c\u0103 au f\u0103cut ceva r\u0103u, ci pentru vina c\u0103 L-au m\u0103rturisit pe Hristos, ca Fiu al lui Dumnezeu \u0219i M\u00e2ntuitor al oamenilor.<\/p>\n<\/div>\n<\/div>\n<\/div>\n<\/div>\n<div class=\"e-shared-sec entry-sec\">\n<div class=\"e-shared-header h4\"><span>Distribuie<\/span><\/div>\n<div class=\"rbbsl tooltips-n effect-fadeout is-bg\"><a class=\"share-action share-trigger icon-facebook\" aria-label=\"Share on Facebook\" href=\"https:\/\/www.facebook.com\/sharer.php?u=https%3A%2F%2Fortodoxinfo.ro%2F2026%2F06%2F29%2F29-iunie-sfintii-apostoli-petru-si-pavel-ocrotitorii-indeosebi-ai-celor-ce-se-pocaiesc-de-faptele-lor-grave%2F\" data-title=\"Facebook\" rel=\"nofollow\"><span>Facebook<\/span><\/a><a class=\"share-action share-trigger icon-twitter\" aria-label=\"Share on X\" href=\"https:\/\/twitter.com\/intent\/tweet?text=29+iunie.+Sfin%C8%9Bii+Apostoli+Petru+%C8%99i+Pavel%2C+ocrotitorii%2C+%C3%AEndeosebi%2C+ai+celor+ce+se+poc%C4%83iesc+de+faptele+lor+grave&amp;url=https%3A%2F%2Fortodoxinfo.ro%2F2026%2F06%2F29%2F29-iunie-sfintii-apostoli-petru-si-pavel-ocrotitorii-indeosebi-ai-celor-ce-se-pocaiesc-de-faptele-lor-grave%2F&amp;via=ortodoxinforo\" data-title=\"X\" rel=\"nofollow\"><span>X<\/span><\/a><a class=\"share-action icon-whatsapp is-web\" aria-label=\"Share on Whatsapp\" href=\"https:\/\/web.whatsapp.com\/send?text=29+iunie.+Sfin%C8%9Bii+Apostoli+Petru+%C8%99i+Pavel%2C+ocrotitorii%2C+%C3%AEndeosebi%2C+ai+celor+ce+se+poc%C4%83iesc+de+faptele+lor+grave%20%E2%98%9E%20https%3A%2F%2Fortodoxinfo.ro%2F2026%2F06%2F29%2F29-iunie-sfintii-apostoli-petru-si-pavel-ocrotitorii-indeosebi-ai-celor-ce-se-pocaiesc-de-faptele-lor-grave%2F\" target=\"_blank\" data-title=\"WhatsApp\" rel=\"nofollow\"><span>Whatsapp<\/span><\/a><a class=\"share-action icon-whatsapp is-mobile\" aria-label=\"Share on Whatsapp\" href=\"\/\/send?text=29+iunie.+Sfin%C8%9Bii+Apostoli+Petru+%C8%99i+Pavel%2C+ocrotitorii%2C+%C3%AEndeosebi%2C+ai+celor+ce+se+poc%C4%83iesc+de+faptele+lor+grave%20%E2%98%9E%20https%3A%2F%2Fortodoxinfo.ro%2F2026%2F06%2F29%2F29-iunie-sfintii-apostoli-petru-si-pavel-ocrotitorii-indeosebi-ai-celor-ce-se-pocaiesc-de-faptele-lor-grave%2F\" target=\"_blank\" data-title=\"WhatsApp\" rel=\"nofollow\"><span>Whatsapp<\/span><\/a><a class=\"share-action share-trigger icon-telegram\" aria-label=\"Share on Telegram\" href=\"https:\/\/t.me\/share\/?url=https%3A%2F%2Fortodoxinfo.ro%2F2026%2F06%2F29%2F29-iunie-sfintii-apostoli-petru-si-pavel-ocrotitorii-indeosebi-ai-celor-ce-se-pocaiesc-de-faptele-lor-grave%2F&amp;text=29+iunie.+Sfin%C8%9Bii+Apostoli+Petru+%C8%99i+Pavel%2C+ocrotitorii%2C+%C3%AEndeosebi%2C+ai+celor+ce+se+poc%C4%83iesc+de+faptele+lor+grave\" data-title=\"Telegram\" rel=\"nofollow\"><span>Telegram<\/span><\/a><a class=\"share-action icon-copy copy-trigger\" aria-label=\"Copy Link\" href=\"https:\/\/ortodoxinfo.ro\/2026\/06\/29\/29-iunie-sfintii-apostoli-petru-si-pavel-ocrotitorii-indeosebi-ai-celor-ce-se-pocaiesc-de-faptele-lor-grave\/\" data-copied=\"Copied!\" data-link=\"https:\/\/ortodoxinfo.ro\/2026\/06\/29\/29-iunie-sfintii-apostoli-petru-si-pavel-ocrotitorii-indeosebi-ai-celor-ce-se-pocaiesc-de-faptele-lor-grave\/\" rel=\"nofollow\" data-copy=\"Copy Link\"><span>Copy Link<\/span><\/a><a class=\"share-action icon-print\" aria-label=\"Print\" rel=\"nofollow\" data-title=\"Print\"><span>Print<\/span><\/a><\/div>\n<\/div>\n<\/div>\n<div id=\"tabs\" class=\"dntplgn_form_wrapper\"><span><\/p>\n<h2>\u0218tirile sunt sub cenzur\u0103! Sprijini\u021bi OrtodoxINFO!<\/h2>\n<p>Guvernul nu dore\u0219te aflarea adev\u0103rului despre lovitura de stat \u0219i \u00eengenuncherea Rom\u00e2niei. \u00cencerc\u0103m s\u0103 men\u021binem viu acest site \u0219i s\u0103 v\u0103 punem la dispozi\u021bie informa\u021bii care s\u0103 fac\u0103 lumin\u0103 \u00een cea mai mare provocare pe care o tr\u0103im. Jurnalismul independent al portalului OrtodoxINFO func\u021bioneaz\u0103 strict cu ajutorul cititorilor.<br \/>\nNe pute\u021bi sprijini printr-o <b><a href=\"https:\/\/ortodoxinfo.ro\/donatii\/\">dona\u021bie bancar\u0103<\/a> sau prin PayPal, complet\u00e2nd formularul de mai jos.<\/b><\/span><\/p>\n<ul>\n<li><a href=\"https:\/\/ortodoxinfo.ro\/2026\/06\/29\/29-iunie-sfintii-apostoli-petru-si-pavel-ocrotitorii-indeosebi-ai-celor-ce-se-pocaiesc-de-faptele-lor-grave\/#tabs-1\">Dona\u021bie lunar\u0103<\/a><\/li>\n<li><a href=\"https:\/\/ortodoxinfo.ro\/2026\/06\/29\/29-iunie-sfintii-apostoli-petru-si-pavel-ocrotitorii-indeosebi-ai-celor-ce-se-pocaiesc-de-faptele-lor-grave\/#tabs-2\">Doar acum<\/a><\/li>\n<\/ul>\n<div id=\"tabs-1\"><img loading=\"lazy\" decoding=\"async\" alt border=\"0\" src=\"https:\/\/www.paypalobjects.com\/en_US\/i\/scr\/pixel.gif\" width=\"1\" height=\"1\"><\/div>\n<div id=\"tabs-2\">\n<p>\t\t     \u20ac<\/p>\n<p>\t\t    <img loading=\"lazy\" decoding=\"async\" alt border=\"0\" src=\"https:\/\/www.paypalobjects.com\/en_US\/i\/scr\/pixel.gif\" width=\"1\" height=\"1\"><\/div>\n<p>Mul\u021bumim celor care ne-au ajutat p\u00e2n\u0103 acum!\n\t<\/p><\/div>\n<div class=\"comment-box-wrap entry-sec\">\n<div class=\"comment-box-header\"><span class=\"h3\">Las\u0103 un comentariu<\/span><\/div>\n<div class=\"comment-holder no-comment\">\n<div id=\"comments\" class=\"comments-area\">\n<div id=\"respond\" class=\"comment-respond\">\n<h3 id=\"reply-title\" class=\"comment-reply-title\">Las\u0103 un r\u0103spuns <small><a rel=\"nofollow\" id=\"cancel-comment-reply-link\" href=\"https:\/\/ortodoxinfo.ro\/2026\/06\/29\/29-iunie-sfintii-apostoli-petru-si-pavel-ocrotitorii-indeosebi-ai-celor-ce-se-pocaiesc-de-faptele-lor-grave\/#respond\">Anuleaz\u0103 r\u0103spunsul<\/a><\/small><\/h3>\n<p class=\"comment-notes\"><span id=\"email-notes\">Adresa ta de email nu va fi publicat\u0103.<\/span><span class=\"required-field-message\">C\u00e2mpurile obligatorii sunt marcate cu <span class=\"required\">*<\/span><\/span><\/p>\n<\/div>\n<\/div>\n<\/div>\n<\/div>\n<\/div>\n<div class=\"sidebar-wrap single-sidebar\">\n<div class=\"sidebar-inner clearfix\">\n<div id=\"widget-post-2\" class=\"widget rb-section w-sidebar clearfix widget-post\">\n<div class=\"block-h widget-heading heading-layout-1\">\n<div class=\"heading-inner\">\n<h4 class=\"heading-title\"><span>Articole recente<\/span><\/h4>\n<\/div>\n<\/div>\n<div class=\"widget-p-listing\">\n<div class=\"p-wrap p-small p-list-small-2\" data-pid=\"243865\">\n<div class=\"feat-holder\">\n<div class=\"p-featured ratio-v1\"><a class=\"p-flink\" href=\"https:\/\/ortodoxinfo.ro\/2026\/06\/29\/nucleara-pentru-anca-alexandrescu-si-patronul-realitatea-plus-va-dezvaluim-miza-reala-in-ruptura-de-calin-georgescu-si-de-george-simion\/\" title=\"Nucleara pentru Anca Alexandrescu \u0219i patronul Realitatea Plus. V\u0103 dezv\u0103luim miza real\u0103 \u00een ruptura de C\u0103lin Georgescu \u0219i de George Simion\"><img decoding=\"async\" width=\"150\" height=\"150\" src=\"https:\/\/ortodoxinfo.ro\/wp-content\/uploads\/2026\/06\/anca_alexandrescu_iuda-150x150.jpg\" class=\"featured-img wp-post-image\" alt loading=\"lazy\"><\/a><\/div>\n<\/div>\n<div class=\"p-content\">\n<h5 class=\"entry-title\"><a class=\"p-url\" href=\"https:\/\/ortodoxinfo.ro\/2026\/06\/29\/nucleara-pentru-anca-alexandrescu-si-patronul-realitatea-plus-va-dezvaluim-miza-reala-in-ruptura-de-calin-georgescu-si-de-george-simion\/\" rel=\"bookmark\">Nucleara pentru Anca Alexandrescu \u0219i patronul Realitatea Plus. V\u0103 dezv\u0103luim miza real\u0103 \u00een ruptura de C\u0103lin Georgescu \u0219i de George Simion<\/a><\/h5>\n<div class=\"p-meta\">\n<div class=\"meta-inner is-meta\"><span class=\"meta-el meta-date\"><time datetime=\"2026-06-29T15:56:03+03:00\">29 iunie 2026<\/time><\/span><span class=\"meta-el meta-category meta-bold\"><a class=\"meta-separate category-19866\" href=\"https:\/\/ortodoxinfo.ro\/category\/lupta-pentru-romania\/\">Lupt\u0103 pentru Rom\u00e2nia<\/a><\/span><span class=\"meta-el meta-view\">25.9k vizualiz\u0103ri\t\t<\/span><\/div>\n<\/div>\n<\/div>\n<\/div>\n<div class=\"p-wrap p-small p-list-small-2\" data-pid=\"243762\">\n<div class=\"feat-holder\">\n<div class=\"p-featured ratio-v1\"><a class=\"p-flink\" href=\"https:\/\/ortodoxinfo.ro\/2026\/06\/29\/tot-mai-multi-fatalai-de-ce-multi-oameni-nu-mai-pot-tolera-disconfortul-emotional-cum-a-ajuns-societatea-moderna-sa-transforme-orice-emotie-dificila-intr-o-problema-care-trebuie-el\/\" title=\"Tot mai mul\u021bi f\u0103t\u0103l\u0103i: \u201eDe ce mul\u021bi oameni nu mai pot tolera disconfortul emo\u021bional\u201d. Cum a ajuns societatea modern\u0103 s\u0103 transforme orice emo\u021bie dificil\u0103 \u00eentr-o problem\u0103 care trebuie eliminat\u0103 imediat\"><img decoding=\"async\" width=\"150\" height=\"150\" src=\"https:\/\/ortodoxinfo.ro\/wp-content\/uploads\/2026\/06\/discomfort-150x150.jpeg\" class=\"featured-img wp-post-image\" alt loading=\"lazy\"><\/a><\/div>\n<\/div>\n<div class=\"p-content\">\n<h5 class=\"entry-title\"><a class=\"p-url\" href=\"https:\/\/ortodoxinfo.ro\/2026\/06\/29\/tot-mai-multi-fatalai-de-ce-multi-oameni-nu-mai-pot-tolera-disconfortul-emotional-cum-a-ajuns-societatea-moderna-sa-transforme-orice-emotie-dificila-intr-o-problema-care-trebuie-el\/\" rel=\"bookmark\">Tot mai mul\u021bi f\u0103t\u0103l\u0103i: \u201eDe ce mul\u021bi oameni nu mai pot tolera disconfortul emo\u021bional\u201d. Cum a ajuns societatea modern\u0103 s\u0103 transforme orice emo\u021bie dificil\u0103 \u00eentr-o problem\u0103 care trebuie eliminat\u0103 imediat<\/a><\/h5>\n<div class=\"p-meta\">\n<div class=\"meta-inner is-meta\"><span class=\"meta-el meta-date\"><time datetime=\"2026-06-29T11:40:37+03:00\">29 iunie 2026<\/time><\/span><span class=\"meta-el meta-category meta-bold\"><a class=\"meta-separate category-584\" href=\"https:\/\/ortodoxinfo.ro\/category\/stiri\/sanatate\/\">S\u0103n\u0103tate<\/a><\/span><span class=\"meta-el meta-view\">5.6k vizualiz\u0103ri\t\t<\/span><\/div>\n<\/div>\n<\/div>\n<\/div>\n<div class=\"p-wrap p-small p-list-small-2\" data-pid=\"243671\">\n<div class=\"feat-holder\">\n<div class=\"p-featured ratio-v1\"><a class=\"p-flink\" href=\"https:\/\/ortodoxinfo.ro\/2026\/06\/28\/video-presedintele-ales-calin-georgescu-a-detonat-bomba-la-realitateatv-nicusor-dan-are-o-intelegere-cu-zelenski-de-a-implica-romania-in-razboiul-din-ucraina-suspendarea-este-primul-obiectiv-pen\/\" title=\"VIDEO \/ Pre\u0219edintele ales, C\u0103lin Georgescu, a detonat bomba la RealitateaTV: Nicusor Dan are o \u00een\u021belegere cu Zelenski de a implica Rom\u00e2nia \u00een r\u0103zboiul din Ucraina. SUSPENDAREA este primul obiectiv pentru a ne lua \u021bara \u00eenapoi!\"><img decoding=\"async\" width=\"150\" height=\"150\" src=\"https:\/\/ortodoxinfo.ro\/wp-content\/uploads\/2026\/06\/206289.jpg-800x450-1-150x150.webp\" class=\"featured-img wp-post-image\" alt loading=\"lazy\"><\/a><\/div>\n<\/div>\n<div class=\"p-content\">\n<h5 class=\"entry-title\"><a class=\"p-url\" href=\"https:\/\/ortodoxinfo.ro\/2026\/06\/28\/video-presedintele-ales-calin-georgescu-a-detonat-bomba-la-realitateatv-nicusor-dan-are-o-intelegere-cu-zelenski-de-a-implica-romania-in-razboiul-din-ucraina-suspendarea-este-primul-obiectiv-pen\/\" rel=\"bookmark\">VIDEO \/ Pre\u0219edintele ales, C\u0103lin Georgescu, a detonat bomba la RealitateaTV: Nicusor Dan are o \u00een\u021belegere cu Zelenski de a implica Rom\u00e2nia \u00een r\u0103zboiul din Ucraina. SUSPENDAREA este primul obiectiv pentru a ne lua \u021bara \u00eenapoi!<\/a><\/h5>\n<div class=\"p-meta\">\n<div class=\"meta-inner is-meta\"><span class=\"meta-el meta-date\"><time datetime=\"2026-06-28T22:40:55+03:00\">28 iunie 2026<\/time><\/span><span class=\"meta-el meta-category meta-bold\"><a class=\"meta-separate category-19866\" href=\"https:\/\/ortodoxinfo.ro\/category\/lupta-pentru-romania\/\">Lupt\u0103 pentru Rom\u00e2nia<\/a><\/span><span class=\"meta-el meta-view\">27.4k vizualiz\u0103ri\t\t<\/span><\/div>\n<\/div>\n<\/div>\n<\/div>\n<div class=\"p-wrap p-small p-list-small-2\" data-pid=\"243587\">\n<div class=\"feat-holder\">\n<div class=\"p-featured ratio-v1\"><a class=\"p-flink\" href=\"https:\/\/ortodoxinfo.ro\/2026\/06\/28\/presedintele-serbiei-isi-anunta-demisia-si-convoaca-alegeri-anticipate\/\" title=\"Pre\u0219edintele Serbiei \u00ee\u0219i anun\u021b\u0103 demisia \u0219i convoac\u0103 alegeri anticipate\"><img decoding=\"async\" width=\"150\" height=\"150\" src=\"https:\/\/ortodoxinfo.ro\/wp-content\/uploads\/2026\/06\/Aleksandar-Vucic-150x150.jpg\" class=\"featured-img wp-post-image\" alt loading=\"lazy\"><\/a><\/div>\n<\/div>\n<div class=\"p-content\">\n<h5 class=\"entry-title\"><a class=\"p-url\" href=\"https:\/\/ortodoxinfo.ro\/2026\/06\/28\/presedintele-serbiei-isi-anunta-demisia-si-convoaca-alegeri-anticipate\/\" rel=\"bookmark\">Pre\u0219edintele Serbiei \u00ee\u0219i anun\u021b\u0103 demisia \u0219i convoac\u0103 alegeri anticipate<\/a><\/h5>\n<div class=\"p-meta\">\n<div class=\"meta-inner is-meta\"><span class=\"meta-el meta-date\"><time datetime=\"2026-06-28T20:34:52+03:00\">28 iunie 2026<\/time><\/span><span class=\"meta-el meta-category meta-bold\"><a class=\"meta-separate category-585\" href=\"https:\/\/ortodoxinfo.ro\/category\/stiri\/externe\/\">Externe<\/a><\/span><span class=\"meta-el meta-view\">5k vizualiz\u0103ri\t\t<\/span><\/div>\n<\/div>\n<\/div>\n<\/div>\n<\/div>\n<\/div>\n<div id=\"custom_html-2\" class=\"widget_text widget rb-section w-sidebar clearfix widget_custom_html\">\n<div class=\"block-h widget-heading heading-layout-1\">\n<div class=\"heading-inner\">\n<h4 class=\"heading-title\"><span>DONA\u021aII \u00een cont bancar<\/span><\/h4>\n<\/div>\n<\/div>\n<div class=\"textwidget custom-html-widget\">\n<table class=\"donatii\">\n<tbody>\n<tr>\n<th colspan=\"2\"><strong><span>Asicia\u021bia SMI-B<\/span><\/strong><\/th>\n<\/tr>\n<tr>\n<th>Cont LEI<\/th>\n<td>RO67CECEB00030RON2081955<\/td>\n<\/tr>\n<tr>\n<th>Cont EURO<\/th>\n<td>RO33CECEB000C1EUR2081978<\/td>\n<\/tr>\n<tr>\n<th>Cod SWIFT<\/th>\n<td>CECEROBU<\/td>\n<\/tr>\n<tr>\n<th colspan=\"2\"><strong>CEC BANK SA<\/strong><\/th>\n<\/tr>\n<\/tbody>\n<\/table>\n<\/div>\n<\/div>\n<\/div>\n<\/div>\n<\/div>\n<\/article>\n<div class=\"entry-content rbct clearfix is-highlight-shares\">\n<div>\n<p>Biserica s\u0103rb\u0103tore\u0219te la 29 iunie pe Sfin\u021bii Apostoli Petru \u0219i Pavel, doi st\u00e2lpi ai bisericii noastre.<\/p>\n<p><strong>Sf\u00e2ntul Apostol Petru<\/strong>\u00a0era originar din Betsaida (\u00een Galileea Palestinei). Era fiul lui Iona \u0219i fratele mai mare al Sf\u00e2ntului Apostolul Andrei, cel \u00eent\u00e2i-chemat. Numele s\u0103u din p\u0103rin\u021bi era Simon. C\u0103s\u0103torindu-se cu fiica lui Aristobol (fratele Sf\u00e2ntului Apostol Barnaba) s-a mutat \u00een Capernaum, un ora\u0219 a\u0219ezat pe malul lacului Ghenizaret care era bogat \u00een pe\u0219te \u0219i de aici a deprins \u0219i meseria de pescar.<\/p>\n<p>Numele de Petru l-a primit de la \u00censu\u0219i Domnul Iisus Hristos, care s-a uitat la el \u0219i i-a spus \u201eTu e\u0219ti Simon, fiul lui Iona; tu te vei chema Chefa (ce se t\u00e2lcuie\u0219te: Petru)\u201d (Ioan 1, 42). Petru i-a f\u0103g\u0103duit M\u00e2ntuitorului Iisus Hristos c\u0103 \u00cel va iubi \u00eentotdeauna, dar \u00een timpul patimilor Lui, s-a lep\u0103dat de trei ori, nerecunosc\u00e2nd \u00een fa\u021ba g\u0103rzilor c\u0103 \u00eel cunoa\u0219te pe Domnul Iisus Hristos. Imediat s-a c\u0103it de fapta sa \u0219i a \u00eenceput s\u0103 pl\u00e2ng\u0103 amar. Iisus a prezis dinainte c\u0103 Petru se va lep\u0103da de El de trei ori \u00een Joia mare. Gre\u0219eala i-a fost iertat\u0103, c\u0103ci dup\u0103 \u00cenvierea Sa, M\u00e2ntuitorul s-a ar\u0103tat Apostolilor \u0219i l-a \u00eentrebat pe Petru de trei ori dac\u0103 \u00eel iube\u0219te.<\/p>\n<p>Cel ce a zis \u00een Joia Mare de trei ori c\u0103 nu-L cunoa\u0219te, acum spune de trei ori: \u201eDoamne, Tu \u0219tii toate. Tu \u0219tii c\u0103 Te iubesc\u201d, iar Iisus i-a zis: \u201ePa\u0219te oile Mele\u201d (Ioan 21, 17), rea\u0219ez\u00e2ndu-l \u00een misiunea de apostol. Dup\u0103 \u00cen\u0103l\u021barea M\u00e2ntuitorului la cer \u0219i Pogor\u00e2rea Sf\u00e2ntului Duh, plin de curaj \u0219i de Duh Sf\u00e2nt, Sf\u00e2ntul Apostol Petru a propov\u0103duit pe Hristos \u00een \u021aara Sf\u00e2nt\u0103, \u00een ora\u0219ele din Asia Mic\u0103. A fost arestat \u00eempreun\u0103 cu Apostolul Pavel, condamnat la moarte \u0219i executat prin r\u0103stignire pe cruce cu capul \u00een jos (la cererea lui, spre a se deosebi de modul r\u0103stignirii lui Iisus Hristos), \u00een anul 67 d. Hr.<\/p>\n<p><strong>Sf\u00e2ntul Apostol Pavel<\/strong>\u00a0s-a n\u0103scut \u00eentre anii 1-5 d. Hr. \u00een ora\u0219ul Tars, capitala provinciei Cilicia (Asia Mic\u0103), fiind numit la na\u0219tere Saul. Tat\u0103l s\u0103u era evreu -fariseu. \u00cenainte de a veni \u00een Tars locuise \u00een Roma \u0219i ob\u021binuse dreptul de cet\u0103\u021benie roman\u0103. Saul a fost elev al \u00eenv\u0103\u021batului rabin Gamaliel. Dup\u0103 studiile \u00eendrumate de marele rabin, Saul devine cel mai str\u0103lucit discipol al acestuia, av\u00e2nd calit\u0103\u021bi intelectuale deosebite, precum \u0219i zeul \u0219i fanatismul religios al unui fariseu. De aceea, Saul a fost un aprig urm\u0103ritor al cre\u0219tinilor, fiind prezent la lapidarea Sf\u00e2ntului Apostol \u0218tefan, \u00cent\u00e2iul-Mucenic (Fapte 7, 58). \u00cen anul 33 Saul cere aprobarea marelui preot Caiafa pentru a pleca la Damasc \u00een urm\u0103rirea cre\u0219tinilor. Faptele Apostolilor arat\u0103 prefacerea sufleteasc\u0103 a lui Saul, prigonitorul cre\u0219tinilor, \u00een Pavel, apostolul lui Hristos. \u00cen timp ce se afla pe cale o lumin\u0103 din cer, ca de fulger, l-a \u00eenv\u0103luit deodat\u0103.<\/p>\n<p>\u0218i, c\u0103z\u00e2nd la p\u0103m\u00e2nt, a auzit un glas, zic\u00e2ndu-i: Saule, Saule, de ce M\u0103 prigone\u0219ti? Iar el a zis: Cine e\u0219ti, Doamne? \u0218i Domnul a zis: Eu sunt Iisus, pe Care tu \u00cel prigone\u0219ti. Greu \u00ee\u021bi este s\u0103 izbe\u0219ti cu piciorul \u00een \u021bepu\u0219\u0103. \u0218i el, tremur\u00e2nd \u0219i \u00eensp\u0103im\u00e2ntat fiind, a zis: Doamne, ce voie\u0219ti s\u0103 fac? Iar Domnul i-a zis: Ridic\u0103-te, intr\u0103 \u00een cetate \u0219i \u021bi se va spune ce trebuie s\u0103 faci. Iar b\u0103rba\u021bii, care erau cu el pe cale, st\u0103teau \u00eenm\u0103rmuri\u021bi, auzind glasul, dar nev\u0103z\u00e2nd pe nimeni (Fapte 9, 1-22). Aflat de Apostolul Anania, \u00een urma unei vedenii dumnezeie\u0219ti, Saul \u00ee\u0219i regret\u0103 faptele \u0219i este botezat de Anania.<\/p>\n<p>Cur\u00e2nd dup\u0103 convertire, Saul \u00ee\u0219i schimb\u0103 numele \u00een Pavel, iar mai t\u00e2rziu a fost inclus \u00een ceata Apostolilor. Pavel a propov\u0103duit Evanghelia pe o zon\u0103 foarte \u00eentins\u0103, din Arabia p\u00e2n\u0103 \u00een Spania, at\u00e2t la evrei, c\u00e2t \u0219i la p\u0103g\u00e2ni. Pavel \u0219i-a petrecut via\u021ba de cre\u0219tin \u00een suferin\u021b\u0103 \u0219i lucr\u00e2nd pentru Hristos, \u00eenfiin\u021b\u00e2nd \u0219i organiz\u00e2nd Biserici pretutindeni. A atins o a\u0219a stare de \u00eembun\u0103t\u0103\u021bire \u00eenc\u00e2t spune Bisericii din Galatia: nu eu, ci Hristos tr\u0103ie\u0219te \u00een mine (Galateni 2, 20). Sf\u00e2ntul Pavel a fost martirizat prin decapitare.<\/p>\n<p><strong>Sfin\u021bii Apostoli Petru \u0219i Pavel ocrotitori ai celor priva\u021bi de libertate<\/strong><\/p>\n<p>Sfin\u021bii Apostoli Petru \u0219i Pavel sunt considera\u021bi ocrotitori ai celor priva\u021bi de libertate din Rom\u00e2nia, deoarece \u00een penitenciare ajung oameni care au gre\u0219it fa\u021b\u0103 de Dumnezeu, precum ace\u0219ti doi corifei ai Ortodoxiei. Sf\u00e2ntul Petru s-a lep\u0103dat de El, iar Sf\u00e2ntul Pavel i-a prigonit pe cre\u0219tini, dar dup\u0103 c\u0103in\u021b\u0103 puternic\u0103 au fost ierta\u021bi, de aceea ei reprezint\u0103 un exemplu de iertare \u0219i \u00eencredere \u00een bun\u0103tatea lui Dumnezeu pentru cei care gre\u0219esc. De asemenea, cei doi Sfin\u021bi Apostoli au fost \u00eenchi\u0219i, nu pentru c\u0103 au f\u0103cut ceva r\u0103u, ci pentru vina c\u0103 L-au m\u0103rturisit pe Hristos, ca Fiu al lui Dumnezeu \u0219i M\u00e2ntuitor al oamenilor.<\/p>\n<\/div>\n<\/div>\n<p>[analyse_source url=&#8221;https:\/\/ortodoxinfo.ro\/2026\/06\/29\/29-iunie-sfintii-apostoli-petru-si-pavel-ocrotitorii-indeosebi-ai-celor-ce-se-pocaiesc-de-faptele-lor-grave\/&#8221;]<\/p>\n","protected":false},"excerpt":{"rendered":"<p>[analyse_image type=&#8221;featured&#8221; src=&#8221;https:\/\/ortodoxinfo.ro\/wp-content\/uploads\/2024\/06\/petru.jpghttps:\/\/ortodoxinfo.ro\/wp-content\/uploads\/2024\/06\/petru.jpg&#8221;] Prima pagin\u0103 \u00bb Blog \u00bb 29 iunie. Sfin\u021bii Apostoli Petru \u0219i Pavel, ocrotitorii, \u00eendeosebi, ai celor ce se poc\u0103iesc de faptele lor grave 29 iunie. Sfin\u021bii Apostoli Petru \u0219i Pavel, ocrotitorii, \u00eendeosebi, ai celor ce se poc\u0103iesc de faptele lor grave 29 iunie 2026Sfin\u021bi \u0219i s\u0103rb\u0103tori1.7k vizualiz\u0103ri Comentarii Share 6 Min Read [&hellip;]<\/p>\n","protected":false},"author":1,"featured_media":0,"comment_status":"open","ping_status":"","sticky":false,"template":"","format":"standard","meta":{"footnotes":""},"categories":[89],"tags":[226,94],"class_list":["post-2017070","post","type-post","status-publish","format-standard","hentry","category-romania","tag-crawlmanager","tag-ortodoxinfo-ro"],"_links":{"self":[{"href":"https:\/\/analyse.optim.biz\/index.php?rest_route=\/wp\/v2\/posts\/2017070","targetHints":{"allow":["GET"]}}],"collection":[{"href":"https:\/\/analyse.optim.biz\/index.php?rest_route=\/wp\/v2\/posts"}],"about":[{"href":"https:\/\/analyse.optim.biz\/index.php?rest_route=\/wp\/v2\/types\/post"}],"author":[{"embeddable":true,"href":"https:\/\/analyse.optim.biz\/index.php?rest_route=\/wp\/v2\/users\/1"}],"replies":[{"embeddable":true,"href":"https:\/\/analyse.optim.biz\/index.php?rest_route=%2Fwp%2Fv2%2Fcomments&post=2017070"}],"version-history":[{"count":0,"href":"https:\/\/analyse.optim.biz\/index.php?rest_route=\/wp\/v2\/posts\/2017070\/revisions"}],"wp:attachment":[{"href":"https:\/\/analyse.optim.biz\/index.php?rest_route=%2Fwp%2Fv2%2Fmedia&parent=2017070"}],"wp:term":[{"taxonomy":"category","embeddable":true,"href":"https:\/\/analyse.optim.biz\/index.php?rest_route=%2Fwp%2Fv2%2Fcategories&post=2017070"},{"taxonomy":"post_tag","embeddable":true,"href":"https:\/\/analyse.optim.biz\/index.php?rest_route=%2Fwp%2Fv2%2Ftags&post=2017070"}],"curies":[{"name":"wp","href":"https:\/\/api.w.org\/{rel}","templated":true}]}}