{"id":2017069,"date":"2026-06-28T19:40:55","date_gmt":"2026-06-28T16:40:55","guid":{"rendered":"https:\/\/analyse.optim.biz\/?p=2017069"},"modified":"2026-06-28T19:40:55","modified_gmt":"2026-06-28T16:40:55","slug":"video-presedintele-ales-calin-georgescu-a-detonat-bomba-la-realitateatv-nicusor-dan-are-o-intelegere-cu-zelenski-de-a-implica-romania-in-razboiul-din-ucraina-suspendarea-este-primul-obiectiv-pen","status":"publish","type":"post","link":"https:\/\/analyse.optim.biz\/?p=2017069","title":{"rendered":"VIDEO \/ Pre\u0219edintele ales, C\u0103lin Georgescu, a detonat bomba la RealitateaTV: Nicusor Dan are o \u00een\u021belegere cu Zelenski de a implica Rom\u00e2nia \u00een r\u0103zboiul din Ucraina. SUSPENDAREA este primul obiectiv pentru a ne lua \u021bara \u00eenapoi!"},"content":{"rendered":"<p>[analyse_image type=&#8221;featured&#8221; src=&#8221;https:\/\/ortodoxinfo.ro\/wp-content\/uploads\/2026\/06\/206289.jpg-800&#215;450-1.webphttps:\/\/ortodoxinfo.ro\/wp-content\/uploads\/2026\/06\/206289.jpg-800&#215;450-1.webp&#8221;]<\/p>\n<article id=\"post-243671\" class=\"post-243671 post type-post status-publish format-standard has-post-thumbnail category-lupta-pentru-romania\">\n<header class=\"single-header\">\n<aside class=\"breadcrumb-wrap breadcrumb-yoast s-breadcrumb\">\n<div class=\"breadcrumb-inner\"><span><span><a href=\"https:\/\/ortodoxinfo.ro\/\">Prima pagin\u0103<\/a><\/span> \u00bb <span><a href=\"https:\/\/ortodoxinfo.ro\/blog\/\">Blog<\/a><\/span> \u00bb <span class=\"breadcrumb_last\" aria-current=\"page\">VIDEO \/ Pre\u0219edintele ales, C\u0103lin Georgescu, a detonat bomba la RealitateaTV: Nicusor Dan are o \u00een\u021belegere cu Zelenski de a implica Rom\u00e2nia \u00een r\u0103zboiul din Ucraina. SUSPENDAREA este primul obiectiv pentru a ne lua \u021bara \u00eenapoi!<\/span><\/span><\/div>\n<\/aside>\n<h1 class=\"s-title fw-headline\">VIDEO \/ Pre\u0219edintele ales, C\u0103lin Georgescu, a detonat bomba la RealitateaTV: Nicusor Dan are o \u00een\u021belegere cu Zelenski de a implica Rom\u00e2nia \u00een r\u0103zboiul din Ucraina. SUSPENDAREA este primul obiectiv pentru a ne lua \u021bara \u00eenapoi!<\/h1>\n<div class=\"single-meta meta-s-default yes-0\">\n<div class=\"smeta-in\"><a class=\"meta-el meta-avatar\" href=\"https:\/\/ortodoxinfo.ro\/author\/redactor\/\"><img loading=\"lazy\" decoding=\"async\" alt=\"OrtodoxINFO\" src=\"https:\/\/secure.gravatar.com\/avatar\/21010332354a182ce4de6016685c5586f21c51866d0ec5bc8ef383240b3c3e02?s=120&amp;r=g\" class=\"avatar avatar-120 photo\" height=\"120\" width=\"120\"><\/a><\/p>\n<div class=\"smeta-sec\">\n<div class=\"p-meta\">\n<div class=\"meta-inner is-meta\"><span class=\"meta-el meta-date\"><time datetime=\"2026-06-28T22:40:55+03:00\">28 iunie 2026<\/time><\/span><span class=\"meta-el meta-category meta-bold\"><a class=\"meta-separate category-19866\" href=\"https:\/\/ortodoxinfo.ro\/category\/lupta-pentru-romania\/\">Lupt\u0103 pentru Rom\u00e2nia<\/a><\/span><span class=\"meta-el meta-view\">27.4k vizualiz\u0103ri\t\t<\/span><span class=\"meta-el meta-comment mobile-last-meta tablet-last-meta\"><a href=\"https:\/\/ortodoxinfo.ro\/2026\/06\/28\/video-presedintele-ales-calin-georgescu-a-detonat-bomba-la-realitateatv-nicusor-dan-are-o-intelegere-cu-zelenski-de-a-implica-romania-in-razboiul-din-ucraina-suspendarea-este-primul-obiectiv-pen\/#comments\">2 comentarii<\/a><\/span><\/div>\n<\/div>\n<\/div>\n<\/div>\n<div class=\"smeta-extra\">\n<div class=\"t-shared-sec tooltips-n has-read-meta is-color\">\n<div class=\"t-shared-header is-meta\"><span class=\"share-label\">Share<\/span><\/div>\n<\/div>\n<div class=\"single-right-meta single-time-read is-meta\"><span class=\"meta-el meta-read\">17 Min Read<\/span><\/div>\n<\/div>\n<\/div>\n<\/header>\n<div class=\"grid-container\">\n<div class=\"s-ct\">\n<div class=\"s-feat-outer\">\n<div class=\"s-feat\">\n<div class=\"featured-lightbox-trigger\" data-source=\"https:\/\/ortodoxinfo.ro\/wp-content\/uploads\/2026\/06\/206289.jpg-800x450-1.webp\" data-caption data-attribution><img fetchpriority=\"high\" decoding=\"async\" width=\"800\" height=\"450\" src=\"https:\/\/ortodoxinfo.ro\/wp-content\/uploads\/2026\/06\/206289.jpg-800x450-1.webp\" class=\"attachment-foxiz_crop_o1 size-foxiz_crop_o1 wp-post-image\" alt loading=\"eager\"><\/div>\n<\/div>\n<\/div>\n<div class=\"s-ct-wrap has-lsl\">\n<div class=\"s-ct-inner\">\n<div class=\"l-shared-sec-outer show-mobile\">\n<div class=\"l-shared-sec\">\n<div class=\"l-shared-header meta-text\"><span class=\"share-label\">SHARE<\/span><\/div>\n<\/div>\n<\/div>\n<div class=\"e-ct-outer\">\n<div class=\"entry-top\">\n<div id=\"custom_html-3\" class=\"widget_text widget entry-widget clearfix widget_custom_html\">\n<div class=\"textwidget custom-html-widget\">\n<div><small><br \/>\n    OrtodoxINFO este supus unui sabotaj sistematic din partea reprezentan\u021bilor Google Rom\u00e2nia, at\u00e2t la afi\u0219\u0103ri c\u00e2t \u0219i \u00een rezultatele de c\u0103utare.<br \/>\n        Astfel c\u0103 veniturile din publicitate au sc\u0103zut de p\u00e2n\u0103 la <strong>10 ori<\/strong>. Situa\u021bia este similar\u0103 \u0219i pe Facebook.<\/p>\n<p>        V\u0103 invit\u0103m s\u0103 accesa\u021bi direct site-ul \u0219i s\u0103 v\u0103 abona\u021bi la notific\u0103ri.<\/p>\n<p>    Dac\u0103 dori\u021bi s\u0103 ne sus\u021bine\u021bi \u00een aceast\u0103 perioad\u0103 dificil\u0103, orice <a href=\"https:\/\/ortodoxinfo.ro\/donatii\/\">dona\u021bie<\/a> este binevenit\u0103.<br \/>\n    Dumnezeu s\u0103 v\u0103 r\u0103spl\u0103teasc\u0103!<br \/>\n<\/small><\/div>\n<\/div>\n<\/div>\n<\/div>\n<div class=\"entry-content rbct clearfix is-highlight-shares\">\n<div class=\"ruby-table-contents rbtoc table-left table-fw-single-col\">\n<div class=\"toc-header\"><span class=\"h3\">Sumar<\/span><\/div>\n<div class=\"toc-content h5\"><a href=\"https:\/\/ortodoxinfo.ro\/2026\/06\/28\/video-presedintele-ales-calin-georgescu-a-detonat-bomba-la-realitateatv-nicusor-dan-are-o-intelegere-cu-zelenski-de-a-implica-romania-in-razboiul-din-ucraina-suspendarea-este-primul-obiectiv-pen\/#8222poporul-sufera-oamenii-nu-mai-au-ce-manca8221\" class=\"table-link no-link anchor-link\" data-index=\"rb-heading-index-0\">\u201ePoporul sufer\u0103, oamenii nu mai au ce m\u00e2nca\u201d<\/a><a href=\"https:\/\/ortodoxinfo.ro\/2026\/06\/28\/video-presedintele-ales-calin-georgescu-a-detonat-bomba-la-realitateatv-nicusor-dan-are-o-intelegere-cu-zelenski-de-a-implica-romania-in-razboiul-din-ucraina-suspendarea-este-primul-obiectiv-pen\/#8222o-tara-se-prabuseste-nu-din-cauza-celor-din-afara-ci-atunci-cand-isi-abandoneaza-principiile8221\" class=\"table-link no-link anchor-link\" data-index=\"rb-heading-index-1\">\u201eO \u021bar\u0103 se pr\u0103bu\u0219e\u0219te nu din cauza celor din afar\u0103, ci atunci c\u00e2nd \u00ee\u0219i abandoneaz\u0103 principiile\u201d<\/a><a href=\"https:\/\/ortodoxinfo.ro\/2026\/06\/28\/video-presedintele-ales-calin-georgescu-a-detonat-bomba-la-realitateatv-nicusor-dan-are-o-intelegere-cu-zelenski-de-a-implica-romania-in-razboiul-din-ucraina-suspendarea-este-primul-obiectiv-pen\/#8222poporul-roman-are-nevoie-de-rost-pace-si-prosperitate8221\" class=\"table-link no-link anchor-link\" data-index=\"rb-heading-index-2\">\u201ePoporul rom\u00e2n are nevoie de rost, pace \u0219i prosperitate\u201d<\/a><a href=\"https:\/\/ortodoxinfo.ro\/2026\/06\/28\/video-presedintele-ales-calin-georgescu-a-detonat-bomba-la-realitateatv-nicusor-dan-are-o-intelegere-cu-zelenski-de-a-implica-romania-in-razboiul-din-ucraina-suspendarea-este-primul-obiectiv-pen\/#despre-decembrie-1989-8222cine-spune-ca-a-fost-revolutie-ori-nu-stie-nimic-ori-a-fost-cumparat8221\" class=\"table-link no-link anchor-link\" data-index=\"rb-heading-index-3\">Despre decembrie 1989: \u201eCine spune c\u0103 a fost Revolu\u021bie ori nu \u0219tie nimic, ori a fost cump\u0103rat\u201d<\/a><a href=\"https:\/\/ortodoxinfo.ro\/2026\/06\/28\/video-presedintele-ales-calin-georgescu-a-detonat-bomba-la-realitateatv-nicusor-dan-are-o-intelegere-cu-zelenski-de-a-implica-romania-in-razboiul-din-ucraina-suspendarea-este-primul-obiectiv-pen\/#6-decembrie-2024\" class=\"table-link no-link anchor-link\" data-index=\"rb-heading-index-4\">6 decembrie 2024<\/a><a href=\"https:\/\/ortodoxinfo.ro\/2026\/06\/28\/video-presedintele-ales-calin-georgescu-a-detonat-bomba-la-realitateatv-nicusor-dan-are-o-intelegere-cu-zelenski-de-a-implica-romania-in-razboiul-din-ucraina-suspendarea-este-primul-obiectiv-pen\/#votul-anulat-a-impartit-tara-in-doua-romanii\" class=\"table-link no-link anchor-link\" data-index=\"rb-heading-index-5\">Votul anulat a \u00eemp\u0103r\u021bit \u021bara \u00een dou\u0103 Rom\u00e2nii<\/a><a href=\"https:\/\/ortodoxinfo.ro\/2026\/06\/28\/video-presedintele-ales-calin-georgescu-a-detonat-bomba-la-realitateatv-nicusor-dan-are-o-intelegere-cu-zelenski-de-a-implica-romania-in-razboiul-din-ucraina-suspendarea-este-primul-obiectiv-pen\/#despre-drona-de-la-galati\" class=\"table-link no-link anchor-link\" data-index=\"rb-heading-index-6\">Despre drona de la Gala\u021bi<\/a><\/div>\n<\/div>\n<iframe title=\"YouTube video player\" src=\"https:\/\/www.youtube.com\/embed\/mFcDojSsCt0?si=6S5uhZ9y2akuqbvt\" frameborder allowfullscreen=\"allowfullscreen\" data-aspectratio=\"0.5625\" data-mce-fragment=\"1\"><\/iframe>\n<p>C\u0103lin Georgescu: AM FOST CENZURAT la Realitatea PLUS c\u00e2nd am cerut s\u0103 nu se tr\u0103deze \u00een Parlament \u0219i s\u0103 cad\u0103 Ve\u0219tea. AUR este primul partid care a dat dovad\u0103 de atitudine moral\u0103 \u00een 36 de ani.<\/p>\n<p>Dialog \u00eencins la Realitatea PLUS \u00eentre C\u0103lin Georgescu \u0219i Anca Alexandrescu<\/p>\n<p>C\u0103lin Georgescu:\u00a0A\u021bi gre\u0219it fundamental cu AUR \u0219i ar trebui s\u0103 v\u0103 cere\u021bi scuze fa\u021b\u0103 de ei.<\/p>\n<p>Anca Alexandrescu:\u00a0Nu, nu-mi cer scuze!<\/p>\n<p>C\u0103lin Georgescu: \u00cenainte de 24 noiembrie l-a\u021bi sus\u021binut pe osta\u0219ul care a dezertat \u2013 Ciuc\u0103, apoi pe Ciolacu. \u0218i apoi pe Simion\u2026 Asculta\u021bi de popor!<\/p>\n<p>Anca Alexandrescu:\u00a0Asta este o amenin\u021bare?<\/p>\n<p>C\u0103lin Georgescu:\u00a0Nu, ci doar un sfat \u2013 de la Simion B\u0103rnu\u021biu (n.n.)\u2026\u00a0AUR v-a sus\u021binut la Prim\u0103rie, adev\u0103rat?<\/p>\n<p>Anca Alexandrescu:\u00a0Nu am nici o obliga\u021bie fa\u021b\u0103 de ei!<\/p>\n<div class=\"inline-single-ad ad_single_3_index alignfull\">\n<div class=\"ad-wrap ad-script-wrap\">\n<div class=\"ad-script non-adsense edge-padding\">\n<div>\n\u203c\ufe0f\u203c\ufe0f NU recunoa\u0219tem ca pre\u0219edinte al Rom\u00e2niei pe marioneta retard\u0103 Nicu\u0219or Dan! Rom\u00e2ni, boicota\u021bi aceast\u0103 f\u0103c\u0103tur\u0103, care ne face \u021bara de r\u00e2s! NU rom\u00e2nii l-au votat pe Nicusoro\u0219 &#8211; cu unele excep\u021bii de persoane infantile, manipulabile \u0219i chiar idioate &#8211; ci l-au ajutat Maia Soro\u0219, Emanuel Macrou \u0219i tr\u0103d\u0103torii de la B.E.C. \u0219i CCR!<br \/>\n La \u00eenchisoare cu cei care au fraudat alegerile!\n<\/div>\n<\/div>\n<\/div>\n<\/div>\n<p>ACTUALIZARE:<\/p>\n<p><i>\u201eC\u00e2nd \u00een\u021belegi acest lucru cu mare smerenie te apropii de felul de a fi al M\u00e2ntuitorului nostru Iisus Hristos. Cum a stat el la mas\u0103 sau \u00eentr-un dialog, a\u0219a cum st\u0103m noi, cu Iuda. \u0218tia c\u0103 \u00eel va tr\u0103da, c\u0103 va fi tr\u0103dat, dar i-a vorbit frumos, cu mare condescenden\u021b\u0103.\u201d<\/i><\/p>\n<p>\u201dEu am dat un anun\u021b foarte clar, \u00eel repet parte din el, pentru c\u0103 mi-a fost cenzurat, aici, la Realitatea \u2013 de televiziunea Dvs.<\/p>\n<p>Am spus c\u0103 fiecare vot dat guvernului ilegitim al pre\u0219edintelui este o capitulare ru\u0219inoas\u0103 \u0219i tr\u0103d\u0103toare a celui care va face asta. Acest apel a fost ascultat, drept dovad\u0103 au fost 277 de patrio\u021bi \u0219i 189 de tr\u0103d\u0103tori.<\/p>\n<p>Partidul AUR a fost primul partid care a dat dovad\u0103 de atitudine moral\u0103 \u00een politic\u0103 \u00een ultimii 36 de ani.<\/p>\n<p>Defini\u021bia anti-rom\u00e2nismului este Ilie Bolojan, evident c\u0103 nu exist\u0103 o lege a anti-rom\u00e2nismului, dar dac\u0103 exista el era primul pe list\u0103.<\/p>\n<p>Acest individ a nenorocit economia Rom\u00e2niei, a favorizat firmele str\u0103ine. Cine l-a numit \u00een func\u021bie pe Bolojan? Nicu\u0219or Dan este direct r\u0103spunz\u0103tor pentru dezastrul existent ast\u0103zi, total! El este r\u0103spunz\u0103tor pentru tot ceea ce a f\u0103cut personajul Ilie Bolojan \u0219i, \u00een plus de at\u00e2t, pentru tot ceea ce a urmat\u201d, a spus C\u0103lin Georgescu, la Realitatea PLUS, transmite \u0218tiripeSurse.<\/p>\n<p><span class=\"subtitlu\">Georgescu: Drona de la Constan\u021ba trebuia s\u0103 atrag\u0103 NATO \u00een r\u0103zboi<\/span><\/p>\n<p>C\u0103lin Georgescu sus\u021bine c\u0103 drona care a explodat la Ucraina a fost o mare opera\u021biune pus\u0103 la cale cu acceptul oficialilor din statul rom\u00e2n. Drona ar fi trebuit s\u0103 explodeze, s\u0103 produc\u0103 pagube foarte mari, iar acesta s\u0103 fie motivul pentru care NATO s\u0103 fie atras\u0103 \u00een r\u0103zboiul din Ucraina.<\/p>\n<p>\u201dAcest personaj Nicu\u0219or Dan este un pericol real pentru securitatea \u021b\u0103rii, de aceea eu am cerut Parlamentului s\u0103 \u00eenceap\u0103 suspendarea pre\u0219edintelui. Este o adev\u0103rat\u0103 tragedie pentru poporul rom\u00e2n, ne transform\u0103 \u00een carne de tun\u201d, a precizat C\u0103lin Georgescu.<\/p>\n<p>Transcriere cronologic\u0103:<\/p>\n<p><span class=\"subtitlu\">GUVERNAN\u021aII SE VOR DISTRUGE SINGURII\u00a0<\/span><\/p>\n<p class=\"font-medium text-[calc(1.125rem*var(--reading-scale))] lg:text-[calc(1.25rem*var(--reading-scale))] leading-relaxed border-l-4 border-theme-primary-500 pl-4 mb-6 text-theme-secondary-700 dark:text-theme-secondary-300\" data-speakable>C\u0103lin Georgescu a ajuns duminic\u0103 seara la sediul Realitatea PLUS, acolo unde a fost a\u0219teptat de sute de su\u021bin\u0103tori. Oamenii l-au aplaudat minute \u00een \u0219ir \u0219i au scandat \u201eTurul 2 \u00eenapoi\u201d \u0219i \u201eC\u0103lin Georgescu este pre\u0219edinte\u201d. \u00cen platoul emisiunii Culsele Statului Paralel, modart\u0103 de jurnalista Anca Alexandrescu, C\u0103lin Georgescu a f\u0103cut o serie de dezv\u0103luiri senza\u021bionale.<\/p>\n<div class=\"prose max-w-none text-[calc(1.0625rem*var(--reading-scale))] lg:text-[calc(1.125rem*var(--reading-scale))] dark:prose-invert prose-headings:font-display prose-blockquote:font-serif prose-p:leading-relaxed prose-p:text-pretty prose-h2:border-l-4 prose-h2:border-theme-primary-500 prose-h2:pl-4 [&amp;_h2]:text-[1.25em] [&amp;_h2]:scroll-mt-[calc(var(--navbar-height)+1rem)] [&amp;_h3]:scroll-mt-[calc(var(--navbar-height)+1rem)]\">\n<p>\u00a0<\/p>\n<p><strong>C\u0103lin Georgescu:<\/strong>\u00a0Mul\u021bumesc pentru entuziasmul din fa\u021ba studioului dumneavoastr\u0103. Le mul\u021bumesc tuturor celor prezen\u021bi \u0219i, sigur, emo\u021biile sunt un fapt al iubirii pentru ceilal\u021bi. S\u0103 ne fie de bine! Dumnezeu s\u0103 ne ajute pe to\u021bi!<\/p>\n<p><strong>Anca Alexandrescu:<\/strong>\u00a0Domnule Georgescu, ce face\u021bi?<\/p>\n<p><strong>C\u0103lin Georgescu:<\/strong>\u00a0Cum nu sunt nici ho\u021b, nici escroc, nu fac nimic. \u0102sta este r\u0103spunsul.<\/p>\n<p><strong>Anca Alexandrescu:<\/strong>\u00a0A existat opinia, \u00een ultima perioad\u0103, c\u0103 ar trebui s\u0103 fi\u021bi mai vizibil, ca s\u0103 fie mai clar c\u0103 dumneavoastr\u0103 sunte\u021bi \u0219eful mi\u0219c\u0103rii suveraniste. S-au \u00eent\u00e2mplat foarte multe lucruri \u00een ultima perioad\u0103 \u0219i m-au rugat mai mul\u021bi telespectatori s\u0103 clarific\u0103m c\u00e2teva declara\u021bii pe care dumneavoastr\u0103 le-a\u021bi f\u0103cut \u00een ultimele luni. Una dintre ele a fost legat\u0103 de un guvern de reconciliere na\u021bional\u0103. Apoi m-a\u021bi certat, p\u0103rinte\u0219te, desigur, aici, \u00een emisiune, c\u0103 am candidat la Bucure\u0219ti, pentru c\u0103 n-am f\u0103cut altceva dec\u00e2t s\u0103 validez acest sistem care a anulat alegerile \u0219i a dat lovitura de stat. Am auzit c\u0103, \u00een martie anul acesta, a\u021bi reluat aceast\u0103 idee, vorbind despre alegeri anticipate la nivel na\u021bional. Apoi a\u021bi venit \u0219i a\u021bi spus c\u0103 Guvernul Bolojan nu trebuie votat, c\u0103 cei care voteaz\u0103 Guvernul Bolojan sunt tr\u0103d\u0103tori \u0219i, nu \u00een ultimul r\u00e2nd, a\u021bi cerut suspendarea lui Nicu\u0219or Dan.<\/p>\n<p><strong>C\u0103lin Georgescu:<\/strong>\u00a0Da. P\u00e2n\u0103 ajungem la aceste puncte, ar fi bine s\u0103 preciz\u0103m urm\u0103torul lucru pentru poporul rom\u00e2n: \u201eToate lucrurile lucreaz\u0103 \u00eempreun\u0103 spre binele celor ce iubesc pe Dumnezeu.\u201d Asta a spus Apostolul Pavel.<\/p>\n<h2 id=\"8222poporul-sufera-oamenii-nu-mai-au-ce-manca8221\" class=\"rb-heading-index-0 subtitlu\"><span class=\"subtitlu\">\u201ePoporul sufer\u0103, oamenii nu mai au ce m\u00e2nca\u201d<\/span><\/h2>\n<p>Vede\u021bi, am fost la Osica. Am fost \u00een mai multe locuri \u0219i am v\u0103zut c\u00e2t de mult sufer\u0103 oamenii. Sunt foarte multe nedrept\u0103\u021bi \u00een toat\u0103 \u021bara. Dac\u0103 ar fi s\u0103 iau numai zona de la Constan\u021ba, Tulcea, Ia\u0219i \u0219i p\u00e2n\u0103 \u00een alte jude\u021be, este o tragedie. Oamenii nu mai au ce m\u00e2nca, nu mai au unde s\u0103 lucreze, iar satele sunt p\u0103r\u0103site.<\/p>\n<p>Eu le spun a\u0219a: prin foc se l\u0103mure\u0219te aurul. Prin foc, aurul se cur\u0103\u021b\u0103. Adic\u0103 suferin\u021ba \u00eel ajut\u0103 pe om s\u0103 se apropie de Dumnezeu. Important este s\u0103 \u00een\u021beleag\u0103 \u0219i s\u0103 se smereasc\u0103 \u00een fa\u021ba Lui. Ca s\u0103 concluzionez, fa\u021b\u0103 de situa\u021bia actual\u0103, pe care o voi explica, suntem pe drumul cel bun, \u00een sensul c\u0103 noaptea este pe sf\u00e2r\u0219ite \u0219i ziua se apropie.<\/p>\n<p>Acum, pentru a clarifica foarte bine situa\u021bia, m\u0103re\u021bul c\u0103rturar Simeon P\u00e2rvulescu, de fapt un mare caracter \u2013 ceea ce lipse\u0219te ast\u0103zi aproape \u00een totalitate politicienilor \u2013 spunea a\u0219a: \u201e\u021aine\u021bi al\u0103turi de popor, ca s\u0103 nu r\u0103t\u0103ci\u021bi.\u201d<\/p>\n<h2 id=\"8222o-tara-se-prabuseste-nu-din-cauza-celor-din-afara-ci-atunci-cand-isi-abandoneaza-principiile8221\" class=\"rb-heading-index-1 subtitlu\"><span class=\"subtitlu\">\u201eO \u021bar\u0103 se pr\u0103bu\u0219e\u0219te nu din cauza celor din afar\u0103, ci atunci c\u00e2nd \u00ee\u0219i abandoneaz\u0103 principiile\u201d<\/span><\/h2>\n<p>Dac\u0103 ne uit\u0103m bine, vedem c\u0103 to\u021bi au r\u0103t\u0103cit. Toat\u0103 clasa politic\u0103, at\u00e2t cei afla\u021bi la putere, c\u00e2t \u0219i cei care s-au perindat \u00een ace\u0219ti 36 de ani, a r\u0103t\u0103cit. Din ce motiv? Pentru c\u0103 o \u021bar\u0103 se pr\u0103bu\u0219e\u0219te nu din cauza celor din afar\u0103, ci atunci c\u00e2nd \u00ee\u0219i abandoneaz\u0103 principiile.<\/p>\n<p>Care sunt principiile? Toat\u0103 lumea vorbe\u0219te. Este mult fariseism \u00een aceast\u0103 \u021bar\u0103, nu doar \u00een politic\u0103. Principiile sunt: respectul, sus\u021binerea, \u00eencurajarea \u0219i sinceritatea \u2013 sunt capetele crucii. Dac\u0103 unul nu \u00eel ai, se pr\u0103bu\u0219e\u0219te tot. Ei nu le au pe niciunul.<\/p>\n<h2 id=\"8222poporul-roman-are-nevoie-de-rost-pace-si-prosperitate8221\" class=\"rb-heading-index-2 subtitlu\"><span class=\"subtitlu\">\u201ePoporul rom\u00e2n are nevoie de rost, pace \u0219i prosperitate\u201d<\/span><\/h2>\n<p>\u00cen condi\u021biile acestea, subliniez, poporul rom\u00e2n ast\u0103zi are nevoie ast\u0103zi doar de rost, de pace \u0219i de prosperitate. Acesta este destinul poporului rom\u00e2n. Altceva eu nu cunosc. Nici nu ai cum s\u0103 te g\u00e2nde\u0219ti la altceva.<\/p>\n<h2 id=\"despre-decembrie-1989-8222cine-spune-ca-a-fost-revolutie-ori-nu-stie-nimic-ori-a-fost-cumparat8221\" class=\"rb-heading-index-3 subtitlu\"><strong><span class=\"subtitlu\">Despre decembrie 1989: \u201eCine spune c\u0103 a fost Revolu\u021bie ori nu \u0219tie nimic, ori a fost cump\u0103rat\u201d<\/span><\/strong><\/h2>\n<p>Pe acest fond, pentru a clarifica foarte bine situa\u021bia de ast\u0103zi, a\u0219 vrea s\u0103 ne \u00eentoarcem la decembrie 1989, \u0219i anume la lovitura de stat. Cine spune c\u0103 a fost revolu\u021bie ori nu \u0219tie nimic, ori a fost cump\u0103rat. A fost o lovitur\u0103 de stat precis\u0103, \u00een urma c\u0103reia au fost uci\u0219i oameni, \u00een special tineri.<\/p>\n<p>Se vorbe\u0219te despre peste 1.100 de tineri \u0219i copii. Unii spun 1.166. Nu m\u0103 intereseaz\u0103 num\u0103rul exact. S-au jucat cu vie\u021bile oamenilor.<\/p>\n<p>Acei tineri, mor\u021bi, de fapt uci\u0219i, pentru ca ei s\u0103 se instaleze la putere, s-au dus la Dumnezeu \u0219i i-au spus tot. \u0218i se vede ast\u0103zi.<\/p>\n<p>Apoi s-a spus \u201eavort\u201d, iar corectitudinea politic\u0103 a spus \u201e\u00eentrerupere de sarcin\u0103\u201d. \u0218i asta s-a transformat \u00eentr-un genocid. P\u00e2n\u0103 ast\u0103zi, Rom\u00e2nia a pierdut peste 20 de milioane de suflete. \u00cenc\u0103 o \u021bar\u0103.<\/p>\n<p>Acei copii uci\u0219i prin avort s-au dus \u0219i ei la Dumnezeu \u0219i i-au spus tot. \u0218i se vede.<\/p>\n<h2 id=\"6-decembrie-2024\" class=\"rb-heading-index-4 subtitlu\"><strong><span class=\"subtitlu\">6 decembrie 2024<\/span><\/strong><\/h2>\n<p>\u0218i atunci s-a \u00eent\u00e2mplat 6 decembrie 2024, a doua lovitur\u0103 de stat. Pentru c\u0103 acei copii au spus tot.<\/p>\n<p>Vede\u021bi, Rom\u00e2nia avea nevoie de o igienizare spiritual\u0103, moral\u0103. Trebuia s\u0103 ias\u0103 tot r\u0103ul la suprafa\u021b\u0103 de 36 de ani. Tot. \u0218i a ie\u0219it tot. Mai este \u00eenc\u0103 pu\u021bin. De aceea s\u0103 nu ne gr\u0103bim \u0219i avem r\u0103bdare.<\/p>\n<h2 id=\"votul-anulat-a-impartit-tara-in-doua-romanii\" class=\"rb-heading-index-5 subtitlu\"><span class=\"subtitlu\">Votul anulat a \u00eemp\u0103r\u021bit \u021bara \u00een dou\u0103 Rom\u00e2nii<\/span><\/h2>\n<p>Ceasul merge pentru to\u021bi la fel, dar timpul arat\u0103 adev\u0103rata fa\u021b\u0103 a oamenilor \u0219i se vede la mul\u021bi, nu doar din politic\u0103, din toat\u0103 societatea. \u0218ti\u021bi, dup\u0103 ce anulezi votul, dac\u0103 ai anulat acest vot, ceea ce este o o barbarie de neimaginat, societatea dup\u0103 aceast\u0103 anulare s-a \u00eemp\u0103r\u021bit \u00een dou\u0103 Rom\u00e2nii \u0219i aproape c\u0103 nu-\u0219i mai vorbesc. \u0218ti\u021bi c\u00e2nd anulezi un vot al unui popor, adic\u0103 dreptul lui, societatea devine \u0219i se vede. Este timpul jocului nu-\u021bi convine scorul. \u0218tii c\u0103 mai este foarte pu\u021bin \u0219i se termin\u0103 meciul \u0219i anulezi jocul. Atunci nu mai e\u0219ti arbitru. E\u0219ti un tri\u0219or cu imunitate ca s\u0103 nu zic escroc. \u0218ti\u021bi, eu al\u0103turi de popor nu m-am luptat pentru conturi \u00een banc\u0103, nici pentru ma\u0219ini str\u0103ine \u0219i nici pentru juc\u0103rii de lux, ci m-am luptat pentru demnitatea \u0219i libertatea poporului rom\u00e2n care trebuie s\u0103 \u0219tie ce vrea \u0219i s\u0103 \u00een\u021beleag\u0103 ce poate, s\u0103 \u0219tie cine este.<\/p>\n<p>\u00cen tece este brazda p\u0103m\u00e2ntului rom\u00e2nesc. C\u00e2nd \u00ee\u0219i potole\u0219te setea de la izvorul cu ap\u0103 limpede. C\u00e2nd vorbe\u0219te graiul limbii rom\u00e2ne. C\u00e2nd ascult\u0103 c\u00e2ntecul rom\u00e2nesc care vibreaz\u0103 sufletul, \u00eel face s\u0103 vibreze. C\u00e2nd \u00ee\u0219i aduce aminte de str\u0103mo\u0219i, de \u00eenainta\u0219i sau cum spunea Nicolae Iorga s\u0103 ne aducem aminte de jertfa lui Mihai la C\u0103lug\u0103reni, de lacrimile lui Hore \u00een lan\u021buri. de sabia lui \u0218tefan cel Mare c\u00e2nd ap\u0103ra hotarele \u0219i de frumuse\u021bea omului l\u0103undric care a fost marele voievod Constantin Br\u00e2ncoveanu, care ne a l\u0103sat m\u0103re\u021bia credin\u021bei ortodoxe s\u0103 faci binele \u00een t\u0103cere. S\u0103 faci binele \u00een t\u0103cere. C\u00e2nd \u00een\u021belegi acest lucru cu mare smerenie te apropii de felul de a fi al M\u00e2ntuitorului nostru Iisus Hristos. Cum a stat el la mas\u0103 sau \u00eentr un dialog a\u0219a cum st\u0103m noi cu Iuda. \u0218tia c\u0103 \u00eel va tr\u0103da, va fi tr\u0103dat, de a vorbit frumos cu mare condescenden\u021b\u0103. \u00cenchei s\u0103 v\u0103 spun a\u0219a: Vede\u021bi, v\u0103ile \u021b\u0103rii, al c\u0103rei \u00eemp\u0103rat este copil, un copil \u0219i dr\u0103g\u0103torii ei de a \u00eenche\u021bui de diminea\u021b\u0103. Nu va mai dura mult timp. \u00cens\u0103 este bine s\u0103 fim foarte aten\u021bi la ce cuvinte rostim. A\u0219a m-a\u021bi \u00eentrebat mai devreme. Poporul rom\u00e2n \u00een primul r\u00e2nd s a trezit \u0219i nu mai poate s\u0103 fie manipulat, este imposibil. \u0218ti\u021bi c\u0103 \u00eenainte a fost exploatarea omului de c\u0103tre om. Dup\u0103 aceea a fost manipularea omului de c\u0103tre om, care a continuat p\u00e2n\u0103 ast\u0103zi, dup\u0103 lovitura de stat din \u201989, \u00eencheiat\u0103 pe 6 decembrie 2024. A fost un r\u0103u necesar, cum am spus. \u0218ahul gre\u0219eala a \u0219apt\u0103. \u0218i au f\u0103cut asta. Bine c\u0103 au f\u0103cut. Pentru c\u0103 altfel nu ie\u0219eau la suprafa\u021b\u0103 cu toate mizeriile lor. \u00cens\u0103 ca s\u0103 \u00een\u021belegem foarte bine \u0219i \u00een am\u0103nunt cum st\u0103 situa\u021bia, spunea\u021bi de multipolaritate. Haide\u021bi s\u0103 punem degetul pe ran\u0103.<\/p>\n<h2 id=\"despre-drona-de-la-galati\" class=\"rb-heading-index-6 subtitlu\"><span class=\"subtitlu\">Despre drona de la Gala\u021bi<\/span><\/h2>\n<p>Puntual. Drona de la Gala\u021bi de care nimeni nu mai vorbe\u0219te, drona de la Constan\u021ba de care iar\u0103\u0219i nimeni nu mai vorbe\u0219te. Deci acest pre\u0219edinte e legitim. Este clar. Are o \u00een\u021belegere cu Zelenski? De fapt asta vorbe\u0219te toat\u0103 lumea. Ce mai spun eu \u00een plus? Este poate doar s\u0103 punctez din nou. Are o \u00een\u021belegere cu Zelenski pentru a implica NATO \u00een r\u0103zboi prin intermediul Rom\u00e2niei.<\/p>\n<p>Eu transmit a\u0219a. C\u0103 serviciile militare americane cunosc aceast\u0103 situa\u021bie \u0219i vor ap\u0103rea dovezi.<\/p>\n<p>Vede\u021bi, drona de la Constan\u021ba apar\u021binea armatei ucrainene. Deci era ucrainean\u0103 pur \u0219i simplu. \u00cen primul r\u00e2nd era nevoie imediat, dar imediat de o reac\u021bie diplomatic\u0103 rapid\u0103, categoric\u0103 \u0219i decisiv\u0103. Nu te joci cu a\u0219a ceva. Lucru care nu s a \u00eent\u00e2mplat. Nu s a \u00eent\u00e2mplat nimic. Au spus \u0219i dintr un raport care oricum raportul nu justific\u0103 nimic. Raportul nu justific\u0103 nimic. Nu are nici o justificare. \u00cens\u0103, vede\u021bi dumneavoastr\u0103, \u00een acea zon\u0103 de port nu p\u0103trunde nici musca dirijat\u0103.<\/p>\n<p><a href=\"https:\/\/ortodoxinfo.ro\/2026\/06\/08\/avem-bomba-momentului-acord-secret-dintre-olandezul-mark-rutte-si-zelenski-pentru-eliminarea-portului-constanta-din-circuitul-comercial\/\" target=\"_blank\" rel=\"noopener\">Dac\u0103 drona ajungea l\u00e2ng\u0103 depozitele de petrol sau cele de azotat de amoniu era o tragedie uman\u0103, vorbim de peste 15.000, 20.000 de victime<\/a>. A\u021bi crede c\u0103 a fost o \u00een\u021belegere cu anumite personaje din statul rom\u00e2n? Eu ce am vrut s\u0103 spun, am spus.<\/p>\n<p>Completez. Acesta era scenariul perfect pentru Zelenski de a implica NATO \u00een r\u0103zboi.<\/p>\n<p>Prin urmare, fa\u021b\u0103 de aceste aspecte, fa\u021b\u0103 de multe altele din \u00eenc\u0103lcarea Constitu\u021biei de nenum\u0103rate ori. Acest personaj Nicu\u0219or Dan este un pericol real pentru statul rom\u00e2n, pentru suveranitatea \u021b\u0103rii \u0219i pentru siguran\u021ba \u0219i securitatea, cum se vedea, cet\u0103\u021benilor ei. \u0218i de aceea eu am cerut Parlamentului s\u0103 \u00eenceap\u0103 procedura de suspendare c\u00e2t timp mai avem o na\u021biune. Al doilea lucru este c\u0103 Rom\u00e2nia este foarte aproape, \u021bin\u00e2nd cont de ce se vede, de a fi implicat\u0103 \u00een r\u0103zboiul altora. Adic\u0103 discut\u0103m la modul real de carne de tun. Este o tragedie. Apoi vede\u021bi, Bruxellesul saboteaz\u0103 tot procesul de pace demarat de America \u0219i de China \u00een Ucraina, dore\u0219te escaladarea conflictului \u0219i implicarea NATO \u0219i a Europei \u00een special \u00een r\u0103zboi cu Rusia. \u0218ti\u021bi, indivizii ace\u0219tia ni\u0219te mascari\u0219, de altfel care \u00ee\u0219i tarm\u0103r\u0103, care de fapt cer de misie. O s\u0103 revin pe acel subiect. Mertz, Macron deviaz\u0103 aten\u021bia publicului \u0219i popoarelor lor, \u0219i a Europei de la dezastrul \u00een plin\u0103 desf\u0103\u0219urare \u00een \u021b\u0103rile lor, \u00een \u021b\u0103rile noastre. \u0218ti\u021bi, e momentul \u00een care arat\u0103 cu degetul \u0219i spun inamicul principal este Rusia, eu v\u0103d \u00een ochii lor tr\u0103dare fa\u021b\u0103 de cet\u0103\u021benii lor.<\/p>\n<\/div>\n<\/div>\n<\/div>\n<\/div>\n<div class=\"e-shared-sec entry-sec\">\n<div class=\"e-shared-header h4\"><span>Distribuie<\/span><\/div>\n<div class=\"rbbsl tooltips-n effect-fadeout is-bg\"><a class=\"share-action share-trigger icon-facebook\" aria-label=\"Share on Facebook\" href=\"https:\/\/www.facebook.com\/sharer.php?u=https%3A%2F%2Fortodoxinfo.ro%2F2026%2F06%2F28%2Fvideo-presedintele-ales-calin-georgescu-a-detonat-bomba-la-realitateatv-nicusor-dan-are-o-intelegere-cu-zelenski-de-a-implica-romania-in-razboiul-din-ucraina-suspendarea-este-primul-obiectiv-pen%2F\" data-title=\"Facebook\" rel=\"nofollow\"><span>Facebook<\/span><\/a><a class=\"share-action share-trigger icon-twitter\" aria-label=\"Share on X\" href=\"https:\/\/twitter.com\/intent\/tweet?text=VIDEO+%2F+Pre%C8%99edintele+ales%2C+C%C4%83lin+Georgescu%2C+a+detonat+bomba+la+RealitateaTV%3A+Nicusor+Dan+are+o+%C3%AEn%C8%9Belegere+cu+Zelenski+de+a+implica+Rom%C3%A2nia+%C3%AEn+r%C4%83zboiul+din+Ucraina.+SUSPENDAREA+este+primul+obiectiv+pentru+a+ne+lua+%C8%9Bara+%C3%AEnapoi%21&amp;url=https%3A%2F%2Fortodoxinfo.ro%2F2026%2F06%2F28%2Fvideo-presedintele-ales-calin-georgescu-a-detonat-bomba-la-realitateatv-nicusor-dan-are-o-intelegere-cu-zelenski-de-a-implica-romania-in-razboiul-din-ucraina-suspendarea-este-primul-obiectiv-pen%2F&amp;via=ortodoxinforo\" data-title=\"X\" rel=\"nofollow\"><span>X<\/span><\/a><a class=\"share-action icon-whatsapp is-web\" aria-label=\"Share on Whatsapp\" href=\"https:\/\/web.whatsapp.com\/send?text=VIDEO+%2F+Pre%C8%99edintele+ales%2C+C%C4%83lin+Georgescu%2C+a+detonat+bomba+la+RealitateaTV%3A+Nicusor+Dan+are+o+%C3%AEn%C8%9Belegere+cu+Zelenski+de+a+implica+Rom%C3%A2nia+%C3%AEn+r%C4%83zboiul+din+Ucraina.+SUSPENDAREA+este+primul+obiectiv+pentru+a+ne+lua+%C8%9Bara+%C3%AEnapoi%21%20%E2%98%9E%20https%3A%2F%2Fortodoxinfo.ro%2F2026%2F06%2F28%2Fvideo-presedintele-ales-calin-georgescu-a-detonat-bomba-la-realitateatv-nicusor-dan-are-o-intelegere-cu-zelenski-de-a-implica-romania-in-razboiul-din-ucraina-suspendarea-este-primul-obiectiv-pen%2F\" target=\"_blank\" data-title=\"WhatsApp\" rel=\"nofollow\"><span>Whatsapp<\/span><\/a><a class=\"share-action icon-whatsapp is-mobile\" aria-label=\"Share on Whatsapp\" href=\"\/\/send?text=VIDEO+%2F+Pre%C8%99edintele+ales%2C+C%C4%83lin+Georgescu%2C+a+detonat+bomba+la+RealitateaTV%3A+Nicusor+Dan+are+o+%C3%AEn%C8%9Belegere+cu+Zelenski+de+a+implica+Rom%C3%A2nia+%C3%AEn+r%C4%83zboiul+din+Ucraina.+SUSPENDAREA+este+primul+obiectiv+pentru+a+ne+lua+%C8%9Bara+%C3%AEnapoi%21%20%E2%98%9E%20https%3A%2F%2Fortodoxinfo.ro%2F2026%2F06%2F28%2Fvideo-presedintele-ales-calin-georgescu-a-detonat-bomba-la-realitateatv-nicusor-dan-are-o-intelegere-cu-zelenski-de-a-implica-romania-in-razboiul-din-ucraina-suspendarea-este-primul-obiectiv-pen%2F\" target=\"_blank\" data-title=\"WhatsApp\" rel=\"nofollow\"><span>Whatsapp<\/span><\/a><a class=\"share-action share-trigger icon-telegram\" aria-label=\"Share on Telegram\" href=\"https:\/\/t.me\/share\/?url=https%3A%2F%2Fortodoxinfo.ro%2F2026%2F06%2F28%2Fvideo-presedintele-ales-calin-georgescu-a-detonat-bomba-la-realitateatv-nicusor-dan-are-o-intelegere-cu-zelenski-de-a-implica-romania-in-razboiul-din-ucraina-suspendarea-este-primul-obiectiv-pen%2F&amp;text=VIDEO+%2F+Pre%C8%99edintele+ales%2C+C%C4%83lin+Georgescu%2C+a+detonat+bomba+la+RealitateaTV%3A+Nicusor+Dan+are+o+%C3%AEn%C8%9Belegere+cu+Zelenski+de+a+implica+Rom%C3%A2nia+%C3%AEn+r%C4%83zboiul+din+Ucraina.+SUSPENDAREA+este+primul+obiectiv+pentru+a+ne+lua+%C8%9Bara+%C3%AEnapoi%21\" data-title=\"Telegram\" rel=\"nofollow\"><span>Telegram<\/span><\/a><a class=\"share-action icon-copy copy-trigger\" aria-label=\"Copy Link\" href=\"https:\/\/ortodoxinfo.ro\/2026\/06\/28\/video-presedintele-ales-calin-georgescu-a-detonat-bomba-la-realitateatv-nicusor-dan-are-o-intelegere-cu-zelenski-de-a-implica-romania-in-razboiul-din-ucraina-suspendarea-este-primul-obiectiv-pen\/\" data-copied=\"Copied!\" data-link=\"https:\/\/ortodoxinfo.ro\/2026\/06\/28\/video-presedintele-ales-calin-georgescu-a-detonat-bomba-la-realitateatv-nicusor-dan-are-o-intelegere-cu-zelenski-de-a-implica-romania-in-razboiul-din-ucraina-suspendarea-este-primul-obiectiv-pen\/\" rel=\"nofollow\" data-copy=\"Copy Link\"><span>Copy Link<\/span><\/a><a class=\"share-action icon-print\" aria-label=\"Print\" rel=\"nofollow\" data-title=\"Print\"><span>Print<\/span><\/a><\/div>\n<\/div>\n<\/div>\n<div id=\"tabs\" class=\"dntplgn_form_wrapper\"><span><\/p>\n<h2>\u0218tirile sunt sub cenzur\u0103! Sprijini\u021bi OrtodoxINFO!<\/h2>\n<p>Guvernul nu dore\u0219te aflarea adev\u0103rului despre lovitura de stat \u0219i \u00eengenuncherea Rom\u00e2niei. \u00cencerc\u0103m s\u0103 men\u021binem viu acest site \u0219i s\u0103 v\u0103 punem la dispozi\u021bie informa\u021bii care s\u0103 fac\u0103 lumin\u0103 \u00een cea mai mare provocare pe care o tr\u0103im. Jurnalismul independent al portalului OrtodoxINFO func\u021bioneaz\u0103 strict cu ajutorul cititorilor.<br \/>\nNe pute\u021bi sprijini printr-o <b><a href=\"https:\/\/ortodoxinfo.ro\/donatii\/\">dona\u021bie bancar\u0103<\/a> sau prin PayPal, complet\u00e2nd formularul de mai jos.<\/b><\/span><\/p>\n<ul>\n<li><a href=\"https:\/\/ortodoxinfo.ro\/2026\/06\/28\/video-presedintele-ales-calin-georgescu-a-detonat-bomba-la-realitateatv-nicusor-dan-are-o-intelegere-cu-zelenski-de-a-implica-romania-in-razboiul-din-ucraina-suspendarea-este-primul-obiectiv-pen\/#tabs-1\">Dona\u021bie lunar\u0103<\/a><\/li>\n<li><a href=\"https:\/\/ortodoxinfo.ro\/2026\/06\/28\/video-presedintele-ales-calin-georgescu-a-detonat-bomba-la-realitateatv-nicusor-dan-are-o-intelegere-cu-zelenski-de-a-implica-romania-in-razboiul-din-ucraina-suspendarea-este-primul-obiectiv-pen\/#tabs-2\">Doar acum<\/a><\/li>\n<\/ul>\n<div id=\"tabs-1\"><img loading=\"lazy\" decoding=\"async\" alt border=\"0\" src=\"https:\/\/www.paypalobjects.com\/en_US\/i\/scr\/pixel.gif\" width=\"1\" height=\"1\"><\/div>\n<div id=\"tabs-2\">\n<p>\t\t     \u20ac<\/p>\n<p>\t\t    <img loading=\"lazy\" decoding=\"async\" alt border=\"0\" src=\"https:\/\/www.paypalobjects.com\/en_US\/i\/scr\/pixel.gif\" width=\"1\" height=\"1\"><\/div>\n<p>Mul\u021bumim celor care ne-au ajutat p\u00e2n\u0103 acum!\n\t<\/p><\/div>\n<div class=\"comment-box-wrap entry-sec\">\n<div class=\"comment-box-header\"><span class=\"h3\">2 comentarii<\/span><\/div>\n<div class=\"comment-holder\">\n<div id=\"comments\" class=\"comments-area\">\n<div class=\"rb-section\">\n<ul class=\"comment-list entry\">\n<li id=\"comment-250284\" class=\"comment even thread-even depth-1\">\n<article id=\"div-comment-250284\" class=\"comment-body\">\n<footer class=\"comment-meta\">\n<div class=\"comment-author vcard\"><img loading=\"lazy\" decoding=\"async\" alt src=\"https:\/\/secure.gravatar.com\/avatar\/132fd989bad4ee2d55aa9692aa73d0475d12ca598eaa976fcddf813d6586cb5e?s=100&amp;r=g\" class=\"avatar avatar-100 photo\" height=\"100\" width=\"100\"><b class=\"fn\">Magda<\/b><span class=\"says\">spune:<\/span><\/div>\n<div class=\"comment-metadata\"><a href=\"https:\/\/ortodoxinfo.ro\/2026\/06\/28\/video-presedintele-ales-calin-georgescu-a-detonat-bomba-la-realitateatv-nicusor-dan-are-o-intelegere-cu-zelenski-de-a-implica-romania-in-razboiul-din-ucraina-suspendarea-este-primul-obiectiv-pen\/#comment-250284\"><time datetime=\"2026-06-28T23:30:35+03:00\">28 iunie 2026 la 23:30<\/time><\/a><\/div>\n<\/footer>\n<div class=\"comment-content\">\n<p>Tot ce spus C\u0103lin Georgescu e adev\u0103rat. Idiotul de la Cotroceni trebuie suspendat. El e vinovat de criza politic\u0103 \u0219i economic\u0103, deoarece el l-a desemnat pe Ilie Bolojan premier, dup\u0103 ce a furat alegerile \u0219i el a vrut s\u0103 bage Rom\u00e2nia \u00een r\u0103zboi contra Rusiei, \u00eempreun\u0103 cu Zelensky.  Idiotul trebuie suspendat \u0219i trebuie reluat turul doi al alegerilor preziden\u021biale \u0219i organizate alegeri anticipate. <\/p>\n<p>A<\/p>\n<\/div>\n<div class=\"reply\"><a rel=\"nofollow\" class=\"comment-reply-link\" href=\"https:\/\/ortodoxinfo.ro\/2026\/06\/28\/video-presedintele-ales-calin-georgescu-a-detonat-bomba-la-realitateatv-nicusor-dan-are-o-intelegere-cu-zelenski-de-a-implica-romania-in-razboiul-din-ucraina-suspendarea-este-primul-obiectiv-pen\/#comment-250284\" data-commentid=\"250284\" data-postid=\"243671\" data-belowelement=\"div-comment-250284\" data-respondelement=\"respond\" data-replyto=\"R\u0103spunde-i lui Magda\" aria-label=\"R\u0103spunde-i lui Magda\">R\u0103spunde<\/a><\/div>\n<\/article>\n<\/li>\n<li id=\"comment-250285\" class=\"comment odd alt thread-odd thread-alt depth-1\">\n<article id=\"div-comment-250285\" class=\"comment-body\">\n<footer class=\"comment-meta\">\n<div class=\"comment-author vcard\"><img loading=\"lazy\" decoding=\"async\" alt src=\"https:\/\/secure.gravatar.com\/avatar\/39c54047ac4c70a5d3a1e7c9c9117f01e85fc08fbeace82d22a846b384cd0c4f?s=100&amp;r=g\" class=\"avatar avatar-100 photo\" height=\"100\" width=\"100\"><b class=\"fn\">coiotul<\/b><span class=\"says\">spune:<\/span><\/div>\n<div class=\"comment-metadata\"><a href=\"https:\/\/ortodoxinfo.ro\/2026\/06\/28\/video-presedintele-ales-calin-georgescu-a-detonat-bomba-la-realitateatv-nicusor-dan-are-o-intelegere-cu-zelenski-de-a-implica-romania-in-razboiul-din-ucraina-suspendarea-este-primul-obiectiv-pen\/#comment-250285\"><time datetime=\"2026-06-28T23:44:44+03:00\">28 iunie 2026 la 23:44<\/time><\/a><\/div>\n<\/footer>\n<div class=\"comment-content\">\n<p>Eu nu m as mai asocia cu mahalajoaica de la irealitatea tv care dupa ce si a schimbat tamponul ne a zis ca trebuie sa votam guvernul. probabil patroana ei si prietena ei in acelasi timp, femeia cu multe clase si cu multi copii, i a zis ce are de facut. Georgescu trebuie sa se dezica de bolnavele astea<\/p>\n<\/div>\n<div class=\"reply\"><a rel=\"nofollow\" class=\"comment-reply-link\" href=\"https:\/\/ortodoxinfo.ro\/2026\/06\/28\/video-presedintele-ales-calin-georgescu-a-detonat-bomba-la-realitateatv-nicusor-dan-are-o-intelegere-cu-zelenski-de-a-implica-romania-in-razboiul-din-ucraina-suspendarea-este-primul-obiectiv-pen\/#comment-250285\" data-commentid=\"250285\" data-postid=\"243671\" data-belowelement=\"div-comment-250285\" data-respondelement=\"respond\" data-replyto=\"R\u0103spunde-i lui coiotul\" aria-label=\"R\u0103spunde-i lui coiotul\">R\u0103spunde<\/a><\/div>\n<\/article>\n<\/li>\n<\/ul>\n<\/div>\n<div id=\"respond\" class=\"comment-respond\">\n<h3 id=\"reply-title\" class=\"comment-reply-title\">Las\u0103 un r\u0103spuns <small><a rel=\"nofollow\" id=\"cancel-comment-reply-link\" href=\"https:\/\/ortodoxinfo.ro\/2026\/06\/28\/video-presedintele-ales-calin-georgescu-a-detonat-bomba-la-realitateatv-nicusor-dan-are-o-intelegere-cu-zelenski-de-a-implica-romania-in-razboiul-din-ucraina-suspendarea-este-primul-obiectiv-pen\/#respond\">Anuleaz\u0103 r\u0103spunsul<\/a><\/small><\/h3>\n<p class=\"comment-notes\"><span id=\"email-notes\">Adresa ta de email nu va fi publicat\u0103.<\/span><span class=\"required-field-message\">C\u00e2mpurile obligatorii sunt marcate cu <span class=\"required\">*<\/span><\/span><\/p>\n<\/div>\n<\/div>\n<\/div>\n<\/div>\n<\/div>\n<div class=\"sidebar-wrap single-sidebar\">\n<div class=\"sidebar-inner clearfix\">\n<div id=\"widget-post-2\" class=\"widget rb-section w-sidebar clearfix widget-post\">\n<div class=\"block-h widget-heading heading-layout-1\">\n<div class=\"heading-inner\">\n<h4 class=\"heading-title\"><span>Articole recente<\/span><\/h4>\n<\/div>\n<\/div>\n<div class=\"widget-p-listing\">\n<div class=\"p-wrap p-small p-list-small-2\" data-pid=\"243865\">\n<div class=\"feat-holder\">\n<div class=\"p-featured ratio-v1\"><a class=\"p-flink\" href=\"https:\/\/ortodoxinfo.ro\/2026\/06\/29\/nucleara-pentru-anca-alexandrescu-si-patronul-realitatea-plus-va-dezvaluim-miza-reala-in-ruptura-de-calin-georgescu-si-de-george-simion\/\" title=\"Nucleara pentru Anca Alexandrescu \u0219i patronul Realitatea Plus. V\u0103 dezv\u0103luim miza real\u0103 \u00een ruptura de C\u0103lin Georgescu \u0219i de George Simion\"><img decoding=\"async\" width=\"150\" height=\"150\" src=\"https:\/\/ortodoxinfo.ro\/wp-content\/uploads\/2026\/06\/anca_alexandrescu_iuda-150x150.jpg\" class=\"featured-img wp-post-image\" alt loading=\"lazy\"><\/a><\/div>\n<\/div>\n<div class=\"p-content\">\n<h5 class=\"entry-title\"><a class=\"p-url\" href=\"https:\/\/ortodoxinfo.ro\/2026\/06\/29\/nucleara-pentru-anca-alexandrescu-si-patronul-realitatea-plus-va-dezvaluim-miza-reala-in-ruptura-de-calin-georgescu-si-de-george-simion\/\" rel=\"bookmark\">Nucleara pentru Anca Alexandrescu \u0219i patronul Realitatea Plus. V\u0103 dezv\u0103luim miza real\u0103 \u00een ruptura de C\u0103lin Georgescu \u0219i de George Simion<\/a><\/h5>\n<div class=\"p-meta\">\n<div class=\"meta-inner is-meta\"><span class=\"meta-el meta-date\"><time datetime=\"2026-06-29T15:56:03+03:00\">29 iunie 2026<\/time><\/span><span class=\"meta-el meta-category meta-bold\"><a class=\"meta-separate category-19866\" href=\"https:\/\/ortodoxinfo.ro\/category\/lupta-pentru-romania\/\">Lupt\u0103 pentru Rom\u00e2nia<\/a><\/span><span class=\"meta-el meta-view\">25.7k vizualiz\u0103ri\t\t<\/span><\/div>\n<\/div>\n<\/div>\n<\/div>\n<div class=\"p-wrap p-small p-list-small-2\" data-pid=\"243762\">\n<div class=\"feat-holder\">\n<div class=\"p-featured ratio-v1\"><a class=\"p-flink\" href=\"https:\/\/ortodoxinfo.ro\/2026\/06\/29\/tot-mai-multi-fatalai-de-ce-multi-oameni-nu-mai-pot-tolera-disconfortul-emotional-cum-a-ajuns-societatea-moderna-sa-transforme-orice-emotie-dificila-intr-o-problema-care-trebuie-el\/\" title=\"Tot mai mul\u021bi f\u0103t\u0103l\u0103i: \u201eDe ce mul\u021bi oameni nu mai pot tolera disconfortul emo\u021bional\u201d. Cum a ajuns societatea modern\u0103 s\u0103 transforme orice emo\u021bie dificil\u0103 \u00eentr-o problem\u0103 care trebuie eliminat\u0103 imediat\"><img decoding=\"async\" width=\"150\" height=\"150\" src=\"https:\/\/ortodoxinfo.ro\/wp-content\/uploads\/2026\/06\/discomfort-150x150.jpeg\" class=\"featured-img wp-post-image\" alt loading=\"lazy\"><\/a><\/div>\n<\/div>\n<div class=\"p-content\">\n<h5 class=\"entry-title\"><a class=\"p-url\" href=\"https:\/\/ortodoxinfo.ro\/2026\/06\/29\/tot-mai-multi-fatalai-de-ce-multi-oameni-nu-mai-pot-tolera-disconfortul-emotional-cum-a-ajuns-societatea-moderna-sa-transforme-orice-emotie-dificila-intr-o-problema-care-trebuie-el\/\" rel=\"bookmark\">Tot mai mul\u021bi f\u0103t\u0103l\u0103i: \u201eDe ce mul\u021bi oameni nu mai pot tolera disconfortul emo\u021bional\u201d. Cum a ajuns societatea modern\u0103 s\u0103 transforme orice emo\u021bie dificil\u0103 \u00eentr-o problem\u0103 care trebuie eliminat\u0103 imediat<\/a><\/h5>\n<div class=\"p-meta\">\n<div class=\"meta-inner is-meta\"><span class=\"meta-el meta-date\"><time datetime=\"2026-06-29T11:40:37+03:00\">29 iunie 2026<\/time><\/span><span class=\"meta-el meta-category meta-bold\"><a class=\"meta-separate category-584\" href=\"https:\/\/ortodoxinfo.ro\/category\/stiri\/sanatate\/\">S\u0103n\u0103tate<\/a><\/span><span class=\"meta-el meta-view\">5.6k vizualiz\u0103ri\t\t<\/span><\/div>\n<\/div>\n<\/div>\n<\/div>\n<div class=\"p-wrap p-small p-list-small-2\" data-pid=\"158374\">\n<div class=\"feat-holder\">\n<div class=\"p-featured ratio-v1\"><a class=\"p-flink\" href=\"https:\/\/ortodoxinfo.ro\/2026\/06\/29\/29-iunie-sfintii-apostoli-petru-si-pavel-ocrotitorii-indeosebi-ai-celor-ce-se-pocaiesc-de-faptele-lor-grave\/\" title=\"29 iunie. Sfin\u021bii Apostoli Petru \u0219i Pavel, ocrotitorii, \u00eendeosebi, ai celor ce se poc\u0103iesc de faptele lor grave\"><img decoding=\"async\" width=\"150\" height=\"150\" src=\"https:\/\/ortodoxinfo.ro\/wp-content\/uploads\/2024\/06\/petru-150x150.jpg\" class=\"featured-img wp-post-image\" alt loading=\"lazy\"><\/a><\/div>\n<\/div>\n<div class=\"p-content\">\n<h5 class=\"entry-title\"><a class=\"p-url\" href=\"https:\/\/ortodoxinfo.ro\/2026\/06\/29\/29-iunie-sfintii-apostoli-petru-si-pavel-ocrotitorii-indeosebi-ai-celor-ce-se-pocaiesc-de-faptele-lor-grave\/\" rel=\"bookmark\">29 iunie. Sfin\u021bii Apostoli Petru \u0219i Pavel, ocrotitorii, \u00eendeosebi, ai celor ce se poc\u0103iesc de faptele lor grave<\/a><\/h5>\n<div class=\"p-meta\">\n<div class=\"meta-inner is-meta\"><span class=\"meta-el meta-date\"><time datetime=\"2026-06-29T11:39:35+03:00\">29 iunie 2026<\/time><\/span><span class=\"meta-el meta-category meta-bold\"><a class=\"meta-separate category-1858\" href=\"https:\/\/ortodoxinfo.ro\/category\/credinta-ortodoxa\/sfinti-si-sarbatori\/\">Sfin\u021bi \u0219i s\u0103rb\u0103tori<\/a><\/span><span class=\"meta-el meta-view\">1.7k vizualiz\u0103ri\t\t<\/span><\/div>\n<\/div>\n<\/div>\n<\/div>\n<div class=\"p-wrap p-small p-list-small-2\" data-pid=\"243587\">\n<div class=\"feat-holder\">\n<div class=\"p-featured ratio-v1\"><a class=\"p-flink\" href=\"https:\/\/ortodoxinfo.ro\/2026\/06\/28\/presedintele-serbiei-isi-anunta-demisia-si-convoaca-alegeri-anticipate\/\" title=\"Pre\u0219edintele Serbiei \u00ee\u0219i anun\u021b\u0103 demisia \u0219i convoac\u0103 alegeri anticipate\"><img decoding=\"async\" width=\"150\" height=\"150\" src=\"https:\/\/ortodoxinfo.ro\/wp-content\/uploads\/2026\/06\/Aleksandar-Vucic-150x150.jpg\" class=\"featured-img wp-post-image\" alt loading=\"lazy\"><\/a><\/div>\n<\/div>\n<div class=\"p-content\">\n<h5 class=\"entry-title\"><a class=\"p-url\" href=\"https:\/\/ortodoxinfo.ro\/2026\/06\/28\/presedintele-serbiei-isi-anunta-demisia-si-convoaca-alegeri-anticipate\/\" rel=\"bookmark\">Pre\u0219edintele Serbiei \u00ee\u0219i anun\u021b\u0103 demisia \u0219i convoac\u0103 alegeri anticipate<\/a><\/h5>\n<div class=\"p-meta\">\n<div class=\"meta-inner is-meta\"><span class=\"meta-el meta-date\"><time datetime=\"2026-06-28T20:34:52+03:00\">28 iunie 2026<\/time><\/span><span class=\"meta-el meta-category meta-bold\"><a class=\"meta-separate category-585\" href=\"https:\/\/ortodoxinfo.ro\/category\/stiri\/externe\/\">Externe<\/a><\/span><span class=\"meta-el meta-view\">5k vizualiz\u0103ri\t\t<\/span><\/div>\n<\/div>\n<\/div>\n<\/div>\n<\/div>\n<\/div>\n<div id=\"custom_html-2\" class=\"widget_text widget rb-section w-sidebar clearfix widget_custom_html\">\n<div class=\"block-h widget-heading heading-layout-1\">\n<div class=\"heading-inner\">\n<h4 class=\"heading-title\"><span>DONA\u021aII \u00een cont bancar<\/span><\/h4>\n<\/div>\n<\/div>\n<div class=\"textwidget custom-html-widget\">\n<table class=\"donatii\">\n<tbody>\n<tr>\n<th colspan=\"2\"><strong><span>Asicia\u021bia SMI-B<\/span><\/strong><\/th>\n<\/tr>\n<tr>\n<th>Cont LEI<\/th>\n<td>RO67CECEB00030RON2081955<\/td>\n<\/tr>\n<tr>\n<th>Cont EURO<\/th>\n<td>RO33CECEB000C1EUR2081978<\/td>\n<\/tr>\n<tr>\n<th>Cod SWIFT<\/th>\n<td>CECEROBU<\/td>\n<\/tr>\n<tr>\n<th colspan=\"2\"><strong>CEC BANK SA<\/strong><\/th>\n<\/tr>\n<\/tbody>\n<\/table>\n<\/div>\n<\/div>\n<\/div>\n<\/div>\n<\/div>\n<\/article>\n<div class=\"entry-content rbct clearfix is-highlight-shares\">\n<div class=\"ruby-table-contents rbtoc table-left table-fw-single-col\">\n<div class=\"toc-header\"><span class=\"h3\">Sumar<\/span><\/div>\n<div class=\"toc-content h5\"><a href=\"https:\/\/ortodoxinfo.ro\/2026\/06\/28\/video-presedintele-ales-calin-georgescu-a-detonat-bomba-la-realitateatv-nicusor-dan-are-o-intelegere-cu-zelenski-de-a-implica-romania-in-razboiul-din-ucraina-suspendarea-este-primul-obiectiv-pen\/#8222poporul-sufera-oamenii-nu-mai-au-ce-manca8221\" class=\"table-link no-link anchor-link\" data-index=\"rb-heading-index-0\">\u201ePoporul sufer\u0103, oamenii nu mai au ce m\u00e2nca\u201d<\/a><a href=\"https:\/\/ortodoxinfo.ro\/2026\/06\/28\/video-presedintele-ales-calin-georgescu-a-detonat-bomba-la-realitateatv-nicusor-dan-are-o-intelegere-cu-zelenski-de-a-implica-romania-in-razboiul-din-ucraina-suspendarea-este-primul-obiectiv-pen\/#8222o-tara-se-prabuseste-nu-din-cauza-celor-din-afara-ci-atunci-cand-isi-abandoneaza-principiile8221\" class=\"table-link no-link anchor-link\" data-index=\"rb-heading-index-1\">\u201eO \u021bar\u0103 se pr\u0103bu\u0219e\u0219te nu din cauza celor din afar\u0103, ci atunci c\u00e2nd \u00ee\u0219i abandoneaz\u0103 principiile\u201d<\/a><a href=\"https:\/\/ortodoxinfo.ro\/2026\/06\/28\/video-presedintele-ales-calin-georgescu-a-detonat-bomba-la-realitateatv-nicusor-dan-are-o-intelegere-cu-zelenski-de-a-implica-romania-in-razboiul-din-ucraina-suspendarea-este-primul-obiectiv-pen\/#8222poporul-roman-are-nevoie-de-rost-pace-si-prosperitate8221\" class=\"table-link no-link anchor-link\" data-index=\"rb-heading-index-2\">\u201ePoporul rom\u00e2n are nevoie de rost, pace \u0219i prosperitate\u201d<\/a><a href=\"https:\/\/ortodoxinfo.ro\/2026\/06\/28\/video-presedintele-ales-calin-georgescu-a-detonat-bomba-la-realitateatv-nicusor-dan-are-o-intelegere-cu-zelenski-de-a-implica-romania-in-razboiul-din-ucraina-suspendarea-este-primul-obiectiv-pen\/#despre-decembrie-1989-8222cine-spune-ca-a-fost-revolutie-ori-nu-stie-nimic-ori-a-fost-cumparat8221\" class=\"table-link no-link anchor-link\" data-index=\"rb-heading-index-3\">Despre decembrie 1989: \u201eCine spune c\u0103 a fost Revolu\u021bie ori nu \u0219tie nimic, ori a fost cump\u0103rat\u201d<\/a><a href=\"https:\/\/ortodoxinfo.ro\/2026\/06\/28\/video-presedintele-ales-calin-georgescu-a-detonat-bomba-la-realitateatv-nicusor-dan-are-o-intelegere-cu-zelenski-de-a-implica-romania-in-razboiul-din-ucraina-suspendarea-este-primul-obiectiv-pen\/#6-decembrie-2024\" class=\"table-link no-link anchor-link\" data-index=\"rb-heading-index-4\">6 decembrie 2024<\/a><a href=\"https:\/\/ortodoxinfo.ro\/2026\/06\/28\/video-presedintele-ales-calin-georgescu-a-detonat-bomba-la-realitateatv-nicusor-dan-are-o-intelegere-cu-zelenski-de-a-implica-romania-in-razboiul-din-ucraina-suspendarea-este-primul-obiectiv-pen\/#votul-anulat-a-impartit-tara-in-doua-romanii\" class=\"table-link no-link anchor-link\" data-index=\"rb-heading-index-5\">Votul anulat a \u00eemp\u0103r\u021bit \u021bara \u00een dou\u0103 Rom\u00e2nii<\/a><a href=\"https:\/\/ortodoxinfo.ro\/2026\/06\/28\/video-presedintele-ales-calin-georgescu-a-detonat-bomba-la-realitateatv-nicusor-dan-are-o-intelegere-cu-zelenski-de-a-implica-romania-in-razboiul-din-ucraina-suspendarea-este-primul-obiectiv-pen\/#despre-drona-de-la-galati\" class=\"table-link no-link anchor-link\" data-index=\"rb-heading-index-6\">Despre drona de la Gala\u021bi<\/a><\/div>\n<\/div>\n<iframe title=\"YouTube video player\" src=\"https:\/\/www.youtube.com\/embed\/mFcDojSsCt0?si=6S5uhZ9y2akuqbvt\" frameborder allowfullscreen=\"allowfullscreen\" data-aspectratio=\"0.5625\" data-mce-fragment=\"1\"><\/iframe>\n<p>C\u0103lin Georgescu: AM FOST CENZURAT la Realitatea PLUS c\u00e2nd am cerut s\u0103 nu se tr\u0103deze \u00een Parlament \u0219i s\u0103 cad\u0103 Ve\u0219tea. AUR este primul partid care a dat dovad\u0103 de atitudine moral\u0103 \u00een 36 de ani.<\/p>\n<p>Dialog \u00eencins la Realitatea PLUS \u00eentre C\u0103lin Georgescu \u0219i Anca Alexandrescu<\/p>\n<p>C\u0103lin Georgescu:\u00a0A\u021bi gre\u0219it fundamental cu AUR \u0219i ar trebui s\u0103 v\u0103 cere\u021bi scuze fa\u021b\u0103 de ei.<\/p>\n<p>Anca Alexandrescu:\u00a0Nu, nu-mi cer scuze!<\/p>\n<p>C\u0103lin Georgescu: \u00cenainte de 24 noiembrie l-a\u021bi sus\u021binut pe osta\u0219ul care a dezertat \u2013 Ciuc\u0103, apoi pe Ciolacu. \u0218i apoi pe Simion\u2026 Asculta\u021bi de popor!<\/p>\n<p>Anca Alexandrescu:\u00a0Asta este o amenin\u021bare?<\/p>\n<p>C\u0103lin Georgescu:\u00a0Nu, ci doar un sfat \u2013 de la Simion B\u0103rnu\u021biu (n.n.)\u2026\u00a0AUR v-a sus\u021binut la Prim\u0103rie, adev\u0103rat?<\/p>\n<p>Anca Alexandrescu:\u00a0Nu am nici o obliga\u021bie fa\u021b\u0103 de ei!<\/p>\n<div class=\"inline-single-ad ad_single_3_index alignfull\">\n<div class=\"ad-wrap ad-script-wrap\">\n<div class=\"ad-script non-adsense edge-padding\">\n<div>\n\u203c\ufe0f\u203c\ufe0f NU recunoa\u0219tem ca pre\u0219edinte al Rom\u00e2niei pe marioneta retard\u0103 Nicu\u0219or Dan! Rom\u00e2ni, boicota\u021bi aceast\u0103 f\u0103c\u0103tur\u0103, care ne face \u021bara de r\u00e2s! NU rom\u00e2nii l-au votat pe Nicusoro\u0219 &#8211; cu unele excep\u021bii de persoane infantile, manipulabile \u0219i chiar idioate &#8211; ci l-au ajutat Maia Soro\u0219, Emanuel Macrou \u0219i tr\u0103d\u0103torii de la B.E.C. \u0219i CCR!<br \/>\n La \u00eenchisoare cu cei care au fraudat alegerile!\n<\/div>\n<\/div>\n<\/div>\n<\/div>\n<p>ACTUALIZARE:<\/p>\n<p><i>\u201eC\u00e2nd \u00een\u021belegi acest lucru cu mare smerenie te apropii de felul de a fi al M\u00e2ntuitorului nostru Iisus Hristos. Cum a stat el la mas\u0103 sau \u00eentr-un dialog, a\u0219a cum st\u0103m noi, cu Iuda. \u0218tia c\u0103 \u00eel va tr\u0103da, c\u0103 va fi tr\u0103dat, dar i-a vorbit frumos, cu mare condescenden\u021b\u0103.\u201d<\/i><\/p>\n<p>\u201dEu am dat un anun\u021b foarte clar, \u00eel repet parte din el, pentru c\u0103 mi-a fost cenzurat, aici, la Realitatea \u2013 de televiziunea Dvs.<\/p>\n<p>Am spus c\u0103 fiecare vot dat guvernului ilegitim al pre\u0219edintelui este o capitulare ru\u0219inoas\u0103 \u0219i tr\u0103d\u0103toare a celui care va face asta. Acest apel a fost ascultat, drept dovad\u0103 au fost 277 de patrio\u021bi \u0219i 189 de tr\u0103d\u0103tori.<\/p>\n<p>Partidul AUR a fost primul partid care a dat dovad\u0103 de atitudine moral\u0103 \u00een politic\u0103 \u00een ultimii 36 de ani.<\/p>\n<p>Defini\u021bia anti-rom\u00e2nismului este Ilie Bolojan, evident c\u0103 nu exist\u0103 o lege a anti-rom\u00e2nismului, dar dac\u0103 exista el era primul pe list\u0103.<\/p>\n<p>Acest individ a nenorocit economia Rom\u00e2niei, a favorizat firmele str\u0103ine. Cine l-a numit \u00een func\u021bie pe Bolojan? Nicu\u0219or Dan este direct r\u0103spunz\u0103tor pentru dezastrul existent ast\u0103zi, total! El este r\u0103spunz\u0103tor pentru tot ceea ce a f\u0103cut personajul Ilie Bolojan \u0219i, \u00een plus de at\u00e2t, pentru tot ceea ce a urmat\u201d, a spus C\u0103lin Georgescu, la Realitatea PLUS, transmite \u0218tiripeSurse.<\/p>\n<p><span class=\"subtitlu\">Georgescu: Drona de la Constan\u021ba trebuia s\u0103 atrag\u0103 NATO \u00een r\u0103zboi<\/span><\/p>\n<p>C\u0103lin Georgescu sus\u021bine c\u0103 drona care a explodat la Ucraina a fost o mare opera\u021biune pus\u0103 la cale cu acceptul oficialilor din statul rom\u00e2n. Drona ar fi trebuit s\u0103 explodeze, s\u0103 produc\u0103 pagube foarte mari, iar acesta s\u0103 fie motivul pentru care NATO s\u0103 fie atras\u0103 \u00een r\u0103zboiul din Ucraina.<\/p>\n<p>\u201dAcest personaj Nicu\u0219or Dan este un pericol real pentru securitatea \u021b\u0103rii, de aceea eu am cerut Parlamentului s\u0103 \u00eenceap\u0103 suspendarea pre\u0219edintelui. Este o adev\u0103rat\u0103 tragedie pentru poporul rom\u00e2n, ne transform\u0103 \u00een carne de tun\u201d, a precizat C\u0103lin Georgescu.<\/p>\n<p>Transcriere cronologic\u0103:<\/p>\n<p><span class=\"subtitlu\">GUVERNAN\u021aII SE VOR DISTRUGE SINGURII\u00a0<\/span><\/p>\n<p class=\"font-medium text-[calc(1.125rem*var(--reading-scale))] lg:text-[calc(1.25rem*var(--reading-scale))] leading-relaxed border-l-4 border-theme-primary-500 pl-4 mb-6 text-theme-secondary-700 dark:text-theme-secondary-300\" data-speakable>C\u0103lin Georgescu a ajuns duminic\u0103 seara la sediul Realitatea PLUS, acolo unde a fost a\u0219teptat de sute de su\u021bin\u0103tori. Oamenii l-au aplaudat minute \u00een \u0219ir \u0219i au scandat \u201eTurul 2 \u00eenapoi\u201d \u0219i \u201eC\u0103lin Georgescu este pre\u0219edinte\u201d. \u00cen platoul emisiunii Culsele Statului Paralel, modart\u0103 de jurnalista Anca Alexandrescu, C\u0103lin Georgescu a f\u0103cut o serie de dezv\u0103luiri senza\u021bionale.<\/p>\n<div class=\"prose max-w-none text-[calc(1.0625rem*var(--reading-scale))] lg:text-[calc(1.125rem*var(--reading-scale))] dark:prose-invert prose-headings:font-display prose-blockquote:font-serif prose-p:leading-relaxed prose-p:text-pretty prose-h2:border-l-4 prose-h2:border-theme-primary-500 prose-h2:pl-4 [&amp;_h2]:text-[1.25em] [&amp;_h2]:scroll-mt-[calc(var(--navbar-height)+1rem)] [&amp;_h3]:scroll-mt-[calc(var(--navbar-height)+1rem)]\">\n<p>\u00a0<\/p>\n<p><strong>C\u0103lin Georgescu:<\/strong>\u00a0Mul\u021bumesc pentru entuziasmul din fa\u021ba studioului dumneavoastr\u0103. Le mul\u021bumesc tuturor celor prezen\u021bi \u0219i, sigur, emo\u021biile sunt un fapt al iubirii pentru ceilal\u021bi. S\u0103 ne fie de bine! Dumnezeu s\u0103 ne ajute pe to\u021bi!<\/p>\n<p><strong>Anca Alexandrescu:<\/strong>\u00a0Domnule Georgescu, ce face\u021bi?<\/p>\n<p><strong>C\u0103lin Georgescu:<\/strong>\u00a0Cum nu sunt nici ho\u021b, nici escroc, nu fac nimic. \u0102sta este r\u0103spunsul.<\/p>\n<p><strong>Anca Alexandrescu:<\/strong>\u00a0A existat opinia, \u00een ultima perioad\u0103, c\u0103 ar trebui s\u0103 fi\u021bi mai vizibil, ca s\u0103 fie mai clar c\u0103 dumneavoastr\u0103 sunte\u021bi \u0219eful mi\u0219c\u0103rii suveraniste. S-au \u00eent\u00e2mplat foarte multe lucruri \u00een ultima perioad\u0103 \u0219i m-au rugat mai mul\u021bi telespectatori s\u0103 clarific\u0103m c\u00e2teva declara\u021bii pe care dumneavoastr\u0103 le-a\u021bi f\u0103cut \u00een ultimele luni. Una dintre ele a fost legat\u0103 de un guvern de reconciliere na\u021bional\u0103. Apoi m-a\u021bi certat, p\u0103rinte\u0219te, desigur, aici, \u00een emisiune, c\u0103 am candidat la Bucure\u0219ti, pentru c\u0103 n-am f\u0103cut altceva dec\u00e2t s\u0103 validez acest sistem care a anulat alegerile \u0219i a dat lovitura de stat. Am auzit c\u0103, \u00een martie anul acesta, a\u021bi reluat aceast\u0103 idee, vorbind despre alegeri anticipate la nivel na\u021bional. Apoi a\u021bi venit \u0219i a\u021bi spus c\u0103 Guvernul Bolojan nu trebuie votat, c\u0103 cei care voteaz\u0103 Guvernul Bolojan sunt tr\u0103d\u0103tori \u0219i, nu \u00een ultimul r\u00e2nd, a\u021bi cerut suspendarea lui Nicu\u0219or Dan.<\/p>\n<p><strong>C\u0103lin Georgescu:<\/strong>\u00a0Da. P\u00e2n\u0103 ajungem la aceste puncte, ar fi bine s\u0103 preciz\u0103m urm\u0103torul lucru pentru poporul rom\u00e2n: \u201eToate lucrurile lucreaz\u0103 \u00eempreun\u0103 spre binele celor ce iubesc pe Dumnezeu.\u201d Asta a spus Apostolul Pavel.<\/p>\n<h2 id=\"8222poporul-sufera-oamenii-nu-mai-au-ce-manca8221\" class=\"rb-heading-index-0 subtitlu\"><span class=\"subtitlu\">\u201ePoporul sufer\u0103, oamenii nu mai au ce m\u00e2nca\u201d<\/span><\/h2>\n<p>Vede\u021bi, am fost la Osica. Am fost \u00een mai multe locuri \u0219i am v\u0103zut c\u00e2t de mult sufer\u0103 oamenii. Sunt foarte multe nedrept\u0103\u021bi \u00een toat\u0103 \u021bara. Dac\u0103 ar fi s\u0103 iau numai zona de la Constan\u021ba, Tulcea, Ia\u0219i \u0219i p\u00e2n\u0103 \u00een alte jude\u021be, este o tragedie. Oamenii nu mai au ce m\u00e2nca, nu mai au unde s\u0103 lucreze, iar satele sunt p\u0103r\u0103site.<\/p>\n<p>Eu le spun a\u0219a: prin foc se l\u0103mure\u0219te aurul. Prin foc, aurul se cur\u0103\u021b\u0103. Adic\u0103 suferin\u021ba \u00eel ajut\u0103 pe om s\u0103 se apropie de Dumnezeu. Important este s\u0103 \u00een\u021beleag\u0103 \u0219i s\u0103 se smereasc\u0103 \u00een fa\u021ba Lui. Ca s\u0103 concluzionez, fa\u021b\u0103 de situa\u021bia actual\u0103, pe care o voi explica, suntem pe drumul cel bun, \u00een sensul c\u0103 noaptea este pe sf\u00e2r\u0219ite \u0219i ziua se apropie.<\/p>\n<p>Acum, pentru a clarifica foarte bine situa\u021bia, m\u0103re\u021bul c\u0103rturar Simeon P\u00e2rvulescu, de fapt un mare caracter \u2013 ceea ce lipse\u0219te ast\u0103zi aproape \u00een totalitate politicienilor \u2013 spunea a\u0219a: \u201e\u021aine\u021bi al\u0103turi de popor, ca s\u0103 nu r\u0103t\u0103ci\u021bi.\u201d<\/p>\n<h2 id=\"8222o-tara-se-prabuseste-nu-din-cauza-celor-din-afara-ci-atunci-cand-isi-abandoneaza-principiile8221\" class=\"rb-heading-index-1 subtitlu\"><span class=\"subtitlu\">\u201eO \u021bar\u0103 se pr\u0103bu\u0219e\u0219te nu din cauza celor din afar\u0103, ci atunci c\u00e2nd \u00ee\u0219i abandoneaz\u0103 principiile\u201d<\/span><\/h2>\n<p>Dac\u0103 ne uit\u0103m bine, vedem c\u0103 to\u021bi au r\u0103t\u0103cit. Toat\u0103 clasa politic\u0103, at\u00e2t cei afla\u021bi la putere, c\u00e2t \u0219i cei care s-au perindat \u00een ace\u0219ti 36 de ani, a r\u0103t\u0103cit. Din ce motiv? Pentru c\u0103 o \u021bar\u0103 se pr\u0103bu\u0219e\u0219te nu din cauza celor din afar\u0103, ci atunci c\u00e2nd \u00ee\u0219i abandoneaz\u0103 principiile.<\/p>\n<p>Care sunt principiile? Toat\u0103 lumea vorbe\u0219te. Este mult fariseism \u00een aceast\u0103 \u021bar\u0103, nu doar \u00een politic\u0103. Principiile sunt: respectul, sus\u021binerea, \u00eencurajarea \u0219i sinceritatea \u2013 sunt capetele crucii. Dac\u0103 unul nu \u00eel ai, se pr\u0103bu\u0219e\u0219te tot. Ei nu le au pe niciunul.<\/p>\n<h2 id=\"8222poporul-roman-are-nevoie-de-rost-pace-si-prosperitate8221\" class=\"rb-heading-index-2 subtitlu\"><span class=\"subtitlu\">\u201ePoporul rom\u00e2n are nevoie de rost, pace \u0219i prosperitate\u201d<\/span><\/h2>\n<p>\u00cen condi\u021biile acestea, subliniez, poporul rom\u00e2n ast\u0103zi are nevoie ast\u0103zi doar de rost, de pace \u0219i de prosperitate. Acesta este destinul poporului rom\u00e2n. Altceva eu nu cunosc. Nici nu ai cum s\u0103 te g\u00e2nde\u0219ti la altceva.<\/p>\n<h2 id=\"despre-decembrie-1989-8222cine-spune-ca-a-fost-revolutie-ori-nu-stie-nimic-ori-a-fost-cumparat8221\" class=\"rb-heading-index-3 subtitlu\"><strong><span class=\"subtitlu\">Despre decembrie 1989: \u201eCine spune c\u0103 a fost Revolu\u021bie ori nu \u0219tie nimic, ori a fost cump\u0103rat\u201d<\/span><\/strong><\/h2>\n<p>Pe acest fond, pentru a clarifica foarte bine situa\u021bia de ast\u0103zi, a\u0219 vrea s\u0103 ne \u00eentoarcem la decembrie 1989, \u0219i anume la lovitura de stat. Cine spune c\u0103 a fost revolu\u021bie ori nu \u0219tie nimic, ori a fost cump\u0103rat. A fost o lovitur\u0103 de stat precis\u0103, \u00een urma c\u0103reia au fost uci\u0219i oameni, \u00een special tineri.<\/p>\n<p>Se vorbe\u0219te despre peste 1.100 de tineri \u0219i copii. Unii spun 1.166. Nu m\u0103 intereseaz\u0103 num\u0103rul exact. S-au jucat cu vie\u021bile oamenilor.<\/p>\n<p>Acei tineri, mor\u021bi, de fapt uci\u0219i, pentru ca ei s\u0103 se instaleze la putere, s-au dus la Dumnezeu \u0219i i-au spus tot. \u0218i se vede ast\u0103zi.<\/p>\n<p>Apoi s-a spus \u201eavort\u201d, iar corectitudinea politic\u0103 a spus \u201e\u00eentrerupere de sarcin\u0103\u201d. \u0218i asta s-a transformat \u00eentr-un genocid. P\u00e2n\u0103 ast\u0103zi, Rom\u00e2nia a pierdut peste 20 de milioane de suflete. \u00cenc\u0103 o \u021bar\u0103.<\/p>\n<p>Acei copii uci\u0219i prin avort s-au dus \u0219i ei la Dumnezeu \u0219i i-au spus tot. \u0218i se vede.<\/p>\n<h2 id=\"6-decembrie-2024\" class=\"rb-heading-index-4 subtitlu\"><strong><span class=\"subtitlu\">6 decembrie 2024<\/span><\/strong><\/h2>\n<p>\u0218i atunci s-a \u00eent\u00e2mplat 6 decembrie 2024, a doua lovitur\u0103 de stat. Pentru c\u0103 acei copii au spus tot.<\/p>\n<p>Vede\u021bi, Rom\u00e2nia avea nevoie de o igienizare spiritual\u0103, moral\u0103. Trebuia s\u0103 ias\u0103 tot r\u0103ul la suprafa\u021b\u0103 de 36 de ani. Tot. \u0218i a ie\u0219it tot. Mai este \u00eenc\u0103 pu\u021bin. De aceea s\u0103 nu ne gr\u0103bim \u0219i avem r\u0103bdare.<\/p>\n<h2 id=\"votul-anulat-a-impartit-tara-in-doua-romanii\" class=\"rb-heading-index-5 subtitlu\"><span class=\"subtitlu\">Votul anulat a \u00eemp\u0103r\u021bit \u021bara \u00een dou\u0103 Rom\u00e2nii<\/span><\/h2>\n<p>Ceasul merge pentru to\u021bi la fel, dar timpul arat\u0103 adev\u0103rata fa\u021b\u0103 a oamenilor \u0219i se vede la mul\u021bi, nu doar din politic\u0103, din toat\u0103 societatea. \u0218ti\u021bi, dup\u0103 ce anulezi votul, dac\u0103 ai anulat acest vot, ceea ce este o o barbarie de neimaginat, societatea dup\u0103 aceast\u0103 anulare s-a \u00eemp\u0103r\u021bit \u00een dou\u0103 Rom\u00e2nii \u0219i aproape c\u0103 nu-\u0219i mai vorbesc. \u0218ti\u021bi c\u00e2nd anulezi un vot al unui popor, adic\u0103 dreptul lui, societatea devine \u0219i se vede. Este timpul jocului nu-\u021bi convine scorul. \u0218tii c\u0103 mai este foarte pu\u021bin \u0219i se termin\u0103 meciul \u0219i anulezi jocul. Atunci nu mai e\u0219ti arbitru. E\u0219ti un tri\u0219or cu imunitate ca s\u0103 nu zic escroc. \u0218ti\u021bi, eu al\u0103turi de popor nu m-am luptat pentru conturi \u00een banc\u0103, nici pentru ma\u0219ini str\u0103ine \u0219i nici pentru juc\u0103rii de lux, ci m-am luptat pentru demnitatea \u0219i libertatea poporului rom\u00e2n care trebuie s\u0103 \u0219tie ce vrea \u0219i s\u0103 \u00een\u021beleag\u0103 ce poate, s\u0103 \u0219tie cine este.<\/p>\n<p>\u00cen tece este brazda p\u0103m\u00e2ntului rom\u00e2nesc. C\u00e2nd \u00ee\u0219i potole\u0219te setea de la izvorul cu ap\u0103 limpede. C\u00e2nd vorbe\u0219te graiul limbii rom\u00e2ne. C\u00e2nd ascult\u0103 c\u00e2ntecul rom\u00e2nesc care vibreaz\u0103 sufletul, \u00eel face s\u0103 vibreze. C\u00e2nd \u00ee\u0219i aduce aminte de str\u0103mo\u0219i, de \u00eenainta\u0219i sau cum spunea Nicolae Iorga s\u0103 ne aducem aminte de jertfa lui Mihai la C\u0103lug\u0103reni, de lacrimile lui Hore \u00een lan\u021buri. de sabia lui \u0218tefan cel Mare c\u00e2nd ap\u0103ra hotarele \u0219i de frumuse\u021bea omului l\u0103undric care a fost marele voievod Constantin Br\u00e2ncoveanu, care ne a l\u0103sat m\u0103re\u021bia credin\u021bei ortodoxe s\u0103 faci binele \u00een t\u0103cere. S\u0103 faci binele \u00een t\u0103cere. C\u00e2nd \u00een\u021belegi acest lucru cu mare smerenie te apropii de felul de a fi al M\u00e2ntuitorului nostru Iisus Hristos. Cum a stat el la mas\u0103 sau \u00eentr un dialog a\u0219a cum st\u0103m noi cu Iuda. \u0218tia c\u0103 \u00eel va tr\u0103da, va fi tr\u0103dat, de a vorbit frumos cu mare condescenden\u021b\u0103. \u00cenchei s\u0103 v\u0103 spun a\u0219a: Vede\u021bi, v\u0103ile \u021b\u0103rii, al c\u0103rei \u00eemp\u0103rat este copil, un copil \u0219i dr\u0103g\u0103torii ei de a \u00eenche\u021bui de diminea\u021b\u0103. Nu va mai dura mult timp. \u00cens\u0103 este bine s\u0103 fim foarte aten\u021bi la ce cuvinte rostim. A\u0219a m-a\u021bi \u00eentrebat mai devreme. Poporul rom\u00e2n \u00een primul r\u00e2nd s a trezit \u0219i nu mai poate s\u0103 fie manipulat, este imposibil. \u0218ti\u021bi c\u0103 \u00eenainte a fost exploatarea omului de c\u0103tre om. Dup\u0103 aceea a fost manipularea omului de c\u0103tre om, care a continuat p\u00e2n\u0103 ast\u0103zi, dup\u0103 lovitura de stat din \u201989, \u00eencheiat\u0103 pe 6 decembrie 2024. A fost un r\u0103u necesar, cum am spus. \u0218ahul gre\u0219eala a \u0219apt\u0103. \u0218i au f\u0103cut asta. Bine c\u0103 au f\u0103cut. Pentru c\u0103 altfel nu ie\u0219eau la suprafa\u021b\u0103 cu toate mizeriile lor. \u00cens\u0103 ca s\u0103 \u00een\u021belegem foarte bine \u0219i \u00een am\u0103nunt cum st\u0103 situa\u021bia, spunea\u021bi de multipolaritate. Haide\u021bi s\u0103 punem degetul pe ran\u0103.<\/p>\n<h2 id=\"despre-drona-de-la-galati\" class=\"rb-heading-index-6 subtitlu\"><span class=\"subtitlu\">Despre drona de la Gala\u021bi<\/span><\/h2>\n<p>Puntual. Drona de la Gala\u021bi de care nimeni nu mai vorbe\u0219te, drona de la Constan\u021ba de care iar\u0103\u0219i nimeni nu mai vorbe\u0219te. Deci acest pre\u0219edinte e legitim. Este clar. Are o \u00een\u021belegere cu Zelenski? De fapt asta vorbe\u0219te toat\u0103 lumea. Ce mai spun eu \u00een plus? Este poate doar s\u0103 punctez din nou. Are o \u00een\u021belegere cu Zelenski pentru a implica NATO \u00een r\u0103zboi prin intermediul Rom\u00e2niei.<\/p>\n<p>Eu transmit a\u0219a. C\u0103 serviciile militare americane cunosc aceast\u0103 situa\u021bie \u0219i vor ap\u0103rea dovezi.<\/p>\n<p>Vede\u021bi, drona de la Constan\u021ba apar\u021binea armatei ucrainene. Deci era ucrainean\u0103 pur \u0219i simplu. \u00cen primul r\u00e2nd era nevoie imediat, dar imediat de o reac\u021bie diplomatic\u0103 rapid\u0103, categoric\u0103 \u0219i decisiv\u0103. Nu te joci cu a\u0219a ceva. Lucru care nu s a \u00eent\u00e2mplat. Nu s a \u00eent\u00e2mplat nimic. Au spus \u0219i dintr un raport care oricum raportul nu justific\u0103 nimic. Raportul nu justific\u0103 nimic. Nu are nici o justificare. \u00cens\u0103, vede\u021bi dumneavoastr\u0103, \u00een acea zon\u0103 de port nu p\u0103trunde nici musca dirijat\u0103.<\/p>\n<p><a href=\"https:\/\/ortodoxinfo.ro\/2026\/06\/08\/avem-bomba-momentului-acord-secret-dintre-olandezul-mark-rutte-si-zelenski-pentru-eliminarea-portului-constanta-din-circuitul-comercial\/\" target=\"_blank\" rel=\"noopener\">Dac\u0103 drona ajungea l\u00e2ng\u0103 depozitele de petrol sau cele de azotat de amoniu era o tragedie uman\u0103, vorbim de peste 15.000, 20.000 de victime<\/a>. A\u021bi crede c\u0103 a fost o \u00een\u021belegere cu anumite personaje din statul rom\u00e2n? Eu ce am vrut s\u0103 spun, am spus.<\/p>\n<p>Completez. Acesta era scenariul perfect pentru Zelenski de a implica NATO \u00een r\u0103zboi.<\/p>\n<p>Prin urmare, fa\u021b\u0103 de aceste aspecte, fa\u021b\u0103 de multe altele din \u00eenc\u0103lcarea Constitu\u021biei de nenum\u0103rate ori. Acest personaj Nicu\u0219or Dan este un pericol real pentru statul rom\u00e2n, pentru suveranitatea \u021b\u0103rii \u0219i pentru siguran\u021ba \u0219i securitatea, cum se vedea, cet\u0103\u021benilor ei. \u0218i de aceea eu am cerut Parlamentului s\u0103 \u00eenceap\u0103 procedura de suspendare c\u00e2t timp mai avem o na\u021biune. Al doilea lucru este c\u0103 Rom\u00e2nia este foarte aproape, \u021bin\u00e2nd cont de ce se vede, de a fi implicat\u0103 \u00een r\u0103zboiul altora. Adic\u0103 discut\u0103m la modul real de carne de tun. Este o tragedie. Apoi vede\u021bi, Bruxellesul saboteaz\u0103 tot procesul de pace demarat de America \u0219i de China \u00een Ucraina, dore\u0219te escaladarea conflictului \u0219i implicarea NATO \u0219i a Europei \u00een special \u00een r\u0103zboi cu Rusia. \u0218ti\u021bi, indivizii ace\u0219tia ni\u0219te mascari\u0219, de altfel care \u00ee\u0219i tarm\u0103r\u0103, care de fapt cer de misie. O s\u0103 revin pe acel subiect. Mertz, Macron deviaz\u0103 aten\u021bia publicului \u0219i popoarelor lor, \u0219i a Europei de la dezastrul \u00een plin\u0103 desf\u0103\u0219urare \u00een \u021b\u0103rile lor, \u00een \u021b\u0103rile noastre. \u0218ti\u021bi, e momentul \u00een care arat\u0103 cu degetul \u0219i spun inamicul principal este Rusia, eu v\u0103d \u00een ochii lor tr\u0103dare fa\u021b\u0103 de cet\u0103\u021benii lor.<\/p>\n<\/div>\n<\/div>\n<p>[analyse_source url=&#8221;https:\/\/ortodoxinfo.ro\/2026\/06\/28\/video-presedintele-ales-calin-georgescu-a-detonat-bomba-la-realitateatv-nicusor-dan-are-o-intelegere-cu-zelenski-de-a-implica-romania-in-razboiul-din-ucraina-suspendarea-este-primul-obiectiv-pen\/&#8221;]<\/p>\n","protected":false},"excerpt":{"rendered":"<p>[analyse_image type=&#8221;featured&#8221; src=&#8221;https:\/\/ortodoxinfo.ro\/wp-content\/uploads\/2026\/06\/206289.jpg-800&#215;450-1.webphttps:\/\/ortodoxinfo.ro\/wp-content\/uploads\/2026\/06\/206289.jpg-800&#215;450-1.webp&#8221;] Prima pagin\u0103 \u00bb Blog \u00bb VIDEO \/ Pre\u0219edintele ales, C\u0103lin Georgescu, a detonat bomba la RealitateaTV: Nicusor Dan are o \u00een\u021belegere cu Zelenski de a implica Rom\u00e2nia \u00een r\u0103zboiul din Ucraina. SUSPENDAREA este primul obiectiv pentru a ne lua \u021bara \u00eenapoi! VIDEO \/ Pre\u0219edintele ales, C\u0103lin Georgescu, a detonat bomba la RealitateaTV: [&hellip;]<\/p>\n","protected":false},"author":1,"featured_media":0,"comment_status":"open","ping_status":"","sticky":false,"template":"","format":"standard","meta":{"footnotes":""},"categories":[89],"tags":[226,94],"class_list":["post-2017069","post","type-post","status-publish","format-standard","hentry","category-romania","tag-crawlmanager","tag-ortodoxinfo-ro"],"_links":{"self":[{"href":"https:\/\/analyse.optim.biz\/index.php?rest_route=\/wp\/v2\/posts\/2017069","targetHints":{"allow":["GET"]}}],"collection":[{"href":"https:\/\/analyse.optim.biz\/index.php?rest_route=\/wp\/v2\/posts"}],"about":[{"href":"https:\/\/analyse.optim.biz\/index.php?rest_route=\/wp\/v2\/types\/post"}],"author":[{"embeddable":true,"href":"https:\/\/analyse.optim.biz\/index.php?rest_route=\/wp\/v2\/users\/1"}],"replies":[{"embeddable":true,"href":"https:\/\/analyse.optim.biz\/index.php?rest_route=%2Fwp%2Fv2%2Fcomments&post=2017069"}],"version-history":[{"count":0,"href":"https:\/\/analyse.optim.biz\/index.php?rest_route=\/wp\/v2\/posts\/2017069\/revisions"}],"wp:attachment":[{"href":"https:\/\/analyse.optim.biz\/index.php?rest_route=%2Fwp%2Fv2%2Fmedia&parent=2017069"}],"wp:term":[{"taxonomy":"category","embeddable":true,"href":"https:\/\/analyse.optim.biz\/index.php?rest_route=%2Fwp%2Fv2%2Fcategories&post=2017069"},{"taxonomy":"post_tag","embeddable":true,"href":"https:\/\/analyse.optim.biz\/index.php?rest_route=%2Fwp%2Fv2%2Ftags&post=2017069"}],"curies":[{"name":"wp","href":"https:\/\/api.w.org\/{rel}","templated":true}]}}