{"id":2016873,"date":"2026-06-29T07:49:37","date_gmt":"2026-06-29T04:49:37","guid":{"rendered":"https:\/\/analyse.optim.biz\/?p=2016873"},"modified":"2026-06-29T07:49:37","modified_gmt":"2026-06-29T04:49:37","slug":"cursa-contracronometru-pentru-gasirea-de-noi-surse-de-apa-potabila-in-judetul-buzau","status":"publish","type":"post","link":"https:\/\/analyse.optim.biz\/?p=2016873","title":{"rendered":"Curs\u0103 contracronometru pentru g\u0103sirea de noi surse de ap\u0103 potabil\u0103, \u00een jude\u021bul Buz\u0103u"},"content":{"rendered":"<p>[analyse_image type=&#8221;featured&#8221; src=&#8221;https:\/\/buzaulinreportaje.ro\/wp-content\/uploads\/2026\/06\/Jieni-1.jpeghttps:\/\/buzaulinreportaje.ro\/wp-content\/uploads\/2026\/06\/Jieni-1.jpeg&#8221;]<\/p>\n<div class=\"entry-content herald-entry-content\">\n<p class=\"has-large-font-size wp-block-paragraph\">\u25cfJieni a fost un prim test pe Valea s\u0103rat\u0103 a Sl\u0103nicului de Buz\u0103u. Un test inovator care a descoperit o pung\u0103 cu ap\u0103\u2026 s\u0103rat\u0103, desigur.<\/p>\n<p class=\"has-large-font-size wp-block-paragraph\">\u25cfCosmin R\u0103ican este manager guvernan\u021b\u0103 corporativ\u0103 la cel mai mare operator de ap\u0103 potabil\u0103 din jude\u021b \u0219i, unul performant la nivel national nu doar datorit\u0103 celor peste 300 de milioane de euro cu care se \u00eennoie\u0219te ori efectiv se creeaz\u0103 sistem de ap\u0103 \u0219i canalizare \u00een zeci de localit\u0103\u021bi buzoiene, ci \u0219i datorit\u0103 tehnologiei folosite.<\/p>\n<p class=\"has-large-font-size wp-block-paragraph\">\u25cfTotul are drept argument avertismentul dur al <a href=\"https:\/\/buzaulinreportaje.ro\/valea-slanicului-risca-sa-ramana-fara-apa-potabila-1\/\">profesorului universitar inginer Nicolae M\u0103r\u0103cine <\/a>care spunea cu nou\u0103 luni \u00een urm\u0103 c\u0103 <a href=\"https:\/\/buzaulinreportaje.ro\/valea-slanicului-risca-sa-ramana-fara-apa-potabila-1\/\">Valea Sl\u0103niului risc\u0103 s\u0103 r\u0103m\u00e2n\u0103 f\u0103r\u0103 ap\u0103<\/a>!<\/p>\n<div class=\"wp-block-image\">\n<figure class=\"aligncenter size-large\"><img loading=\"lazy\" decoding=\"async\" width=\"1024\" height=\"576\" src=\"https:\/\/buzaulinreportaje.ro\/wp-content\/uploads\/2026\/06\/Jieni-2-1024x576.jpeg\" alt class=\"wp-image-28577\"><\/figure>\n<\/div>\n<p class=\"has-text-align-center has-small-font-size wp-block-paragraph\"><strong><em>Fotografia surprinde Jieniul la final de lun\u0103 iunie 2026. Nicolae C\u00e2rcei este fotograf-colaborator pe acest reportaj<\/em><em>\u0219i semneaz\u0103 toate imaginile din Beceni.<\/em><\/strong><\/p>\n<p class=\"has-text-align-center has-large-font-size wp-block-paragraph\"><em>La 32 de grade Celsius am c\u0103utat s\u0103 ne ascundem \u00een pu\u021binele zone r\u0103coroase \u00eenc\u0103, iar de luni, 29 iunie 2026 vin c\u00e2teva zile cu peste 35 de grade C, urmate \u0219i ele, spun meteorologii rom\u00e2ni, de alte zile cu ploi rapide, din care nu se adun\u0103 ap\u0103 nici \u00een sursele de ap\u0103 potabil\u0103, nici \u00een sol. S\u0103 ne dea de g\u00e2ndit din nou c\u00e2nd vine vorba de apa de b\u0103ut! Europenii fac deja hor\u0103 \u00een jurul planurilor pornite prin 2021, dar accelerate de seceta ultimilor trei ani \u0219i prin care caut\u0103 noi surse de ap\u0103 potabil\u0103 destinat\u0103 \u00een primul r\u00e2nd popula\u021biei.<\/em><\/p>\n<p class=\"has-large-font-size wp-block-paragraph\">Este clar, arat\u0103 rapoarte ale Uniunii Europene, din cauza secetei, apele de suprafa\u021b\u0103 sunt deja vulnerabile si au deficit de debite, deci rezervele locale sunt afectate, iar concentra\u021bia de poluan\u021bi, \u00een cre\u0219tere. Tot rapoartele UE arat\u0103 c\u0103 investi\u021biile cele mai mari se fac actualmente \u00een foraje subterane care s\u0103 duc\u0103 la \u00eendep\u0103rtarea \u00eentreruperilor de ap\u0103, iar tehnologiile de desalinizare \u0219i epurare intr\u0103 \u00een politicile noi de finan\u021bare, \u00een planul celor 27 de state member ale UE.<\/p>\n<p class=\"has-large-font-size wp-block-paragraph\">Tot \u00een scrierile europenilor care g\u00e2ndesc continentul pe termen lung, captarea apelor meteorice \u0219i reten\u021bia natural\u0103 devin priorit\u0103\u021bi de finan\u021bare. Spre exemplu, rezervoarele ecologice \u0219i sistemele urbane inteligente care colecteaz\u0103 apa de ploaie \u00eenainte ca aceasta s\u0103 se piard\u0103 \u0219i s\u0103 aglomereze, de fapt re\u021belele de canalizare sunt la maxim apreciate. La fel \u0219i reconstruc\u021bia zonelor umede \u0219i a luncilor inundabile pentru a re\u021bine \u00een mod natural apa \u00een sol.<\/p>\n<div class=\"wp-block-image\">\n<figure class=\"aligncenter size-large\"><img decoding=\"async\" loading=\"lazy\" width=\"1024\" height=\"768\" src=\"https:\/\/buzaulinreportaje.ro\/wp-content\/uploads\/2026\/06\/Lepadatu-19-1024x768.jpeg\" alt class=\"wp-image-28452\"><\/figure>\n<\/div>\n<p class=\"has-large-font-size wp-block-paragraph\">\u00cen zona Buz\u0103ului, exist\u0103 numero\u0219i localnici care au finan\u021bat pentru uzul familiei, foraje de ap\u0103 la 30-50 de metri ad\u00e2ncime, cu doar pu\u021bini ani \u00een urm\u0103. Unii spun c\u0103 nici trei ani nu are forajul care azi este uscat. Tocmai de aceea, pentru zona Buz\u0103ului este recomandat\u0103 ad\u00e2ncime de 150-250, chiar 300 de metri, noteaz\u0103 speciali\u0219ti ai companiilor care execute astfel de foraje ce duc la identificarea de surse de ap\u0103 potabil\u0103 mai mici, ce-i drept, \u00eens\u0103 ce ajung unei familii pe perioade nedeterminate.<\/p>\n<p class=\"has-large-font-size wp-block-paragraph\">Pe 16 februarie 2026, pe pagina de socializare a <a href=\"https:\/\/www.facebook.com\/Compania.de.Apa.S.A.Buzau\">Companiei de Ap\u0103 Buz\u0103u<\/a> a fost postat un subiect ce devine ast\u0103zi de maxim interes \u2013 prin folosirea metodei de prospec\u021biune geoelectric\u0103 se dore\u0219te identificarea de posibile noi surse de ap\u0103 potabil\u0103 pe Valea Sl\u0103nicului, punctul de \u00eencercare fiind chiar arealul Jieni, din comuna Beceni. Iat\u0103 \u0219i partea video ce apar\u021bine CAB.<\/p>\n<figure class=\"wp-block-embed is-type-video is-provider-youtube wp-block-embed-youtube wp-embed-aspect-9-16 wp-has-aspect-ratio\">\n<div class=\"wp-block-embed__wrapper\">\n<iframe loading=\"lazy\" title=\"Cautare sursa de apa Jieni - Compania de Apa Buzau, 16 feb 2026\" width=\"563\" height=\"1000\" src=\"https:\/\/www.youtube.com\/embed\/CrmoOSNFcYg?feature=oembed\" frameborder allow=\"accelerometer; autoplay; clipboard-write; encrypted-media; gyroscope; picture-in-picture; web-share\" referrerpolicy=\"strict-origin-when-cross-origin\" allowfullscreen><\/iframe>\n<\/div>\n<\/figure>\n<p class=\"has-large-font-size wp-block-paragraph\">Discut\u0103m ceea ce s-a \u00eent\u00e2mplat pe pov\u00e2rni\u0219urile de la Jieni, zon\u0103 situat\u0103 la mijlocul V\u0103ii Sl\u0103nicului despre care f\u0103ceam vorbire, cu economistul Comsin R\u0103ican, oficial al operatorului regional Compania de Ap\u0103 Buz\u0103u, pe func\u021bia manager guvernan\u021b\u0103 corporativ\u0103. <\/p>\n<div class=\"wp-block-image\">\n<figure class=\"aligncenter size-large\"><img decoding=\"async\" loading=\"lazy\" width=\"899\" height=\"1024\" src=\"https:\/\/buzaulinreportaje.ro\/wp-content\/uploads\/2026\/04\/Cosmin-Raican-899x1024.jpg\" alt class=\"wp-image-28059\"><\/figure>\n<\/div>\n<p class=\"has-large-font-size wp-block-paragraph\">Interlocutorul de ast\u0103zi spune c\u0103 la Jieni s-a realizat o tomografia geoelectric\u0103 (ERT \u2013 Electrical Resistivity Tomography), apreciat\u0103 ca fiind o metod\u0103 geofizic\u0103 neinvaziv\u0103 care scaneaz\u0103 subsolul. M\u0103soar\u0103 rezistivitatea electric\u0103 a rocilor pentru a identifica p\u00e2nzele freatice \u0219i fisurile acvifere. Iat\u0103 prima explica\u021bie adus\u0103 \u00een aten\u021bia cititorului <a href=\"https:\/\/buzaulinreportaje.ro\/sursele-de-apa-din-parcul-crang-modernizate-si-eficientizate-energetic\/\">www.buzualinreportaje.ro <\/a>.<\/p>\n<p class=\"has-large-font-size wp-block-paragraph\">Echipa de speciali\u0219ti a f\u0103cut sondarea tomografic\u0103 geoelectric\u0103, precizia ei, spune ec. R\u0103ican fiind una extrem de ridicat\u0103, iar rezultatul cumva g\u00e2ndit, nu \u0219i a\u0219teptat literalmente.<\/p>\n<p class=\"has-large-font-size wp-block-paragraph\">Recent, astfel de sond\u0103ri tomografice geoelectrice au fost realizate \u0219i \u00een areale de pe marginea r\u00e2ului Buz\u0103u, la Verne\u0219ti \u0219i M\u0103r\u0103cineni, soldate mai ales cu rezultate bune la ad\u00e2ncimi considerabile. Ec. Cosmin R\u0103ican spune \u00eens\u0103 c\u0103, orice \u00eencercare pentru a capta o nou\u0103 sur\u0103s de ap\u0103 ce poate fi pus\u0103 \u00een folosul unor comunit\u0103\u021bi are \u00een vedere mai multe aspecte logistice, geografice \u0219i economice. <\/p>\n<p class=\"has-large-font-size wp-block-paragraph\"><em>Este greu de trecut dealul <\/em>, iar numero\u0219i primari buzoieni nu \u021bin cont de posibilele costrui \u00een realizarea unei infrastructuri de furnizare a apei potabile \u0219i propun zone izolate, greu accesibile, \u00een mun\u021bi. La Jieni, infrastructura este creat\u0103.<\/p>\n<figure class=\"wp-block-gallery has-nested-images columns-default is-cropped wp-block-gallery-1 is-layout-flex wp-block-gallery-is-layout-flex\">\n<figure class=\"wp-block-image size-large\"><img decoding=\"async\" loading=\"lazy\" width=\"1024\" height=\"576\" src=\"https:\/\/buzaulinreportaje.ro\/wp-content\/uploads\/2026\/06\/Jieni-4-1024x576.jpeg\" alt class=\"wp-image-28584\"><\/figure>\n<\/figure>\n<p class=\"has-text-align-center wp-block-paragraph\"><em><strong>foto de Nicolae C\u00e2rcei<\/strong><\/em><\/p>\n<p class=\"has-large-font-size wp-block-paragraph\">Pe de alt\u0103 parte, comuna Beceni este situat\u0103 la mijlocul V\u0103ii Sl\u0103nicului, aspect ce ar fi permis aprovizionarea \u0219i a zonelor din amonte, dar \u0219i a celor din aval.<\/p>\n<div class=\"wp-block-image\">\n<figure class=\"aligncenter size-large\"><img decoding=\"async\" loading=\"lazy\" width=\"1024\" height=\"576\" src=\"https:\/\/buzaulinreportaje.ro\/wp-content\/uploads\/2026\/06\/Jieni-3-1024x576.jpeg\" alt class=\"wp-image-28582\"><\/figure>\n<\/div>\n<p class=\"has-text-align-center wp-block-paragraph\"><em><strong>foto de Nicolae C\u00e2rcei<\/strong><\/em><\/p>\n<p class=\"has-large-font-size wp-block-paragraph\">Exemplul dat de ec. Cosmin R\u0103ican merge pe Valea Buz\u0103ului, vale paralel\u0103 cu cea a Sl\u0103nicului de Buz\u0103u. <\/p>\n<p class=\"has-large-font-size wp-block-paragraph\">Trebuie s\u0103 \u00een\u021belegem c\u0103 aceast\u0103 curs\u0103 de c\u0103utare de noi surse de ap\u0103 potabil\u0103 este contracronometru, dac\u0103 lu\u0103m drept argument principal seceta excesiv\u0103 ce p\u00e2rjole\u0219te deja \u0219i jude\u021bul Buz\u0103u cu gata 40 de grade Celsius. Preocup\u0103rile speciali\u0219tilor CAB sunt \u00een pas cu cerin\u021bele \u0219i recomand\u0103rile UE din domeniul mediului \u0219i al siguran\u021bei locuitorilor, apa fiind lichidul ce sus\u021bine via\u021ba pe p\u0103m\u00e2nt! \u00cen acela\u0219i timp, responsabilitatea fiec\u0103ruia dintre noi vizavi de consumul apei potabile trebuie s\u0103 fie mai intens ca oric\u00e2nd!<\/p>\n<div class=\"wp-block-image\">\n<figure class=\"aligncenter size-large\"><img decoding=\"async\" loading=\"lazy\" width=\"1024\" height=\"576\" src=\"https:\/\/buzaulinreportaje.ro\/wp-content\/uploads\/2026\/06\/Jieni-1-1024x576.jpeg\" alt class=\"wp-image-28576\"><\/figure>\n<\/div>\n<p class=\"has-text-align-center wp-block-paragraph\"><em><strong>foto Nicolae C\u00e2rcei<\/strong><\/em><\/p>\n<div class=\"meta-tags\"><span>etichete<\/span><a href=\"https:\/\/buzaulinreportaje.ro\/tag\/cab\/\" rel=\"tag\">CAB<\/a><a href=\"https:\/\/buzaulinreportaje.ro\/tag\/ec-cosmin-raican\/\" rel=\"tag\">ec. Cosmin R\u0103ican<\/a><a href=\"https:\/\/buzaulinreportaje.ro\/tag\/guvernanta-corporativa\/\" rel=\"tag\">guvernan\u021b\u0103 corporativ\u0103<\/a><a href=\"https:\/\/buzaulinreportaje.ro\/tag\/tomografie-geoelectrica\/\" rel=\"tag\">tomografie geoelectric\u0103<\/a><\/div>\n<div class=\"herald-share-content\">\n<div class=\"meks_ess layout-5-1 transparent no-labels solid\"><a href=\"https:\/\/buzaulinreportaje.ro\/cursa-contracronometru-pentru-gasirea-de-noi-surse-de-apa-potabila-in-judetul-buzau\/\" class=\"meks_ess-item socicon-facebook\" data-url=\"http:\/\/www.facebook.com\/sharer\/sharer.php?u=https%3A%2F%2Fbuzaulinreportaje.ro%2Fcursa-contracronometru-pentru-gasirea-de-noi-surse-de-apa-potabila-in-judetul-buzau%2F&amp;t=Curs%C4%83%20contracronometru%20pentru%20g%C4%83sirea%20de%20noi%20surse%20de%20ap%C4%83%20potabil%C4%83%2C%20%C3%AEn%20jude%C8%9Bul%20Buz%C4%83u\"><span>Facebook<\/span><\/a><a href=\"https:\/\/api.whatsapp.com\/send?text=Curs%C4%83%20contracronometru%20pentru%20g%C4%83sirea%20de%20noi%20surse%20de%20ap%C4%83%20potabil%C4%83%2C%20%C3%AEn%20jude%C8%9Bul%20Buz%C4%83u%20https%3A%2F%2Fbuzaulinreportaje.ro%2Fcursa-contracronometru-pentru-gasirea-de-noi-surse-de-apa-potabila-in-judetul-buzau%2F\" class=\"meks_ess-item socicon-whatsapp prevent-share-popup\"><span>WhatsApp<\/span><\/a><a href=\"https:\/\/buzaulinreportaje.ro\/cursa-contracronometru-pentru-gasirea-de-noi-surse-de-apa-potabila-in-judetul-buzau\/\" class=\"meks_ess-item socicon-twitter\" data-url=\"http:\/\/twitter.com\/intent\/tweet?url=https%3A%2F%2Fbuzaulinreportaje.ro%2Fcursa-contracronometru-pentru-gasirea-de-noi-surse-de-apa-potabila-in-judetul-buzau%2F&amp;text=Curs%C4%83%20contracronometru%20pentru%20g%C4%83sirea%20de%20noi%20surse%20de%20ap%C4%83%20potabil%C4%83%2C%20%C3%AEn%20jude%C8%9Bul%20Buz%C4%83u\"><span>X<\/span><\/a><\/div>\n<\/div>\n<\/div>\n<p>[analyse_source url=&#8221;https:\/\/buzaulinreportaje.ro\/cursa-contracronometru-pentru-gasirea-de-noi-surse-de-apa-potabila-in-judetul-buzau\/&#8221;]<\/p>\n","protected":false},"excerpt":{"rendered":"<p>[analyse_image type=&#8221;featured&#8221; src=&#8221;https:\/\/buzaulinreportaje.ro\/wp-content\/uploads\/2026\/06\/Jieni-1.jpeghttps:\/\/buzaulinreportaje.ro\/wp-content\/uploads\/2026\/06\/Jieni-1.jpeg&#8221;] \u25cfJieni a fost un prim test pe Valea s\u0103rat\u0103 a Sl\u0103nicului de Buz\u0103u. Un test inovator care a descoperit o pung\u0103 cu ap\u0103\u2026 s\u0103rat\u0103, desigur. \u25cfCosmin R\u0103ican este manager guvernan\u021b\u0103 corporativ\u0103 la cel mai mare operator de ap\u0103 potabil\u0103 din jude\u021b \u0219i, unul performant la nivel national nu doar datorit\u0103 celor peste [&hellip;]<\/p>\n","protected":false},"author":1,"featured_media":0,"comment_status":"open","ping_status":"","sticky":false,"template":"","format":"standard","meta":{"footnotes":""},"categories":[2],"tags":[59,226],"class_list":["post-2016873","post","type-post","status-publish","format-standard","hentry","category-politics","tag-buzaulinreportaje-ro","tag-crawlmanager"],"_links":{"self":[{"href":"https:\/\/analyse.optim.biz\/index.php?rest_route=\/wp\/v2\/posts\/2016873","targetHints":{"allow":["GET"]}}],"collection":[{"href":"https:\/\/analyse.optim.biz\/index.php?rest_route=\/wp\/v2\/posts"}],"about":[{"href":"https:\/\/analyse.optim.biz\/index.php?rest_route=\/wp\/v2\/types\/post"}],"author":[{"embeddable":true,"href":"https:\/\/analyse.optim.biz\/index.php?rest_route=\/wp\/v2\/users\/1"}],"replies":[{"embeddable":true,"href":"https:\/\/analyse.optim.biz\/index.php?rest_route=%2Fwp%2Fv2%2Fcomments&post=2016873"}],"version-history":[{"count":0,"href":"https:\/\/analyse.optim.biz\/index.php?rest_route=\/wp\/v2\/posts\/2016873\/revisions"}],"wp:attachment":[{"href":"https:\/\/analyse.optim.biz\/index.php?rest_route=%2Fwp%2Fv2%2Fmedia&parent=2016873"}],"wp:term":[{"taxonomy":"category","embeddable":true,"href":"https:\/\/analyse.optim.biz\/index.php?rest_route=%2Fwp%2Fv2%2Fcategories&post=2016873"},{"taxonomy":"post_tag","embeddable":true,"href":"https:\/\/analyse.optim.biz\/index.php?rest_route=%2Fwp%2Fv2%2Ftags&post=2016873"}],"curies":[{"name":"wp","href":"https:\/\/api.w.org\/{rel}","templated":true}]}}