{"id":201630,"date":"2014-07-01T12:27:54","date_gmt":"2014-07-01T09:27:54","guid":{"rendered":"https:\/\/analyse.optim.biz\/?p=201630"},"modified":"2014-07-01T12:27:54","modified_gmt":"2014-07-01T09:27:54","slug":"mihai-stanisoara-pleaca-din-pnl","status":"publish","type":"post","link":"https:\/\/analyse.optim.biz\/?p=201630","title":{"rendered":"Mihai St\u0103ni\u015foar\u0103 pleac\u0103 din PNL"},"content":{"rendered":"<div class=\"entry data-app-meta data-app-meta-article\" data-embed-base-url-canonical=\"https:\/\/www.digi24.ro\/embed\/stiri\/actualitate\/politica\/mihai-stanisoara-pleaca-din-pnl-263286\">\n<p data-index=\"1\">\u00a0<img decoding=\"async\" src=\"https:\/\/analyse.optim.biz\/wp-content\/uploads\/2024\/09\/zdrknjvimwe1zgy1ogeymjlmzgvhzmjjzjqzoq-thumb_.jpg\" data-skip-htmlfix=\"1\" title=\"zdrknjvimwe1zgy1ogeymjlmzgvhzmjjzjqzoq-thumb_\"><\/p>\n<p data-index=\"2\"><strong>ACTUALIZARE 12.40.<\/strong> &#8220;Eu, care sunt de 70 \u015fi ceva de ani \u00een partid, nu pot privi \u00eentr-un fel pe cei care dup\u0103 c\u00e2teva luni p\u0103r\u0103sesc un partid. <strong>Ori cre\u015fti \u015fi crezi \u00eentr-o doctrin\u0103, ori stai acas\u0103<\/strong>. P<span>\u0103rerea mea despre cei care au plecat din partid este foarte proast\u0103&#8221;, a declarat la Digi24 Mircea Ionescu Quintus, pre\u015fedintele de onoare al PNL.<\/span><\/p>\n<hr>\n<p data-index=\"3\">Mihai St\u0103ni\u015foar\u0103 pleac\u0103 din PNl pentru a se al\u0103tura proiectului politic al lui C\u0103lin Popescu T\u0103riceanu.<\/p>\n<p data-index=\"4\">Gestul s\u0103u vine la o zi dup\u0103 ce Daniel Chi\u0163oiu a luat o decizie similar\u0103.<\/p>\n<p data-index=\"5\"><a href=\"https:\/\/www.digi24.ro\/Stiri\/Digi24\/Actualitate\/Politica\/Calin+Popescu+Tariceanu+partid+nou\" target=\"_blank\" data-skip-linkfix=\"1\" rel=\"noopener\"><strong>C\u0103lin Popescu T\u0103riceanu va lansa \u00een aceast\u0103 s\u0103pt\u0103m\u00e2n\u0103 o nou\u0103 forma\u0163iune politic\u0103<\/strong><\/a> intitulat\u0103 Partidul Refomator Liberal. Fostul lider PNL a reu\u015fit s\u0103 aduc\u0103 l\u00e2ng\u0103 el mai mul\u0163i parlamentari liberali nemul\u021bumi\u021bi de fuziunea cu PDL \u015fi de adeziunea la PPE. Vicepre\u015fedintele PNL Ludovic Orban spune despre cei care p\u0103r\u0103sescu partidul c\u0103 sunt tr\u0103d\u0103tori de profesie.<\/p>\n<p data-index=\"6\">Fo\u015ftii mini\u015ftri Daniel Chi\u0163iu \u015fi Andrei Gerea \u015fi al\u0163i zece parlamentari i s-au al\u0103turat lui C\u0103lin Popescu T\u0103riceanu. \u00a0<\/p>\n<\/div>\n<p> Source URL: https:\/\/www.digi24.ro\/stiri\/actualitate\/politica\/mihai-stanisoara-pleaca-din-pnl-263286<\/p>\n","protected":false},"excerpt":{"rendered":"<p>\u00a0 ACTUALIZARE 12.40. &#8220;Eu, care sunt de 70 \u015fi ceva de ani \u00een partid, nu pot privi \u00eentr-un fel pe cei care dup\u0103 c\u00e2teva luni p\u0103r\u0103sesc un partid. Ori cre\u015fti \u015fi crezi \u00eentr-o doctrin\u0103, ori stai acas\u0103. P\u0103rerea mea despre cei care au plecat din partid este foarte proast\u0103&#8221;, a declarat la Digi24 Mircea Ionescu [&hellip;]<\/p>\n","protected":false},"author":1,"featured_media":201631,"comment_status":"open","ping_status":"","sticky":false,"template":"","format":"standard","meta":{"footnotes":""},"categories":[2],"tags":[11],"class_list":["post-201630","post","type-post","status-publish","format-standard","has-post-thumbnail","hentry","category-politics","tag-digi24"],"_links":{"self":[{"href":"https:\/\/analyse.optim.biz\/index.php?rest_route=\/wp\/v2\/posts\/201630","targetHints":{"allow":["GET"]}}],"collection":[{"href":"https:\/\/analyse.optim.biz\/index.php?rest_route=\/wp\/v2\/posts"}],"about":[{"href":"https:\/\/analyse.optim.biz\/index.php?rest_route=\/wp\/v2\/types\/post"}],"author":[{"embeddable":true,"href":"https:\/\/analyse.optim.biz\/index.php?rest_route=\/wp\/v2\/users\/1"}],"replies":[{"embeddable":true,"href":"https:\/\/analyse.optim.biz\/index.php?rest_route=%2Fwp%2Fv2%2Fcomments&post=201630"}],"version-history":[{"count":0,"href":"https:\/\/analyse.optim.biz\/index.php?rest_route=\/wp\/v2\/posts\/201630\/revisions"}],"wp:featuredmedia":[{"embeddable":true,"href":"https:\/\/analyse.optim.biz\/index.php?rest_route=\/wp\/v2\/media\/201631"}],"wp:attachment":[{"href":"https:\/\/analyse.optim.biz\/index.php?rest_route=%2Fwp%2Fv2%2Fmedia&parent=201630"}],"wp:term":[{"taxonomy":"category","embeddable":true,"href":"https:\/\/analyse.optim.biz\/index.php?rest_route=%2Fwp%2Fv2%2Fcategories&post=201630"},{"taxonomy":"post_tag","embeddable":true,"href":"https:\/\/analyse.optim.biz\/index.php?rest_route=%2Fwp%2Fv2%2Ftags&post=201630"}],"curies":[{"name":"wp","href":"https:\/\/api.w.org\/{rel}","templated":true}]}}