{"id":2015939,"date":"2026-06-28T15:12:16","date_gmt":"2026-06-28T12:12:16","guid":{"rendered":"https:\/\/analyse.optim.biz\/?p=2015939"},"modified":"2026-06-28T15:12:16","modified_gmt":"2026-06-28T12:12:16","slug":"tanara-cursanta-la-o-scoala-de-soferi-ranita-intr-un-accident-stiri-suceava","status":"publish","type":"post","link":"https:\/\/analyse.optim.biz\/?p=2015939","title":{"rendered":"T\u00e2n\u0103r\u0103 cursant\u0103 la o \u0219coal\u0103 de \u0219oferi, r\u0103nit\u0103 \u00eentr-un accident &#8211; Stiri Suceava"},"content":{"rendered":"<p>[analyse_image type=&#8221;featured&#8221; src=&#8221;https:\/\/www.informatiata.ro\/wp-content\/uploads\/2026\/06\/politie-acci-1024&#215;561.jpg&#8221;]<\/p>\n<div class=\"td-post-content tagdiv-type\">\n<div class=\"td-post-featured-image\"><a href=\"https:\/\/www.informatiata.ro\/wp-content\/uploads\/2026\/06\/politie-acci-scaled.jpg\" data-caption><img loading=\"lazy\" decoding=\"async\" width=\"696\" height=\"381\" class=\"entry-thumb td-modal-image\" src=\"https:\/\/www.informatiata.ro\/wp-content\/uploads\/2026\/06\/politie-acci-696x381.jpg\" alt title=\"poli\u021bie acci\"><img loading=\"lazy\" decoding=\"async\" width=\"696\" height=\"381\" class=\"entry-thumb td-modal-image\" src=\"https:\/\/www.informatiata.ro\/wp-content\/uploads\/2026\/06\/politie-acci-696x381.jpg\" alt title=\"poli\u021bie acci\"><\/a><\/div>\n<p>T\u00e2n\u0103r\u0103 cursant\u0103 la o \u0219coal\u0103 de \u0219oferi, r\u0103nit\u0103 \u00eentr-un accident rutier. Tu<\/p>\n<p>O persoan\u0103 a fost r\u0103nit\u0103 \u00eentr-un accident rutier produs s\u00e2mb\u0103t\u0103, 27 iunie, pe Calea Bucovinei din municipiul C\u00e2mpulung Moldovenesc, dup\u0103 ce dou\u0103 autoturisme au intrat \u00een coliziune.<\/p>\n<div class=\"td-a-rec td-a-rec-id-content_inlineright  tdi_7 td_block_template_1\"><img loading=\"lazy\" decoding=\"async\" class=\"aligncenter size-full wp-image-65459\" src=\"https:\/\/www.informatiata.ro\/wp-content\/uploads\/2026\/06\/SAVCOM-18.gif\" alt width=\"299\" height=\"250\"><img loading=\"lazy\" decoding=\"async\" class=\"aligncenter size-full wp-image-65459\" src=\"https:\/\/www.informatiata.ro\/wp-content\/uploads\/2026\/06\/SAVCOM-18.gif\" alt width=\"299\" height=\"250\"><img loading=\"lazy\" decoding=\"async\" class=\"aligncenter size-full wp-image-65460\" src=\"https:\/\/www.informatiata.ro\/wp-content\/uploads\/2026\/06\/FACOS-15.gif\" alt width=\"300\" height=\"250\"><img loading=\"lazy\" decoding=\"async\" class=\"aligncenter size-full wp-image-65460\" src=\"https:\/\/www.informatiata.ro\/wp-content\/uploads\/2026\/06\/FACOS-15.gif\" alt width=\"300\" height=\"250\"><\/div>\n<p>Potrivit poli\u021bi\u0219tilor, unul dintre autoturisme s-a oprit brusc \u00een dreptul unui magazin, la mai pu\u021bin de 25 de metri de o trecere pentru pietoni \u0219i \u00een zona unei alveole destinate sta\u021biei de autobuz. <\/p>\n<p>Ma\u0219ina care circula \u00een spate, condus\u0103 de o persoan\u0103 aflat\u0103 \u00een preg\u0103tire practic\u0103 pentru ob\u021binerea permisului de conducere \u0219i supravegheat\u0103 de instructorul auto, nu ar fi p\u0103strat o distan\u021b\u0103 suficient\u0103 fa\u021b\u0103 de vehiculul din fa\u021b\u0103, produc\u00e2nd impactul.<\/p>\n<p>\u00cen urma coliziunii, primul autoturism a fost proiectat pe trotuar, unde a lovit indicatorul rutier care semnaliza trecerea pentru pietoni. Cel de-al doilea autoturism a fost proiectat pe trotuarul de pe sensul opus de mers.<\/p>\n<p>Persoana aflat\u0103 \u00een preg\u0103tire practic\u0103 pentru ob\u021binerea permisului de conducere a fost r\u0103nit\u0103 \u0219i transportat\u0103 la Spitalul Municipal C\u00e2mpulung Moldovenesc.<\/p>\n<p>Toate persoanele implicate au fost testate cu aparatul etilotest, rezultatele fiind negative.<\/p>\n<p>Poli\u021bi\u0219tii au deschis un dosar penal \u0219i continu\u0103 cercet\u0103rile pentru s\u0103v\u00e2r\u0219irea infrac\u021biunii de v\u0103t\u0103mare corporal\u0103 din culp\u0103.<\/p>\n<\/div>\n<p>[analyse_source url=&#8221;https:\/\/www.informatiata.ro\/tanara-scoala-de-soferi-ranita-in-accident\/&#8221;]<\/p>\n","protected":false},"excerpt":{"rendered":"<p>[analyse_image type=&#8221;featured&#8221; src=&#8221;https:\/\/www.informatiata.ro\/wp-content\/uploads\/2026\/06\/politie-acci-1024&#215;561.jpg&#8221;] T\u00e2n\u0103r\u0103 cursant\u0103 la o \u0219coal\u0103 de \u0219oferi, r\u0103nit\u0103 \u00eentr-un accident rutier. Tu O persoan\u0103 a fost r\u0103nit\u0103 \u00eentr-un accident rutier produs s\u00e2mb\u0103t\u0103, 27 iunie, pe Calea Bucovinei din municipiul C\u00e2mpulung Moldovenesc, dup\u0103 ce dou\u0103 autoturisme au intrat \u00een coliziune. Potrivit poli\u021bi\u0219tilor, unul dintre autoturisme s-a oprit brusc \u00een dreptul unui magazin, la [&hellip;]<\/p>\n","protected":false},"author":1,"featured_media":0,"comment_status":"open","ping_status":"","sticky":false,"template":"","format":"standard","meta":{"footnotes":""},"categories":[89],"tags":[226,167],"class_list":["post-2015939","post","type-post","status-publish","format-standard","hentry","category-romania","tag-crawlmanager","tag-informatiata-ro"],"_links":{"self":[{"href":"https:\/\/analyse.optim.biz\/index.php?rest_route=\/wp\/v2\/posts\/2015939","targetHints":{"allow":["GET"]}}],"collection":[{"href":"https:\/\/analyse.optim.biz\/index.php?rest_route=\/wp\/v2\/posts"}],"about":[{"href":"https:\/\/analyse.optim.biz\/index.php?rest_route=\/wp\/v2\/types\/post"}],"author":[{"embeddable":true,"href":"https:\/\/analyse.optim.biz\/index.php?rest_route=\/wp\/v2\/users\/1"}],"replies":[{"embeddable":true,"href":"https:\/\/analyse.optim.biz\/index.php?rest_route=%2Fwp%2Fv2%2Fcomments&post=2015939"}],"version-history":[{"count":0,"href":"https:\/\/analyse.optim.biz\/index.php?rest_route=\/wp\/v2\/posts\/2015939\/revisions"}],"wp:attachment":[{"href":"https:\/\/analyse.optim.biz\/index.php?rest_route=%2Fwp%2Fv2%2Fmedia&parent=2015939"}],"wp:term":[{"taxonomy":"category","embeddable":true,"href":"https:\/\/analyse.optim.biz\/index.php?rest_route=%2Fwp%2Fv2%2Fcategories&post=2015939"},{"taxonomy":"post_tag","embeddable":true,"href":"https:\/\/analyse.optim.biz\/index.php?rest_route=%2Fwp%2Fv2%2Ftags&post=2015939"}],"curies":[{"name":"wp","href":"https:\/\/api.w.org\/{rel}","templated":true}]}}