{"id":2015788,"date":"2026-06-28T13:46:49","date_gmt":"2026-06-28T10:46:49","guid":{"rendered":"https:\/\/analyse.optim.biz\/?p=2015788"},"modified":"2026-06-28T13:46:49","modified_gmt":"2026-06-28T10:46:49","slug":"macin-amendat-si-cu-afacerea-in-aer-pentru-evaziune-fiscala","status":"publish","type":"post","link":"https:\/\/analyse.optim.biz\/?p=2015788","title":{"rendered":"M\u0103cin: Amendat \u0219i cu afacerea \u00een aer pentru evaziune fiscal\u0103"},"content":{"rendered":"<p>[analyse_image type=&#8221;featured&#8221; src=&#8221;https:\/\/dobrogeanews.b-cdn.net\/wp-content\/uploads\/2026\/06\/macin-evaziune-fiscala.jpg&#8221;]<\/p>\n<div id=\"post-71522\" class=\"entry single-default post-71522 post type-post status-publish format-standard has-post-thumbnail hentry category-info\">\n<div>\n<div class=\"ss-follow-wrapper ss-clearfix ss-regular-buttons ss-columns-1 ss-default-style\">\n<div class=\"ss-follow-column\" data-ss-sf-network-id=\"&quot;facebook&quot;\"><a href=\"https:\/\/www.facebook.com\/dobrogeanews\" class=\"ss-follow-network ss-facebook-color\" rel=\"nofollow noopener\" aria-label=\"facebook\" target=\"_blank\"><span class=\"ss-follow-network-label\">Urm\u0103re\u015fte-ne \u015fi pe Facebook!<\/span><span class=\"ss-follow-network-count\"><span class=\"ss-follow-network-count-number\">57K<\/span><span class=\"ss-follow-network-count-label\">Followers<\/span><\/span><\/a><\/div>\n<\/div>\n<\/div>\n<p>Poli\u021bi\u0219tii Serviciului de Investigare a Criminalit\u0103\u021bii Economice din cadrul I.P.J. Tulcea au depistat un operator economic care nu a respectat cadrul legal privind eviden\u021ba \u0219i declararea veniturilor. Amendat \u0219i cu afacerea \u00een aer pentru evaziune fiscal\u0103, a\u0219a s-a trezit un operator economic din M\u0103cin care nu a declarat \u0219i nu a pl\u0103tit nimic la stat.<\/p>\n<figure class=\"wp-block-image size-full is-resized\">\n<source type=\"image\/webp\" data-lazy-srcset=\"https:\/\/dobrogeanews.b-cdn.net\/wp-content\/uploads\/2026\/06\/macin-evaziune-fiscala.jpg.webp 2560w, https:\/\/dobrogeanews.b-cdn.net\/wp-content\/uploads\/2026\/06\/macin-evaziune-fiscala-300x246.jpg.webp 300w, https:\/\/dobrogeanews.b-cdn.net\/wp-content\/uploads\/2026\/06\/macin-evaziune-fiscala-1024x840.jpg.webp 1024w, https:\/\/dobrogeanews.b-cdn.net\/wp-content\/uploads\/2026\/06\/macin-evaziune-fiscala-768x630.jpg.webp 768w, https:\/\/dobrogeanews.b-cdn.net\/wp-content\/uploads\/2026\/06\/macin-evaziune-fiscala-1536x1260.jpg.webp 1536w, https:\/\/dobrogeanews.b-cdn.net\/wp-content\/uploads\/2026\/06\/macin-evaziune-fiscala-2048x1680.jpg.webp 2048w\" sizes=\"(max-width: 640px) 100vw, 640px\" \/><br \/>\n<img loading=\"lazy\" decoding=\"async\" src=\"https:\/\/dobrogeanews.b-cdn.net\/wp-content\/uploads\/2026\/06\/macin-evaziune-fiscala.jpg\" alt=\"\" width=\"640\" height=\"525\"><\/figure>\n<p>\u00cen ora\u0219ul M\u0103cin, jude\u021bul Tulcea, poli\u021bi\u0219tii au constatat c\u0103 un agent economic a ob\u021binut venituri de 174.700 lei din comercializarea de produse perisabile \u0219i fier vechi, f\u0103r\u0103 documente contabile \u0219i f\u0103r\u0103 a fi declarate organului fiscal teritorial.<\/p>\n<p>\u00cen cauz\u0103 a fost \u00eentocmit dosar penal pentru s\u0103v\u00e2r\u0219irea infrac\u021biunii de evaziune fiscal\u0103.<\/p>\n<p>De asemenea, poli\u021bi\u0219tii au aplicat o sanc\u021biune contraven\u021bional\u0103 \u00een valoare de 20.000 lei pentru neutilizarea aparatului de marcat electronic fiscal \u0219i au dispus suspendarea activit\u0103\u021bii p\u00e2n\u0103 la dotarea cu un astfel de aparat.<\/p>\n<div class=\"monsterinsights-inline-popular-posts monsterinsights-inline-popular-posts-charlie monsterinsights-popular-posts-styled\">\n<div class=\"monsterinsights-inline-popular-posts-text\"><span class=\"monsterinsights-inline-popular-posts-label\">Vezi \u0219i:<\/span><\/p>\n<div class=\"monsterinsights-inline-popular-posts-post\"><a class=\"monsterinsights-inline-popular-posts-title\" href=\"https:\/\/www.dobrogeanews.ro\/stefan-ilie-primar-tulcea-avem-buget-mai-mare-si-mai-multe-investitii-modernizarea-strazilor-si-a-retelelor-de-utilitati-de-sub-carosabil-continua-tulcea-va-fi-un-oras-european\/\">\u0218tefan Ilie, primar Tulcea: Avem buget mai mare \u0219i mai multe investi\u021bii. Modernizarea str\u0103zilor \u0219i a re\u021belelor de utilit\u0103\u021bi de sub carosabil, continu\u0103. Tulcea va fi un ora\u0219 european(!)<\/a><\/div>\n<div class=\"monsterinsights-inline-popular-posts-post\"><a class=\"monsterinsights-inline-popular-posts-title\" href=\"https:\/\/www.dobrogeanews.ro\/dupa-aprobarea-bugetului-2026-la-babadag-se-deschid-alte-santiere-de-investitii\/\">Dup\u0103 aprobarea bugetului 2026, la Babadag se deschid alte \u0219antiere de investi\u021bii<\/a><\/div>\n<div class=\"monsterinsights-inline-popular-posts-post\"><a class=\"monsterinsights-inline-popular-posts-title\" href=\"https:\/\/www.dobrogeanews.ro\/a-fost-emis-avizul-pentru-centura-municipiului-tulcea-drumuri-de-legatura-cu-conexiune-la-drumul-expres-constanta-tulcea-braila\/\">A fost emis Avizul pentru Centura Municipiului Tulcea \u2013 \u201eDrumuri de leg\u0103tur\u0103 cu conexiune la Drumul Expres Constan\u021ba-Tulcea-Br\u0103ila\u201d<\/a><\/div>\n<\/div>\n<\/div>\n<p class=\"has-text-align-center has-white-color has-text-color has-background\"><span><a href=\"https:\/\/news.google.com\/publications\/CAAqBwgKMIu5pgsw88O-Aw?ceid=RO:ro&amp;oc=3\">Urm\u0103ri\u0163i \u015etirile Dobrogeanews \u015fi pe Google News<\/a><\/span><\/p>\n<\/div>\n<div id=\"post-71522\" class=\"entry single-default post-71522 post type-post status-publish format-standard has-post-thumbnail hentry category-info\">\n<div>\n<div class=\"ss-follow-wrapper ss-clearfix ss-regular-buttons ss-columns-1 ss-default-style\">\n<div class=\"ss-follow-column\" data-ss-sf-network-id=\"&quot;facebook&quot;\"><a href=\"https:\/\/www.facebook.com\/dobrogeanews\" class=\"ss-follow-network ss-facebook-color\" rel=\"nofollow noopener\" aria-label=\"facebook\" target=\"_blank\"><span class=\"ss-follow-network-label\">Urm\u0103re\u015fte-ne \u015fi pe Facebook!<\/span><span class=\"ss-follow-network-count\"><span class=\"ss-follow-network-count-number\">57K<\/span><span class=\"ss-follow-network-count-label\">Followers<\/span><\/span><\/a><\/div>\n<\/div>\n<\/div>\n<p>Poli\u021bi\u0219tii Serviciului de Investigare a Criminalit\u0103\u021bii Economice din cadrul I.P.J. Tulcea au depistat un operator economic care nu a respectat cadrul legal privind eviden\u021ba \u0219i declararea veniturilor. Amendat \u0219i cu afacerea \u00een aer pentru evaziune fiscal\u0103, a\u0219a s-a trezit un operator economic din M\u0103cin care nu a declarat \u0219i nu a pl\u0103tit nimic la stat.<\/p>\n<figure class=\"wp-block-image size-full is-resized\">\n<source type=\"image\/webp\" data-lazy-srcset=\"https:\/\/dobrogeanews.b-cdn.net\/wp-content\/uploads\/2026\/06\/macin-evaziune-fiscala.jpg.webp 2560w, https:\/\/dobrogeanews.b-cdn.net\/wp-content\/uploads\/2026\/06\/macin-evaziune-fiscala-300x246.jpg.webp 300w, https:\/\/dobrogeanews.b-cdn.net\/wp-content\/uploads\/2026\/06\/macin-evaziune-fiscala-1024x840.jpg.webp 1024w, https:\/\/dobrogeanews.b-cdn.net\/wp-content\/uploads\/2026\/06\/macin-evaziune-fiscala-768x630.jpg.webp 768w, https:\/\/dobrogeanews.b-cdn.net\/wp-content\/uploads\/2026\/06\/macin-evaziune-fiscala-1536x1260.jpg.webp 1536w, https:\/\/dobrogeanews.b-cdn.net\/wp-content\/uploads\/2026\/06\/macin-evaziune-fiscala-2048x1680.jpg.webp 2048w\" sizes=\"(max-width: 640px) 100vw, 640px\" \/><br \/>\n<img loading=\"lazy\" decoding=\"async\" src=\"https:\/\/dobrogeanews.b-cdn.net\/wp-content\/uploads\/2026\/06\/macin-evaziune-fiscala.jpg\" alt=\"\" width=\"640\" height=\"525\"><\/figure>\n<p>\u00cen ora\u0219ul M\u0103cin, jude\u021bul Tulcea, poli\u021bi\u0219tii au constatat c\u0103 un agent economic a ob\u021binut venituri de 174.700 lei din comercializarea de produse perisabile \u0219i fier vechi, f\u0103r\u0103 documente contabile \u0219i f\u0103r\u0103 a fi declarate organului fiscal teritorial.<\/p>\n<p>\u00cen cauz\u0103 a fost \u00eentocmit dosar penal pentru s\u0103v\u00e2r\u0219irea infrac\u021biunii de evaziune fiscal\u0103.<\/p>\n<p>De asemenea, poli\u021bi\u0219tii au aplicat o sanc\u021biune contraven\u021bional\u0103 \u00een valoare de 20.000 lei pentru neutilizarea aparatului de marcat electronic fiscal \u0219i au dispus suspendarea activit\u0103\u021bii p\u00e2n\u0103 la dotarea cu un astfel de aparat.<\/p>\n<div class=\"monsterinsights-inline-popular-posts monsterinsights-inline-popular-posts-charlie monsterinsights-popular-posts-styled\">\n<div class=\"monsterinsights-inline-popular-posts-text\"><span class=\"monsterinsights-inline-popular-posts-label\">Vezi \u0219i:<\/span><\/p>\n<div class=\"monsterinsights-inline-popular-posts-post\"><a class=\"monsterinsights-inline-popular-posts-title\" href=\"https:\/\/www.dobrogeanews.ro\/stefan-ilie-primar-tulcea-avem-buget-mai-mare-si-mai-multe-investitii-modernizarea-strazilor-si-a-retelelor-de-utilitati-de-sub-carosabil-continua-tulcea-va-fi-un-oras-european\/\">\u0218tefan Ilie, primar Tulcea: Avem buget mai mare \u0219i mai multe investi\u021bii. Modernizarea str\u0103zilor \u0219i a re\u021belelor de utilit\u0103\u021bi de sub carosabil, continu\u0103. Tulcea va fi un ora\u0219 european(!)<\/a><\/div>\n<div class=\"monsterinsights-inline-popular-posts-post\"><a class=\"monsterinsights-inline-popular-posts-title\" href=\"https:\/\/www.dobrogeanews.ro\/dupa-aprobarea-bugetului-2026-la-babadag-se-deschid-alte-santiere-de-investitii\/\">Dup\u0103 aprobarea bugetului 2026, la Babadag se deschid alte \u0219antiere de investi\u021bii<\/a><\/div>\n<div class=\"monsterinsights-inline-popular-posts-post\"><a class=\"monsterinsights-inline-popular-posts-title\" href=\"https:\/\/www.dobrogeanews.ro\/a-fost-emis-avizul-pentru-centura-municipiului-tulcea-drumuri-de-legatura-cu-conexiune-la-drumul-expres-constanta-tulcea-braila\/\">A fost emis Avizul pentru Centura Municipiului Tulcea \u2013 \u201eDrumuri de leg\u0103tur\u0103 cu conexiune la Drumul Expres Constan\u021ba-Tulcea-Br\u0103ila\u201d<\/a><\/div>\n<\/div>\n<\/div>\n<p class=\"has-text-align-center has-white-color has-text-color has-background\"><span><a href=\"https:\/\/news.google.com\/publications\/CAAqBwgKMIu5pgsw88O-Aw?ceid=RO:ro&amp;oc=3\">Urm\u0103ri\u0163i \u015etirile Dobrogeanews \u015fi pe Google News<\/a><\/span><\/p>\n<\/div>\n<p>[analyse_source url=&#8221;https:\/\/www.dobrogeanews.ro\/macin-amendat-si-cu-afacerea-in-aer-pentru-evaziune-fiscala\/&#8221;]<\/p>\n","protected":false},"excerpt":{"rendered":"<p>[analyse_image type=&#8221;featured&#8221; src=&#8221;https:\/\/dobrogeanews.b-cdn.net\/wp-content\/uploads\/2026\/06\/macin-evaziune-fiscala.jpg&#8221;] Urm\u0103re\u015fte-ne \u015fi pe Facebook!57KFollowers Poli\u021bi\u0219tii Serviciului de Investigare a Criminalit\u0103\u021bii Economice din cadrul I.P.J. Tulcea au depistat un operator economic care nu a respectat cadrul legal privind eviden\u021ba \u0219i declararea veniturilor. Amendat \u0219i cu afacerea \u00een aer pentru evaziune fiscal\u0103, a\u0219a s-a trezit un operator economic din M\u0103cin care nu a declarat [&hellip;]<\/p>\n","protected":false},"author":1,"featured_media":0,"comment_status":"open","ping_status":"","sticky":false,"template":"","format":"standard","meta":{"footnotes":""},"categories":[89],"tags":[226,223],"class_list":["post-2015788","post","type-post","status-publish","format-standard","hentry","category-romania","tag-crawlmanager","tag-dobrogeanews-ro"],"_links":{"self":[{"href":"https:\/\/analyse.optim.biz\/index.php?rest_route=\/wp\/v2\/posts\/2015788","targetHints":{"allow":["GET"]}}],"collection":[{"href":"https:\/\/analyse.optim.biz\/index.php?rest_route=\/wp\/v2\/posts"}],"about":[{"href":"https:\/\/analyse.optim.biz\/index.php?rest_route=\/wp\/v2\/types\/post"}],"author":[{"embeddable":true,"href":"https:\/\/analyse.optim.biz\/index.php?rest_route=\/wp\/v2\/users\/1"}],"replies":[{"embeddable":true,"href":"https:\/\/analyse.optim.biz\/index.php?rest_route=%2Fwp%2Fv2%2Fcomments&post=2015788"}],"version-history":[{"count":0,"href":"https:\/\/analyse.optim.biz\/index.php?rest_route=\/wp\/v2\/posts\/2015788\/revisions"}],"wp:attachment":[{"href":"https:\/\/analyse.optim.biz\/index.php?rest_route=%2Fwp%2Fv2%2Fmedia&parent=2015788"}],"wp:term":[{"taxonomy":"category","embeddable":true,"href":"https:\/\/analyse.optim.biz\/index.php?rest_route=%2Fwp%2Fv2%2Fcategories&post=2015788"},{"taxonomy":"post_tag","embeddable":true,"href":"https:\/\/analyse.optim.biz\/index.php?rest_route=%2Fwp%2Fv2%2Ftags&post=2015788"}],"curies":[{"name":"wp","href":"https:\/\/api.w.org\/{rel}","templated":true}]}}