{"id":201508,"date":"2014-07-02T19:03:11","date_gmt":"2014-07-02T16:03:11","guid":{"rendered":"https:\/\/analyse.optim.biz\/?p=201508"},"modified":"2014-07-02T19:03:11","modified_gmt":"2014-07-02T16:03:11","slug":"decizii-csat-mai-putini-militari-vor-putea-pleca-in-teatrele-de-operatiuni-din-strainatate","status":"publish","type":"post","link":"https:\/\/analyse.optim.biz\/?p=201508","title":{"rendered":"Decizii CSAT. Mai pu\u021bini militari vor putea pleca \u00een teatrele de opera\u021biuni din str\u0103in\u0103tate"},"content":{"rendered":"<div class=\"entry data-app-meta data-app-meta-article\" data-embed-base-url-canonical=\"https:\/\/www.digi24.ro\/embed\/stiri\/actualitate\/politica\/decizii-csat-mai-putini-militari-vor-putea-pleca-in-teatrele-de-operatiuni-din-strainatate-264066\">\n<p data-index=\"1\"><img decoding=\"async\" src=\"https:\/\/analyse.optim.biz\/wp-content\/uploads\/2024\/09\/odyymgizyzfkn2m2mge3ndhmndy3zwuzm2u-thumb_.jpg\" data-skip-htmlfix=\"1\" title=\"odyymgizyzfkn2m2mge3ndhmndy3zwuzm2u-thumb_\">Potrivit unui <a href=\"http:\/\/www.presidency.ro\/?_RID=det&amp;tb=date&amp;id=15118&amp;_PRID=lazi\" target=\"_blank\" data-skip-linkfix=\"1\" rel=\"noopener\">comunicat de pres\u0103 al Administra\u0163iei Preziden\u0163iale<\/a>, membrii Consiliului au analizat op\u0163iunile na\u0163ionale de participare a Rom\u00e2niei la viitoarea misiune NATO \u00een Afganistan, dup\u0103 2014, lu\u00e2nd \u00een considerare op\u0163iunile adoptate la nivel NATO \u0219i au stabilit c\u0103, \u00een func\u0163ie de decizia NATO, Rom\u00e2nia va participa la misiunea de instruire, consiliere \u015fi asisten\u0163\u0103 \u00een Afganistan cu un num\u0103r de p\u00e2n\u0103 la 200 de militari din cadrul Ministerului Ap\u0103r\u0103rii Na\u0163ionale \u015fi cu p\u00e2n\u0103 la 50 de poli\u0163i\u015fti \u015fi jandarmi din cadrul Ministerului Afacerilor Interne.<\/p>\n<p data-index=\"2\">O alt\u0103 tem\u0103 pe agenda \u0219edin\u021bei CSAT a vizat analizarea \u015fi aprobarea for\u0163elor armate ale Rom\u00e2niei care pot fi puse la dispozi\u0163ie pentru participarea la misiuni \u015fi opera\u0163ii \u00een afara teritoriului statului rom\u00e2n \u00een anul 2015.<\/p>\n<p data-index=\"3\">Astfel, <strong>for\u0163ele puse la dispozi\u021bie de Ministerul Ap\u0103r\u0103rii Na\u0163ionale cuprind 1.801 militari, comparativ cu anul 2014, c\u00e2nd valoarea for\u0163elor a fost dimensionat\u0103 la 3.039 de militari, <\/strong>scrie Mediafax.<\/p>\n<p data-index=\"4\">Din cei <strong>1.801 militari propu\u015fi pentru a \u00eendeplini misiuni \u00een afara teritoriului na\u0163ional \u00een anul 2015<\/strong> pot fi desf\u0103\u015fura\u0163i \u00een teatrele de opera\u0163ii, precum \u015fi \u00een cadrul misiunilor individuale de observare \u015fi monitorizare, 502 militari, iar al\u0163i 1.299 de militari se vor afla \u00een \u0163ar\u0103, cu posibilitatea de a fi disloca\u0163i la ordin.<\/p>\n<p data-index=\"5\"><strong>Ministerul Afacerilor Interne<\/strong> va pune la dispozi\u0163ie pentru misiunile Uniunii Europene, Organiza\u021biei pentru Securitate \u0219i Cooperare \u00een Europa (OSCE), NATO \u015fi Organiza\u021biei Na\u021biunilor Unite (ONU) \u00een anul 2015 un num\u0103r de <strong>1.486 de jandarmi \u015fi poli\u0163i\u015fti.<\/strong> Comparativ cu anul 2014, <strong>num\u0103rul acestora este mai mic<\/strong> cu 103 jandarmi \u015fi poli\u0163i\u015fti.<\/p>\n<p data-index=\"6\">Consiliul Suprem de Ap\u0103rare al \u0162\u0103rii a aprobat intrarea \u0219i sta\u021bionarea pe teritoriul Rom\u00e2niei a unor for\u021be din armata canadian\u0103, \u201e\u00een scopul preg\u0103tirii \u015fi desf\u0103\u015fur\u0103rii unor misiuni ale NATO, la solicitarea p\u0103r\u0163ii rom\u00e2ne, \u00een contextul evolu\u0163iei situa\u0163iei din regiune\u201d.<\/p>\n<p data-index=\"7\">De asemenea, la \u015fedin\u0163a de miercuri, Consiliul Suprem de Ap\u0103rare a \u0162\u0103rii \u201ea analizat \u015fi posibilele evolu\u0163ii \u00eengrijor\u0103toare pentru Rom\u00e2nia, apreciind c\u0103 riscurile \u015fi amenin\u0163\u0103rile care deriv\u0103 din acestea pe termen scurt <strong>nu afecteaz\u0103 securitatea \u015fi ap\u0103rarea na\u0163ional\u0103\u201d. \u00a0<\/strong><\/p>\n<\/div>\n<p> Source URL: https:\/\/www.digi24.ro\/stiri\/actualitate\/politica\/decizii-csat-mai-putini-militari-vor-putea-pleca-in-teatrele-de-operatiuni-din-strainatate-264066<\/p>\n","protected":false},"excerpt":{"rendered":"<p>Potrivit unui comunicat de pres\u0103 al Administra\u0163iei Preziden\u0163iale, membrii Consiliului au analizat op\u0163iunile na\u0163ionale de participare a Rom\u00e2niei la viitoarea misiune NATO \u00een Afganistan, dup\u0103 2014, lu\u00e2nd \u00een considerare op\u0163iunile adoptate la nivel NATO \u0219i au stabilit c\u0103, \u00een func\u0163ie de decizia NATO, Rom\u00e2nia va participa la misiunea de instruire, consiliere \u015fi asisten\u0163\u0103 \u00een Afganistan [&hellip;]<\/p>\n","protected":false},"author":1,"featured_media":201509,"comment_status":"open","ping_status":"","sticky":false,"template":"","format":"standard","meta":{"footnotes":""},"categories":[2],"tags":[11],"class_list":["post-201508","post","type-post","status-publish","format-standard","has-post-thumbnail","hentry","category-politics","tag-digi24"],"_links":{"self":[{"href":"https:\/\/analyse.optim.biz\/index.php?rest_route=\/wp\/v2\/posts\/201508","targetHints":{"allow":["GET"]}}],"collection":[{"href":"https:\/\/analyse.optim.biz\/index.php?rest_route=\/wp\/v2\/posts"}],"about":[{"href":"https:\/\/analyse.optim.biz\/index.php?rest_route=\/wp\/v2\/types\/post"}],"author":[{"embeddable":true,"href":"https:\/\/analyse.optim.biz\/index.php?rest_route=\/wp\/v2\/users\/1"}],"replies":[{"embeddable":true,"href":"https:\/\/analyse.optim.biz\/index.php?rest_route=%2Fwp%2Fv2%2Fcomments&post=201508"}],"version-history":[{"count":0,"href":"https:\/\/analyse.optim.biz\/index.php?rest_route=\/wp\/v2\/posts\/201508\/revisions"}],"wp:featuredmedia":[{"embeddable":true,"href":"https:\/\/analyse.optim.biz\/index.php?rest_route=\/wp\/v2\/media\/201509"}],"wp:attachment":[{"href":"https:\/\/analyse.optim.biz\/index.php?rest_route=%2Fwp%2Fv2%2Fmedia&parent=201508"}],"wp:term":[{"taxonomy":"category","embeddable":true,"href":"https:\/\/analyse.optim.biz\/index.php?rest_route=%2Fwp%2Fv2%2Fcategories&post=201508"},{"taxonomy":"post_tag","embeddable":true,"href":"https:\/\/analyse.optim.biz\/index.php?rest_route=%2Fwp%2Fv2%2Ftags&post=201508"}],"curies":[{"name":"wp","href":"https:\/\/api.w.org\/{rel}","templated":true}]}}