{"id":201475,"date":"2014-07-03T12:39:52","date_gmt":"2014-07-03T09:39:52","guid":{"rendered":"https:\/\/analyse.optim.biz\/?p=201475"},"modified":"2014-07-03T12:39:52","modified_gmt":"2014-07-03T09:39:52","slug":"traian-basescu-critica-fuziunea-pdl-pnl-am-vazut-si-oportunisti-care-nu-mai-incapeau-pe-scene-pe-langa-mine-astazi-sunt-in-mizeria-compromisului","status":"publish","type":"post","link":"https:\/\/analyse.optim.biz\/?p=201475","title":{"rendered":"Traian B\u0103sescu critic\u0103 fuziunea PDL-PNL: \u201eAm v\u0103zut \u0219i oportuni\u0219ti care nu mai \u00eenc\u0103peau pe scene, pe l\u00e2ng\u0103 mine. Ast\u0103zi sunt \u00een mizeria compromisului\u201d"},"content":{"rendered":"<div class=\"entry data-app-meta data-app-meta-article\" data-embed-base-url-canonical=\"https:\/\/www.digi24.ro\/embed\/stiri\/actualitate\/politica\/traian-basescu-critica-fuziunea-pdl-pnl-am-vazut-si-oportunisti-care-nu-mai-incapeau-pe-scene-pe-langa-mine-astazi-sunt-in-mizeria-compromisului-264367\">\n<p data-index=\"1\">Pre\u0219edintele a spus c\u0103 PDL a fost singurul partid care l-a sus\u021binut la alegerile din 2009 \u0219i la referendumurile de demitere din 2007 \u0219i 2012. <\/p>\n<p data-index=\"2\">\u201e<span>Am v\u0103zut \u0219i oportuni\u0219ti care nu mai \u00eenc\u0103peau pe scene, pe l\u00e2ng\u0103 mine, pentru a ap\u0103ra, chipurile, statul de drept. Ei, de fapt, voiau sa ia din eveniment , din necaz \u2013 necazul pentru Rom\u00e2nia, nu neap\u0103rat pentru mine -, imagine, etichet\u0103 c\u0103 sunt intransigen\u021bi. Sunt aceia\u0219i care ast\u0103zi sunt \u00een mizeria compromisului exact cu cei care au dat lovitura de stat din vara anului 2012 \u0219i din 2007, pentru c\u0103 a fost o consecven\u0103 partidelor, fie c\u0103 ne referim la PDL, la PNL , la PC\u201d, a spus pre\u0219edintele la o dezbatere organizat\u0103 de Funda\u021bia Mi\u0219carea Popular\u0103, la doi ani de la suspendarea din 2012.<\/span><\/p>\n<p data-index=\"3\">Traian B\u0103sescu a criticat alian\u021ba dintre liberali \u0219i democrat-liberali, decis\u0103 dup\u0103 ie\u0219irea PNL din USL.<\/p>\n<p data-index=\"4\">\u201e<span>Cum vrei s\u0103 faci fuziune cu un PNL, s\u0103 \u00eei preiei \u0219i numele, iar m\u00e2ine PNL va fi acela\u0219i partid care, s-a demonstrat \u0219i la declara\u021bia neconstitu\u021bional\u0103 care s-a f\u0103cut acum c\u00e2teva zile, prin care mi se cerea demisia, \u00een condi\u021biile \u00een care nu puteam fi acuzat de nimic, iar cel care le d\u0103duse motivul \u00eenc\u0103 nu este judecat\u201d, a spus el.<\/span><\/p>\n<p data-index=\"5\">\u201e<span>Reflexul PNL s-a materializat imediat, acela de a \u00eenc\u0103lca statul de drept. Astazi, partidul care era fanionul statului de drept se duce cu arme \u0219i bagaje drept acolo pentru a acoperi nevoia analizei e\u0219ecului de la europarlamentare, c\u00e2nd dup\u0103 ce s-a promis c\u0103, dac\u0103 pleaca Traian B\u0103sescu noi realans\u0103m partidul, au ob\u021binut 16% \u00een legislative \u0219i dup\u0103 ce a plecat Traian B\u0103sescu au reu\u0219it s\u0103 ob\u021bin\u0103 12%\u201d, a ad\u0103ugat pre\u0219edintele.<\/span><\/p>\n<p data-index=\"6\">\u201e<span>Trebuia evitat\u0103 analiza \u00een interiorul partidului \u0219i imediat s-a anun\u021bat \u0219i predarea PDL c\u0103tre PNL, un partid care nu s-a dezis nici de suspendarea din 2007, nici de cea din 2012 \u0219i care a reac\u021bionat conform reflexelor lui chiar la declara\u021bia cu privire la demisia pre\u0219edintelui\u201d, a mai spus Traian B\u0103sescu.<\/span><\/p>\n<p data-index=\"7\">Pre\u0219edintele PDL, Vasile Blaga, a r\u0103spuns la declara\u021biile pre\u0219edintelui: \u201eNu am plecat nic\u0103ieri de nic\u0103ieri. Am r\u0103mas \u0219i suntem ap\u0103r\u0103tori ai statului de drept, suntem \u00eentr-un proces pe care nu \u00eel mai poate opri nimeni, de realizare a unui partid mare de centru dreapta\u201d.<\/p>\n<\/div>\n<p> Source URL: https:\/\/www.digi24.ro\/stiri\/actualitate\/politica\/traian-basescu-critica-fuziunea-pdl-pnl-am-vazut-si-oportunisti-care-nu-mai-incapeau-pe-scene-pe-langa-mine-astazi-sunt-in-mizeria-compromisului-264367<\/p>\n","protected":false},"excerpt":{"rendered":"<p>Pre\u0219edintele a spus c\u0103 PDL a fost singurul partid care l-a sus\u021binut la alegerile din 2009 \u0219i la referendumurile de demitere din 2007 \u0219i 2012. \u201eAm v\u0103zut \u0219i oportuni\u0219ti care nu mai \u00eenc\u0103peau pe scene, pe l\u00e2ng\u0103 mine, pentru a ap\u0103ra, chipurile, statul de drept. Ei, de fapt, voiau sa ia din eveniment , din [&hellip;]<\/p>\n","protected":false},"author":1,"featured_media":201476,"comment_status":"open","ping_status":"","sticky":false,"template":"","format":"standard","meta":{"footnotes":""},"categories":[2],"tags":[11],"class_list":["post-201475","post","type-post","status-publish","format-standard","has-post-thumbnail","hentry","category-politics","tag-digi24"],"_links":{"self":[{"href":"https:\/\/analyse.optim.biz\/index.php?rest_route=\/wp\/v2\/posts\/201475","targetHints":{"allow":["GET"]}}],"collection":[{"href":"https:\/\/analyse.optim.biz\/index.php?rest_route=\/wp\/v2\/posts"}],"about":[{"href":"https:\/\/analyse.optim.biz\/index.php?rest_route=\/wp\/v2\/types\/post"}],"author":[{"embeddable":true,"href":"https:\/\/analyse.optim.biz\/index.php?rest_route=\/wp\/v2\/users\/1"}],"replies":[{"embeddable":true,"href":"https:\/\/analyse.optim.biz\/index.php?rest_route=%2Fwp%2Fv2%2Fcomments&post=201475"}],"version-history":[{"count":0,"href":"https:\/\/analyse.optim.biz\/index.php?rest_route=\/wp\/v2\/posts\/201475\/revisions"}],"wp:featuredmedia":[{"embeddable":true,"href":"https:\/\/analyse.optim.biz\/index.php?rest_route=\/wp\/v2\/media\/201476"}],"wp:attachment":[{"href":"https:\/\/analyse.optim.biz\/index.php?rest_route=%2Fwp%2Fv2%2Fmedia&parent=201475"}],"wp:term":[{"taxonomy":"category","embeddable":true,"href":"https:\/\/analyse.optim.biz\/index.php?rest_route=%2Fwp%2Fv2%2Fcategories&post=201475"},{"taxonomy":"post_tag","embeddable":true,"href":"https:\/\/analyse.optim.biz\/index.php?rest_route=%2Fwp%2Fv2%2Ftags&post=201475"}],"curies":[{"name":"wp","href":"https:\/\/api.w.org\/{rel}","templated":true}]}}