{"id":2014698,"date":"2026-06-26T15:47:38","date_gmt":"2026-06-26T12:47:38","guid":{"rendered":"https:\/\/analyse.optim.biz\/?p=2014698"},"modified":"2026-06-26T15:47:38","modified_gmt":"2026-06-26T12:47:38","slug":"conferinta-regionala-faradiabet-adevar-si-provocare-ajunge-in-alexandria-ziarul-liber-in-teleorman","status":"publish","type":"post","link":"https:\/\/analyse.optim.biz\/?p=2014698","title":{"rendered":"Conferin\u021ba regional\u0103 \u201e#F\u0103r\u0103Diabet: Adev\u0103r \u0219i Provocare\u201d ajunge \u00een Alexandria &#8211; Ziarul Liber in Teleorman"},"content":{"rendered":"<p>[analyse_image type=&#8221;featured&#8221; src=&#8221;https:\/\/liberinteleorman.ro\/wp-content\/uploads\/2026\/06\/img_7308-2-1024&#215;768.jpg&#8221;]<\/p>\n<div class=\"entry-content single56__content single56__post_content single56__body_area\">\n<p>Diabetul zaharat \u00een Rom\u00e2nia rural\u0103 \u2013 subiect de interes na\u021bional dezb\u0103tut de speciali\u0219tii \u00een s\u0103n\u0103tate \u0219i de reprezentan\u021bii institu\u021biilor publice din jude\u021bul Teleorman<\/p>\n<p><strong>Asocia\u021bia Caravana cu Medici<\/strong> organizeaz\u0103 <strong>miercuri, 1 iulie 2026<\/strong>, \u00een Alexandria, masa rotund\u0103 regional\u0103 <strong>\u201e#F\u0103r\u0103Diabet: Adev\u0103r \u0219i Provocare \u2013 Diabetul zaharat \u00een Rom\u00e2nia rural\u0103: provoc\u0103ri, inechit\u0103\u021bi \u0219i perspective de interven\u021bie\u201d<\/strong>. Evenimentul reune\u0219te medici diabetologi, medici de familie, asisten\u021bi medicali comunitari, reprezentan\u021bi ai administra\u021biei publice locale \u0219i regionale \u0219i asocia\u021bii de pacien\u021bi, pentru a dezbate accesul la diagnostic \u0219i la \u00eengrijire continu\u0103 pentru pacien\u021bii cu diabet din mediul rural. \u00cent\u00e2lnirea are loc la <strong>Restaurant<\/strong><strong>Rovi\u2019s<\/strong>, \u00eentre orele <strong>13.00 \u2013 17.00<\/strong>.<\/p>\n<p><strong>Despre campania #F\u0103r\u0103Diabet<\/strong><\/p>\n<p>Masa rotund\u0103 de la Alexandria face parte din campania na\u021bional\u0103 <strong>#F\u0103r\u0103Diabet<\/strong>, sus\u021binut\u0103 de <strong>Boehringer Ingelheim<\/strong>, o campanie de s\u0103n\u0103tate public\u0103 dedicat\u0103 depist\u0103rii \u0219i integr\u0103rii \u00een sistemul sanitar a pacien\u021bilor cu diabet zaharat din comunit\u0103\u021bile rurale. Obiectivul campaniei nu se rezum\u0103 doar la testarea medical\u0103, ci urm\u0103re\u0219te \u00een egal\u0103 m\u0103sur\u0103 conectarea pacien\u021bilor nou diagnostica\u021bi cu medicul specialist din proximitate, precum \u0219i includerea lor \u00eentr-un traseu de \u00eengrijire \u0219i monitorizare continu\u0103 \u00een comunitate.<\/p>\n<p>\u00cen perioada <strong>octombrie 2025 \u2013 decembrie 2026<\/strong>, peste <strong>11.000 de persoane<\/strong> din mediul rural vor fi evaluate de echipele multidisciplinare ale asocia\u021biei. Cele \u0219apte filiale regionale vor desf\u0103\u0219ura cel pu\u021bin <strong>110 caravane medicale<\/strong> la nivel na\u021bional, av\u00e2nd ca obiective depistarea persoanelor cu diabet zaharat, conectarea acestora cu medicul diabetolog, integrarea \u00een Programul Na\u021bional de Diabet \u0219i monitorizarea ulterioar\u0103 \u00een comunitate, \u00eempreun\u0103 cu medicii de familie \u0219i asisten\u021bii medicali comunitari.<\/p>\n<p><strong>Structura evenimentului \u0219i temele de dezbatere<\/strong><\/p>\n<p>Masa rotund\u0103 combin\u0103 o sesiune de prezent\u0103ri sus\u021binute de speciali\u0219ti cu un atelier de lucru pe teme prioritare. Sesiunea de prezent\u0103ri reune\u0219te perspective complementare asupra managementului diabetului zaharat, abord\u00e2nd aspecte precum: costurile vizibile \u0219i invizibile ale bolii; povara diabetului \u00een sistemul spitalicesc; rolul medicului diabetolog \u0219i al medicului de familie \u00een monitorizarea continu\u0103 a pacientului din mediul rural; barierele psihologice \u00een acceptarea \u0219i gestionarea diabetului zaharat.<\/p>\n<p>\u00cen cadrul atelierului de lucru, vor fi abordate urm\u0103toarele teme:<\/p>\n<ul>\n<li><strong>Diabetul zaharat \u2013 o provocare major\u0103 \u00een mediul rural<\/strong><\/li>\n<li><strong>Acoperirea nevoilor pacien\u021bilor<\/strong><strong>\u2013 de la centru c\u0103tre restul jude\u021bului \u0219i al regiunii<\/strong><\/li>\n<li><strong>Continuitatea \u00eengrijirii<\/strong><strong>\u2013 principala provocare \u00een etapa de dup\u0103 diagnostic<\/strong><\/li>\n<li><strong>De la interven\u021bii punctuale la ecosisteme locale de s\u0103n\u0103tate<\/strong><\/li>\n<\/ul>\n<p><strong>Participan\u021bi<\/strong><\/p>\n<p>La conferin\u021b\u0103 vor lua cuv\u00e2ntul <strong>Tudor Pop<\/strong>, Director de Programe \u0219i Politici Publice \u00een cadrul <a href=\"https:\/\/www.caravanacumedici.ro\" target=\"_blank\" rel=\"noopener\">Asocia\u021biei Caravana cu Medici<\/a>, <strong>Nicu\u0219or Ti\u021b\u0103<\/strong>, Director General al Casei Jude\u021bene de Asigur\u0103ri de S\u0103n\u0103tate Teleorman, <strong>dr. Teodor Salmen<\/strong>, medic diabetolog \u00een cadrul Spitalului Jude\u021bean de Urgen\u021b\u0103 Pite\u0219ti, <strong>dr. Liliana Catrinoiu<\/strong>, medic de familie \u0219i vicepre\u0219edinte AMFTR, <strong>dr. Marian Augustin Burtea<\/strong>, medic diabetolog \u00een cadrul Spitalului Jude\u021bean de Urgen\u021b\u0103 Alexandria, \u0219i <strong>Andreea Partene<\/strong>, psihoterapeut \u0219i reprezentant al asocia\u021biei Vocea Pacien\u021bilor.<\/p>\n<p><strong>Invita\u021bie pentru profesioni\u0219tii din s\u0103n\u0103tate<\/strong><\/p>\n<p>Prin acest eveniment, Asocia\u021bia Caravana cu Medici aduce laolalt\u0103 principalii actori locali \u0219i regionali preocupa\u021bi de problema diabetului zaharat. Implicarea acestora este esen\u021bial\u0103 pentru dezvoltarea unor solu\u021bii aplicabile, prin care expertiza clinic\u0103 s\u0103 se reflecte \u00een politici publice orientate c\u0103tre nevoile pacien\u021bilor.<\/p>\n<p>Persoanele interesate s\u0103 contribuie cu expertiza lor la identificarea \u0219i deservirea nevoilor comunit\u0103\u021bilor locale sunt invitate s\u0103 contacteze asocia\u021bia la adresa de e-mail: <a href=\"https:\/\/liberinteleorman.ro\/cdn-cgi\/l\/email-protection#22414d4f574c4b41435047624143504354434c4341574f47464b414b0c504d\"><u><span class=\"__cf_email__\" data-cfemail=\"3c5f53514952555f5d4e597c5f5d4e5d4a5d525d5f49515958555f55124e53\">[email\u00a0protected]<\/span><\/u><\/a>.<\/p>\n<p><strong>Despre organizator<\/strong><\/p>\n<p><strong>Caravana cu Medici<\/strong> este un ONG independent \u0219i apolitic, fondat \u00een 2014. De la \u00eenfiin\u021bare, asocia\u021bia a desf\u0103\u0219urat peste <strong>300 de caravane medicale<\/strong>, \u00een cadrul c\u0103rora a oferit consulta\u021bii pentru mai mult de <strong>30.000 de pacien\u021bi<\/strong>. Organiza\u021bia a avut un rol esen\u021bial \u00een elaborarea Legii Asisten\u021bei Medicale Mobile, adoptat\u0103 \u00een 2022.<\/p>\n<\/div>\n<p>[analyse_source url=&#8221;https:\/\/liberinteleorman.ro\/conferinta-regionala-faradiabet-adevar-si-provocare-ajunge-in-alexandria\/&#8221;]<\/p>\n","protected":false},"excerpt":{"rendered":"<p>[analyse_image type=&#8221;featured&#8221; src=&#8221;https:\/\/liberinteleorman.ro\/wp-content\/uploads\/2026\/06\/img_7308-2-1024&#215;768.jpg&#8221;] Diabetul zaharat \u00een Rom\u00e2nia rural\u0103 \u2013 subiect de interes na\u021bional dezb\u0103tut de speciali\u0219tii \u00een s\u0103n\u0103tate \u0219i de reprezentan\u021bii institu\u021biilor publice din jude\u021bul Teleorman Asocia\u021bia Caravana cu Medici organizeaz\u0103 miercuri, 1 iulie 2026, \u00een Alexandria, masa rotund\u0103 regional\u0103 \u201e#F\u0103r\u0103Diabet: Adev\u0103r \u0219i Provocare \u2013 Diabetul zaharat \u00een Rom\u00e2nia rural\u0103: provoc\u0103ri, inechit\u0103\u021bi \u0219i perspective de [&hellip;]<\/p>\n","protected":false},"author":1,"featured_media":0,"comment_status":"open","ping_status":"","sticky":false,"template":"","format":"standard","meta":{"footnotes":""},"categories":[89],"tags":[226,181],"class_list":["post-2014698","post","type-post","status-publish","format-standard","hentry","category-romania","tag-crawlmanager","tag-liberinteleorman-ro"],"_links":{"self":[{"href":"https:\/\/analyse.optim.biz\/index.php?rest_route=\/wp\/v2\/posts\/2014698","targetHints":{"allow":["GET"]}}],"collection":[{"href":"https:\/\/analyse.optim.biz\/index.php?rest_route=\/wp\/v2\/posts"}],"about":[{"href":"https:\/\/analyse.optim.biz\/index.php?rest_route=\/wp\/v2\/types\/post"}],"author":[{"embeddable":true,"href":"https:\/\/analyse.optim.biz\/index.php?rest_route=\/wp\/v2\/users\/1"}],"replies":[{"embeddable":true,"href":"https:\/\/analyse.optim.biz\/index.php?rest_route=%2Fwp%2Fv2%2Fcomments&post=2014698"}],"version-history":[{"count":0,"href":"https:\/\/analyse.optim.biz\/index.php?rest_route=\/wp\/v2\/posts\/2014698\/revisions"}],"wp:attachment":[{"href":"https:\/\/analyse.optim.biz\/index.php?rest_route=%2Fwp%2Fv2%2Fmedia&parent=2014698"}],"wp:term":[{"taxonomy":"category","embeddable":true,"href":"https:\/\/analyse.optim.biz\/index.php?rest_route=%2Fwp%2Fv2%2Fcategories&post=2014698"},{"taxonomy":"post_tag","embeddable":true,"href":"https:\/\/analyse.optim.biz\/index.php?rest_route=%2Fwp%2Fv2%2Ftags&post=2014698"}],"curies":[{"name":"wp","href":"https:\/\/api.w.org\/{rel}","templated":true}]}}