{"id":2014540,"date":"2026-06-26T06:00:11","date_gmt":"2026-06-26T03:00:11","guid":{"rendered":"https:\/\/analyse.optim.biz\/?p=2014540"},"modified":"2026-06-26T06:00:11","modified_gmt":"2026-06-26T03:00:11","slug":"extinderea-retelei-de-gaze-naturale-din-municipiu-scoasa-la-licitatie-pana-la-finalul-anului-ziarul-delta","status":"publish","type":"post","link":"https:\/\/analyse.optim.biz\/?p=2014540","title":{"rendered":"Extinderea re\u0163elei de gaze naturale din municipiu, scoas\u0103 la licita\u0163ie p\u00e2n\u0103 la finalul anului &#8211; Ziarul Delta"},"content":{"rendered":"<p>[analyse_image type=&#8221;featured&#8221; src=&#8221;https:\/\/ziaruldelta.ro\/wp-content\/uploads\/2025\/12\/primarul-stefan-ilie.jpg&#8221;]<\/p>\n<article id=\"post-37205\" class=\"module single-post-module post-37205 post type-post status-publish format-standard has-post-thumbnail hentry category-stirea-zilei et-has-post-format-content et_post_format-et-post-format-standard\">\n<div class=\"post-header\">\n<h1 class=\"entry-title\">Extinderea re\u0163elei de gaze naturale din municipiu,  scoas\u0103 la licita\u0163ie p\u00e2n\u0103 la finalul anului<\/h1>\n<div class=\"post-meta vcard\">\n<p>Posted by <a href=\"https:\/\/ziaruldelta.ro\/author\/claudia-ionescu\/\" class=\"url fn\" title=\"Posts by Claudia Ionescu\" rel=\"author\">Claudia Ionescu<\/a> | <span class=\"updated\">Jun 26, 2026<\/span> | <a href=\"https:\/\/ziaruldelta.ro\/category\/stirea-zilei\/\" rel=\"tag\">Stirea Zilei<\/a> | <\/p>\n<\/div>\n<\/div>\n<div class=\"post-thumbnail header\"><img decoding=\"async\" src=\"https:\/\/ziaruldelta.ro\/wp-content\/uploads\/2025\/12\/primarul-stefan-ilie.jpg\" alt=\"Extinderea re\u0163elei de gaze naturale din municipiu,  scoas\u0103 la licita\u0163ie p\u00e2n\u0103 la finalul anului\"><\/div>\n<div class=\"post-wrap\">\n<div class=\"post-content entry-content\">\n<p>Dac\u0103 Prim\u0103ria Tulcea va semna contractul de finan\u0163are\u00a0 cu Ministerul Dezvolt\u0103rii privind extinderea re\u0163elei de gaze naturale din municipiu p\u00e2n\u0103 \u00een luna septembrie, atunci proiectul va fi scos la licita\u0163ie p\u00e2n\u0103 \u00een luna decembrie, a declarat pentru <strong>Ziarul \u201eDelta\u201d<\/strong> primarului \u015etefan Ilie. Deocamdat\u0103, s\u0103pt\u0103m\u00e2na viitoare va fi supus votului consilierilor locali un proiect de hot\u0103r\u00e2re viz\u00e2nd o actualizare a devizului general, indicatorilor tehnico-economici \u015fi cheltuielilor, aceasta fiind necesar\u0103 din cauza cre\u015fterilor de pre\u0163 din ultima perioad\u0103.<\/p>\n<blockquote>\n<p>\u201eDac\u0103 voi semna contractul de finan\u0163are p\u00e2n\u0103 \u00een luna septembrie, \u00eenseamn\u0103 c\u0103, sigur, p\u00e2n\u0103 \u00een luna decembrie vom avea scoas\u0103 la licita\u0163ie lucrarea. Reactualiz\u0103m proiectul privind extinderea re\u0163elei de gaze naturale, adic\u0103 actualiz\u0103m devizul general, indicatorii tehnico-economici, cheltuielile pe care le d\u0103m noi din bugetul local. Aceasta este ca urmare a modific\u0103rii unor cheltuieli din cauza pre\u0163urilor care au crescut, faptul c\u0103 atunci c\u00e2nd a fost f\u0103cut studiul erau alte pre\u0163uri, alte manopere, \u015fi \u00eel reactualiz\u0103m, urm\u00e2nd ca dup\u0103 ce facem aceast\u0103 reactualizare s\u0103 mergem s\u0103 \u00eencheiem contractul de finan\u0163are cu Ministerul Dezvolt\u0103rii. Este o investi\u0163ie foarte complicat\u0103\u201d, ne-a declarat \u015etefan Ilie.<\/p>\n<\/blockquote>\n<p>Edilul spune c\u0103 sper\u0103 ca investi\u0163ia s\u0103 se realizeze pe o durat\u0103 de doi ani, cu o prelungire de maxim un an.<\/p>\n<blockquote>\n<p>\u201eMul\u0163i oameni din ora\u015f m\u0103 \u00eentreab\u0103 c\u00e2nd \u00eencepem pe strada lor. Nu pot s\u0103 r\u0103spund nim\u0103nui acest lucru. Important este ca dup\u0103 licita\u0163ia de execu\u0163ie s\u0103 putem s\u0103 \u00eencepem, etapizat. De exemplu, m-a \u00eentrebat cineva c\u00e2nd vom ajunge pe strada Alexandru cel Bun. Fiind o investi\u0163ie care presupune instala\u0163ii de gaz metan cu pompe de presiune, totul se face dup\u0103 un plan. Nu putem s\u0103 punem o conduct\u0103 pe o anumit\u0103 strad\u0103 dac\u0103 p\u00e2n\u0103 la acea conduct\u0103 nu am ajuns cu instala\u0163iile tehnice la fel cum este dat \u00een proiect, proiectul fiind avizat de c\u0103tre cei \u00een domeniu. Ca un orizont de timp, sper ca investi\u0163ia s\u0103 se realizeze pe o durat\u0103 de doi ani, cu o prelungire de maxim un an, dar nu pot s\u0103 spun c\u00e2nd ajungem pe o strad\u0103\u201d, a precizat primarul.<\/p>\n<\/blockquote>\n<p>Potrivit raportului ata\u015fat proiectului de hot\u0103r\u00e2re, semnarea contractului de finan\u0163are este condi\u0163ionat\u0103 de ob\u0163inerea Autoriza\u0163iei de Construire pentru execu\u0163ia lucr\u0103rilor \u015fi implicit de ob\u0163inerea tuturor avize-lor necesare.<\/p>\n<p>Tot \u00een raport este precizat faptul c\u0103 \u00een procesul de ob\u0163inere a avizului din partea Direc\u0163iei Jude\u0163ene pentru Cultur\u0103, au intervenit constr\u00e2ngeri determinate de faptul c\u0103 o parte a amplasamentului lucr\u0103rilor se suprapune cu situl arheologic \u2013 monument istoric inclus \u00een Lista Indicativ\u0103 a Rom\u00e2niei pentru \u00eenscriere \u00een Lista Patrimoniului Mondial pozi\u0163ia 16\/38 \u2013 Frontierele Imperiului Roman \u2013 Limesul Dun\u0103rean. \u00cen acest context, Studiul de Fezabilitate a necesitat adaptarea la cerin\u0163ele impuse de statutul amplasamentului, pentru ob\u0163inerea avizului.<\/p>\n<p>Investi\u0163ia are \u00een vedere 107 str\u0103zi cu o lungime total\u0103 de 31 de kilometri, pe care se afl\u0103 peste 5.000 de imobile, 99% dintre ele fiind case.<\/p>\n<p>Lucr\u0103rile vor fi finan\u0163ate prin Programul na\u0163ional \u201eAnghel Saligny\u201d, iar contractul pentru realizarea lor, \u00een valoare total\u0103 de circa 9 milioane de euro, din care circa 3 milioane de euro\u00a0 va fi sus\u0163inut\u0103 de municipalitate, a fost semnat de Prim\u0103ria Tulcea \u00een anul 2023.<\/p>\n<\/div>\n<\/div>\n<div class=\"post-footer\">\n<div class=\"social-icons ed-social-share-icons\">\n<p class=\"share-title\">Share:<\/p>\n<\/div>\n<div class=\"rating-stars\">\n<p id=\"rate-title\" class=\"rate-title\">Rate:<\/p>\n<\/div>\n<\/div>\n<\/article>\n<div class=\"post-content entry-content\">\n<p>Dac\u0103 Prim\u0103ria Tulcea va semna contractul de finan\u0163are\u00a0 cu Ministerul Dezvolt\u0103rii privind extinderea re\u0163elei de gaze naturale din municipiu p\u00e2n\u0103 \u00een luna septembrie, atunci proiectul va fi scos la licita\u0163ie p\u00e2n\u0103 \u00een luna decembrie, a declarat pentru <strong>Ziarul \u201eDelta\u201d<\/strong> primarului \u015etefan Ilie. Deocamdat\u0103, s\u0103pt\u0103m\u00e2na viitoare va fi supus votului consilierilor locali un proiect de hot\u0103r\u00e2re viz\u00e2nd o actualizare a devizului general, indicatorilor tehnico-economici \u015fi cheltuielilor, aceasta fiind necesar\u0103 din cauza cre\u015fterilor de pre\u0163 din ultima perioad\u0103.<\/p>\n<blockquote>\n<p>\u201eDac\u0103 voi semna contractul de finan\u0163are p\u00e2n\u0103 \u00een luna septembrie, \u00eenseamn\u0103 c\u0103, sigur, p\u00e2n\u0103 \u00een luna decembrie vom avea scoas\u0103 la licita\u0163ie lucrarea. Reactualiz\u0103m proiectul privind extinderea re\u0163elei de gaze naturale, adic\u0103 actualiz\u0103m devizul general, indicatorii tehnico-economici, cheltuielile pe care le d\u0103m noi din bugetul local. Aceasta este ca urmare a modific\u0103rii unor cheltuieli din cauza pre\u0163urilor care au crescut, faptul c\u0103 atunci c\u00e2nd a fost f\u0103cut studiul erau alte pre\u0163uri, alte manopere, \u015fi \u00eel reactualiz\u0103m, urm\u00e2nd ca dup\u0103 ce facem aceast\u0103 reactualizare s\u0103 mergem s\u0103 \u00eencheiem contractul de finan\u0163are cu Ministerul Dezvolt\u0103rii. Este o investi\u0163ie foarte complicat\u0103\u201d, ne-a declarat \u015etefan Ilie.<\/p>\n<\/blockquote>\n<p>Edilul spune c\u0103 sper\u0103 ca investi\u0163ia s\u0103 se realizeze pe o durat\u0103 de doi ani, cu o prelungire de maxim un an.<\/p>\n<blockquote>\n<p>\u201eMul\u0163i oameni din ora\u015f m\u0103 \u00eentreab\u0103 c\u00e2nd \u00eencepem pe strada lor. Nu pot s\u0103 r\u0103spund nim\u0103nui acest lucru. Important este ca dup\u0103 licita\u0163ia de execu\u0163ie s\u0103 putem s\u0103 \u00eencepem, etapizat. De exemplu, m-a \u00eentrebat cineva c\u00e2nd vom ajunge pe strada Alexandru cel Bun. Fiind o investi\u0163ie care presupune instala\u0163ii de gaz metan cu pompe de presiune, totul se face dup\u0103 un plan. Nu putem s\u0103 punem o conduct\u0103 pe o anumit\u0103 strad\u0103 dac\u0103 p\u00e2n\u0103 la acea conduct\u0103 nu am ajuns cu instala\u0163iile tehnice la fel cum este dat \u00een proiect, proiectul fiind avizat de c\u0103tre cei \u00een domeniu. Ca un orizont de timp, sper ca investi\u0163ia s\u0103 se realizeze pe o durat\u0103 de doi ani, cu o prelungire de maxim un an, dar nu pot s\u0103 spun c\u00e2nd ajungem pe o strad\u0103\u201d, a precizat primarul.<\/p>\n<\/blockquote>\n<p>Potrivit raportului ata\u015fat proiectului de hot\u0103r\u00e2re, semnarea contractului de finan\u0163are este condi\u0163ionat\u0103 de ob\u0163inerea Autoriza\u0163iei de Construire pentru execu\u0163ia lucr\u0103rilor \u015fi implicit de ob\u0163inerea tuturor avize-lor necesare.<\/p>\n<p>Tot \u00een raport este precizat faptul c\u0103 \u00een procesul de ob\u0163inere a avizului din partea Direc\u0163iei Jude\u0163ene pentru Cultur\u0103, au intervenit constr\u00e2ngeri determinate de faptul c\u0103 o parte a amplasamentului lucr\u0103rilor se suprapune cu situl arheologic \u2013 monument istoric inclus \u00een Lista Indicativ\u0103 a Rom\u00e2niei pentru \u00eenscriere \u00een Lista Patrimoniului Mondial pozi\u0163ia 16\/38 \u2013 Frontierele Imperiului Roman \u2013 Limesul Dun\u0103rean. \u00cen acest context, Studiul de Fezabilitate a necesitat adaptarea la cerin\u0163ele impuse de statutul amplasamentului, pentru ob\u0163inerea avizului.<\/p>\n<p>Investi\u0163ia are \u00een vedere 107 str\u0103zi cu o lungime total\u0103 de 31 de kilometri, pe care se afl\u0103 peste 5.000 de imobile, 99% dintre ele fiind case.<\/p>\n<p>Lucr\u0103rile vor fi finan\u0163ate prin Programul na\u0163ional \u201eAnghel Saligny\u201d, iar contractul pentru realizarea lor, \u00een valoare total\u0103 de circa 9 milioane de euro, din care circa 3 milioane de euro\u00a0 va fi sus\u0163inut\u0103 de municipalitate, a fost semnat de Prim\u0103ria Tulcea \u00een anul 2023.<\/p>\n<\/div>\n<div class=\"post-content entry-content\">\n<p>Dac\u0103 Prim\u0103ria Tulcea va semna contractul de finan\u0163are\u00a0 cu Ministerul Dezvolt\u0103rii privind extinderea re\u0163elei de gaze naturale din municipiu p\u00e2n\u0103 \u00een luna septembrie, atunci proiectul va fi scos la licita\u0163ie p\u00e2n\u0103 \u00een luna decembrie, a declarat pentru <strong>Ziarul \u201eDelta\u201d<\/strong> primarului \u015etefan Ilie. Deocamdat\u0103, s\u0103pt\u0103m\u00e2na viitoare va fi supus votului consilierilor locali un proiect de hot\u0103r\u00e2re viz\u00e2nd o actualizare a devizului general, indicatorilor tehnico-economici \u015fi cheltuielilor, aceasta fiind necesar\u0103 din cauza cre\u015fterilor de pre\u0163 din ultima perioad\u0103.<\/p>\n<blockquote>\n<p>\u201eDac\u0103 voi semna contractul de finan\u0163are p\u00e2n\u0103 \u00een luna septembrie, \u00eenseamn\u0103 c\u0103, sigur, p\u00e2n\u0103 \u00een luna decembrie vom avea scoas\u0103 la licita\u0163ie lucrarea. Reactualiz\u0103m proiectul privind extinderea re\u0163elei de gaze naturale, adic\u0103 actualiz\u0103m devizul general, indicatorii tehnico-economici, cheltuielile pe care le d\u0103m noi din bugetul local. Aceasta este ca urmare a modific\u0103rii unor cheltuieli din cauza pre\u0163urilor care au crescut, faptul c\u0103 atunci c\u00e2nd a fost f\u0103cut studiul erau alte pre\u0163uri, alte manopere, \u015fi \u00eel reactualiz\u0103m, urm\u00e2nd ca dup\u0103 ce facem aceast\u0103 reactualizare s\u0103 mergem s\u0103 \u00eencheiem contractul de finan\u0163are cu Ministerul Dezvolt\u0103rii. Este o investi\u0163ie foarte complicat\u0103\u201d, ne-a declarat \u015etefan Ilie.<\/p>\n<\/blockquote>\n<p>Edilul spune c\u0103 sper\u0103 ca investi\u0163ia s\u0103 se realizeze pe o durat\u0103 de doi ani, cu o prelungire de maxim un an.<\/p>\n<blockquote>\n<p>\u201eMul\u0163i oameni din ora\u015f m\u0103 \u00eentreab\u0103 c\u00e2nd \u00eencepem pe strada lor. Nu pot s\u0103 r\u0103spund nim\u0103nui acest lucru. Important este ca dup\u0103 licita\u0163ia de execu\u0163ie s\u0103 putem s\u0103 \u00eencepem, etapizat. De exemplu, m-a \u00eentrebat cineva c\u00e2nd vom ajunge pe strada Alexandru cel Bun. Fiind o investi\u0163ie care presupune instala\u0163ii de gaz metan cu pompe de presiune, totul se face dup\u0103 un plan. Nu putem s\u0103 punem o conduct\u0103 pe o anumit\u0103 strad\u0103 dac\u0103 p\u00e2n\u0103 la acea conduct\u0103 nu am ajuns cu instala\u0163iile tehnice la fel cum este dat \u00een proiect, proiectul fiind avizat de c\u0103tre cei \u00een domeniu. Ca un orizont de timp, sper ca investi\u0163ia s\u0103 se realizeze pe o durat\u0103 de doi ani, cu o prelungire de maxim un an, dar nu pot s\u0103 spun c\u00e2nd ajungem pe o strad\u0103\u201d, a precizat primarul.<\/p>\n<\/blockquote>\n<p>Potrivit raportului ata\u015fat proiectului de hot\u0103r\u00e2re, semnarea contractului de finan\u0163are este condi\u0163ionat\u0103 de ob\u0163inerea Autoriza\u0163iei de Construire pentru execu\u0163ia lucr\u0103rilor \u015fi implicit de ob\u0163inerea tuturor avize-lor necesare.<\/p>\n<p>Tot \u00een raport este precizat faptul c\u0103 \u00een procesul de ob\u0163inere a avizului din partea Direc\u0163iei Jude\u0163ene pentru Cultur\u0103, au intervenit constr\u00e2ngeri determinate de faptul c\u0103 o parte a amplasamentului lucr\u0103rilor se suprapune cu situl arheologic \u2013 monument istoric inclus \u00een Lista Indicativ\u0103 a Rom\u00e2niei pentru \u00eenscriere \u00een Lista Patrimoniului Mondial pozi\u0163ia 16\/38 \u2013 Frontierele Imperiului Roman \u2013 Limesul Dun\u0103rean. \u00cen acest context, Studiul de Fezabilitate a necesitat adaptarea la cerin\u0163ele impuse de statutul amplasamentului, pentru ob\u0163inerea avizului.<\/p>\n<p>Investi\u0163ia are \u00een vedere 107 str\u0103zi cu o lungime total\u0103 de 31 de kilometri, pe care se afl\u0103 peste 5.000 de imobile, 99% dintre ele fiind case.<\/p>\n<p>Lucr\u0103rile vor fi finan\u0163ate prin Programul na\u0163ional \u201eAnghel Saligny\u201d, iar contractul pentru realizarea lor, \u00een valoare total\u0103 de circa 9 milioane de euro, din care circa 3 milioane de euro\u00a0 va fi sus\u0163inut\u0103 de municipalitate, a fost semnat de Prim\u0103ria Tulcea \u00een anul 2023.<\/p>\n<\/div>\n<p>[analyse_source url=&#8221;https:\/\/ziaruldelta.ro\/2026\/06\/26\/extinderea-retelei-de-gaze-naturale-din-municipiu-scoasa-la-licitatie-pana-la-finalul-anului\/&#8221;]<\/p>\n","protected":false},"excerpt":{"rendered":"<p>[analyse_image type=&#8221;featured&#8221; src=&#8221;https:\/\/ziaruldelta.ro\/wp-content\/uploads\/2025\/12\/primarul-stefan-ilie.jpg&#8221;] Extinderea re\u0163elei de gaze naturale din municipiu, scoas\u0103 la licita\u0163ie p\u00e2n\u0103 la finalul anului Posted by Claudia Ionescu | Jun 26, 2026 | Stirea Zilei | Dac\u0103 Prim\u0103ria Tulcea va semna contractul de finan\u0163are\u00a0 cu Ministerul Dezvolt\u0103rii privind extinderea re\u0163elei de gaze naturale din municipiu p\u00e2n\u0103 \u00een luna septembrie, atunci proiectul va [&hellip;]<\/p>\n","protected":false},"author":1,"featured_media":0,"comment_status":"open","ping_status":"","sticky":false,"template":"","format":"standard","meta":{"footnotes":""},"categories":[89],"tags":[226,206],"class_list":["post-2014540","post","type-post","status-publish","format-standard","hentry","category-romania","tag-crawlmanager","tag-ziaruldelta-ro"],"_links":{"self":[{"href":"https:\/\/analyse.optim.biz\/index.php?rest_route=\/wp\/v2\/posts\/2014540","targetHints":{"allow":["GET"]}}],"collection":[{"href":"https:\/\/analyse.optim.biz\/index.php?rest_route=\/wp\/v2\/posts"}],"about":[{"href":"https:\/\/analyse.optim.biz\/index.php?rest_route=\/wp\/v2\/types\/post"}],"author":[{"embeddable":true,"href":"https:\/\/analyse.optim.biz\/index.php?rest_route=\/wp\/v2\/users\/1"}],"replies":[{"embeddable":true,"href":"https:\/\/analyse.optim.biz\/index.php?rest_route=%2Fwp%2Fv2%2Fcomments&post=2014540"}],"version-history":[{"count":0,"href":"https:\/\/analyse.optim.biz\/index.php?rest_route=\/wp\/v2\/posts\/2014540\/revisions"}],"wp:attachment":[{"href":"https:\/\/analyse.optim.biz\/index.php?rest_route=%2Fwp%2Fv2%2Fmedia&parent=2014540"}],"wp:term":[{"taxonomy":"category","embeddable":true,"href":"https:\/\/analyse.optim.biz\/index.php?rest_route=%2Fwp%2Fv2%2Fcategories&post=2014540"},{"taxonomy":"post_tag","embeddable":true,"href":"https:\/\/analyse.optim.biz\/index.php?rest_route=%2Fwp%2Fv2%2Ftags&post=2014540"}],"curies":[{"name":"wp","href":"https:\/\/api.w.org\/{rel}","templated":true}]}}