{"id":2014492,"date":"2026-06-27T15:32:36","date_gmt":"2026-06-27T12:32:36","guid":{"rendered":"https:\/\/analyse.optim.biz\/?p=2014492"},"modified":"2026-06-27T15:32:36","modified_gmt":"2026-06-27T12:32:36","slug":"de-pe-varfuri-ale-buzaului-se-vede-panorama-campiei-romane","status":"publish","type":"post","link":"https:\/\/analyse.optim.biz\/?p=2014492","title":{"rendered":"De pe v\u00e2rfuri ale Buz\u0103ului se vede panorama C\u00e2mpiei Rom\u00e2ne"},"content":{"rendered":"<p>[analyse_image type=&#8221;featured&#8221; src=&#8221;https:\/\/buzaulinreportaje.ro\/wp-content\/uploads\/2026\/06\/Naeni-Plesi.jpghttps:\/\/buzaulinreportaje.ro\/wp-content\/uploads\/2026\/06\/Naeni-Plesi.jpg&#8221;]<\/p>\n<div class=\"entry-content herald-entry-content\">\n<p class=\"has-large-font-size wp-block-paragraph\">Cople\u0219itor de frumos este jude\u021bul Buz\u0103u! Poate c\u0103, nu degeaba a fost desenat de divinitate fix la Curbura Carpa\u021bilor, \u00eentocmai ca s\u0103-\u0219i poat\u0103 arcui frumuse\u021bi aparte, pe altele s\u0103 le ascund\u0103 \u00een chilii s\u0103pate \u00een piatr\u0103, iar altora s\u0103 le z\u0103vorasc\u0103 pe veci minun\u0103\u021bia sub \u021ainutul S\u0103rii cu 17 pe\u0219teri at\u00e2t de pu\u021bin cunoscute p\u00e2n\u0103 \u0219i speologilor. <\/p>\n<figure class=\"wp-block-image size-large\"><img loading=\"lazy\" decoding=\"async\" width=\"768\" height=\"1024\" src=\"https:\/\/buzaulinreportaje.ro\/wp-content\/uploads\/2026\/06\/Naeni-coplesitor-768x1024.jpg\" alt class=\"wp-image-28547\"><\/figure>\n<p class=\"has-large-font-size wp-block-paragraph\">Lacrimi s\u0103rate \u00eei curg peste tot jude\u021bului, \u00eens\u0103 oaze dulci precum Lacul Meledic izb\u00e2ndesc s\u0103 apar\u0103 \u00eentre pov\u00e2rni\u0219uri cu pove\u0219ti scrise pe fil\u0103 de carte de Alexandru Vlahu\u021b\u0103, Calistrat Hoga\u0219, dar \u0219i de Basil Iorguescu \u00een 1892, \u00een celebrul s\u0103u dic\u021bionar. Cuvintele redescoperitorului frumuse\u021bilor jude\u021bului Buz\u0103u p\u0103lesc \u00een fa\u021ba m\u0103re\u021biei naturii care ast\u0103zi a fost at\u00e2t de minunat\u0103!<\/p>\n<figure class=\"wp-block-gallery has-nested-images columns-default is-cropped wp-block-gallery-1 is-layout-flex wp-block-gallery-is-layout-flex\">\n<figure class=\"wp-block-image size-large\"><img decoding=\"async\" loading=\"lazy\" width=\"1024\" height=\"577\" src=\"https:\/\/buzaulinreportaje.ro\/wp-content\/uploads\/2026\/06\/Plesi-11-1024x577.jpeg\" alt class=\"wp-image-28545\"><\/figure>\n<\/figure>\n<p class=\"has-large-font-size wp-block-paragraph\">Ne-a\u021bi scris public sau \u00een privat \u0219i ne-a\u021bi spus de unde, din jude\u021bul Buz\u0103u pute\u021bi admira panorama lin\u0103 a C\u00e2mpiei Rom\u00e2ne. Apreciem opinia cititorului nostru <a href=\"https:\/\/www.facebook.com\/groups\/1313269402369020\/user\/100009188822987\">Ionel Vlad <\/a>care ne \u00eenso\u021be\u0219te pove\u0219tile \u00eenc\u0103 de la \u00eenceputul ziarului<a href=\"https:\/\/buzaulinreportaje.ro\/\"> www.buzaulinreportaje.ro<\/a>. Acesta ne spune c\u0103 de pe V\u00e2rful Nego\u0219ina, situat la 640 de metri \u00een\u0103l\u021bime \u00een comuna C\u0103ne\u0219ti, zon\u0103 component\u0103 \u0219i ea a Geoparcului Interna\u021bional UNESCO \u021ainutul Buz\u0103ului, se vede c\u00e2mpia m\u0103noas\u0103 ce se a\u0219terne la picioarele \u021b\u0103rii, \u0219i am citat parc\u0103 b\u0103tr\u00e2nul dasc\u0103l care ne preda prin ultima clas\u0103 de \u00eenv\u0103\u021b\u0103m\u00e2nt primar formele de relief ale Rom\u00e2niei. Tcomai de aceea, folosim o fotografie din arhiva lui Ionel Vald desigur, din mediul de socializare.<\/p>\n<div class=\"wp-block-image\">\n<figure class=\"aligncenter size-large\"><img decoding=\"async\" loading=\"lazy\" width=\"674\" height=\"1024\" src=\"https:\/\/buzaulinreportaje.ro\/wp-content\/uploads\/2026\/06\/Canesti-I-Vlad-674x1024.jpg\" alt class=\"wp-image-28548\"><\/figure>\n<\/div>\n<p class=\"has-large-font-size wp-block-paragraph\"><a href=\"https:\/\/www.facebook.com\/profile.php?id=61567132856538\">R\u0103ducu Marinescu <\/a>din comuna Bisoca, tot un cititori \u00eenveterat al ziarului, cu aport \u00een realizarea unui <a href=\"https:\/\/buzaulinreportaje.ro\/prunele-de-bisoca-si-o-marca-neinregistrata\/\">reportaj document<\/a> despre prunele din satul acesta minunat de munte, ne indic\u0103 drept punct bun de vizionare a imensei C\u00e2mpii Rom\u00e2ne arealul releului din comuna ce asigur\u0103 grani\u021ba de nord-est a Geoparcului Interna\u021bional UNESCO \u021aintul Buz\u0103ului, manageriat de Asocia\u021bia de Dezvoltare Intercomunitar\u0103 \u021ainutul Buz\u0103ului, dezvoltat \u0219tiin\u021bific de Asocia\u021bia \u021ainutul Buz\u0103ului \u0219i finan\u021bat de Consiliul Jude\u021bean Buz\u0103u. <\/p>\n<div class=\"wp-block-image\">\n<figure class=\"aligncenter size-large\"><img decoding=\"async\" loading=\"lazy\" width=\"1024\" height=\"577\" src=\"https:\/\/buzaulinreportaje.ro\/wp-content\/uploads\/2026\/06\/Plesi-12-1024x577.jpeg\" alt class=\"wp-image-28549\"><\/figure>\n<\/div>\n<p class=\"has-large-font-size wp-block-paragraph\">A intuit el, R\u0103ducu Marinescu c\u0103 azi urc\u0103m \u0219i la propriu \u0219i din condei \u00een patria ciobanului Bucur! A\u0219a dor ne-a fost de muntenii no\u0219tri, \u00eenc\u00e2t nici ursul nu ne \u00eempiedic\u0103 s\u0103 urc\u0103m spre piscurile \u00eembr\u0103cate \u00een nuan\u021be de verde poten\u021bate de soarele deplin de iunie!<\/p>\n<figure class=\"wp-block-gallery has-nested-images columns-default is-cropped wp-block-gallery-2 is-layout-flex wp-block-gallery-is-layout-flex\">\n<figure class=\"wp-block-image size-large\"><img decoding=\"async\" loading=\"lazy\" width=\"1024\" height=\"577\" src=\"https:\/\/buzaulinreportaje.ro\/wp-content\/uploads\/2026\/06\/Plesi-7-1024x577.jpeg\" alt class=\"wp-image-28551\"><\/figure>\n<figure class=\"wp-block-image size-large\"><img decoding=\"async\" loading=\"lazy\" width=\"1024\" height=\"683\" src=\"https:\/\/buzaulinreportaje.ro\/wp-content\/uploads\/2026\/06\/Zona-Bisoca-1024x683.jpg\" alt class=\"wp-image-28550\"><\/figure>\n<figure class=\"wp-block-image size-large\"><img decoding=\"async\" loading=\"lazy\" width=\"1024\" height=\"577\" src=\"https:\/\/buzaulinreportaje.ro\/wp-content\/uploads\/2026\/06\/Plesi-10-1024x577.jpeg\" alt class=\"wp-image-28552\"><\/figure>\n<\/figure>\n<p class=\"has-large-font-size wp-block-paragraph\">\u021ainta noastr\u0103 e azi Ple\u0219iul, satul fabulos de pe grani\u021ba jude\u021bului Buz\u0103u cu Vrancea, alt teritoriu binecuv\u00e2ntat cu frumuse\u021bi naturale.<\/p>\n<figure class=\"wp-block-gallery has-nested-images columns-default is-cropped wp-block-gallery-3 is-layout-flex wp-block-gallery-is-layout-flex\">\n<figure class=\"wp-block-image size-large\"><img decoding=\"async\" loading=\"lazy\" width=\"1024\" height=\"577\" src=\"https:\/\/buzaulinreportaje.ro\/wp-content\/uploads\/2026\/06\/Plesi-7-1-1024x577.jpeg\" alt class=\"wp-image-28553\"><\/figure>\n<figure class=\"wp-block-image size-large\"><img decoding=\"async\" loading=\"lazy\" width=\"1024\" height=\"577\" src=\"https:\/\/buzaulinreportaje.ro\/wp-content\/uploads\/2026\/06\/Plesi-5-1024x577.jpeg\" alt class=\"wp-image-28554\"><\/figure>\n<figure class=\"wp-block-image size-large\"><img decoding=\"async\" loading=\"lazy\" width=\"1024\" height=\"577\" src=\"https:\/\/buzaulinreportaje.ro\/wp-content\/uploads\/2026\/06\/Plesi-3-1024x577.jpeg\" alt class=\"wp-image-28555\"><\/figure>\n<\/figure>\n<p class=\"has-large-font-size wp-block-paragraph\">De aici, de pe v\u00e2rful montan cel mai \u00eenalt, tot \u00een zi cu cer c\u00e2t mai senin se vede limpede C\u00e2mpia Rom\u00e2n\u0103, iar Balta Alb\u0103 se vede fix cu luciu de ap\u0103 cu tot. <\/p>\n<figure class=\"wp-block-gallery has-nested-images columns-default is-cropped wp-block-gallery-4 is-layout-flex wp-block-gallery-is-layout-flex\">\n<figure class=\"wp-block-image size-large\"><img decoding=\"async\" loading=\"lazy\" width=\"1024\" height=\"577\" src=\"https:\/\/buzaulinreportaje.ro\/wp-content\/uploads\/2026\/06\/Plesi-15-1024x577.jpeg\" alt class=\"wp-image-28556\"><\/figure>\n<\/figure>\n<p class=\"has-large-font-size wp-block-paragraph\">La Ple\u0219i \u0219i-a f\u0103cut cuib \u0219i Dumnezeu \u00een sufletul celor c\u00e2torva sute de localnici, dar \u0219i o sum\u0103 nedescoperit\u0103 de frumuse\u021bi naturale, iar ursul d\u0103 \u0219i trei atacuri pe zi.<\/p>\n<figure class=\"wp-block-gallery has-nested-images columns-default is-cropped wp-block-gallery-5 is-layout-flex wp-block-gallery-is-layout-flex\">\n<figure class=\"wp-block-image size-large\"><img decoding=\"async\" loading=\"lazy\" width=\"1024\" height=\"577\" src=\"https:\/\/buzaulinreportaje.ro\/wp-content\/uploads\/2026\/06\/Plesi-16-1-1024x577.jpeg\" alt class=\"wp-image-28558\"><\/figure>\n<figure class=\"wp-block-image size-large\"><img decoding=\"async\" loading=\"lazy\" width=\"1024\" height=\"577\" src=\"https:\/\/buzaulinreportaje.ro\/wp-content\/uploads\/2026\/06\/Plesi-14-1024x577.jpeg\" alt class=\"wp-image-28559\"><\/figure>\n<\/figure>\n<p class=\"has-large-font-size wp-block-paragraph\">A cobor\u00e2t norul \u0219i a udat bine tare din nou p\u0103m\u00e2ntul Bisocii. Am l\u0103sat \u00een urm\u0103 un sat ce geme de at\u00e2ta pace!<\/p>\n<figure class=\"wp-block-gallery has-nested-images columns-default is-cropped wp-block-gallery-6 is-layout-flex wp-block-gallery-is-layout-flex\">\n<figure class=\"wp-block-image size-large\"><img decoding=\"async\" loading=\"lazy\" width=\"1024\" height=\"577\" src=\"https:\/\/buzaulinreportaje.ro\/wp-content\/uploads\/2026\/06\/Plesi-2-1024x577.jpeg\" alt class=\"wp-image-28561\"><\/figure>\n<figure class=\"wp-block-image size-large\"><img decoding=\"async\" loading=\"lazy\" width=\"1024\" height=\"576\" src=\"https:\/\/buzaulinreportaje.ro\/wp-content\/uploads\/2026\/06\/Plesi1--1024x576.jpeg\" alt class=\"wp-image-28560\"><\/figure>\n<\/figure>\n<p class=\"has-large-font-size wp-block-paragraph\">Un alt loc din care vedem C\u00e2mpia Rom\u00e2n\u0103 descoperit \u00een jude\u021bul Buz\u0103u. Cobor\u00e2m spre ora\u0219 \u0219i apuc\u0103m drumul na\u021bional ce intr\u0103 piepti\u0219 tocmai \u00een ora\u0219ul Ploie\u0219ti. Noi ne oprim pa\u0219ii pe culmile \u021ainutului Calcarului, la N\u0103eni. De aici a fost scoas\u0103, cu ajutorului pietrarilor numi\u021bi Apostol,  piatr\u0103 alb\u0103 cochilifer\u0103 pentru a \u00eembr\u0103ca toate coloanele de la Palatul Parlamentului. Copiii dumneavoastr\u0103 ar putea primi lec\u021bii pre\u021bioase de geografie, istorie \u0219i biologie chiar \u00een fa\u021ba Bisericii, c\u0103ci pietrele albe \u00eembrac\u0103 tot locul.<\/p>\n<figure class=\"wp-block-gallery has-nested-images columns-default is-cropped wp-block-gallery-7 is-layout-flex wp-block-gallery-is-layout-flex\">\n<figure class=\"wp-block-image size-large\"><img decoding=\"async\" loading=\"lazy\" width=\"768\" height=\"1024\" src=\"https:\/\/buzaulinreportaje.ro\/wp-content\/uploads\/2026\/06\/Naeni-4-768x1024.jpg\" alt class=\"wp-image-28564\"><\/figure>\n<\/figure>\n<p class=\"has-large-font-size wp-block-paragraph\">\u0218i tot aici sunt primele zece morminte dacice de copii de la Dun\u0103re \u0219i p\u00e2n\u0103 la Curbura Carpa\u021bilor. \u0218i tab\u0103r\u0103 de sculptur\u0103 \u00een aer liber este aici, dar \u0219i Biserica Dintr-o Piatr\u0103 st\u0103 semea\u021b\u0103 pe culmea cea mai \u00eenalt\u0103 a N\u0103eniului.<\/p>\n<figure class=\"wp-block-gallery has-nested-images columns-default is-cropped wp-block-gallery-8 is-layout-flex wp-block-gallery-is-layout-flex\">\n<figure class=\"wp-block-image size-large\"><img decoding=\"async\" loading=\"lazy\" width=\"1024\" height=\"473\" src=\"https:\/\/buzaulinreportaje.ro\/wp-content\/uploads\/2026\/06\/Naeni-Biserica-1024x473.jpg\" alt class=\"wp-image-28562\"><\/figure>\n<\/figure>\n<p class=\"has-large-font-size wp-block-paragraph\">N\u0103eni este un \u021binut aparte spre care a\u021bi putea merge \u00een acest weekend. De aici, din fa\u021ba Bisericii Dintr-o Piatr\u0103 se vede c\u00e2nd e senin toat\u0103 C\u00e2mpia Rom\u00e2n\u0103, spun oamenii locului, fascina\u021bi c\u0103 turi\u0219tii au \u00eenceput s\u0103 urce la pas p\u00e2n\u0103 pe culmile bogate \u00een calcar. <\/p>\n<figure class=\"wp-block-image size-large\"><img decoding=\"async\" loading=\"lazy\" width=\"1024\" height=\"473\" src=\"https:\/\/buzaulinreportaje.ro\/wp-content\/uploads\/2026\/06\/Naeni-tabara-1024x473.jpg\" alt class=\"wp-image-28565\"><\/figure>\n<p class=\"has-large-font-size wp-block-paragraph\">Nu uita\u021bi c\u0103 jude\u021bul Buz\u0103u este un cuf\u0103r mare din care vom scoate pe r\u00e2nd, \u0219i nu am uitat povestea promis\u0103 \u00een acest <a href=\"https:\/\/buzaulinreportaje.ro\/lacul-lepadatu-oaza-de-liniste-ascunsa-in-tinutul-buzaului\/\">REPORTAJ<\/a> , c\u00e2te o scurt\u0103 povestire. Azi at\u00e2t! \u00cen suflet r\u0103m\u00e2ne verdele \u00een sute de tonuri de la Ple\u0219i \u0219i m\u0103re\u021bia de pe culmile N\u0103eniului!<\/p>\n<div class=\"meta-tags\"><span>etichete<\/span><a href=\"https:\/\/buzaulinreportaje.ro\/tag\/biserica-dintr-o-piatra\/\" rel=\"tag\">Biserica Dintr-o Piatr\u0103<\/a><a href=\"https:\/\/buzaulinreportaje.ro\/tag\/bisoca\/\" rel=\"tag\">Bisoca<\/a><a href=\"https:\/\/buzaulinreportaje.ro\/tag\/naeni-2\/\" rel=\"tag\">N\u0103eni<\/a><a href=\"https:\/\/buzaulinreportaje.ro\/tag\/piatra-alba\/\" rel=\"tag\">piatra alba<\/a><a href=\"https:\/\/buzaulinreportaje.ro\/tag\/plesi\/\" rel=\"tag\">Plesi<\/a><a href=\"https:\/\/buzaulinreportaje.ro\/tag\/tinutul-calcarului\/\" rel=\"tag\">\u021ainutul Calcarului<\/a><\/div>\n<div class=\"herald-share-content\">\n<div class=\"meks_ess layout-5-1 transparent no-labels solid\"><a href=\"https:\/\/buzaulinreportaje.ro\/de-pe-varfuri-ale-buzaului-se-vede-panorama-campiei-romane\/\" class=\"meks_ess-item socicon-facebook\" data-url=\"http:\/\/www.facebook.com\/sharer\/sharer.php?u=https%3A%2F%2Fbuzaulinreportaje.ro%2Fde-pe-varfuri-ale-buzaului-se-vede-panorama-campiei-romane%2F&amp;t=De%20pe%20v%C3%A2rfuri%20ale%20Buz%C4%83ului%20se%20vede%20panorama%20C%C3%A2mpiei%20Rom%C3%A2ne\"><span>Facebook<\/span><\/a><a href=\"https:\/\/api.whatsapp.com\/send?text=De%20pe%20v%C3%A2rfuri%20ale%20Buz%C4%83ului%20se%20vede%20panorama%20C%C3%A2mpiei%20Rom%C3%A2ne%20https%3A%2F%2Fbuzaulinreportaje.ro%2Fde-pe-varfuri-ale-buzaului-se-vede-panorama-campiei-romane%2F\" class=\"meks_ess-item socicon-whatsapp prevent-share-popup\"><span>WhatsApp<\/span><\/a><a href=\"https:\/\/buzaulinreportaje.ro\/de-pe-varfuri-ale-buzaului-se-vede-panorama-campiei-romane\/\" class=\"meks_ess-item socicon-twitter\" data-url=\"http:\/\/twitter.com\/intent\/tweet?url=https%3A%2F%2Fbuzaulinreportaje.ro%2Fde-pe-varfuri-ale-buzaului-se-vede-panorama-campiei-romane%2F&amp;text=De%20pe%20v%C3%A2rfuri%20ale%20Buz%C4%83ului%20se%20vede%20panorama%20C%C3%A2mpiei%20Rom%C3%A2ne\"><span>X<\/span><\/a><\/div>\n<\/div>\n<\/div>\n<p>[analyse_source url=&#8221;https:\/\/buzaulinreportaje.ro\/de-pe-varfuri-ale-buzaului-se-vede-panorama-campiei-romane\/&#8221;]<\/p>\n","protected":false},"excerpt":{"rendered":"<p>[analyse_image type=&#8221;featured&#8221; src=&#8221;https:\/\/buzaulinreportaje.ro\/wp-content\/uploads\/2026\/06\/Naeni-Plesi.jpghttps:\/\/buzaulinreportaje.ro\/wp-content\/uploads\/2026\/06\/Naeni-Plesi.jpg&#8221;] Cople\u0219itor de frumos este jude\u021bul Buz\u0103u! Poate c\u0103, nu degeaba a fost desenat de divinitate fix la Curbura Carpa\u021bilor, \u00eentocmai ca s\u0103-\u0219i poat\u0103 arcui frumuse\u021bi aparte, pe altele s\u0103 le ascund\u0103 \u00een chilii s\u0103pate \u00een piatr\u0103, iar altora s\u0103 le z\u0103vorasc\u0103 pe veci minun\u0103\u021bia sub \u021ainutul S\u0103rii cu 17 pe\u0219teri at\u00e2t de [&hellip;]<\/p>\n","protected":false},"author":1,"featured_media":0,"comment_status":"open","ping_status":"","sticky":false,"template":"","format":"standard","meta":{"footnotes":""},"categories":[2],"tags":[59,226],"class_list":["post-2014492","post","type-post","status-publish","format-standard","hentry","category-politics","tag-buzaulinreportaje-ro","tag-crawlmanager"],"_links":{"self":[{"href":"https:\/\/analyse.optim.biz\/index.php?rest_route=\/wp\/v2\/posts\/2014492","targetHints":{"allow":["GET"]}}],"collection":[{"href":"https:\/\/analyse.optim.biz\/index.php?rest_route=\/wp\/v2\/posts"}],"about":[{"href":"https:\/\/analyse.optim.biz\/index.php?rest_route=\/wp\/v2\/types\/post"}],"author":[{"embeddable":true,"href":"https:\/\/analyse.optim.biz\/index.php?rest_route=\/wp\/v2\/users\/1"}],"replies":[{"embeddable":true,"href":"https:\/\/analyse.optim.biz\/index.php?rest_route=%2Fwp%2Fv2%2Fcomments&post=2014492"}],"version-history":[{"count":0,"href":"https:\/\/analyse.optim.biz\/index.php?rest_route=\/wp\/v2\/posts\/2014492\/revisions"}],"wp:attachment":[{"href":"https:\/\/analyse.optim.biz\/index.php?rest_route=%2Fwp%2Fv2%2Fmedia&parent=2014492"}],"wp:term":[{"taxonomy":"category","embeddable":true,"href":"https:\/\/analyse.optim.biz\/index.php?rest_route=%2Fwp%2Fv2%2Fcategories&post=2014492"},{"taxonomy":"post_tag","embeddable":true,"href":"https:\/\/analyse.optim.biz\/index.php?rest_route=%2Fwp%2Fv2%2Ftags&post=2014492"}],"curies":[{"name":"wp","href":"https:\/\/api.w.org\/{rel}","templated":true}]}}