{"id":201431,"date":"2014-07-03T14:02:14","date_gmt":"2014-07-03T11:02:14","guid":{"rendered":"https:\/\/analyse.optim.biz\/?p=201431"},"modified":"2014-07-03T14:02:14","modified_gmt":"2014-07-03T11:02:14","slug":"robert-negoita-si-sebastian-ghita-s-au-impacat-primarul-sectorului-3-si-a-retras-plangerea","status":"publish","type":"post","link":"https:\/\/analyse.optim.biz\/?p=201431","title":{"rendered":"Robert Negoi\u021b\u0103 \u0219i Sebastian Ghi\u021b\u0103 s-au \u00eemp\u0103cat. Primarul Sectorului 3 \u0219i-a retras pl\u00e2ngerea"},"content":{"rendered":"<div class=\"entry data-app-meta data-app-meta-article\" data-embed-base-url-canonical=\"https:\/\/www.digi24.ro\/embed\/stiri\/actualitate\/politica\/robert-negoita-si-sebastian-ghita-s-au-impacat-primarul-sectorului-3-si-a-retras-plangerea-264437\">\n<p data-index=\"1\">\u201eAve\u021bi \u00eencredere c\u0103 avem maturitatea necesar\u0103 s\u0103 rezolv\u0103m toate problemele\u201d, a spus <strong>Robert Negoi\u021b\u0103<\/strong>, confirm\u00e2nd c\u0103 va renun\u021ba la pl\u00e2ngerea \u00eempotriva lui <strong>Sebastian Ghi\u021b\u0103<\/strong>.<\/p>\n<p data-index=\"2\">\u00cen urm\u0103 cu dou\u0103 luni, edilul<a href=\"https:\/\/www.digi24.ro\/Stiri\/Digi24\/Actualitate\/Justitie\/Amenintari+cu+moartea+intrei+doi+lideri+ai+PSD+Sebastian+Ghita+r\" target=\"_blank\" data-skip-linkfix=\"1\" rel=\"noopener\"> \u00eel reclama \u00eens\u0103 pe Sebastian Ghi\u0163\u0103<\/a> la Parchetul General.<\/p>\n<p data-index=\"3\">\u201e<span>Am o pl\u00e2ngere penal\u0103 \u00eempotriva numitului Sebastian Ghi\u0163\u0103, deputat, care, acum o s\u0103pt\u0103m\u00e2n\u0103, m-a sunat \u015fi m-a amenin\u0163at la telefon, \u00eentr-un mod josnic \u015fi ru\u015finos (&#8230;) M-a amenin\u0163at inclusiv cu moartea\u201d, spunea el \u00een 13 mai. <\/span><\/p>\n<p data-index=\"4\">Anun\u0163ul era f\u0103cut de edil chiar de pe treptele <strong>Parchetului General<\/strong>, acolo unde a mers pentru a depune pl\u00e2ngerea pe numele colegului de partid.<\/p>\n<p data-index=\"5\">\u201eMi-a spus: te termin, ai intrat pe m\u00e2na mea, o s\u0103 te termin, mori de m\u00e2na mea, nu o s\u0103 te las!\u201d, mai spunea Robert Negoi\u021b\u0103.<\/p>\n<p data-index=\"6\">Totul ar fi pornit de la ni\u015fte discu\u0163ii aprinse \u00eentre cei doi cu privire la atribuirea unor contracte. Deputatul PSD a respins acuza\u0163iile colegului de partid.<\/p>\n<p data-index=\"7\">\u201eNu am mai vorbit cu domnul Negoi\u0163\u0103, nici direct \u015fi nici la telefon, de foarte multe zile. Nu am avut niciodat\u0103 leg\u0103turi de nici un fel. Ori a visat ur\u00e2t, ori l-a p\u0103c\u0103lit cineva la telefon\u201d, afirma el.<\/p>\n<p data-index=\"8\">Potrivit legii, dac\u0103 amenin\u0163\u0103rile au fost retrase, dosarul de amenin\u0163are se va \u00eenchide.\u00a0<\/p>\n<\/div>\n<p> Source URL: https:\/\/www.digi24.ro\/stiri\/actualitate\/politica\/robert-negoita-si-sebastian-ghita-s-au-impacat-primarul-sectorului-3-si-a-retras-plangerea-264437<\/p>\n","protected":false},"excerpt":{"rendered":"<p>\u201eAve\u021bi \u00eencredere c\u0103 avem maturitatea necesar\u0103 s\u0103 rezolv\u0103m toate problemele\u201d, a spus Robert Negoi\u021b\u0103, confirm\u00e2nd c\u0103 va renun\u021ba la pl\u00e2ngerea \u00eempotriva lui Sebastian Ghi\u021b\u0103. \u00cen urm\u0103 cu dou\u0103 luni, edilul \u00eel reclama \u00eens\u0103 pe Sebastian Ghi\u0163\u0103 la Parchetul General. \u201eAm o pl\u00e2ngere penal\u0103 \u00eempotriva numitului Sebastian Ghi\u0163\u0103, deputat, care, acum o s\u0103pt\u0103m\u00e2n\u0103, m-a sunat \u015fi [&hellip;]<\/p>\n","protected":false},"author":1,"featured_media":201432,"comment_status":"open","ping_status":"","sticky":false,"template":"","format":"standard","meta":{"footnotes":""},"categories":[2],"tags":[11],"class_list":["post-201431","post","type-post","status-publish","format-standard","has-post-thumbnail","hentry","category-politics","tag-digi24"],"_links":{"self":[{"href":"https:\/\/analyse.optim.biz\/index.php?rest_route=\/wp\/v2\/posts\/201431","targetHints":{"allow":["GET"]}}],"collection":[{"href":"https:\/\/analyse.optim.biz\/index.php?rest_route=\/wp\/v2\/posts"}],"about":[{"href":"https:\/\/analyse.optim.biz\/index.php?rest_route=\/wp\/v2\/types\/post"}],"author":[{"embeddable":true,"href":"https:\/\/analyse.optim.biz\/index.php?rest_route=\/wp\/v2\/users\/1"}],"replies":[{"embeddable":true,"href":"https:\/\/analyse.optim.biz\/index.php?rest_route=%2Fwp%2Fv2%2Fcomments&post=201431"}],"version-history":[{"count":0,"href":"https:\/\/analyse.optim.biz\/index.php?rest_route=\/wp\/v2\/posts\/201431\/revisions"}],"wp:featuredmedia":[{"embeddable":true,"href":"https:\/\/analyse.optim.biz\/index.php?rest_route=\/wp\/v2\/media\/201432"}],"wp:attachment":[{"href":"https:\/\/analyse.optim.biz\/index.php?rest_route=%2Fwp%2Fv2%2Fmedia&parent=201431"}],"wp:term":[{"taxonomy":"category","embeddable":true,"href":"https:\/\/analyse.optim.biz\/index.php?rest_route=%2Fwp%2Fv2%2Fcategories&post=201431"},{"taxonomy":"post_tag","embeddable":true,"href":"https:\/\/analyse.optim.biz\/index.php?rest_route=%2Fwp%2Fv2%2Ftags&post=201431"}],"curies":[{"name":"wp","href":"https:\/\/api.w.org\/{rel}","templated":true}]}}