{"id":201420,"date":"2014-07-03T15:11:34","date_gmt":"2014-07-03T12:11:34","guid":{"rendered":"https:\/\/analyse.optim.biz\/?p=201420"},"modified":"2014-07-03T15:11:34","modified_gmt":"2014-07-03T12:11:34","slug":"traian-basescu-biletel-pentru-elena-udrea-la-dezbaterea-fundatiei-miscarea-populara","status":"publish","type":"post","link":"https:\/\/analyse.optim.biz\/?p=201420","title":{"rendered":"Traian B\u0103sescu, bile\u021bel pentru Elena Udrea la dezbaterea Funda\u021biei Mi\u0219carea Popular\u0103"},"content":{"rendered":"<div class=\"entry data-app-meta data-app-meta-article\" data-embed-base-url-canonical=\"https:\/\/www.digi24.ro\/embed\/stiri\/actualitate\/politica\/traian-basescu-biletel-pentru-elena-udrea-la-dezbaterea-fundatiei-miscarea-populara-264461\">\n<p data-index=\"1\">Gestul pre\u015fedintelui le-a amintit jurnali\u015ftilor de momentul a\u015fa-numitului \u201ebile\u0163el roz\u201d, c\u00e2nd Elena Udrea a dezv\u0103luit c\u0103 fostul premier C\u0103lin Popescu T\u0103riceanu \u00eei cerea sprijin lui Traian B\u0103sescu \u00een dosarul omului de afaceri Dinu Patriciu. <\/p>\n<p data-index=\"2\">\u201e<span>Eu spun de obicei ce scrie \u00een bile\u0163ele. \u00cen acesta, pre\u015fedintele mi-a spus c\u0103 acest pact trebuie s\u0103 fie \u00een dezbatere \u015fi s\u0103 \u00eel lans\u0103m noi , dar s\u0103 d\u0103m posibilitatea celor care vor s\u0103 contribuie la conceperea lui s\u0103 vin\u0103 s\u0103 o fac\u0103\u201d, a spus Elena Udrea.<\/span><\/p>\n<p data-index=\"3\">Traian B\u0103sescu a participat ast\u0103zi la o <a href=\"https:\/\/www.digi24.ro\/Stiri\/Digi24\/Actualitate\/Politica\/Traian+Basescu+Este+clar+ca+urmatoarea+tinta+a+puterii+politice+\" target=\"_blank\" data-skip-linkfix=\"1\" rel=\"noopener\">dezbatere<\/a> pe tema statului de drept, organizat\u0103 de Funda\u021bia Mi\u0219carea Popular\u0103 la doi ani de la suspendarea pre\u0219edintelui.<\/p>\n<\/div>\n<p> Source URL: https:\/\/www.digi24.ro\/stiri\/actualitate\/politica\/traian-basescu-biletel-pentru-elena-udrea-la-dezbaterea-fundatiei-miscarea-populara-264461<\/p>\n","protected":false},"excerpt":{"rendered":"<p>Gestul pre\u015fedintelui le-a amintit jurnali\u015ftilor de momentul a\u015fa-numitului \u201ebile\u0163el roz\u201d, c\u00e2nd Elena Udrea a dezv\u0103luit c\u0103 fostul premier C\u0103lin Popescu T\u0103riceanu \u00eei cerea sprijin lui Traian B\u0103sescu \u00een dosarul omului de afaceri Dinu Patriciu. \u201eEu spun de obicei ce scrie \u00een bile\u0163ele. \u00cen acesta, pre\u015fedintele mi-a spus c\u0103 acest pact trebuie s\u0103 fie \u00een dezbatere [&hellip;]<\/p>\n","protected":false},"author":1,"featured_media":201421,"comment_status":"open","ping_status":"","sticky":false,"template":"","format":"standard","meta":{"footnotes":""},"categories":[2],"tags":[11],"class_list":["post-201420","post","type-post","status-publish","format-standard","has-post-thumbnail","hentry","category-politics","tag-digi24"],"_links":{"self":[{"href":"https:\/\/analyse.optim.biz\/index.php?rest_route=\/wp\/v2\/posts\/201420","targetHints":{"allow":["GET"]}}],"collection":[{"href":"https:\/\/analyse.optim.biz\/index.php?rest_route=\/wp\/v2\/posts"}],"about":[{"href":"https:\/\/analyse.optim.biz\/index.php?rest_route=\/wp\/v2\/types\/post"}],"author":[{"embeddable":true,"href":"https:\/\/analyse.optim.biz\/index.php?rest_route=\/wp\/v2\/users\/1"}],"replies":[{"embeddable":true,"href":"https:\/\/analyse.optim.biz\/index.php?rest_route=%2Fwp%2Fv2%2Fcomments&post=201420"}],"version-history":[{"count":0,"href":"https:\/\/analyse.optim.biz\/index.php?rest_route=\/wp\/v2\/posts\/201420\/revisions"}],"wp:featuredmedia":[{"embeddable":true,"href":"https:\/\/analyse.optim.biz\/index.php?rest_route=\/wp\/v2\/media\/201421"}],"wp:attachment":[{"href":"https:\/\/analyse.optim.biz\/index.php?rest_route=%2Fwp%2Fv2%2Fmedia&parent=201420"}],"wp:term":[{"taxonomy":"category","embeddable":true,"href":"https:\/\/analyse.optim.biz\/index.php?rest_route=%2Fwp%2Fv2%2Fcategories&post=201420"},{"taxonomy":"post_tag","embeddable":true,"href":"https:\/\/analyse.optim.biz\/index.php?rest_route=%2Fwp%2Fv2%2Ftags&post=201420"}],"curies":[{"name":"wp","href":"https:\/\/api.w.org\/{rel}","templated":true}]}}