{"id":2014148,"date":"2026-06-27T07:52:21","date_gmt":"2026-06-27T04:52:21","guid":{"rendered":"https:\/\/analyse.optim.biz\/?p=2014148"},"modified":"2026-06-27T07:52:21","modified_gmt":"2026-06-27T04:52:21","slug":"gnm-tulcea-a-amendat-cu-355-mii-lei-carierele-de-piatra-din-judet","status":"publish","type":"post","link":"https:\/\/analyse.optim.biz\/?p=2014148","title":{"rendered":"GNM Tulcea a amendat cu 355 mii lei carierele de piatr\u0103 din jude\u021b"},"content":{"rendered":"<p>[analyse_image type=&#8221;featured&#8221; src=&#8221;https:\/\/dobrogeanews.b-cdn.net\/wp-content\/uploads\/2026\/06\/garda-de-mediu-amenzi-cariere-tulcea1.jpg&#8221;]<\/p>\n<div id=\"post-71493\" class=\"entry single-default post-71493 post type-post status-publish format-standard has-post-thumbnail hentry category-info\">\n<div>\n<div class=\"ss-follow-wrapper ss-clearfix ss-regular-buttons ss-columns-1 ss-default-style\">\n<div class=\"ss-follow-column\" data-ss-sf-network-id=\"&quot;facebook&quot;\"><a href=\"https:\/\/www.facebook.com\/dobrogeanews\" class=\"ss-follow-network ss-facebook-color\" rel=\"nofollow noopener\" aria-label=\"facebook\" target=\"_blank\"><span class=\"ss-follow-network-label\">Urm\u0103re\u015fte-ne \u015fi pe Facebook!<\/span><span class=\"ss-follow-network-count\"><span class=\"ss-follow-network-count-number\">57K<\/span><span class=\"ss-follow-network-count-label\">Followers<\/span><\/span><\/a><\/div>\n<\/div>\n<\/div>\n<p>Comisarii G\u0103rzii Na\u021bionale de Mediu \u2013 Comisariatul Jude\u021bean Tulcea, au efectuat un num\u0103r de 19 controale tematice planificate la operatorii economici care desf\u0103\u0219oar\u0103 activitatea de extrac\u021bie a pietrei ornamentale \u0219i a pietrei pentru construc\u021bii, extrac\u021bia pietrei calcaroase, ghipsului, cretei \u0219i a ardeziei \u0219i extrac\u021bia minereurilor, extrac\u021bia pietri\u0219ul \u0219i nisipului, extrac\u021bia argilei \u0219i caolinului, inclusiv \u00een scopul amenaj\u0103rii iazurilor piscicole, balastiere, cariere, mine active \u0219i inactive.<\/p>\n<figure class=\"wp-block-image size-full is-resized\">\n<source type=\"image\/webp\" data-lazy-srcset=\"https:\/\/dobrogeanews.b-cdn.net\/wp-content\/uploads\/2026\/06\/garda-de-mediu-amenzi-cariere-tulcea1.jpg.webp 2560w, https:\/\/dobrogeanews.b-cdn.net\/wp-content\/uploads\/2026\/06\/garda-de-mediu-amenzi-cariere-tulcea1-300x246.jpg.webp 300w, https:\/\/dobrogeanews.b-cdn.net\/wp-content\/uploads\/2026\/06\/garda-de-mediu-amenzi-cariere-tulcea1-1024x840.jpg.webp 1024w, https:\/\/dobrogeanews.b-cdn.net\/wp-content\/uploads\/2026\/06\/garda-de-mediu-amenzi-cariere-tulcea1-768x630.jpg.webp 768w, https:\/\/dobrogeanews.b-cdn.net\/wp-content\/uploads\/2026\/06\/garda-de-mediu-amenzi-cariere-tulcea1-1536x1260.jpg.webp 1536w, https:\/\/dobrogeanews.b-cdn.net\/wp-content\/uploads\/2026\/06\/garda-de-mediu-amenzi-cariere-tulcea1-2048x1680.jpg.webp 2048w\" sizes=\"(max-width: 640px) 100vw, 640px\" \/><br \/>\n<img loading=\"lazy\" decoding=\"async\" src=\"https:\/\/dobrogeanews.b-cdn.net\/wp-content\/uploads\/2026\/06\/garda-de-mediu-amenzi-cariere-tulcea1.jpg\" alt=\"Garda de Mediu Tulcea amenzi la carierele de piatr\u0103 din jude\u021b 26 Iunie 2026\" width=\"640\" height=\"525\"><\/figure>\n<p>\u00cen urma controalelor, comisarii au dispus un total de 50 de m\u0103suri de remediere a deficien\u021belor constatate \u0219i au aplicat 6 sanc\u021biuni contraven\u021bionale \u00een valoare de 355.000 lei. <\/p>\n<p>Printre aspectele verificate se num\u0103r\u0103: verificarea actelor de reglementare de\u021binute, verificarea respect\u0103rii legisla\u021biei de mediu \u00een domeniul biodiversit\u0103\u021bii, gestionarea de\u0219eurilor periculoase \u0219i nepericuloase, modalitatea de evacuare a apelor uzate, respectarea limitelor perimetrului de exploatare, respectarea m\u0103surilor stabilite \u00een planul de refacere a mediului, corelarea cantit\u0103\u021bilor men\u021bionate \u00een autoriza\u021bia de mediu cu cele raportate la Agen\u021bia Na\u021bional\u0103 pentru Resurse Minerale.<\/p>\n<figure class=\"wp-block-image size-full is-resized\">\n<source type=\"image\/webp\" data-lazy-srcset=\"https:\/\/dobrogeanews.b-cdn.net\/wp-content\/uploads\/2026\/06\/garda-de-mediu-amenzi-cariere-tulcea2.jpg.webp 2560w, https:\/\/dobrogeanews.b-cdn.net\/wp-content\/uploads\/2026\/06\/garda-de-mediu-amenzi-cariere-tulcea2-300x198.jpg.webp 300w, https:\/\/dobrogeanews.b-cdn.net\/wp-content\/uploads\/2026\/06\/garda-de-mediu-amenzi-cariere-tulcea2-1024x675.jpg.webp 1024w, https:\/\/dobrogeanews.b-cdn.net\/wp-content\/uploads\/2026\/06\/garda-de-mediu-amenzi-cariere-tulcea2-768x506.jpg.webp 768w, https:\/\/dobrogeanews.b-cdn.net\/wp-content\/uploads\/2026\/06\/garda-de-mediu-amenzi-cariere-tulcea2-1536x1013.jpg.webp 1536w, https:\/\/dobrogeanews.b-cdn.net\/wp-content\/uploads\/2026\/06\/garda-de-mediu-amenzi-cariere-tulcea2-2048x1350.jpg.webp 2048w\" sizes=\"(max-width: 640px) 100vw, 640px\" \/><br \/>\n<img loading=\"lazy\" decoding=\"async\" src=\"https:\/\/dobrogeanews.b-cdn.net\/wp-content\/uploads\/2026\/06\/garda-de-mediu-amenzi-cariere-tulcea2.jpg\" alt=\"Garda de Mediu Tulcea amenzi la carierele de piatr\u0103 din jude\u021b\" width=\"640\" height=\"422\"><\/figure>\n<p>Garda Na\u021bional\u0103 de Mediu continu\u0103 s\u0103 monitorizeze activit\u0103\u021bile desf\u0103\u0219urate de operatorii economici, stabile\u0219te m\u0103suri de conformare \u0219i aplic\u0103 sanc\u021biuni pentru \u00eenc\u0103lcarea prevederilor legisla\u021biei de mediu \u00een vigoare.<\/p>\n<div class=\"monsterinsights-inline-popular-posts monsterinsights-inline-popular-posts-charlie monsterinsights-popular-posts-styled\">\n<div class=\"monsterinsights-inline-popular-posts-text\"><span class=\"monsterinsights-inline-popular-posts-label\">Vezi \u0219i:<\/span><\/p>\n<div class=\"monsterinsights-inline-popular-posts-post\"><a class=\"monsterinsights-inline-popular-posts-title\" href=\"https:\/\/www.dobrogeanews.ro\/dupa-aprobarea-bugetului-2026-la-babadag-se-deschid-alte-santiere-de-investitii\/\">Dup\u0103 aprobarea bugetului 2026, la Babadag se deschid alte \u0219antiere de investi\u021bii<\/a><\/div>\n<div class=\"monsterinsights-inline-popular-posts-post\"><a class=\"monsterinsights-inline-popular-posts-title\" href=\"https:\/\/www.dobrogeanews.ro\/stefan-ilie-primar-tulcea-avem-buget-mai-mare-si-mai-multe-investitii-modernizarea-strazilor-si-a-retelelor-de-utilitati-de-sub-carosabil-continua-tulcea-va-fi-un-oras-european\/\">\u0218tefan Ilie, primar Tulcea: Avem buget mai mare \u0219i mai multe investi\u021bii. Modernizarea str\u0103zilor \u0219i a re\u021belelor de utilit\u0103\u021bi de sub carosabil, continu\u0103. Tulcea va fi un ora\u0219 european(!)<\/a><\/div>\n<div class=\"monsterinsights-inline-popular-posts-post\"><a class=\"monsterinsights-inline-popular-posts-title\" href=\"https:\/\/www.dobrogeanews.ro\/santierul-naval-vard-shipyards-tulcea-nkt-eleonora-prima-nava-din-lume-de-pozare-a-cablurilor-care-functioneaza-cu-e-metanol-la-standardele-moderne-de-mediu\/\">\u0218antierul Naval Vard Shipyards Tulcea: NKT Eleonora, prima nav\u0103 din lume (de pozare a cablurilor) care func\u021bioneaz\u0103 cu e-metanol, la standardele moderne de mediu<\/a><\/div>\n<\/div>\n<\/div>\n<p class=\"has-text-align-center has-white-color has-text-color has-background\"><span><a href=\"https:\/\/news.google.com\/publications\/CAAqBwgKMIu5pgsw88O-Aw?ceid=RO:ro&amp;oc=3\">Urm\u0103ri\u0163i \u015etirile Dobrogeanews \u015fi pe Google News<\/a><\/span><\/p>\n<\/div>\n<div id=\"post-71493\" class=\"entry single-default post-71493 post type-post status-publish format-standard has-post-thumbnail hentry category-info\">\n<div>\n<div class=\"ss-follow-wrapper ss-clearfix ss-regular-buttons ss-columns-1 ss-default-style\">\n<div class=\"ss-follow-column\" data-ss-sf-network-id=\"&quot;facebook&quot;\"><a href=\"https:\/\/www.facebook.com\/dobrogeanews\" class=\"ss-follow-network ss-facebook-color\" rel=\"nofollow noopener\" aria-label=\"facebook\" target=\"_blank\"><span class=\"ss-follow-network-label\">Urm\u0103re\u015fte-ne \u015fi pe Facebook!<\/span><span class=\"ss-follow-network-count\"><span class=\"ss-follow-network-count-number\">57K<\/span><span class=\"ss-follow-network-count-label\">Followers<\/span><\/span><\/a><\/div>\n<\/div>\n<\/div>\n<p>Comisarii G\u0103rzii Na\u021bionale de Mediu \u2013 Comisariatul Jude\u021bean Tulcea, au efectuat un num\u0103r de 19 controale tematice planificate la operatorii economici care desf\u0103\u0219oar\u0103 activitatea de extrac\u021bie a pietrei ornamentale \u0219i a pietrei pentru construc\u021bii, extrac\u021bia pietrei calcaroase, ghipsului, cretei \u0219i a ardeziei \u0219i extrac\u021bia minereurilor, extrac\u021bia pietri\u0219ul \u0219i nisipului, extrac\u021bia argilei \u0219i caolinului, inclusiv \u00een scopul amenaj\u0103rii iazurilor piscicole, balastiere, cariere, mine active \u0219i inactive.<\/p>\n<figure class=\"wp-block-image size-full is-resized\">\n<source type=\"image\/webp\" data-lazy-srcset=\"https:\/\/dobrogeanews.b-cdn.net\/wp-content\/uploads\/2026\/06\/garda-de-mediu-amenzi-cariere-tulcea1.jpg.webp 2560w, https:\/\/dobrogeanews.b-cdn.net\/wp-content\/uploads\/2026\/06\/garda-de-mediu-amenzi-cariere-tulcea1-300x246.jpg.webp 300w, https:\/\/dobrogeanews.b-cdn.net\/wp-content\/uploads\/2026\/06\/garda-de-mediu-amenzi-cariere-tulcea1-1024x840.jpg.webp 1024w, https:\/\/dobrogeanews.b-cdn.net\/wp-content\/uploads\/2026\/06\/garda-de-mediu-amenzi-cariere-tulcea1-768x630.jpg.webp 768w, https:\/\/dobrogeanews.b-cdn.net\/wp-content\/uploads\/2026\/06\/garda-de-mediu-amenzi-cariere-tulcea1-1536x1260.jpg.webp 1536w, https:\/\/dobrogeanews.b-cdn.net\/wp-content\/uploads\/2026\/06\/garda-de-mediu-amenzi-cariere-tulcea1-2048x1680.jpg.webp 2048w\" sizes=\"(max-width: 640px) 100vw, 640px\" \/><br \/>\n<img loading=\"lazy\" decoding=\"async\" src=\"https:\/\/dobrogeanews.b-cdn.net\/wp-content\/uploads\/2026\/06\/garda-de-mediu-amenzi-cariere-tulcea1.jpg\" alt=\"Garda de Mediu Tulcea amenzi la carierele de piatr\u0103 din jude\u021b 26 Iunie 2026\" width=\"640\" height=\"525\"><\/figure>\n<p>\u00cen urma controalelor, comisarii au dispus un total de 50 de m\u0103suri de remediere a deficien\u021belor constatate \u0219i au aplicat 6 sanc\u021biuni contraven\u021bionale \u00een valoare de 355.000 lei. <\/p>\n<p>Printre aspectele verificate se num\u0103r\u0103: verificarea actelor de reglementare de\u021binute, verificarea respect\u0103rii legisla\u021biei de mediu \u00een domeniul biodiversit\u0103\u021bii, gestionarea de\u0219eurilor periculoase \u0219i nepericuloase, modalitatea de evacuare a apelor uzate, respectarea limitelor perimetrului de exploatare, respectarea m\u0103surilor stabilite \u00een planul de refacere a mediului, corelarea cantit\u0103\u021bilor men\u021bionate \u00een autoriza\u021bia de mediu cu cele raportate la Agen\u021bia Na\u021bional\u0103 pentru Resurse Minerale.<\/p>\n<figure class=\"wp-block-image size-full is-resized\">\n<source type=\"image\/webp\" data-lazy-srcset=\"https:\/\/dobrogeanews.b-cdn.net\/wp-content\/uploads\/2026\/06\/garda-de-mediu-amenzi-cariere-tulcea2.jpg.webp 2560w, https:\/\/dobrogeanews.b-cdn.net\/wp-content\/uploads\/2026\/06\/garda-de-mediu-amenzi-cariere-tulcea2-300x198.jpg.webp 300w, https:\/\/dobrogeanews.b-cdn.net\/wp-content\/uploads\/2026\/06\/garda-de-mediu-amenzi-cariere-tulcea2-1024x675.jpg.webp 1024w, https:\/\/dobrogeanews.b-cdn.net\/wp-content\/uploads\/2026\/06\/garda-de-mediu-amenzi-cariere-tulcea2-768x506.jpg.webp 768w, https:\/\/dobrogeanews.b-cdn.net\/wp-content\/uploads\/2026\/06\/garda-de-mediu-amenzi-cariere-tulcea2-1536x1013.jpg.webp 1536w, https:\/\/dobrogeanews.b-cdn.net\/wp-content\/uploads\/2026\/06\/garda-de-mediu-amenzi-cariere-tulcea2-2048x1350.jpg.webp 2048w\" sizes=\"(max-width: 640px) 100vw, 640px\" \/><br \/>\n<img loading=\"lazy\" decoding=\"async\" src=\"https:\/\/dobrogeanews.b-cdn.net\/wp-content\/uploads\/2026\/06\/garda-de-mediu-amenzi-cariere-tulcea2.jpg\" alt=\"Garda de Mediu Tulcea amenzi la carierele de piatr\u0103 din jude\u021b\" width=\"640\" height=\"422\"><\/figure>\n<p>Garda Na\u021bional\u0103 de Mediu continu\u0103 s\u0103 monitorizeze activit\u0103\u021bile desf\u0103\u0219urate de operatorii economici, stabile\u0219te m\u0103suri de conformare \u0219i aplic\u0103 sanc\u021biuni pentru \u00eenc\u0103lcarea prevederilor legisla\u021biei de mediu \u00een vigoare.<\/p>\n<div class=\"monsterinsights-inline-popular-posts monsterinsights-inline-popular-posts-charlie monsterinsights-popular-posts-styled\">\n<div class=\"monsterinsights-inline-popular-posts-text\"><span class=\"monsterinsights-inline-popular-posts-label\">Vezi \u0219i:<\/span><\/p>\n<div class=\"monsterinsights-inline-popular-posts-post\"><a class=\"monsterinsights-inline-popular-posts-title\" href=\"https:\/\/www.dobrogeanews.ro\/dupa-aprobarea-bugetului-2026-la-babadag-se-deschid-alte-santiere-de-investitii\/\">Dup\u0103 aprobarea bugetului 2026, la Babadag se deschid alte \u0219antiere de investi\u021bii<\/a><\/div>\n<div class=\"monsterinsights-inline-popular-posts-post\"><a class=\"monsterinsights-inline-popular-posts-title\" href=\"https:\/\/www.dobrogeanews.ro\/stefan-ilie-primar-tulcea-avem-buget-mai-mare-si-mai-multe-investitii-modernizarea-strazilor-si-a-retelelor-de-utilitati-de-sub-carosabil-continua-tulcea-va-fi-un-oras-european\/\">\u0218tefan Ilie, primar Tulcea: Avem buget mai mare \u0219i mai multe investi\u021bii. Modernizarea str\u0103zilor \u0219i a re\u021belelor de utilit\u0103\u021bi de sub carosabil, continu\u0103. Tulcea va fi un ora\u0219 european(!)<\/a><\/div>\n<div class=\"monsterinsights-inline-popular-posts-post\"><a class=\"monsterinsights-inline-popular-posts-title\" href=\"https:\/\/www.dobrogeanews.ro\/santierul-naval-vard-shipyards-tulcea-nkt-eleonora-prima-nava-din-lume-de-pozare-a-cablurilor-care-functioneaza-cu-e-metanol-la-standardele-moderne-de-mediu\/\">\u0218antierul Naval Vard Shipyards Tulcea: NKT Eleonora, prima nav\u0103 din lume (de pozare a cablurilor) care func\u021bioneaz\u0103 cu e-metanol, la standardele moderne de mediu<\/a><\/div>\n<\/div>\n<\/div>\n<p class=\"has-text-align-center has-white-color has-text-color has-background\"><span><a href=\"https:\/\/news.google.com\/publications\/CAAqBwgKMIu5pgsw88O-Aw?ceid=RO:ro&amp;oc=3\">Urm\u0103ri\u0163i \u015etirile Dobrogeanews \u015fi pe Google News<\/a><\/span><\/p>\n<\/div>\n<p>[analyse_source url=&#8221;https:\/\/www.dobrogeanews.ro\/gnm-tulcea-a-amendat-cu-355-mii-lei-carierele-de-piatra-din-judet\/&#8221;]<\/p>\n","protected":false},"excerpt":{"rendered":"<p>[analyse_image type=&#8221;featured&#8221; src=&#8221;https:\/\/dobrogeanews.b-cdn.net\/wp-content\/uploads\/2026\/06\/garda-de-mediu-amenzi-cariere-tulcea1.jpg&#8221;] Urm\u0103re\u015fte-ne \u015fi pe Facebook!57KFollowers Comisarii G\u0103rzii Na\u021bionale de Mediu \u2013 Comisariatul Jude\u021bean Tulcea, au efectuat un num\u0103r de 19 controale tematice planificate la operatorii economici care desf\u0103\u0219oar\u0103 activitatea de extrac\u021bie a pietrei ornamentale \u0219i a pietrei pentru construc\u021bii, extrac\u021bia pietrei calcaroase, ghipsului, cretei \u0219i a ardeziei \u0219i extrac\u021bia minereurilor, extrac\u021bia pietri\u0219ul \u0219i [&hellip;]<\/p>\n","protected":false},"author":1,"featured_media":0,"comment_status":"open","ping_status":"","sticky":false,"template":"","format":"standard","meta":{"footnotes":""},"categories":[89],"tags":[226,223],"class_list":["post-2014148","post","type-post","status-publish","format-standard","hentry","category-romania","tag-crawlmanager","tag-dobrogeanews-ro"],"_links":{"self":[{"href":"https:\/\/analyse.optim.biz\/index.php?rest_route=\/wp\/v2\/posts\/2014148","targetHints":{"allow":["GET"]}}],"collection":[{"href":"https:\/\/analyse.optim.biz\/index.php?rest_route=\/wp\/v2\/posts"}],"about":[{"href":"https:\/\/analyse.optim.biz\/index.php?rest_route=\/wp\/v2\/types\/post"}],"author":[{"embeddable":true,"href":"https:\/\/analyse.optim.biz\/index.php?rest_route=\/wp\/v2\/users\/1"}],"replies":[{"embeddable":true,"href":"https:\/\/analyse.optim.biz\/index.php?rest_route=%2Fwp%2Fv2%2Fcomments&post=2014148"}],"version-history":[{"count":0,"href":"https:\/\/analyse.optim.biz\/index.php?rest_route=\/wp\/v2\/posts\/2014148\/revisions"}],"wp:attachment":[{"href":"https:\/\/analyse.optim.biz\/index.php?rest_route=%2Fwp%2Fv2%2Fmedia&parent=2014148"}],"wp:term":[{"taxonomy":"category","embeddable":true,"href":"https:\/\/analyse.optim.biz\/index.php?rest_route=%2Fwp%2Fv2%2Fcategories&post=2014148"},{"taxonomy":"post_tag","embeddable":true,"href":"https:\/\/analyse.optim.biz\/index.php?rest_route=%2Fwp%2Fv2%2Ftags&post=2014148"}],"curies":[{"name":"wp","href":"https:\/\/api.w.org\/{rel}","templated":true}]}}