{"id":2014147,"date":"2026-06-27T07:27:36","date_gmt":"2026-06-27T04:27:36","guid":{"rendered":"https:\/\/analyse.optim.biz\/?p=2014147"},"modified":"2026-06-27T07:27:36","modified_gmt":"2026-06-27T04:27:36","slug":"tulcea-isi-reafirma-identitatea-de-oras-multicultural-cu-inca-un-monument-comemorativ-dedicat-de-aceasta-data-lui-stefan-karadzha","status":"publish","type":"post","link":"https:\/\/analyse.optim.biz\/?p=2014147","title":{"rendered":"Tulcea \u00ee\u0219i reafirm\u0103 identitatea de ora\u0219 multicultural cu \u00eenc\u0103 un monument comemorativ dedicat de aceast\u0103 dat\u0103 lui Stefan Karadzha"},"content":{"rendered":"<p>[analyse_image type=&#8221;featured&#8221; src=&#8221;https:\/\/dobrogeanews.b-cdn.net\/wp-content\/uploads\/2026\/06\/Stefan-Karadzha.jpg&#8221;]<\/p>\n<div id=\"post-71488\" class=\"entry single-default post-71488 post type-post status-publish format-standard has-post-thumbnail hentry category-info\">\n<div>\n<div class=\"ss-follow-wrapper ss-clearfix ss-regular-buttons ss-columns-1 ss-default-style\">\n<div class=\"ss-follow-column\" data-ss-sf-network-id=\"&quot;facebook&quot;\"><a href=\"https:\/\/www.facebook.com\/dobrogeanews\" class=\"ss-follow-network ss-facebook-color\" rel=\"nofollow noopener\" aria-label=\"facebook\" target=\"_blank\"><span class=\"ss-follow-network-label\">Urm\u0103re\u015fte-ne \u015fi pe Facebook!<\/span><span class=\"ss-follow-network-count\"><span class=\"ss-follow-network-count-number\">57K<\/span><span class=\"ss-follow-network-count-label\">Followers<\/span><\/span><\/a><\/div>\n<\/div>\n<\/div>\n<p>Mar\u021bi, 30 iunie 2026, ora 11.00, \u00een Parcul Pia\u021ba Sf\u00e2ntul Gheorghe, Municipiul Tulcea va inaugura monumentul comemorativ dedicat lui Stefan Karadzha, personalitate emblematic\u0103 a mi\u0219c\u0103rii de rena\u0219tere na\u021bional\u0103 bulgare, a c\u0103rui via\u021b\u0103 \u0219i activitate sunt profund legate de istoria ora\u0219ului nostru \u0219i de leg\u0103turile istorice dintre comunit\u0103\u021bile rom\u00e2n\u0103 \u0219i bulgar\u0103.<\/p>\n<figure class=\"wp-block-image size-full is-resized\">\n<source type=\"image\/webp\" data-lazy-srcset=\"https:\/\/dobrogeanews.b-cdn.net\/wp-content\/uploads\/2026\/06\/Stefan-Karadzha.jpg.webp 2560w, https:\/\/dobrogeanews.b-cdn.net\/wp-content\/uploads\/2026\/06\/Stefan-Karadzha-300x246.jpg.webp 300w, https:\/\/dobrogeanews.b-cdn.net\/wp-content\/uploads\/2026\/06\/Stefan-Karadzha-1024x840.jpg.webp 1024w, https:\/\/dobrogeanews.b-cdn.net\/wp-content\/uploads\/2026\/06\/Stefan-Karadzha-768x630.jpg.webp 768w, https:\/\/dobrogeanews.b-cdn.net\/wp-content\/uploads\/2026\/06\/Stefan-Karadzha-1536x1260.jpg.webp 1536w, https:\/\/dobrogeanews.b-cdn.net\/wp-content\/uploads\/2026\/06\/Stefan-Karadzha-2048x1680.jpg.webp 2048w\" sizes=\"(max-width: 640px) 100vw, 640px\" \/><br \/>\n<img loading=\"lazy\" decoding=\"async\" src=\"https:\/\/dobrogeanews.b-cdn.net\/wp-content\/uploads\/2026\/06\/Stefan-Karadzha.jpg\" alt=\"Tulcea Stefan Karadzha Monument Comemorativ\" width=\"640\" height=\"525\"><\/figure>\n<p>Evenimentul reprezint\u0103 un moment important pentru consolidarea rela\u021biilor istorice \u0219i culturale dintre Rom\u00e2nia \u0219i Bulgaria \u0219i marcheaz\u0103 valorificarea unei pagini importante din memoria multicultural\u0103 a Tulcei.<br \/>Ceremonia de inaugurare va reuni oficialit\u0103\u021bi rom\u00e2ne \u0219i bulgare, reprezentan\u021bi ai administra\u021biilor locale, ai institu\u021biilor culturale \u0219i academice, precum \u0219i reprezentan\u021bi ai comunit\u0103\u021bilor religioase.<\/p>\n<p>La eveniment vor participa delega\u021bii de rang \u00eenalt din Republica Bulgaria, al\u0103turi de reprezentan\u021bi ai autorit\u0103\u021bilor locale din Tulcea. Printre invita\u021bii de onoare se num\u0103r\u0103 <strong>Excelen\u021ba Sa domnul Radko Vlaykov, Ambasador Extraordinar \u0219i Plenipoten\u021biar al Republicii Bulgaria \u00een Rom\u00e2nia<\/strong>, domnul <strong>Petar Vitanov, Pre\u0219edintele Comisiei pentru Politic\u0103 Extern\u0103 din Adunarea Na\u021bional\u0103 a Republicii Bulgaria<\/strong>, domnul G<strong>\u00e1bor Hajdu, Pre\u0219edintele Comisiei pentru Politic\u0103 Extern\u0103 a Camerei Deputa\u021bilor,<\/strong> domnul <strong>Vassil Terziev, Primarul municipiului Sofia<\/strong>, domnul <strong>Daniel Panov, Primarul municipiului Veliko T\u0103rnovo \u0219i Pre\u0219edintele Consiliului de administra\u021bie al Asocia\u021biei Na\u021bionale a Municipiilor din Republica Bulgaria<\/strong>, domnul <strong>Pencho Milkov, Primarul municipiului Ruse, domnul acad. Hristo Beloev, Pre\u0219edintele Consiliului Municipal Ruse<\/strong>, precum \u0219i reprezentan\u021bi ai Ministerelor Afacerilor Externe din Rom\u00e2nia \u0219i Bulgaria, ai corpului diplomatic, ai administra\u021biilor locale \u0219i ai mediului academic.<\/p>\n<p>Din partea autorit\u0103\u021bilor locale vor participa reprezentan\u021bii Municipiului Tulcea, \u00een frunte cu <strong>primarul \u0218tefan Ilie<\/strong>, precum \u0219i reprezentan\u021bi ai institu\u021biilor publice locale.<\/p>\n<p>Momentul inaugural va debuta cu o slujb\u0103 religioas\u0103 oficiat\u0103 de reprezentan\u021bi ai Patriarhiei Bulgare la Bucure\u0219ti \u0219i ai Episcopiei Tulcii, simboliz\u00e2nd leg\u0103turile istorice \u0219i spirituale dintre comunit\u0103\u021bile rom\u00e2n\u0103 \u0219i bulgar\u0103.<\/p>\n<p><strong>Monumentul dedicat lui \u0218tefan Karadzha este amplasat \u00een Parcul Pia\u021ba Sf\u00e2ntul Gheorghe, \u00eentr-un loc ales simbolic, \u00een apropierea Bisericii Bulgare \u201eSf\u00e2ntul Gheorghe\u201d \u0219i nu departe de locul \u00een care acesta a locuit \u00een perioada 1854\u20131862, pe actuala strad\u0103 24 Ianuarie nr. 19. De\u0219i imobilul nu mai exist\u0103, amplasarea monumentului p\u0103streaz\u0103 vie memoria leg\u0103turii istorice dintre \u0218tefan Karadzha \u0219i ora\u0219ul Tulcea.<\/strong><\/p>\n<p>Dup\u0103 ceremonia de inaugurare, delega\u021biile participante vor vizita Biserica \u201eSf\u00e2ntul Gheorghe\u201d, unde va avea loc o prezentare a l\u0103ca\u0219ului de cult, un moment de bun venit \u0219i semnarea \u00een Cartea de oaspe\u021bi.<\/p>\n<p>Programul va continua cu vizita la Ronda Minorit\u0103\u021bilor, la bustul lui Gheorghi Rakovski, unde vor fi depuse buchete de flori \u00een memoria personalit\u0103\u021bilor care au contribuit la istoria \u0219i identitatea comunit\u0103\u021bilor din aceast\u0103 zon\u0103, \u0219i se va \u00eencheia cu o recep\u021bie oficial\u0103.<\/p>\n<p>Bustul-monument dedicat lui \u0218tefan Karadzha este o crea\u021bie a sculptorilor bulgari Georgi Petkov Radulov \u0219i Daniel Kanchev Ivanov. Lucrarea realizat\u0103 la Tulcea reprezint\u0103 o replic\u0103 a bustului inclus \u00een monumentul dedicat lui \u0218tefan Karadzha din ora\u0219ul Ruse, inaugurat \u00een anul 1968.<\/p>\n<p>Stefan Karadzha (1840\u20131868) este una dintre figurile importante ale luptei pentru emanciparea na\u021bional\u0103 bulgare din secolul al XIX-lea. N\u0103scut \u00een Bulgaria, \u00een localitatea Ichme (ast\u0103zi Stefan Karadjovo), acesta a locuit la Tulcea \u00eentre anii 1854 \u0219i 1862, perioad\u0103 \u00een care a studiat \u0219i s-a format \u00een spiritul idealurilor de libertate \u0219i identitate na\u021bional\u0103.<\/p>\n<p>Activitatea sa revolu\u021bionar\u0103 este str\u00e2ns legat\u0103 de spa\u021biul rom\u00e2nesc, unde a desf\u0103\u0219urat o parte important\u0103 a activit\u0103\u021bii sale \u0219i unde numero\u0219i militan\u021bi bulgari au g\u0103sit un cadru favorabil pentru organizarea ac\u021biunilor dedicate eliber\u0103rii de sub domina\u021bia otoman\u0103. Stefan Karadzha a devenit una dintre figurile simbol ale Rena\u0219terii Na\u021bionale Bulgare, memoria sa fiind p\u0103strat\u0103 \u0219i ast\u0103zi \u00een Bulgaria.<\/p>\n<p>Realizarea monumentului de la Tulcea este rezultatul parteneriatului dintre Municipiul Tulcea \u0219i Ambasada Republicii Bulgaria \u00een Rom\u00e2nia. Ambasada Republicii Bulgaria a ini\u021biat \u0219i a asigurat realizarea monumentului comemorativ, suport\u00e2nd costurile aferente proiect\u0103rii, execu\u021biei \u0219i amplas\u0103rii acestuia, iar Municipiul Tulcea a sprijinit demersurile administrative necesare pentru amplasarea sa \u00een spa\u021biul public \u0219i va asigura \u00eentre\u021binerea ansamblului pe durata existen\u021bei acestuia.<\/p>\n<p>Prin acest proiect, Tulcea \u00ee\u0219i reafirm\u0103 identitatea de ora\u0219 multicultural, \u00een care istoria comunit\u0103\u021bilor care au contribuit la dezvoltarea sa este p\u0103strat\u0103, valorificat\u0103 \u0219i transmis\u0103 genera\u021biilor viitoare.<\/p>\n<div class=\"monsterinsights-inline-popular-posts monsterinsights-inline-popular-posts-charlie monsterinsights-popular-posts-styled\">\n<div class=\"monsterinsights-inline-popular-posts-text\"><span class=\"monsterinsights-inline-popular-posts-label\">Vezi \u0219i:<\/span><\/p>\n<div class=\"monsterinsights-inline-popular-posts-post\"><a class=\"monsterinsights-inline-popular-posts-title\" href=\"https:\/\/www.dobrogeanews.ro\/stefan-ilie-primar-tulcea-avem-buget-mai-mare-si-mai-multe-investitii-modernizarea-strazilor-si-a-retelelor-de-utilitati-de-sub-carosabil-continua-tulcea-va-fi-un-oras-european\/\">\u0218tefan Ilie, primar Tulcea: Avem buget mai mare \u0219i mai multe investi\u021bii. Modernizarea str\u0103zilor \u0219i a re\u021belelor de utilit\u0103\u021bi de sub carosabil, continu\u0103. Tulcea va fi un ora\u0219 european(!)<\/a><\/div>\n<div class=\"monsterinsights-inline-popular-posts-post\"><a class=\"monsterinsights-inline-popular-posts-title\" href=\"https:\/\/www.dobrogeanews.ro\/santierul-naval-vard-shipyards-tulcea-nkt-eleonora-prima-nava-din-lume-de-pozare-a-cablurilor-care-functioneaza-cu-e-metanol-la-standardele-moderne-de-mediu\/\">\u0218antierul Naval Vard Shipyards Tulcea: NKT Eleonora, prima nav\u0103 din lume (de pozare a cablurilor) care func\u021bioneaz\u0103 cu e-metanol, la standardele moderne de mediu<\/a><\/div>\n<div class=\"monsterinsights-inline-popular-posts-post\"><a class=\"monsterinsights-inline-popular-posts-title\" href=\"https:\/\/www.dobrogeanews.ro\/dupa-aprobarea-bugetului-2026-la-babadag-se-deschid-alte-santiere-de-investitii\/\">Dup\u0103 aprobarea bugetului 2026, la Babadag se deschid alte \u0219antiere de investi\u021bii<\/a><\/div>\n<\/div>\n<\/div>\n<p class=\"has-text-align-center has-white-color has-text-color has-background\"><span><a href=\"https:\/\/news.google.com\/publications\/CAAqBwgKMIu5pgsw88O-Aw?ceid=RO:ro&amp;oc=3\">Urm\u0103ri\u0163i \u015etirile Dobrogeanews \u015fi pe Google News<\/a><\/span><\/p>\n<\/div>\n<div id=\"post-71488\" class=\"entry single-default post-71488 post type-post status-publish format-standard has-post-thumbnail hentry category-info\">\n<div>\n<div class=\"ss-follow-wrapper ss-clearfix ss-regular-buttons ss-columns-1 ss-default-style\">\n<div class=\"ss-follow-column\" data-ss-sf-network-id=\"&quot;facebook&quot;\"><a href=\"https:\/\/www.facebook.com\/dobrogeanews\" class=\"ss-follow-network ss-facebook-color\" rel=\"nofollow noopener\" aria-label=\"facebook\" target=\"_blank\"><span class=\"ss-follow-network-label\">Urm\u0103re\u015fte-ne \u015fi pe Facebook!<\/span><span class=\"ss-follow-network-count\"><span class=\"ss-follow-network-count-number\">57K<\/span><span class=\"ss-follow-network-count-label\">Followers<\/span><\/span><\/a><\/div>\n<\/div>\n<\/div>\n<p>Mar\u021bi, 30 iunie 2026, ora 11.00, \u00een Parcul Pia\u021ba Sf\u00e2ntul Gheorghe, Municipiul Tulcea va inaugura monumentul comemorativ dedicat lui Stefan Karadzha, personalitate emblematic\u0103 a mi\u0219c\u0103rii de rena\u0219tere na\u021bional\u0103 bulgare, a c\u0103rui via\u021b\u0103 \u0219i activitate sunt profund legate de istoria ora\u0219ului nostru \u0219i de leg\u0103turile istorice dintre comunit\u0103\u021bile rom\u00e2n\u0103 \u0219i bulgar\u0103.<\/p>\n<figure class=\"wp-block-image size-full is-resized\">\n<source type=\"image\/webp\" data-lazy-srcset=\"https:\/\/dobrogeanews.b-cdn.net\/wp-content\/uploads\/2026\/06\/Stefan-Karadzha.jpg.webp 2560w, https:\/\/dobrogeanews.b-cdn.net\/wp-content\/uploads\/2026\/06\/Stefan-Karadzha-300x246.jpg.webp 300w, https:\/\/dobrogeanews.b-cdn.net\/wp-content\/uploads\/2026\/06\/Stefan-Karadzha-1024x840.jpg.webp 1024w, https:\/\/dobrogeanews.b-cdn.net\/wp-content\/uploads\/2026\/06\/Stefan-Karadzha-768x630.jpg.webp 768w, https:\/\/dobrogeanews.b-cdn.net\/wp-content\/uploads\/2026\/06\/Stefan-Karadzha-1536x1260.jpg.webp 1536w, https:\/\/dobrogeanews.b-cdn.net\/wp-content\/uploads\/2026\/06\/Stefan-Karadzha-2048x1680.jpg.webp 2048w\" sizes=\"(max-width: 640px) 100vw, 640px\" \/><br \/>\n<img loading=\"lazy\" decoding=\"async\" src=\"https:\/\/dobrogeanews.b-cdn.net\/wp-content\/uploads\/2026\/06\/Stefan-Karadzha.jpg\" alt=\"Tulcea Stefan Karadzha Monument Comemorativ\" width=\"640\" height=\"525\"><\/figure>\n<p>Evenimentul reprezint\u0103 un moment important pentru consolidarea rela\u021biilor istorice \u0219i culturale dintre Rom\u00e2nia \u0219i Bulgaria \u0219i marcheaz\u0103 valorificarea unei pagini importante din memoria multicultural\u0103 a Tulcei.<br \/>Ceremonia de inaugurare va reuni oficialit\u0103\u021bi rom\u00e2ne \u0219i bulgare, reprezentan\u021bi ai administra\u021biilor locale, ai institu\u021biilor culturale \u0219i academice, precum \u0219i reprezentan\u021bi ai comunit\u0103\u021bilor religioase.<\/p>\n<p>La eveniment vor participa delega\u021bii de rang \u00eenalt din Republica Bulgaria, al\u0103turi de reprezentan\u021bi ai autorit\u0103\u021bilor locale din Tulcea. Printre invita\u021bii de onoare se num\u0103r\u0103 <strong>Excelen\u021ba Sa domnul Radko Vlaykov, Ambasador Extraordinar \u0219i Plenipoten\u021biar al Republicii Bulgaria \u00een Rom\u00e2nia<\/strong>, domnul <strong>Petar Vitanov, Pre\u0219edintele Comisiei pentru Politic\u0103 Extern\u0103 din Adunarea Na\u021bional\u0103 a Republicii Bulgaria<\/strong>, domnul G<strong>\u00e1bor Hajdu, Pre\u0219edintele Comisiei pentru Politic\u0103 Extern\u0103 a Camerei Deputa\u021bilor,<\/strong> domnul <strong>Vassil Terziev, Primarul municipiului Sofia<\/strong>, domnul <strong>Daniel Panov, Primarul municipiului Veliko T\u0103rnovo \u0219i Pre\u0219edintele Consiliului de administra\u021bie al Asocia\u021biei Na\u021bionale a Municipiilor din Republica Bulgaria<\/strong>, domnul <strong>Pencho Milkov, Primarul municipiului Ruse, domnul acad. Hristo Beloev, Pre\u0219edintele Consiliului Municipal Ruse<\/strong>, precum \u0219i reprezentan\u021bi ai Ministerelor Afacerilor Externe din Rom\u00e2nia \u0219i Bulgaria, ai corpului diplomatic, ai administra\u021biilor locale \u0219i ai mediului academic.<\/p>\n<p>Din partea autorit\u0103\u021bilor locale vor participa reprezentan\u021bii Municipiului Tulcea, \u00een frunte cu <strong>primarul \u0218tefan Ilie<\/strong>, precum \u0219i reprezentan\u021bi ai institu\u021biilor publice locale.<\/p>\n<p>Momentul inaugural va debuta cu o slujb\u0103 religioas\u0103 oficiat\u0103 de reprezentan\u021bi ai Patriarhiei Bulgare la Bucure\u0219ti \u0219i ai Episcopiei Tulcii, simboliz\u00e2nd leg\u0103turile istorice \u0219i spirituale dintre comunit\u0103\u021bile rom\u00e2n\u0103 \u0219i bulgar\u0103.<\/p>\n<p><strong>Monumentul dedicat lui \u0218tefan Karadzha este amplasat \u00een Parcul Pia\u021ba Sf\u00e2ntul Gheorghe, \u00eentr-un loc ales simbolic, \u00een apropierea Bisericii Bulgare \u201eSf\u00e2ntul Gheorghe\u201d \u0219i nu departe de locul \u00een care acesta a locuit \u00een perioada 1854\u20131862, pe actuala strad\u0103 24 Ianuarie nr. 19. De\u0219i imobilul nu mai exist\u0103, amplasarea monumentului p\u0103streaz\u0103 vie memoria leg\u0103turii istorice dintre \u0218tefan Karadzha \u0219i ora\u0219ul Tulcea.<\/strong><\/p>\n<p>Dup\u0103 ceremonia de inaugurare, delega\u021biile participante vor vizita Biserica \u201eSf\u00e2ntul Gheorghe\u201d, unde va avea loc o prezentare a l\u0103ca\u0219ului de cult, un moment de bun venit \u0219i semnarea \u00een Cartea de oaspe\u021bi.<\/p>\n<p>Programul va continua cu vizita la Ronda Minorit\u0103\u021bilor, la bustul lui Gheorghi Rakovski, unde vor fi depuse buchete de flori \u00een memoria personalit\u0103\u021bilor care au contribuit la istoria \u0219i identitatea comunit\u0103\u021bilor din aceast\u0103 zon\u0103, \u0219i se va \u00eencheia cu o recep\u021bie oficial\u0103.<\/p>\n<p>Bustul-monument dedicat lui \u0218tefan Karadzha este o crea\u021bie a sculptorilor bulgari Georgi Petkov Radulov \u0219i Daniel Kanchev Ivanov. Lucrarea realizat\u0103 la Tulcea reprezint\u0103 o replic\u0103 a bustului inclus \u00een monumentul dedicat lui \u0218tefan Karadzha din ora\u0219ul Ruse, inaugurat \u00een anul 1968.<\/p>\n<p>Stefan Karadzha (1840\u20131868) este una dintre figurile importante ale luptei pentru emanciparea na\u021bional\u0103 bulgare din secolul al XIX-lea. N\u0103scut \u00een Bulgaria, \u00een localitatea Ichme (ast\u0103zi Stefan Karadjovo), acesta a locuit la Tulcea \u00eentre anii 1854 \u0219i 1862, perioad\u0103 \u00een care a studiat \u0219i s-a format \u00een spiritul idealurilor de libertate \u0219i identitate na\u021bional\u0103.<\/p>\n<p>Activitatea sa revolu\u021bionar\u0103 este str\u00e2ns legat\u0103 de spa\u021biul rom\u00e2nesc, unde a desf\u0103\u0219urat o parte important\u0103 a activit\u0103\u021bii sale \u0219i unde numero\u0219i militan\u021bi bulgari au g\u0103sit un cadru favorabil pentru organizarea ac\u021biunilor dedicate eliber\u0103rii de sub domina\u021bia otoman\u0103. Stefan Karadzha a devenit una dintre figurile simbol ale Rena\u0219terii Na\u021bionale Bulgare, memoria sa fiind p\u0103strat\u0103 \u0219i ast\u0103zi \u00een Bulgaria.<\/p>\n<p>Realizarea monumentului de la Tulcea este rezultatul parteneriatului dintre Municipiul Tulcea \u0219i Ambasada Republicii Bulgaria \u00een Rom\u00e2nia. Ambasada Republicii Bulgaria a ini\u021biat \u0219i a asigurat realizarea monumentului comemorativ, suport\u00e2nd costurile aferente proiect\u0103rii, execu\u021biei \u0219i amplas\u0103rii acestuia, iar Municipiul Tulcea a sprijinit demersurile administrative necesare pentru amplasarea sa \u00een spa\u021biul public \u0219i va asigura \u00eentre\u021binerea ansamblului pe durata existen\u021bei acestuia.<\/p>\n<p>Prin acest proiect, Tulcea \u00ee\u0219i reafirm\u0103 identitatea de ora\u0219 multicultural, \u00een care istoria comunit\u0103\u021bilor care au contribuit la dezvoltarea sa este p\u0103strat\u0103, valorificat\u0103 \u0219i transmis\u0103 genera\u021biilor viitoare.<\/p>\n<div class=\"monsterinsights-inline-popular-posts monsterinsights-inline-popular-posts-charlie monsterinsights-popular-posts-styled\">\n<div class=\"monsterinsights-inline-popular-posts-text\"><span class=\"monsterinsights-inline-popular-posts-label\">Vezi \u0219i:<\/span><\/p>\n<div class=\"monsterinsights-inline-popular-posts-post\"><a class=\"monsterinsights-inline-popular-posts-title\" href=\"https:\/\/www.dobrogeanews.ro\/stefan-ilie-primar-tulcea-avem-buget-mai-mare-si-mai-multe-investitii-modernizarea-strazilor-si-a-retelelor-de-utilitati-de-sub-carosabil-continua-tulcea-va-fi-un-oras-european\/\">\u0218tefan Ilie, primar Tulcea: Avem buget mai mare \u0219i mai multe investi\u021bii. Modernizarea str\u0103zilor \u0219i a re\u021belelor de utilit\u0103\u021bi de sub carosabil, continu\u0103. Tulcea va fi un ora\u0219 european(!)<\/a><\/div>\n<div class=\"monsterinsights-inline-popular-posts-post\"><a class=\"monsterinsights-inline-popular-posts-title\" href=\"https:\/\/www.dobrogeanews.ro\/santierul-naval-vard-shipyards-tulcea-nkt-eleonora-prima-nava-din-lume-de-pozare-a-cablurilor-care-functioneaza-cu-e-metanol-la-standardele-moderne-de-mediu\/\">\u0218antierul Naval Vard Shipyards Tulcea: NKT Eleonora, prima nav\u0103 din lume (de pozare a cablurilor) care func\u021bioneaz\u0103 cu e-metanol, la standardele moderne de mediu<\/a><\/div>\n<div class=\"monsterinsights-inline-popular-posts-post\"><a class=\"monsterinsights-inline-popular-posts-title\" href=\"https:\/\/www.dobrogeanews.ro\/dupa-aprobarea-bugetului-2026-la-babadag-se-deschid-alte-santiere-de-investitii\/\">Dup\u0103 aprobarea bugetului 2026, la Babadag se deschid alte \u0219antiere de investi\u021bii<\/a><\/div>\n<\/div>\n<\/div>\n<p class=\"has-text-align-center has-white-color has-text-color has-background\"><span><a href=\"https:\/\/news.google.com\/publications\/CAAqBwgKMIu5pgsw88O-Aw?ceid=RO:ro&amp;oc=3\">Urm\u0103ri\u0163i \u015etirile Dobrogeanews \u015fi pe Google News<\/a><\/span><\/p>\n<\/div>\n<p>[analyse_source url=&#8221;https:\/\/www.dobrogeanews.ro\/tulcea-isi-reafirma-identitatea-de-oras-multicultural-cu-inca-un-monument-comemorativ-dedicat-de-acesta-data-lui-stefan-karadzha\/&#8221;]<\/p>\n","protected":false},"excerpt":{"rendered":"<p>[analyse_image type=&#8221;featured&#8221; src=&#8221;https:\/\/dobrogeanews.b-cdn.net\/wp-content\/uploads\/2026\/06\/Stefan-Karadzha.jpg&#8221;] Urm\u0103re\u015fte-ne \u015fi pe Facebook!57KFollowers Mar\u021bi, 30 iunie 2026, ora 11.00, \u00een Parcul Pia\u021ba Sf\u00e2ntul Gheorghe, Municipiul Tulcea va inaugura monumentul comemorativ dedicat lui Stefan Karadzha, personalitate emblematic\u0103 a mi\u0219c\u0103rii de rena\u0219tere na\u021bional\u0103 bulgare, a c\u0103rui via\u021b\u0103 \u0219i activitate sunt profund legate de istoria ora\u0219ului nostru \u0219i de leg\u0103turile istorice dintre comunit\u0103\u021bile rom\u00e2n\u0103 [&hellip;]<\/p>\n","protected":false},"author":1,"featured_media":0,"comment_status":"open","ping_status":"","sticky":false,"template":"","format":"standard","meta":{"footnotes":""},"categories":[89],"tags":[226,223],"class_list":["post-2014147","post","type-post","status-publish","format-standard","hentry","category-romania","tag-crawlmanager","tag-dobrogeanews-ro"],"_links":{"self":[{"href":"https:\/\/analyse.optim.biz\/index.php?rest_route=\/wp\/v2\/posts\/2014147","targetHints":{"allow":["GET"]}}],"collection":[{"href":"https:\/\/analyse.optim.biz\/index.php?rest_route=\/wp\/v2\/posts"}],"about":[{"href":"https:\/\/analyse.optim.biz\/index.php?rest_route=\/wp\/v2\/types\/post"}],"author":[{"embeddable":true,"href":"https:\/\/analyse.optim.biz\/index.php?rest_route=\/wp\/v2\/users\/1"}],"replies":[{"embeddable":true,"href":"https:\/\/analyse.optim.biz\/index.php?rest_route=%2Fwp%2Fv2%2Fcomments&post=2014147"}],"version-history":[{"count":0,"href":"https:\/\/analyse.optim.biz\/index.php?rest_route=\/wp\/v2\/posts\/2014147\/revisions"}],"wp:attachment":[{"href":"https:\/\/analyse.optim.biz\/index.php?rest_route=%2Fwp%2Fv2%2Fmedia&parent=2014147"}],"wp:term":[{"taxonomy":"category","embeddable":true,"href":"https:\/\/analyse.optim.biz\/index.php?rest_route=%2Fwp%2Fv2%2Fcategories&post=2014147"},{"taxonomy":"post_tag","embeddable":true,"href":"https:\/\/analyse.optim.biz\/index.php?rest_route=%2Fwp%2Fv2%2Ftags&post=2014147"}],"curies":[{"name":"wp","href":"https:\/\/api.w.org\/{rel}","templated":true}]}}