{"id":2014001,"date":"2026-06-27T07:07:23","date_gmt":"2026-06-27T04:07:23","guid":{"rendered":"https:\/\/analyse.optim.biz\/?p=2014001"},"modified":"2026-06-27T07:07:23","modified_gmt":"2026-06-27T04:07:23","slug":"serviciul-de-probatiune-tulcea-implicarea-comunitatii-din-macin-in-prevenirea-recidivei","status":"publish","type":"post","link":"https:\/\/analyse.optim.biz\/?p=2014001","title":{"rendered":"Serviciul de Proba\u021biune Tulcea \u2013 Implicarea comunit\u0103\u021bii din M\u0103cin \u00een prevenirea recidivei"},"content":{"rendered":"<p>[analyse_image type=&#8221;featured&#8221; src=&#8221;https:\/\/dobrogeanews.b-cdn.net\/wp-content\/uploads\/2026\/06\/serv-probatiuni.jpg&#8221;]<\/p>\n<div id=\"post-71485\" class=\"entry single-default post-71485 post type-post status-publish format-standard has-post-thumbnail hentry category-info\">\n<div>\n<div class=\"ss-follow-wrapper ss-clearfix ss-regular-buttons ss-columns-1 ss-default-style\">\n<div class=\"ss-follow-column\" data-ss-sf-network-id=\"&quot;facebook&quot;\"><a href=\"https:\/\/www.facebook.com\/dobrogeanews\" class=\"ss-follow-network ss-facebook-color\" rel=\"nofollow noopener\" aria-label=\"facebook\" target=\"_blank\"><span class=\"ss-follow-network-label\">Urm\u0103re\u015fte-ne \u015fi pe Facebook!<\/span><span class=\"ss-follow-network-count\"><span class=\"ss-follow-network-count-number\">57K<\/span><span class=\"ss-follow-network-count-label\">Followers<\/span><\/span><\/a><\/div>\n<\/div>\n<\/div>\n<p>Serviciul de Proba\u021biune Tulcea a\u00a0 organizat, pe data de\u00a025.06.2026, cu sprijinul Prim\u0103riei M\u0103cin, o dezbatere interinstitu\u021bional\u0103, pe tema prevenirii \u00a0infrac\u021bionalit\u0103\u021bii \u0219i facilit\u0103rii reintegr\u0103rii sociale a persoanelor sanc\u021bionate penal.<\/p>\n<figure class=\"wp-block-image size-full is-resized\">\n<source type=\"image\/webp\" data-lazy-srcset=\"https:\/\/dobrogeanews.b-cdn.net\/wp-content\/uploads\/2026\/06\/serv-probatiuni.jpg.webp 2560w, https:\/\/dobrogeanews.b-cdn.net\/wp-content\/uploads\/2026\/06\/serv-probatiuni-300x246.jpg.webp 300w, https:\/\/dobrogeanews.b-cdn.net\/wp-content\/uploads\/2026\/06\/serv-probatiuni-1024x840.jpg.webp 1024w, https:\/\/dobrogeanews.b-cdn.net\/wp-content\/uploads\/2026\/06\/serv-probatiuni-768x630.jpg.webp 768w, https:\/\/dobrogeanews.b-cdn.net\/wp-content\/uploads\/2026\/06\/serv-probatiuni-1536x1260.jpg.webp 1536w, https:\/\/dobrogeanews.b-cdn.net\/wp-content\/uploads\/2026\/06\/serv-probatiuni-2048x1680.jpg.webp 2048w\" sizes=\"(max-width: 640px) 100vw, 640px\" \/><br \/>\n<img loading=\"lazy\" decoding=\"async\" src=\"https:\/\/dobrogeanews.b-cdn.net\/wp-content\/uploads\/2026\/06\/serv-probatiuni.jpg\" alt=\"Serviciul de Proba\u021biune Tulcea Implicarea comunit\u0103\u021bii din M\u0103cin \u00een prevenirea recidivei\" width=\"640\" height=\"525\"><\/figure>\n<p>Activitatea s-a derulat la sediul Prim\u0103riei M\u0103cin \u0219i se \u00eencadreaz\u0103 \u00een Planul de ac\u021biuni privind implementarea Strategiei na\u021bionale de prevenire a recidivei, 2025 \u2013 2026.<\/p>\n<p>La dezbateri, au participat reprezentan\u021bi ai conducerii institu\u021biilor partenere din ora\u0219ul M\u0103cin, care fac parte din grupul de lucru, constituit la nivel jude\u021bean, respectiv: Poli\u021bia Ora\u0219ului M\u0103cin, Prim\u0103ria Ora\u0219ului M\u0103cin, Direc\u021bia de Asisten\u021b\u0103 Social\u0103, Poli\u021bia Local\u0103 M\u0103cin, Liceul Teoretic <em>Gheorghe Munteanu Murgoci<\/em> \u0219i \u0218coala Gimnazial\u0103 <em>Gheorghe Banea<\/em>, Spitalul Or\u0103\u0219enesc M\u0103cin, Agen\u021bia Jude\u021bean\u0103 pentru Ocuparea For\u021bei de Munc\u0103 (AJOFM) Tulcea \u2013 Punct de lucru M\u0103cin \u0219i Cabinete individuale de medicin\u0103 de familie.<\/p>\n<p>\u00cen aplicarea obiectivelor strategiei men\u021bionate, grupul de lucru a urm\u0103rit promovarea de activit\u0103\u021bi comune la nivel local, menite s\u0103 contribuie la con\u0219tientizarea factorilor de risc ai comportamentelor antisociale, sensibilizarea comunit\u0103\u021bii \u00a0pentru \u00a0sus\u021binerea unor modele de coeziune social\u0103 \u0219i crearea unor re\u021bele comunitare pozitive, care s\u0103 favorizeze identificarea \u0219i accesarea oportunit\u0103\u021bilor de integrare pentru persoanele sanc\u021bionate penal, aflate \u00een eviden\u021ba serviciului de proba\u021biune.<\/p>\n<p>Au fost prezentate interven\u021bii de succes realizate de c\u0103tre consilierii de proba\u021biune, respectiv programele de reintegrare social\u0103, care abordeaz\u0103 schimbarea cognitiv comportamental\u0103. Aceste programe au fost sus\u021binute la sediul secundar al Serviciul de Proba\u021biune Tulcea, din cadrul Judec\u0103toriei M\u0103cin \u0219i au abordat dezvoltarea de abilit\u0103\u021bi sociale, prevenirea recidivei, identificarea \u0219i rezolvarea dezirabil\u0103 a problemelor, prevenirea comportamentelor rutiere neadecvate \u0219.a.<\/p>\n<p>De asemenea, a fost abordat\u0103 o latur\u0103 important\u0103 a activit\u0103\u021bii de proba\u021biune, respectiv modul de executare a orelor de munc\u0103 neremunerat\u0103 \u00een folosul comunit\u0103\u021bii. Aceast\u0103 activitatea valorizeaz\u0103 colaborarea interinstitu\u021bional\u0103 \u0219i vizeaz\u0103 deopotriv\u0103 rolul practic al activit\u0103\u021bilor derulate \u00een interesul comunit\u0103\u021bii, c\u00e2t \u0219i responsabilizarea \u00a0persoanelor \u00a0sanc\u021bionate \u00a0penal \u00a0de a se implica activ, de a respecta un program de munc\u0103 \u0219i de a-\u0219i asuma sarcini conforme preg\u0103tirii \u0219i abilit\u0103\u021bilor lor. <\/p>\n<p>C\u00e2\u0219tigul considerabil pentru comunitatea din ora\u0219ul M\u0103cin \u0219i localit\u0103\u021bile \u00eenvecinate, este eviden\u021biat de faptul c\u0103, \u00een ultimii doi ani, 342 de persoane sanc\u021bionate penal, aflate \u00een eviden\u021ba Serviciului de Proba\u021biune Tulcea, au executat \u00een medie 160 de ore de munc\u0103 neremunerat\u0103 \u00een folosul comunit\u0103\u021bii, ceea ce reprezint\u0103 un total de 54.720 de ore de munc\u0103 \u00een folosul comunit\u0103\u021bii.<\/p>\n<p>Dezbaterile au urm\u0103rit \u0219i cre\u0219terea nivelului de informare pentru persoanele sanc\u021bionate penal, \u00een scopul facilit\u0103rii accesului acestora la diferitele servicii publice, precum: cursuri \u0219colare, cursuri de calificare profesional\u0103, programe de consiliere voca\u021bional\u0103, medierea muncii, servicii de asisten\u021b\u0103\u00a0psiho-social\u0103 \u0219i chiar de asisten\u021b\u0103 \u0219i consiliere medical\u0103.\u00a0\u00a0\u00a0\u00a0\u00a0\u00a0\u00a0\u00a0\u00a0\u00a0\u00a0\u00a0\u00a0 <\/p>\n<p>Au fost abordate \u0219i aspecte care au vizat infrac\u021bionalitatea centrat\u0103 pe violen\u021b\u0103, consum de alcool sau droguri \u0219i conduite rutiere neadecvate \u2013 factori de risc des \u00eent\u00e2lni\u021bi \u00een cauzalitatea fenomenului infrac\u021bional din ultimii ani, \u00een special \u00een r\u00e2ndul popula\u021biei tinere. <\/p>\n<p>\u201eAu fost puse bazele unor viitoare interven\u021bii comune \u00een mediile \u0219colare, prin intermediul unor echipe mixte alc\u0103tuite din cadre didactice, personal de proba\u021biune, speciali\u0219ti din domeniul medical, agen\u021bi de poli\u021bie, care s\u0103 se implice \u00een derularea de campanii de informare \u0219i con\u0219tientizare cu privire la riscurile \u0219i prevenirea comportamentelor infrac\u021bionale.\u00a0<\/p>\n<p>Preciz\u0103m faptul c\u0103 \u00een ultimii doi ani, \u00een eviden\u021ba Serviciului de Proba\u021biune Tulcea s-au aflat 580 de persoane din ora\u0219ul M\u0103cin \u0219i localit\u0103\u021bile \u00eenvecinate, iar 350 dintre acestea au fost sanc\u021bionate pentru comiterea unor infrac\u021biuni rutiere.<\/p>\n<p>Serviciul de Proba\u021biune Tulcea \u00ee\u0219i men\u021bine interesul de a colabora, \u00een continuare,\u00a0 cu partenerii din comunitate \u0219i de a se implica, al\u0103turi de speciali\u0219tii grupului de lucru, \u00een ac\u021biuni locale menite s\u0103 contribuie, at\u00e2t la reducerea riscului de recidiv\u0103 \u0219i prevenirea fenomenului infrac\u021bional, c\u00e2t \u0219i la reintegrarea social\u0103 a persoanelor care au comis infrac\u021biuni \u0219i la construirea unui mediu comunitar mai sigur pentru noi to\u021bi\u201d\u00a0<\/p>\n<p>Cristina Dincu \u2013 responsabil PR \u2013 Serviciul de Proba\u021biune Tulcea<\/p>\n<div class=\"monsterinsights-inline-popular-posts monsterinsights-inline-popular-posts-charlie monsterinsights-popular-posts-styled\">\n<div class=\"monsterinsights-inline-popular-posts-text\"><span class=\"monsterinsights-inline-popular-posts-label\">Vezi \u0219i:<\/span><\/p>\n<div class=\"monsterinsights-inline-popular-posts-post\"><a class=\"monsterinsights-inline-popular-posts-title\" href=\"https:\/\/www.dobrogeanews.ro\/dupa-aprobarea-bugetului-2026-la-babadag-se-deschid-alte-santiere-de-investitii\/\">Dup\u0103 aprobarea bugetului 2026, la Babadag se deschid alte \u0219antiere de investi\u021bii<\/a><\/div>\n<div class=\"monsterinsights-inline-popular-posts-post\"><a class=\"monsterinsights-inline-popular-posts-title\" href=\"https:\/\/www.dobrogeanews.ro\/santierul-naval-vard-shipyards-tulcea-nkt-eleonora-prima-nava-din-lume-de-pozare-a-cablurilor-care-functioneaza-cu-e-metanol-la-standardele-moderne-de-mediu\/\">\u0218antierul Naval Vard Shipyards Tulcea: NKT Eleonora, prima nav\u0103 din lume (de pozare a cablurilor) care func\u021bioneaz\u0103 cu e-metanol, la standardele moderne de mediu<\/a><\/div>\n<div class=\"monsterinsights-inline-popular-posts-post\"><a class=\"monsterinsights-inline-popular-posts-title\" href=\"https:\/\/www.dobrogeanews.ro\/eveniment-medical-de-exceptie-la-spitalul-judetean-de-urgenta-tulcea-alaturi-de-clubul-de-chirurgie-oncoplastica-a-sanului\/\">Eveniment medical de excep\u021bie la Spitalul Jude\u021bean de Urgen\u021b\u0103 Tulcea al\u0103turi de Clubul de Chirurgie Oncoplastic\u0103 a S\u00e2nului<\/a><\/div>\n<\/div>\n<\/div>\n<p class=\"has-text-align-center has-white-color has-text-color has-background\"><span><a href=\"https:\/\/news.google.com\/publications\/CAAqBwgKMIu5pgsw88O-Aw?ceid=RO:ro&amp;oc=3\">Urm\u0103ri\u0163i \u015etirile Dobrogeanews \u015fi pe Google News<\/a><\/span><\/p>\n<\/div>\n<div id=\"post-71485\" class=\"entry single-default post-71485 post type-post status-publish format-standard has-post-thumbnail hentry category-info\">\n<div>\n<div class=\"ss-follow-wrapper ss-clearfix ss-regular-buttons ss-columns-1 ss-default-style\">\n<div class=\"ss-follow-column\" data-ss-sf-network-id=\"&quot;facebook&quot;\"><a href=\"https:\/\/www.facebook.com\/dobrogeanews\" class=\"ss-follow-network ss-facebook-color\" rel=\"nofollow noopener\" aria-label=\"facebook\" target=\"_blank\"><span class=\"ss-follow-network-label\">Urm\u0103re\u015fte-ne \u015fi pe Facebook!<\/span><span class=\"ss-follow-network-count\"><span class=\"ss-follow-network-count-number\">57K<\/span><span class=\"ss-follow-network-count-label\">Followers<\/span><\/span><\/a><\/div>\n<\/div>\n<\/div>\n<p>Serviciul de Proba\u021biune Tulcea a\u00a0 organizat, pe data de\u00a025.06.2026, cu sprijinul Prim\u0103riei M\u0103cin, o dezbatere interinstitu\u021bional\u0103, pe tema prevenirii \u00a0infrac\u021bionalit\u0103\u021bii \u0219i facilit\u0103rii reintegr\u0103rii sociale a persoanelor sanc\u021bionate penal.<\/p>\n<figure class=\"wp-block-image size-full is-resized\">\n<source type=\"image\/webp\" data-lazy-srcset=\"https:\/\/dobrogeanews.b-cdn.net\/wp-content\/uploads\/2026\/06\/serv-probatiuni.jpg.webp 2560w, https:\/\/dobrogeanews.b-cdn.net\/wp-content\/uploads\/2026\/06\/serv-probatiuni-300x246.jpg.webp 300w, https:\/\/dobrogeanews.b-cdn.net\/wp-content\/uploads\/2026\/06\/serv-probatiuni-1024x840.jpg.webp 1024w, https:\/\/dobrogeanews.b-cdn.net\/wp-content\/uploads\/2026\/06\/serv-probatiuni-768x630.jpg.webp 768w, https:\/\/dobrogeanews.b-cdn.net\/wp-content\/uploads\/2026\/06\/serv-probatiuni-1536x1260.jpg.webp 1536w, https:\/\/dobrogeanews.b-cdn.net\/wp-content\/uploads\/2026\/06\/serv-probatiuni-2048x1680.jpg.webp 2048w\" sizes=\"(max-width: 640px) 100vw, 640px\" \/><br \/>\n<img loading=\"lazy\" decoding=\"async\" src=\"https:\/\/dobrogeanews.b-cdn.net\/wp-content\/uploads\/2026\/06\/serv-probatiuni.jpg\" alt=\"Serviciul de Proba\u021biune Tulcea Implicarea comunit\u0103\u021bii din M\u0103cin \u00een prevenirea recidivei\" width=\"640\" height=\"525\"><\/figure>\n<p>Activitatea s-a derulat la sediul Prim\u0103riei M\u0103cin \u0219i se \u00eencadreaz\u0103 \u00een Planul de ac\u021biuni privind implementarea Strategiei na\u021bionale de prevenire a recidivei, 2025 \u2013 2026.<\/p>\n<p>La dezbateri, au participat reprezentan\u021bi ai conducerii institu\u021biilor partenere din ora\u0219ul M\u0103cin, care fac parte din grupul de lucru, constituit la nivel jude\u021bean, respectiv: Poli\u021bia Ora\u0219ului M\u0103cin, Prim\u0103ria Ora\u0219ului M\u0103cin, Direc\u021bia de Asisten\u021b\u0103 Social\u0103, Poli\u021bia Local\u0103 M\u0103cin, Liceul Teoretic <em>Gheorghe Munteanu Murgoci<\/em> \u0219i \u0218coala Gimnazial\u0103 <em>Gheorghe Banea<\/em>, Spitalul Or\u0103\u0219enesc M\u0103cin, Agen\u021bia Jude\u021bean\u0103 pentru Ocuparea For\u021bei de Munc\u0103 (AJOFM) Tulcea \u2013 Punct de lucru M\u0103cin \u0219i Cabinete individuale de medicin\u0103 de familie.<\/p>\n<p>\u00cen aplicarea obiectivelor strategiei men\u021bionate, grupul de lucru a urm\u0103rit promovarea de activit\u0103\u021bi comune la nivel local, menite s\u0103 contribuie la con\u0219tientizarea factorilor de risc ai comportamentelor antisociale, sensibilizarea comunit\u0103\u021bii \u00a0pentru \u00a0sus\u021binerea unor modele de coeziune social\u0103 \u0219i crearea unor re\u021bele comunitare pozitive, care s\u0103 favorizeze identificarea \u0219i accesarea oportunit\u0103\u021bilor de integrare pentru persoanele sanc\u021bionate penal, aflate \u00een eviden\u021ba serviciului de proba\u021biune.<\/p>\n<p>Au fost prezentate interven\u021bii de succes realizate de c\u0103tre consilierii de proba\u021biune, respectiv programele de reintegrare social\u0103, care abordeaz\u0103 schimbarea cognitiv comportamental\u0103. Aceste programe au fost sus\u021binute la sediul secundar al Serviciul de Proba\u021biune Tulcea, din cadrul Judec\u0103toriei M\u0103cin \u0219i au abordat dezvoltarea de abilit\u0103\u021bi sociale, prevenirea recidivei, identificarea \u0219i rezolvarea dezirabil\u0103 a problemelor, prevenirea comportamentelor rutiere neadecvate \u0219.a.<\/p>\n<p>De asemenea, a fost abordat\u0103 o latur\u0103 important\u0103 a activit\u0103\u021bii de proba\u021biune, respectiv modul de executare a orelor de munc\u0103 neremunerat\u0103 \u00een folosul comunit\u0103\u021bii. Aceast\u0103 activitatea valorizeaz\u0103 colaborarea interinstitu\u021bional\u0103 \u0219i vizeaz\u0103 deopotriv\u0103 rolul practic al activit\u0103\u021bilor derulate \u00een interesul comunit\u0103\u021bii, c\u00e2t \u0219i responsabilizarea \u00a0persoanelor \u00a0sanc\u021bionate \u00a0penal \u00a0de a se implica activ, de a respecta un program de munc\u0103 \u0219i de a-\u0219i asuma sarcini conforme preg\u0103tirii \u0219i abilit\u0103\u021bilor lor. <\/p>\n<p>C\u00e2\u0219tigul considerabil pentru comunitatea din ora\u0219ul M\u0103cin \u0219i localit\u0103\u021bile \u00eenvecinate, este eviden\u021biat de faptul c\u0103, \u00een ultimii doi ani, 342 de persoane sanc\u021bionate penal, aflate \u00een eviden\u021ba Serviciului de Proba\u021biune Tulcea, au executat \u00een medie 160 de ore de munc\u0103 neremunerat\u0103 \u00een folosul comunit\u0103\u021bii, ceea ce reprezint\u0103 un total de 54.720 de ore de munc\u0103 \u00een folosul comunit\u0103\u021bii.<\/p>\n<p>Dezbaterile au urm\u0103rit \u0219i cre\u0219terea nivelului de informare pentru persoanele sanc\u021bionate penal, \u00een scopul facilit\u0103rii accesului acestora la diferitele servicii publice, precum: cursuri \u0219colare, cursuri de calificare profesional\u0103, programe de consiliere voca\u021bional\u0103, medierea muncii, servicii de asisten\u021b\u0103\u00a0psiho-social\u0103 \u0219i chiar de asisten\u021b\u0103 \u0219i consiliere medical\u0103.\u00a0\u00a0\u00a0\u00a0\u00a0\u00a0\u00a0\u00a0\u00a0\u00a0\u00a0\u00a0\u00a0 <\/p>\n<p>Au fost abordate \u0219i aspecte care au vizat infrac\u021bionalitatea centrat\u0103 pe violen\u021b\u0103, consum de alcool sau droguri \u0219i conduite rutiere neadecvate \u2013 factori de risc des \u00eent\u00e2lni\u021bi \u00een cauzalitatea fenomenului infrac\u021bional din ultimii ani, \u00een special \u00een r\u00e2ndul popula\u021biei tinere. <\/p>\n<p>\u201eAu fost puse bazele unor viitoare interven\u021bii comune \u00een mediile \u0219colare, prin intermediul unor echipe mixte alc\u0103tuite din cadre didactice, personal de proba\u021biune, speciali\u0219ti din domeniul medical, agen\u021bi de poli\u021bie, care s\u0103 se implice \u00een derularea de campanii de informare \u0219i con\u0219tientizare cu privire la riscurile \u0219i prevenirea comportamentelor infrac\u021bionale.\u00a0<\/p>\n<p>Preciz\u0103m faptul c\u0103 \u00een ultimii doi ani, \u00een eviden\u021ba Serviciului de Proba\u021biune Tulcea s-au aflat 580 de persoane din ora\u0219ul M\u0103cin \u0219i localit\u0103\u021bile \u00eenvecinate, iar 350 dintre acestea au fost sanc\u021bionate pentru comiterea unor infrac\u021biuni rutiere.<\/p>\n<p>Serviciul de Proba\u021biune Tulcea \u00ee\u0219i men\u021bine interesul de a colabora, \u00een continuare,\u00a0 cu partenerii din comunitate \u0219i de a se implica, al\u0103turi de speciali\u0219tii grupului de lucru, \u00een ac\u021biuni locale menite s\u0103 contribuie, at\u00e2t la reducerea riscului de recidiv\u0103 \u0219i prevenirea fenomenului infrac\u021bional, c\u00e2t \u0219i la reintegrarea social\u0103 a persoanelor care au comis infrac\u021biuni \u0219i la construirea unui mediu comunitar mai sigur pentru noi to\u021bi\u201d\u00a0<\/p>\n<p>Cristina Dincu \u2013 responsabil PR \u2013 Serviciul de Proba\u021biune Tulcea<\/p>\n<div class=\"monsterinsights-inline-popular-posts monsterinsights-inline-popular-posts-charlie monsterinsights-popular-posts-styled\">\n<div class=\"monsterinsights-inline-popular-posts-text\"><span class=\"monsterinsights-inline-popular-posts-label\">Vezi \u0219i:<\/span><\/p>\n<div class=\"monsterinsights-inline-popular-posts-post\"><a class=\"monsterinsights-inline-popular-posts-title\" href=\"https:\/\/www.dobrogeanews.ro\/dupa-aprobarea-bugetului-2026-la-babadag-se-deschid-alte-santiere-de-investitii\/\">Dup\u0103 aprobarea bugetului 2026, la Babadag se deschid alte \u0219antiere de investi\u021bii<\/a><\/div>\n<div class=\"monsterinsights-inline-popular-posts-post\"><a class=\"monsterinsights-inline-popular-posts-title\" href=\"https:\/\/www.dobrogeanews.ro\/santierul-naval-vard-shipyards-tulcea-nkt-eleonora-prima-nava-din-lume-de-pozare-a-cablurilor-care-functioneaza-cu-e-metanol-la-standardele-moderne-de-mediu\/\">\u0218antierul Naval Vard Shipyards Tulcea: NKT Eleonora, prima nav\u0103 din lume (de pozare a cablurilor) care func\u021bioneaz\u0103 cu e-metanol, la standardele moderne de mediu<\/a><\/div>\n<div class=\"monsterinsights-inline-popular-posts-post\"><a class=\"monsterinsights-inline-popular-posts-title\" href=\"https:\/\/www.dobrogeanews.ro\/eveniment-medical-de-exceptie-la-spitalul-judetean-de-urgenta-tulcea-alaturi-de-clubul-de-chirurgie-oncoplastica-a-sanului\/\">Eveniment medical de excep\u021bie la Spitalul Jude\u021bean de Urgen\u021b\u0103 Tulcea al\u0103turi de Clubul de Chirurgie Oncoplastic\u0103 a S\u00e2nului<\/a><\/div>\n<\/div>\n<\/div>\n<p class=\"has-text-align-center has-white-color has-text-color has-background\"><span><a href=\"https:\/\/news.google.com\/publications\/CAAqBwgKMIu5pgsw88O-Aw?ceid=RO:ro&amp;oc=3\">Urm\u0103ri\u0163i \u015etirile Dobrogeanews \u015fi pe Google News<\/a><\/span><\/p>\n<\/div>\n<p>[analyse_source url=&#8221;https:\/\/www.dobrogeanews.ro\/serviciul-de-probatiune-tulcea-implicarea-comunitatii-din-macin-in-prevenirea-recidivei\/&#8221;]<\/p>\n","protected":false},"excerpt":{"rendered":"<p>[analyse_image type=&#8221;featured&#8221; src=&#8221;https:\/\/dobrogeanews.b-cdn.net\/wp-content\/uploads\/2026\/06\/serv-probatiuni.jpg&#8221;] Urm\u0103re\u015fte-ne \u015fi pe Facebook!57KFollowers Serviciul de Proba\u021biune Tulcea a\u00a0 organizat, pe data de\u00a025.06.2026, cu sprijinul Prim\u0103riei M\u0103cin, o dezbatere interinstitu\u021bional\u0103, pe tema prevenirii \u00a0infrac\u021bionalit\u0103\u021bii \u0219i facilit\u0103rii reintegr\u0103rii sociale a persoanelor sanc\u021bionate penal. Activitatea s-a derulat la sediul Prim\u0103riei M\u0103cin \u0219i se \u00eencadreaz\u0103 \u00een Planul de ac\u021biuni privind implementarea Strategiei na\u021bionale de prevenire [&hellip;]<\/p>\n","protected":false},"author":1,"featured_media":0,"comment_status":"open","ping_status":"","sticky":false,"template":"","format":"standard","meta":{"footnotes":""},"categories":[89],"tags":[226,223],"class_list":["post-2014001","post","type-post","status-publish","format-standard","hentry","category-romania","tag-crawlmanager","tag-dobrogeanews-ro"],"_links":{"self":[{"href":"https:\/\/analyse.optim.biz\/index.php?rest_route=\/wp\/v2\/posts\/2014001","targetHints":{"allow":["GET"]}}],"collection":[{"href":"https:\/\/analyse.optim.biz\/index.php?rest_route=\/wp\/v2\/posts"}],"about":[{"href":"https:\/\/analyse.optim.biz\/index.php?rest_route=\/wp\/v2\/types\/post"}],"author":[{"embeddable":true,"href":"https:\/\/analyse.optim.biz\/index.php?rest_route=\/wp\/v2\/users\/1"}],"replies":[{"embeddable":true,"href":"https:\/\/analyse.optim.biz\/index.php?rest_route=%2Fwp%2Fv2%2Fcomments&post=2014001"}],"version-history":[{"count":0,"href":"https:\/\/analyse.optim.biz\/index.php?rest_route=\/wp\/v2\/posts\/2014001\/revisions"}],"wp:attachment":[{"href":"https:\/\/analyse.optim.biz\/index.php?rest_route=%2Fwp%2Fv2%2Fmedia&parent=2014001"}],"wp:term":[{"taxonomy":"category","embeddable":true,"href":"https:\/\/analyse.optim.biz\/index.php?rest_route=%2Fwp%2Fv2%2Fcategories&post=2014001"},{"taxonomy":"post_tag","embeddable":true,"href":"https:\/\/analyse.optim.biz\/index.php?rest_route=%2Fwp%2Fv2%2Ftags&post=2014001"}],"curies":[{"name":"wp","href":"https:\/\/api.w.org\/{rel}","templated":true}]}}