{"id":2013900,"date":"2026-06-26T06:10:13","date_gmt":"2026-06-26T03:10:13","guid":{"rendered":"https:\/\/analyse.optim.biz\/?p=2013900"},"modified":"2026-06-26T06:10:13","modified_gmt":"2026-06-26T03:10:13","slug":"escaladarea-prigoanei-avocatul-nationalistilor-mihai-rapcea-saltat-de-mascati-si-arestat-preventiv-24-de-ore","status":"publish","type":"post","link":"https:\/\/analyse.optim.biz\/?p=2013900","title":{"rendered":"ESCALADAREA PRIGOANEI! Avocatul na\u021bionali\u0219tilor (Mihai Rapcea) s\u0103ltat de masca\u021bi \u0219i arestat preventiv 24 de ore"},"content":{"rendered":"<p>[analyse_image type=&#8221;featured&#8221; src=&#8221;https:\/\/www.incorectpolitic.com\/wp-content\/uploads\/2023\/09\/mihai-rapcea.png&#8221;]<\/p>\n<div class=\"entry\">\n<p>Sterie Ciumetti<br \/><strong>Incorect Politic<\/strong><br \/>\nIunie 26, 2026<\/p>\n<p><a href=\"https:\/\/www.incorectpolitic.com\/avocatul-mihai-rapcea-ia-masuri-impotriva-celor-de-la-institutul-elie-wiesel-acuzandu-i-de-santaj-ordinar-si-defaimare\/mihai-rapcea\/\" rel=\"attachment wp-att-70112\"><img loading=\"lazy\" decoding=\"async\" class=\"size-full wp-image-70112 aligncenter\" src=\"https:\/\/www.incorectpolitic.com\/wp-content\/uploads\/2023\/09\/mihai-rapcea.png\" alt width=\"1084\" height=\"845\"><\/a><a href=\"https:\/\/www.incorectpolitic.com\/discursul-lui-mihai-rapcea-la-protestul-din-fata-ambasadei-israelului-din-romania-israelul-este-un-stat-terorist-un-stat-criminal\/rapcea-israel\/\" rel=\"attachment wp-att-76482\"><br \/><\/a><\/p>\n<p>Avocatul pro-bono al na\u021bionali\u0219tilor prigoni\u021bi pentru opiniile lor, Mihai Rapcea, a fost s\u0103ltat de masca\u021bi ieri la \u0219ase diminea\u021ba. I s-a confiscat informatica \u0219i a fost arestat preventiv 24 de ore, \u00een ciuda problemelor de s\u0103n\u0103tate. Unii spun c\u0103 rapiditatea opera\u021biunii ar avea legatura cu vizita pre\u0219edintelui Israelului, Isac Herzog, a\u0219teptat \u00een Rom\u00e2nia pe 28-29 iunie.<\/p>\n<p>Jandarmii au vizat c\u0103r\u021bi despre Mihai Eminescu, Octavian Goga sau despre Sfin\u021bii \u00cenchisorilor, pomenindu-se numele Sf\u00e2ntului Arsenie Boca \u0219i confisc\u00e2ndu-se o icoan\u0103 cu Sf\u00e2ntul Ilie L\u0103c\u0103tu\u0219u.<\/p>\n<p>Dreptul la con\u0219tiin\u021b\u0103 nu mai exist\u0103, nu mai este garantat de h\u00e2rtia igienic\u0103 numit\u0103 Constitu\u021bie, complet inutil\u0103 \u00een protejarea intereselor rom\u00e2ne\u0219ti.<\/p>\n<p>Tr\u0103im \u00eentr-o anarho-tiranie sau poate oligarho-tiranie sau alogeno-tiranie prin care patriotismul este scos \u00een afara legii, adev\u0103rul este pedepsit cu \u00eenchisoarea \u0219i formatorii de opinie care promoveaz\u0103 na\u021bionalismul sunt r\u00e2nd pe r\u00e2nd ridica\u021bi \u0219i redu\u0219i la t\u0103cere pe fundalul indiferen\u021bei popula\u021biei.<\/p>\n<p>Oameni buni, c\u00e2t\u0103 vreme ve\u021bi mai privi acest spectacol? C\u00e2t\u0103 vreme ve\u021bi asista pasivi la ni\u0219te abuzuri care \u00eentr-un final v\u0103 vor viza \u0219i pe voi?<\/p>\n<p><a href=\"https:\/\/www.incorectpolitic.com\/discursul-lui-mihai-rapcea-la-protestul-din-fata-ambasadei-israelului-din-romania-israelul-este-un-stat-terorist-un-stat-criminal\/rapcea-israel\/\" rel=\"attachment wp-att-76482\"><img loading=\"lazy\" decoding=\"async\" class=\"size-full wp-image-76482 aligncenter lazyload\" src=\"https:\/\/www.incorectpolitic.com\/wp-content\/uploads\/2024\/10\/rapcea-israel.jpg\" alt width=\"551\" height=\"456\"><\/a><\/p>\n<p><img loading=\"lazy\" decoding=\"async\" class=\"size-full wp-image-76482 aligncenter\" src=\"https:\/\/www.incorectpolitic.com\/wp-content\/uploads\/2024\/10\/rapcea-israel.jpg\" alt width=\"551\" height=\"456\" data-eio=\"l\"><\/p>\n<p>\u00cen spa\u021biul public au fost c\u00e2teva reac\u021bii cu privire la aceast\u0103 \u0219tire.<\/p>\n<p>Bogdan Vasile: CEI CU CARE GEORGESCU CERE RECONCILIERE L-AU ARESTAT PE AVOCATUL MIHAI RAPCEA.<\/p>\n<blockquote>\n<p>Mihai a fost arestat ast\u0103zi 24 de ore dup\u0103 interogatorii \u0219i perchezi\u021bii acas\u0103, la birou \u0219i la adresa unde locuie\u0219te mama lui \u00een v\u00e2rst\u0103 de 80 de ani.<br \/>\nVina lui?<br \/>\nPrea mult rom\u00e2nism asumat.<br \/>\nPrea mul\u021bi rom\u00e2ni trezi\u021bi de el.<br \/>\nPrea mult curaj \u00een lupta \u00eempotriva colonizatorilor<br \/>\nBaza legal\u0103?<br \/>\nLegile date de PSD (Adrian N\u0103stase 2002), PNL (Crin Antonescu 2015) \u0219i Silviu Vexler (2024-2025) \u0219i votate cu largi majorit\u0103\u021bi de parlamentari de toate culorile politice.<br \/>\nTimp de peste 25 de ani Mihai a ajutat zeci de mii de rom\u00e2ni s\u0103 tr\u0103iasc\u0103 o via\u021b\u0103 mai bun\u0103.<br \/>\nVreau s\u0103 v\u0103d c\u00e2\u021bi dintre ei vor s\u0103ri ast\u0103zi \u00een ajutorul lui.<br \/>\nCu o vorb\u0103 bun\u0103.<br \/>\nCu o repostare.<br \/>\nCu un protest \u00eempotriva acestui nou abuz neobol\u0219evic.<br \/>\nVreau s\u0103 v\u0103d c\u0103 iau foc re\u021belele astea de socializare de rahat unde toat\u0103 lumea se \u00eenjur\u0103 cu toat\u0103 lumea \u0219i at\u00e2t.<br \/>\nMihai s-a purtat nedrept cu mine dar este un na\u021bionalist rom\u00e2n autentic \u0219i pentru asta sunt al\u0103turi de el.<br \/>\nFii tare, Mihai!<br \/>\nFii drept \u0219i nu te teme!<br \/>\nBV<\/p>\n<p><a href=\"https:\/\/www.facebook.com\/100000044655151\/posts\/27912960478288733\/\">MIHAI TOCIU<\/a>:<\/p>\n<div class=\"xdj266r x14z9mp xat24cr x1lziwak x1vvkbs x126k92a\">\n<div dir=\"auto\">Ce-ai f\u0103cut, Bobi\u021b\u0103? Te-ai luat de Rapcea pentru un os \u00een plus?<\/div>\n<\/div>\n<div class=\"x14z9mp xat24cr x1lziwak x1vvkbs xtlvy1s x126k92a\">\n<div dir=\"auto\">M\u0103 simt vinovat pentru ce i-au f\u0103cut lui Rapcea. Noi doi \u0219i al\u021bi c\u00e2\u021biva nebuni am format o organiza\u021bie, Eminescu Tr\u0103ie\u0219te Prin Noi, unde spunem una-alta pe pagina asta de facebook. Prin luna martie, un Gigel, comisar la Serviciul de Investiga\u021bii Criminale, a urm\u0103rit live-urile lui Rapcea \u0219i a descoperit c\u0103 critica guvernul \u0219i parlamentul, adic\u0103 e un criminal ce trebuie investigat, \u0219i a considerat c\u0103 acesta era un motiv s\u0103 mi se perchezi\u021bioneze mie locuin\u021ba deoarece eu sunt adminul paginii\u2026 o procuroare imberb\u0103 a cerut asta \u0219i un judec\u0103tor care se imagineaz\u0103 Batman a aprobat.<\/div>\n<div dir=\"auto\">A\u0219adar, m-am trezit cu masca\u021bii \u00een dormitor la 6 diminea\u021ba, care mi-au r\u0103v\u0103\u0219it casa ca s\u0103 descopere corpul delict care dovede\u0219te c\u0103 sunt antisemit, anume o foaie de h\u00e2rtie pe care scrisesem c\u00e2ndva \u201dNu trage\u021bi, Dom` Semaca\/ Sunt eu, L\u0103sc\u0103ric\u0103!\u201d. Dac\u0103 nu crede\u021bi sau v\u0103 vine s\u0103 r\u00e2de\u021bi, v\u0103 rog s\u0103 nu citi\u021bi mai departe, pentru c\u0103 aceasta este realitatea \u0219i este de fapt de pl\u00e2ns.<\/div>\n<\/div>\n<div class=\"x14z9mp xat24cr x1lziwak x1vvkbs xtlvy1s x126k92a\">\n<div dir=\"auto\">Evident, avocatul Rapcea m-a ajutat s\u0103 \u00eei str\u00e2ng de oo \u00een stil juridic \u0219i azi, 26 iunie, dup\u0103 3 luni de la perchezi\u021bie, \u00eenc\u0103 nu au resuscitat scroafa care le-a intrat \u00een rigor mortis \u00een cote\u021b.<\/div>\n<div dir=\"auto\">\u00cens\u0103, de c\u00e2te ori ne vedeam, \u00eemi tot spunea c\u0103 simte c\u0103 vor s\u0103 se ia \u0219i de el cu perchezi\u021bii \u0219i rahaturi, s\u0103 \u00eel atace ca s\u0103-\u0219i piard\u0103 clien\u021bii, adic\u0103 banii.<\/div>\n<div dir=\"auto\">Fii atent, \u00eei ziceam, sfatul meu e din timpul comunismului: atunci \u00ee\u021bi luau, primul lucru, agenda cu numerele de telefon, acum e la fel, numai c\u0103 agenda e \u00een mobil \u2013 Salveaz\u0103 tot! Apoi \u00ee\u021bi luau toate h\u00e2rtiile scrise din cas\u0103, acum e la fel, numai c\u0103 tot ce scrii e \u00een pc \u2013 Salveaz\u0103 tot, pentru c\u0103 scopul lor este s\u0103 te omoare social, s\u0103 te lase f\u0103r\u0103 memorie \u0219i f\u0103r\u0103 trecut.<\/div>\n<div dir=\"auto\">La final, \u00ee\u021bi luau ceva \u0219i din juc\u0103riile copilului, ceva ce nu aveau ei acas\u0103 \u0219i le f\u0103cea cu ochiul. Lui Grigore Opri\u021b\u0103 de la Bra\u0219ov, \u0103la acuzat de propagand\u0103 na\u021bionalist-\u0219ovin\u0103, pentru c\u0103 nu avea juc\u0103rii prin cas\u0103, poli\u021bi\u0219tii i-au luat placa de sunet din calculator. A\u0219adar, a\u0219teapt\u0103-te la pagube colaterale.<\/div>\n<div dir=\"auto\">Dar stai lini\u0219tit, nu se vor lua de tine pentru c\u0103 ne ascult\u0103 tot ce vorbim \u0219i \u0219tiu c\u0103 e\u0219ti preg\u0103tit, adic\u0103 vor g\u0103si ciu-ciu.<\/div>\n<div dir=\"auto\">Rapcea \u00eemi zicea: Tu nu \u00een\u021belegi c\u0103 \u0103\u0219tia nu vor s\u0103-mi fac\u0103 perchezi\u021bie ca s\u0103 descopere ceva, ci ca s\u0103 m\u0103 tortureze psihic pentru ceea ce reprezint eu, ca s\u0103 m\u0103 fac\u0103 s\u0103 renun\u021b. Singura lor problem\u0103 e c\u0103 le trebuie un pretext s\u0103 o fac\u0103, ceva emotional.<\/div>\n<div dir=\"auto\">.<\/div>\n<div dir=\"auto\">Spuneam c\u0103 m\u0103 simt vinovat pentru c\u0103 slugile lui Wexler l-au atacat pe camaradul Rapcea: citi\u021bi, v\u0103 rog, ultima postare de pe pagina Eminescu Tr\u0103ie\u0219te Prin Noi. Este despre faptul c\u0103 noi nu mai \u0219tim cine dintre noi este etnic rom\u00e2n \u0219i cine nu este. Adic\u0103 am deschis subiectul diamant, despre care nimeni nu a mai vorbit de la Eminescu \u00eencoace: dispari\u021bia neamului rom\u00e2nesc prin pierderea identit\u0103\u021bii de neam a fiec\u0103ruia dintre noi.<\/div>\n<div dir=\"auto\">V\u0103 rog s\u0103 nu spune\u021bi c\u0103 nu este a\u0219a dec\u00e2t dac\u0103 a\u021bi f\u0103cut o list\u0103 cu membrii familiei dvs extinse, cu prietenii, cu vecinii \u0219i cu colegii dvs, \u00een care a\u021bi marcat cu bile albe \u0219i bile negre etnia fiec\u0103ruia. Nu a\u021bi f\u0103cut-o, a\u0219a-i? De ce, v\u0103 e team\u0103 sau v\u0103 e ru\u0219ine? Wake up, rom\u00e2ne!<\/div>\n<div dir=\"auto\">.<\/div>\n<div dir=\"auto\">\u00cen concluzie, Asocia\u021bia \u201dEminescu Tr\u0103ie\u0219te Prin Noi\u201d mul\u021bume\u0219te justi\u021biei democratice pentru c\u0103, prin agresarea lui Rapcea, ne-a confirmat c\u0103 suntem continuatori adev\u0103ra\u021bi ai lui Eminescu \u0219i c\u0103 cel mai eminescian obiectiv al asocia\u021biei este \u201dDeclararea na\u021biunii rom\u00e2ne ca \u201dNa\u021biune dezavantajat\u0103\u201d \u00een statul rom\u00e2n \u0219i luarea m\u0103surilor de \u201dac\u021biune pozitiv\u0103\u201d pentru remedierea situa\u021biei, atunci c\u00e2nd simpatizan\u021bii asocia\u021biei vor ajunge s\u0103 guverneze Rom\u00e2nia.<\/div>\n<div dir=\"auto\">.<\/div>\n<div dir=\"auto\">NOT\u0102: Sintagma \u201dac\u021biune pozitiv\u0103\u201d este folosit\u0103 de guvern pentru a justifica discrimin\u0103rile \u201dpozitive\u201d care se fac pentru rrromi: locuri preferen\u021biale \u00een \u0219coli, bani gr\u0103mad\u0103 pentru cre\u0219terea copiilor, distrac\u021bii gratis, angaj\u0103ri preferen\u021biale la bugetari, locuin\u021be moca.<\/div>\n<div dir=\"auto\">.<\/div>\n<div dir=\"auto\">\u00cen \u00eencheiere, un c\u00e2ntec vesel s\u0103 c\u00e2nt\u0103m, ceva Queen, s\u0103-i plac\u0103 lui Wexler:<\/div>\n<div dir=\"auto\">Boddy you-are a young man, hard man,<\/div>\n<div dir=\"auto\">Shouting in the street, gonna take on the world some day<\/div>\n<div dir=\"auto\">You got blood on your face, you big disgrace,<\/div>\n<div dir=\"auto\">Waving your banner all over the place,<\/div>\n<div dir=\"auto\">We will, we will\u2026 Free Rap-chea, bam-bam-bam!<\/div>\n<div dir=\"auto\">We will, we will\u2026 Free Rap-chea, bam-bam-bam!<\/div>\n<\/div>\n<\/blockquote>\n<div class=\"x14z9mp xat24cr x1lziwak x1vvkbs xtlvy1s x126k92a\">\n<blockquote>\n<div dir=\"auto\">Free Rap-chea!<\/div>\n<\/blockquote>\n<\/div>\n<p><a href=\"https:\/\/www.activenews.ro\/stiri-justitie\/Avocatul-Mihai-Rapcea-sustinator-al-lui-Calin-Georgescu-perchezitionat-cu-mascatii-si-retinut-24-de-ore-pentru-carti-cu-Eminescu-Goga-si-Sf.-Ilie-Lacatusu-VIDEO-cu-sotia-sa-de-la-NASUL-TV.-Av.-Ingrid-Mocanu-Este-POLITIE-POLITICA-206208\">ActiveNews<\/a>:<\/p>\n<p>oli\u021bi\u0219tii Serviciului de Investiga\u021bii Criminale din cadrul Poli\u021biei Capitalei au efectuat joi trei perchezi\u021bii domiciliare \u00een Bucure\u0219ti, inclusiv la adresa unui cunoscut avocat, \u00eentr-un dosar privind \u201edistribuirea de mesaje cu caracter fascist, legionar, rasist sau xenofob\u201d, a transmis oficiosul \u201e<a href=\"http:\/\/adevarul.ro\/stiri-interne\/evenimente\/perchezitii-in-bucuresti-la-un-cunoscut-avocat-2538984.html\">Adev\u0103rul<\/a>\u201d.<\/p>\n<p>Este vorba de avocatul Mihai Rapcea, sus\u021bin\u0103tor al lui C\u0103lin Georgescu, acum h\u0103ituit de o justi\u021bie instrumentalizat\u0103 politic cu concursul unor servicii secrete, la fel cum au fost trata\u021bi \u0219i al\u021bi sus\u021bin\u0103tori ai liderului suveranist, ca Cezar Avr\u0103mu\u021b\u0103 \u2013 Stegarul Dac sau Bogdan Pe\u0219chir, ca s\u0103 d\u0103m doar dou\u0103 exemple.<\/p>\n<p>Conform so\u021biei sale, avocat Sabina H\u00eencean Rapcea, circa 20 de masca\u021bi au intrat la ora 6 diminea\u021ba peste ei solicit\u00e2nd c\u0103r\u021bi de Mihai Eminescu, Octavian Goga sau despre Sfin\u021bii \u00cenchisorilor, pomenindu-se numele Sf\u00e2ntului Arsenie Boca \u0219i confisc\u00e2ndu-se o icoan\u0103 cu Sf\u00e2ntul Ilie L\u0103c\u0103tu\u0219u. \u201eOameni buni, nu mai ai voie s\u0103 ai o icoan\u0103 \u00een cas\u0103?\u201d, a \u00eentrebat avocata Sabina H\u00eencean \u00een aceast\u0103 sear\u0103 la jurnalista Gabriela Cali\u021bescu \u00een emisiune, care \u0219i-a declarat solidaritatea cu Mihai Rapcea. \u201eSunt al\u0103turi de Mihai Rapcea! \u0218i eu citesc Mihai Eminescu, \u0219i eu recit din Octavian Goga! \u2013 scrie\u021bi cu to\u021bii pe net. Se repet\u0103 ce a p\u0103\u021bit C\u0103lin Georgescu. Ne ve\u021bi lua pe to\u021bi din cas\u0103? Pentru Libertate s-a murit! Dac\u0103 mai vre\u021bi Libertate, trezi\u021bi-v\u0103, c\u0103 nu se mai poate!\u201d, a afirmat, ultragiat\u0103, jurnalista Na\u0219ul TV pe post.<\/p>\n<p><i>\u201ePentru mine democra\u021bia \u00een Rom\u00e2nia a murit \u00een aceast\u0103 diminea\u021b\u0103\u201d<\/i>, a declarat avocata la Na\u0219ul TV \u2013 VIDEO \u00een baz\u0103. La ora transmisiei emisiunii \u00een direct, orele 21.00, so\u021bia avocatului nu \u0219tia absolut nimic despre so\u021bul ei, bolnav de mai multe afec\u021biuni cronice sau subite, \u00eentre care o recent\u0103 semi-paralizie facial\u0103.<\/p>\n<p>Potrivit sursei oficiale citate, ancheta vizeaz\u0103 infrac\u021biuni prev\u0103zute de legisla\u021bia privind \u201einterzicerea organiza\u021biilor \u0219i simbolurilor fasciste, precum \u0219i distribuirea de materiale cu caracter extremist\u201d. Poli\u021bia Capitalei precizeaz\u0103 c\u0103 exist\u0103\u00a0\u201dindicii\u201d\u00a0c\u0103 un b\u0103rbat de 51 de ani\u00a0\u201ear fi\u201d\u00a0publicat pe re\u021belele sociale mesaje \u201ecu tematic\u0103 fascist\u0103, legionar\u0103 \u0219i rasist\u0103, folosind un cont administrat personal\u201d.<\/p>\n<p>Potrivit unor surse judiciare, adresele perchezi\u021biilor au fost biroul \u0219i domiciliul avocatului Mihai Rapcea precum \u0219i casa mamei sale, pensionar\u0103, \u00een v\u00e2rst\u0103 de circa 80 de ani.<\/p>\n<p>\u201eLa data de 25 iunie 2026, poli\u021bi\u0219ti din cadrul Direc\u021biei Generale de Poli\u021bie a municipiului Bucure\u0219ti \u2013 Serviciul de Investiga\u021bii Criminale, sub directa coordonare a Parchetului de pe l\u00e2ng\u0103 Curtea de Apel Bucure\u0219ti, au pus \u00een executare trei mandate de perchezi\u021bie domiciliar\u0103, \u00een municipiul Bucure\u0219ti, \u00eentr-un dosar penal \u00een care se efectueaz\u0103 cercet\u0103ri sub aspectul s\u0103v\u00e2r\u0219irii infrac\u021biunilor de distribuirea sau punerea la dispozi\u021bia publicului de materiale fasciste, legionare \u0219i rasiste \u0219i interzicerea organiza\u021biilor, simbolurilor \u0219i faptelor cu caracter fascist, legionar, rasist sau xenofobe \u0219i a promov\u0103rii cultului persoanelor vinovate de s\u0103v\u00e2r\u0219irea unor infrac\u021biuni de genocid, contra umanit\u0103\u021bii \u0219i de r\u0103zboi. Din datele \u0219i probele administrate \u00een cauz\u0103, a rezultat presupunerea rezonabil\u0103 c\u0103 un b\u0103rbat, \u00een v\u00e2rst\u0103 de 51 de ani, ar fi distribuit pe re\u021belele sociale, de pe contul pe care \u00eel administra, mesaje, av\u00e2nd caracter fascist, legionar \u0219i rasist\u201d, a mai transmis Politia Capitalei, citat\u0103 de Adev\u0103rul.<\/p>\n<p>Potrivit anchetatorilor, \u00een urma perchezi\u021biilor au fost ridicate mai multe bunuri considerate relevante pentru dosar, inclusiv telefonul \u0219i calculatoarele avocatului, membru al Baroului Bucure\u0219ti. So\u021bia sa afirm\u0103 c\u0103 a fost confiscat lap-top-ul avocatului precum \u0219i tableta copilului.<\/p>\n<p class=\"wp-block-paragraph\"><a title href=\"https:\/\/www.baroul-bucuresti.ro\/avocat\/06002\/rapcea-mihai\" target=\"_blank\" rel=\"noopener\">Mihai Rapcea este avocat \u00een Baroul Bucure\u0219ti din anul 2001<\/a>, activ\u00e2nd \u00een special \u00een domeniul dreptului penal, civil \u0219i administrativ. \u00cen ultimii ani, Mihai Rapcea s-a num\u0103rat printre sus\u021bin\u0103torii publici ai lui C\u0103lin Georgescu, fost candidat la alegerile preziden\u021biale \u0219i una dintre figurile centrale ale curentului suveranist din Rom\u00e2nia.<\/p>\n<p class=\"wp-block-paragraph\"><strong>Mihai Rapcea a distribuit \u00een mediul online mesaje favorabile lui\u00a0<a href=\"https:\/\/oficiuldestiri.ro\/raportul-sua-care-confirma-interdictia-impusa-lui-calin-georgescu-de-catre-comisia-europeana\" target=\"_blank\" rel=\"noopener\">C\u0103lin Georgescu<\/a>\u00a0\u0219i a participat la evenimente \u0219i manifesta\u021bii organizate de sus\u021bin\u0103torii acestuia, potrivit post\u0103rilor \u0219i apari\u021biilor publice din ultimii ani,\u00a0transmite\u00a0<a href=\"http:\/\/oficiuldestiri.ro\/cine-este-mihai-rapcea-avocatul-vizat-de-perchezitii-intr-un-dosar-penal-privind-distribuirea-de-materiale-cu-caracter-fascist-legatura-cu-diana-sosoaca-si-calin-georgescu-video\">Oficiul de \u0218tiri<\/a>.<\/strong><\/p>\n<p class=\"wp-block-paragraph\">Mihai Rapcea a reprezentat \u00een instan\u021b\u0103 \u0219i a acordat asisten\u021b\u0103 juridic\u0103 unor activi\u0219ti \u0219i protestatari cunoscu\u021bi din zona na\u021bionalist\u0103, inclusiv lui Cezar Avr\u0103mu\u021b\u0103, supranumit \u201eStegarul Dac\u201d. De asemenea, a participat \u00een ultimii ani la manifesta\u021bii \u0219i ac\u021biuni publice organizate de grup\u0103ri \u0219i activi\u0219ti din zona suveranist\u0103, mai scrie sursa citat\u0103.<\/p>\n<p>Este important de men\u021bionat c\u0103 punerea \u00een mi\u0219care a cercet\u0103rilor \u0219i efectuarea perchezi\u021biilor reprezint\u0103 etape ale procedurii penale \u0219i nu echivaleaz\u0103 cu stabilirea vinov\u0103\u021biei unei persoane. La aceast\u0103 or\u0103, Mihai Rapcea este re\u021binut \u0219i interogat la Parchetul de pe l\u00e2ng\u0103 Curtea de Apel Bucure\u0219ti, institu\u021bia care va continua cercet\u0103rile \u00eempreun\u0103 cu Serviciul de Investiga\u021bii Criminale, mai transmit surse judiciare.<\/p>\n<p>Avocatul Mihai Rapcea\u00a0<a href=\"http:\/\/www.facebook.com\/photo\/?fbid=122136784377109493&amp;set=a.122098443549109493\">prev\u0103zuse opera\u021biunea<\/a>, dup\u0103 cum\u00a0<a href=\"http:\/\/www.activenews.ro\/opinii\/Comisar-Burduja-Marius-Av.-Rapcea-Mihai-vorbeste-despre-subiecte-politice-si-sociale-exprimandu-si-nemultumirea-fata-de-sistemul-politic-actual-.-Av.-Ingrid-Mocanu-Simpla-mentiune-a-unor-astfel-de-activitati-reprezinta-acte-de-Politiei-Politica-206013\">a publicat avocata Ingrid Mocanu \u00een urm\u0103 cu mai multe zile<\/a>\u00a0acuz\u00e2nd Sistemul de Poli\u021bie Politic\u0103.<\/p>\n<p>So\u021bia sa, Sabina H\u00eencean Rapcea, a fost intervievat\u0103 \u00een direct la Na\u0219ul TV la emisiunea\u00a0<a href=\"http:\/\/www.facebook.com\/nasulteleviziunealibera\/videos\/2562925974141333\">S\u0103 Vorbim despre Tine<\/a>\u00a0realizat\u0103 de Gabriela Cali\u021bescu \u2013 VIDEO de la 1.13 h:<\/p>\n<p><strong>NA\u0218UL TV:<\/strong><\/p>\n<p><a href=\"https:\/\/www.facebook.com\/watch\/live\/?v=2562925974141333\">https:\/\/www.facebook.com\/watch\/live\/?v=2562925974141333<\/a><br \/>\n<\/p>\n<p>Copilul s\u0103u, ca norocul, nu se afla \u00een cas\u0103 la momentul descinderii.<\/p>\n<h3><a href=\"https:\/\/www.incorectpolitic.com\/pozitia-avocatului-mihai-rapcea-fata-de-vaccin-si-editarea-genetica-primul-lucru-care-ma-deranjeaza-in-aceasta-campanie-fatarnica-este-lipsa-de-dialog\/rapcea\/\" rel=\"attachment wp-att-44667\"><img loading=\"lazy\" decoding=\"async\" class=\"size-full wp-image-44667 aligncenter lazyload\" alt width=\"580\" height=\"370\" src=\"https:\/\/www.incorectpolitic.com\/wp-content\/uploads\/2020\/12\/rapcea.jpg\"><img loading=\"lazy\" decoding=\"async\" class=\"size-full wp-image-44667 aligncenter\" src=\"https:\/\/www.incorectpolitic.com\/wp-content\/uploads\/2020\/12\/rapcea.jpg\" alt width=\"580\" height=\"370\" data-eio=\"l\"><\/a><\/h3>\n<h3>VORBI\u021aI AZI CA S\u0102 NU MURI\u021aI M\u00c2INE<\/h3>\n<p>Indiferent ce p\u0103reri personale ave\u021bi despre Mihai Rapcea, faptul c\u0103 este vizat pentru c\u0103r\u021bi \u0219i opinii exprimate pe Internet ar trebui s\u0103 v\u0103 determine s\u0103 v\u0103 solidariza\u021bi cu el. Nu din dragoste sau din apreciere pentru Rapcea ca individ, ci din instinct de conservare, de supravei\u021buire, pentru c\u0103 dac\u0103 ieri l-au s\u0103ltat pe Rapcea, ast\u0103zi vor veni dup\u0103 tine, iar m\u00e2ine nu va mai fi cine s\u0103 vorbeasc\u0103.<\/p>\n<p>Nu v\u0103 teme\u021bi, nu v\u0103 autocenzura\u021bi.<\/p>\n<p>Scopul lor cu legile cenzurii este s\u0103 v\u0103 determine s\u0103 t\u0103ce\u021bi. Scopul lor cu descinderile astea este s\u0103 v\u0103 determine s\u0103 renun\u021ba\u021bi la implicare.<\/p>\n<p>Oric\u00e2t de paradoxal ar p\u0103rea, mul\u021bumi\u021bi lui Dumnezeu pentru prigoana care s-a ab\u0103tut asupra Rom\u00e2niei, c\u0103ci ea reprezint\u0103 mijlocul prin care ne este \u00eencercat\u0103 credin\u021ba, greut\u0103\u021bile prin care vom ajunge mai puternici. Ac\u021biona\u021bi acum, informa\u021bi-v\u0103 semenii \u0219i mobiliza\u021bi pe c\u00e2t mai mul\u021bi s\u0103 protesteze prin orice mijloace \u00eempotriva acestei tiranii din Rom\u00e2nia.<\/p>\n<p>Cei ce poart\u0103 jugul \u0219i-a tr\u0103i mai vor, merit\u0103 s\u0103-l poate, spre ru\u0219inea lor.<\/p>\n<p><em><strong>Petre \u021au\u021bea: \u201c<\/strong><\/em><span class=\"T286Pc\" data-sfc-cp data-sfc-root=\"ep\" data-sfc-cb data-copy-service-computed-style=\"font-family: &quot;Google Sans&quot;, Arial, sans-serif; font-size: 16px; font-weight: 400; margin: 0px; text-decoration: none; border-bottom: 0px rgb(230, 232, 240);\"><em><strong>Nu credeam c\u0103 exist\u0103 ceva mai monstruos dec\u00e2t comunismul, p\u00e2n\u0103 am v\u0103zut ce mon\u0219tri na\u0219te democra\u021bia.\u201d<\/strong><\/em><\/span><\/p>\n<p><em><strong>Radu Gyr: \u201cNu dor nici luptele pierdute, nici r\u0103nile din piept nu dor, cum dor acele bra\u021be slute care s\u0103 lupte nu mai vor.\u201d<\/strong><\/em><\/p>\n<p><em><strong>George Co\u0219buc:<\/strong><\/em><br \/><em><strong>\u201cS\u0103 nu dea Dumnezeu cel sf\u00e2nt,<\/strong><\/em><br \/><em><strong>S\u0103 vrem noi s\u00e2nge, nu p\u0103m\u00e2nt!<\/strong><\/em><br \/><em><strong>C\u00e2nd nu vom mai putea r\u0103bda,<\/strong><\/em><br \/><em><strong>C\u00e2nd foamea ne va r\u0103scula,<\/strong><\/em><br \/><em><strong>Hristo\u0219i s\u0103 fi\u021bi, nu ve\u021bi sc\u0103pa<\/strong><\/em><br \/><em><strong>Nici \u00een morm\u00e2nt!\u201d<\/strong><\/em><\/p>\n<\/div>\n<div class=\"entry\">\n<p>Sterie Ciumetti<br \/><strong>Incorect Politic<\/strong><br \/>\nIunie 26, 2026<\/p>\n<p><a href=\"https:\/\/www.incorectpolitic.com\/avocatul-mihai-rapcea-ia-masuri-impotriva-celor-de-la-institutul-elie-wiesel-acuzandu-i-de-santaj-ordinar-si-defaimare\/mihai-rapcea\/\" rel=\"attachment wp-att-70112\"><img loading=\"lazy\" decoding=\"async\" class=\"size-full wp-image-70112 aligncenter\" src=\"https:\/\/www.incorectpolitic.com\/wp-content\/uploads\/2023\/09\/mihai-rapcea.png\" alt width=\"1084\" height=\"845\"><\/a><a href=\"https:\/\/www.incorectpolitic.com\/discursul-lui-mihai-rapcea-la-protestul-din-fata-ambasadei-israelului-din-romania-israelul-este-un-stat-terorist-un-stat-criminal\/rapcea-israel\/\" rel=\"attachment wp-att-76482\"><br \/><\/a><\/p>\n<p>Avocatul pro-bono al na\u021bionali\u0219tilor prigoni\u021bi pentru opiniile lor, Mihai Rapcea, a fost s\u0103ltat de masca\u021bi ieri la \u0219ase diminea\u021ba. I s-a confiscat informatica \u0219i a fost arestat preventiv 24 de ore, \u00een ciuda problemelor de s\u0103n\u0103tate. Unii spun c\u0103 rapiditatea opera\u021biunii ar avea legatura cu vizita pre\u0219edintelui Israelului, Isac Herzog, a\u0219teptat \u00een Rom\u00e2nia pe 28-29 iunie.<\/p>\n<p>Jandarmii au vizat c\u0103r\u021bi despre Mihai Eminescu, Octavian Goga sau despre Sfin\u021bii \u00cenchisorilor, pomenindu-se numele Sf\u00e2ntului Arsenie Boca \u0219i confisc\u00e2ndu-se o icoan\u0103 cu Sf\u00e2ntul Ilie L\u0103c\u0103tu\u0219u.<\/p>\n<p>Dreptul la con\u0219tiin\u021b\u0103 nu mai exist\u0103, nu mai este garantat de h\u00e2rtia igienic\u0103 numit\u0103 Constitu\u021bie, complet inutil\u0103 \u00een protejarea intereselor rom\u00e2ne\u0219ti.<\/p>\n<p>Tr\u0103im \u00eentr-o anarho-tiranie sau poate oligarho-tiranie sau alogeno-tiranie prin care patriotismul este scos \u00een afara legii, adev\u0103rul este pedepsit cu \u00eenchisoarea \u0219i formatorii de opinie care promoveaz\u0103 na\u021bionalismul sunt r\u00e2nd pe r\u00e2nd ridica\u021bi \u0219i redu\u0219i la t\u0103cere pe fundalul indiferen\u021bei popula\u021biei.<\/p>\n<p>Oameni buni, c\u00e2t\u0103 vreme ve\u021bi mai privi acest spectacol? C\u00e2t\u0103 vreme ve\u021bi asista pasivi la ni\u0219te abuzuri care \u00eentr-un final v\u0103 vor viza \u0219i pe voi?<\/p>\n<p><a href=\"https:\/\/www.incorectpolitic.com\/discursul-lui-mihai-rapcea-la-protestul-din-fata-ambasadei-israelului-din-romania-israelul-este-un-stat-terorist-un-stat-criminal\/rapcea-israel\/\" rel=\"attachment wp-att-76482\"><img loading=\"lazy\" decoding=\"async\" class=\"size-full wp-image-76482 aligncenter lazyload\" src=\"https:\/\/www.incorectpolitic.com\/wp-content\/uploads\/2024\/10\/rapcea-israel.jpg\" alt width=\"551\" height=\"456\"><\/a><\/p>\n<p><img loading=\"lazy\" decoding=\"async\" class=\"size-full wp-image-76482 aligncenter\" src=\"https:\/\/www.incorectpolitic.com\/wp-content\/uploads\/2024\/10\/rapcea-israel.jpg\" alt width=\"551\" height=\"456\" data-eio=\"l\"><\/p>\n<p>\u00cen spa\u021biul public au fost c\u00e2teva reac\u021bii cu privire la aceast\u0103 \u0219tire.<\/p>\n<p>Bogdan Vasile: CEI CU CARE GEORGESCU CERE RECONCILIERE L-AU ARESTAT PE AVOCATUL MIHAI RAPCEA.<\/p>\n<blockquote>\n<p>Mihai a fost arestat ast\u0103zi 24 de ore dup\u0103 interogatorii \u0219i perchezi\u021bii acas\u0103, la birou \u0219i la adresa unde locuie\u0219te mama lui \u00een v\u00e2rst\u0103 de 80 de ani.<br \/>\nVina lui?<br \/>\nPrea mult rom\u00e2nism asumat.<br \/>\nPrea mul\u021bi rom\u00e2ni trezi\u021bi de el.<br \/>\nPrea mult curaj \u00een lupta \u00eempotriva colonizatorilor<br \/>\nBaza legal\u0103?<br \/>\nLegile date de PSD (Adrian N\u0103stase 2002), PNL (Crin Antonescu 2015) \u0219i Silviu Vexler (2024-2025) \u0219i votate cu largi majorit\u0103\u021bi de parlamentari de toate culorile politice.<br \/>\nTimp de peste 25 de ani Mihai a ajutat zeci de mii de rom\u00e2ni s\u0103 tr\u0103iasc\u0103 o via\u021b\u0103 mai bun\u0103.<br \/>\nVreau s\u0103 v\u0103d c\u00e2\u021bi dintre ei vor s\u0103ri ast\u0103zi \u00een ajutorul lui.<br \/>\nCu o vorb\u0103 bun\u0103.<br \/>\nCu o repostare.<br \/>\nCu un protest \u00eempotriva acestui nou abuz neobol\u0219evic.<br \/>\nVreau s\u0103 v\u0103d c\u0103 iau foc re\u021belele astea de socializare de rahat unde toat\u0103 lumea se \u00eenjur\u0103 cu toat\u0103 lumea \u0219i at\u00e2t.<br \/>\nMihai s-a purtat nedrept cu mine dar este un na\u021bionalist rom\u00e2n autentic \u0219i pentru asta sunt al\u0103turi de el.<br \/>\nFii tare, Mihai!<br \/>\nFii drept \u0219i nu te teme!<br \/>\nBV<\/p>\n<p><a href=\"https:\/\/www.facebook.com\/100000044655151\/posts\/27912960478288733\/\">MIHAI TOCIU<\/a>:<\/p>\n<div class=\"xdj266r x14z9mp xat24cr x1lziwak x1vvkbs x126k92a\">\n<div dir=\"auto\">Ce-ai f\u0103cut, Bobi\u021b\u0103? Te-ai luat de Rapcea pentru un os \u00een plus?<\/div>\n<\/div>\n<div class=\"x14z9mp xat24cr x1lziwak x1vvkbs xtlvy1s x126k92a\">\n<div dir=\"auto\">M\u0103 simt vinovat pentru ce i-au f\u0103cut lui Rapcea. Noi doi \u0219i al\u021bi c\u00e2\u021biva nebuni am format o organiza\u021bie, Eminescu Tr\u0103ie\u0219te Prin Noi, unde spunem una-alta pe pagina asta de facebook. Prin luna martie, un Gigel, comisar la Serviciul de Investiga\u021bii Criminale, a urm\u0103rit live-urile lui Rapcea \u0219i a descoperit c\u0103 critica guvernul \u0219i parlamentul, adic\u0103 e un criminal ce trebuie investigat, \u0219i a considerat c\u0103 acesta era un motiv s\u0103 mi se perchezi\u021bioneze mie locuin\u021ba deoarece eu sunt adminul paginii\u2026 o procuroare imberb\u0103 a cerut asta \u0219i un judec\u0103tor care se imagineaz\u0103 Batman a aprobat.<\/div>\n<div dir=\"auto\">A\u0219adar, m-am trezit cu masca\u021bii \u00een dormitor la 6 diminea\u021ba, care mi-au r\u0103v\u0103\u0219it casa ca s\u0103 descopere corpul delict care dovede\u0219te c\u0103 sunt antisemit, anume o foaie de h\u00e2rtie pe care scrisesem c\u00e2ndva \u201dNu trage\u021bi, Dom` Semaca\/ Sunt eu, L\u0103sc\u0103ric\u0103!\u201d. Dac\u0103 nu crede\u021bi sau v\u0103 vine s\u0103 r\u00e2de\u021bi, v\u0103 rog s\u0103 nu citi\u021bi mai departe, pentru c\u0103 aceasta este realitatea \u0219i este de fapt de pl\u00e2ns.<\/div>\n<\/div>\n<div class=\"x14z9mp xat24cr x1lziwak x1vvkbs xtlvy1s x126k92a\">\n<div dir=\"auto\">Evident, avocatul Rapcea m-a ajutat s\u0103 \u00eei str\u00e2ng de oo \u00een stil juridic \u0219i azi, 26 iunie, dup\u0103 3 luni de la perchezi\u021bie, \u00eenc\u0103 nu au resuscitat scroafa care le-a intrat \u00een rigor mortis \u00een cote\u021b.<\/div>\n<div dir=\"auto\">\u00cens\u0103, de c\u00e2te ori ne vedeam, \u00eemi tot spunea c\u0103 simte c\u0103 vor s\u0103 se ia \u0219i de el cu perchezi\u021bii \u0219i rahaturi, s\u0103 \u00eel atace ca s\u0103-\u0219i piard\u0103 clien\u021bii, adic\u0103 banii.<\/div>\n<div dir=\"auto\">Fii atent, \u00eei ziceam, sfatul meu e din timpul comunismului: atunci \u00ee\u021bi luau, primul lucru, agenda cu numerele de telefon, acum e la fel, numai c\u0103 agenda e \u00een mobil \u2013 Salveaz\u0103 tot! Apoi \u00ee\u021bi luau toate h\u00e2rtiile scrise din cas\u0103, acum e la fel, numai c\u0103 tot ce scrii e \u00een pc \u2013 Salveaz\u0103 tot, pentru c\u0103 scopul lor este s\u0103 te omoare social, s\u0103 te lase f\u0103r\u0103 memorie \u0219i f\u0103r\u0103 trecut.<\/div>\n<div dir=\"auto\">La final, \u00ee\u021bi luau ceva \u0219i din juc\u0103riile copilului, ceva ce nu aveau ei acas\u0103 \u0219i le f\u0103cea cu ochiul. Lui Grigore Opri\u021b\u0103 de la Bra\u0219ov, \u0103la acuzat de propagand\u0103 na\u021bionalist-\u0219ovin\u0103, pentru c\u0103 nu avea juc\u0103rii prin cas\u0103, poli\u021bi\u0219tii i-au luat placa de sunet din calculator. A\u0219adar, a\u0219teapt\u0103-te la pagube colaterale.<\/div>\n<div dir=\"auto\">Dar stai lini\u0219tit, nu se vor lua de tine pentru c\u0103 ne ascult\u0103 tot ce vorbim \u0219i \u0219tiu c\u0103 e\u0219ti preg\u0103tit, adic\u0103 vor g\u0103si ciu-ciu.<\/div>\n<div dir=\"auto\">Rapcea \u00eemi zicea: Tu nu \u00een\u021belegi c\u0103 \u0103\u0219tia nu vor s\u0103-mi fac\u0103 perchezi\u021bie ca s\u0103 descopere ceva, ci ca s\u0103 m\u0103 tortureze psihic pentru ceea ce reprezint eu, ca s\u0103 m\u0103 fac\u0103 s\u0103 renun\u021b. Singura lor problem\u0103 e c\u0103 le trebuie un pretext s\u0103 o fac\u0103, ceva emotional.<\/div>\n<div dir=\"auto\">.<\/div>\n<div dir=\"auto\">Spuneam c\u0103 m\u0103 simt vinovat pentru c\u0103 slugile lui Wexler l-au atacat pe camaradul Rapcea: citi\u021bi, v\u0103 rog, ultima postare de pe pagina Eminescu Tr\u0103ie\u0219te Prin Noi. Este despre faptul c\u0103 noi nu mai \u0219tim cine dintre noi este etnic rom\u00e2n \u0219i cine nu este. Adic\u0103 am deschis subiectul diamant, despre care nimeni nu a mai vorbit de la Eminescu \u00eencoace: dispari\u021bia neamului rom\u00e2nesc prin pierderea identit\u0103\u021bii de neam a fiec\u0103ruia dintre noi.<\/div>\n<div dir=\"auto\">V\u0103 rog s\u0103 nu spune\u021bi c\u0103 nu este a\u0219a dec\u00e2t dac\u0103 a\u021bi f\u0103cut o list\u0103 cu membrii familiei dvs extinse, cu prietenii, cu vecinii \u0219i cu colegii dvs, \u00een care a\u021bi marcat cu bile albe \u0219i bile negre etnia fiec\u0103ruia. Nu a\u021bi f\u0103cut-o, a\u0219a-i? De ce, v\u0103 e team\u0103 sau v\u0103 e ru\u0219ine? Wake up, rom\u00e2ne!<\/div>\n<div dir=\"auto\">.<\/div>\n<div dir=\"auto\">\u00cen concluzie, Asocia\u021bia \u201dEminescu Tr\u0103ie\u0219te Prin Noi\u201d mul\u021bume\u0219te justi\u021biei democratice pentru c\u0103, prin agresarea lui Rapcea, ne-a confirmat c\u0103 suntem continuatori adev\u0103ra\u021bi ai lui Eminescu \u0219i c\u0103 cel mai eminescian obiectiv al asocia\u021biei este \u201dDeclararea na\u021biunii rom\u00e2ne ca \u201dNa\u021biune dezavantajat\u0103\u201d \u00een statul rom\u00e2n \u0219i luarea m\u0103surilor de \u201dac\u021biune pozitiv\u0103\u201d pentru remedierea situa\u021biei, atunci c\u00e2nd simpatizan\u021bii asocia\u021biei vor ajunge s\u0103 guverneze Rom\u00e2nia.<\/div>\n<div dir=\"auto\">.<\/div>\n<div dir=\"auto\">NOT\u0102: Sintagma \u201dac\u021biune pozitiv\u0103\u201d este folosit\u0103 de guvern pentru a justifica discrimin\u0103rile \u201dpozitive\u201d care se fac pentru rrromi: locuri preferen\u021biale \u00een \u0219coli, bani gr\u0103mad\u0103 pentru cre\u0219terea copiilor, distrac\u021bii gratis, angaj\u0103ri preferen\u021biale la bugetari, locuin\u021be moca.<\/div>\n<div dir=\"auto\">.<\/div>\n<div dir=\"auto\">\u00cen \u00eencheiere, un c\u00e2ntec vesel s\u0103 c\u00e2nt\u0103m, ceva Queen, s\u0103-i plac\u0103 lui Wexler:<\/div>\n<div dir=\"auto\">Boddy you-are a young man, hard man,<\/div>\n<div dir=\"auto\">Shouting in the street, gonna take on the world some day<\/div>\n<div dir=\"auto\">You got blood on your face, you big disgrace,<\/div>\n<div dir=\"auto\">Waving your banner all over the place,<\/div>\n<div dir=\"auto\">We will, we will\u2026 Free Rap-chea, bam-bam-bam!<\/div>\n<div dir=\"auto\">We will, we will\u2026 Free Rap-chea, bam-bam-bam!<\/div>\n<\/div>\n<\/blockquote>\n<div class=\"x14z9mp xat24cr x1lziwak x1vvkbs xtlvy1s x126k92a\">\n<blockquote>\n<div dir=\"auto\">Free Rap-chea!<\/div>\n<\/blockquote>\n<\/div>\n<p><a href=\"https:\/\/www.activenews.ro\/stiri-justitie\/Avocatul-Mihai-Rapcea-sustinator-al-lui-Calin-Georgescu-perchezitionat-cu-mascatii-si-retinut-24-de-ore-pentru-carti-cu-Eminescu-Goga-si-Sf.-Ilie-Lacatusu-VIDEO-cu-sotia-sa-de-la-NASUL-TV.-Av.-Ingrid-Mocanu-Este-POLITIE-POLITICA-206208\">ActiveNews<\/a>:<\/p>\n<p>oli\u021bi\u0219tii Serviciului de Investiga\u021bii Criminale din cadrul Poli\u021biei Capitalei au efectuat joi trei perchezi\u021bii domiciliare \u00een Bucure\u0219ti, inclusiv la adresa unui cunoscut avocat, \u00eentr-un dosar privind \u201edistribuirea de mesaje cu caracter fascist, legionar, rasist sau xenofob\u201d, a transmis oficiosul \u201e<a href=\"http:\/\/adevarul.ro\/stiri-interne\/evenimente\/perchezitii-in-bucuresti-la-un-cunoscut-avocat-2538984.html\">Adev\u0103rul<\/a>\u201d.<\/p>\n<p>Este vorba de avocatul Mihai Rapcea, sus\u021bin\u0103tor al lui C\u0103lin Georgescu, acum h\u0103ituit de o justi\u021bie instrumentalizat\u0103 politic cu concursul unor servicii secrete, la fel cum au fost trata\u021bi \u0219i al\u021bi sus\u021bin\u0103tori ai liderului suveranist, ca Cezar Avr\u0103mu\u021b\u0103 \u2013 Stegarul Dac sau Bogdan Pe\u0219chir, ca s\u0103 d\u0103m doar dou\u0103 exemple.<\/p>\n<p>Conform so\u021biei sale, avocat Sabina H\u00eencean Rapcea, circa 20 de masca\u021bi au intrat la ora 6 diminea\u021ba peste ei solicit\u00e2nd c\u0103r\u021bi de Mihai Eminescu, Octavian Goga sau despre Sfin\u021bii \u00cenchisorilor, pomenindu-se numele Sf\u00e2ntului Arsenie Boca \u0219i confisc\u00e2ndu-se o icoan\u0103 cu Sf\u00e2ntul Ilie L\u0103c\u0103tu\u0219u. \u201eOameni buni, nu mai ai voie s\u0103 ai o icoan\u0103 \u00een cas\u0103?\u201d, a \u00eentrebat avocata Sabina H\u00eencean \u00een aceast\u0103 sear\u0103 la jurnalista Gabriela Cali\u021bescu \u00een emisiune, care \u0219i-a declarat solidaritatea cu Mihai Rapcea. \u201eSunt al\u0103turi de Mihai Rapcea! \u0218i eu citesc Mihai Eminescu, \u0219i eu recit din Octavian Goga! \u2013 scrie\u021bi cu to\u021bii pe net. Se repet\u0103 ce a p\u0103\u021bit C\u0103lin Georgescu. Ne ve\u021bi lua pe to\u021bi din cas\u0103? Pentru Libertate s-a murit! Dac\u0103 mai vre\u021bi Libertate, trezi\u021bi-v\u0103, c\u0103 nu se mai poate!\u201d, a afirmat, ultragiat\u0103, jurnalista Na\u0219ul TV pe post.<\/p>\n<p><i>\u201ePentru mine democra\u021bia \u00een Rom\u00e2nia a murit \u00een aceast\u0103 diminea\u021b\u0103\u201d<\/i>, a declarat avocata la Na\u0219ul TV \u2013 VIDEO \u00een baz\u0103. La ora transmisiei emisiunii \u00een direct, orele 21.00, so\u021bia avocatului nu \u0219tia absolut nimic despre so\u021bul ei, bolnav de mai multe afec\u021biuni cronice sau subite, \u00eentre care o recent\u0103 semi-paralizie facial\u0103.<\/p>\n<p>Potrivit sursei oficiale citate, ancheta vizeaz\u0103 infrac\u021biuni prev\u0103zute de legisla\u021bia privind \u201einterzicerea organiza\u021biilor \u0219i simbolurilor fasciste, precum \u0219i distribuirea de materiale cu caracter extremist\u201d. Poli\u021bia Capitalei precizeaz\u0103 c\u0103 exist\u0103\u00a0\u201dindicii\u201d\u00a0c\u0103 un b\u0103rbat de 51 de ani\u00a0\u201ear fi\u201d\u00a0publicat pe re\u021belele sociale mesaje \u201ecu tematic\u0103 fascist\u0103, legionar\u0103 \u0219i rasist\u0103, folosind un cont administrat personal\u201d.<\/p>\n<p>Potrivit unor surse judiciare, adresele perchezi\u021biilor au fost biroul \u0219i domiciliul avocatului Mihai Rapcea precum \u0219i casa mamei sale, pensionar\u0103, \u00een v\u00e2rst\u0103 de circa 80 de ani.<\/p>\n<p>\u201eLa data de 25 iunie 2026, poli\u021bi\u0219ti din cadrul Direc\u021biei Generale de Poli\u021bie a municipiului Bucure\u0219ti \u2013 Serviciul de Investiga\u021bii Criminale, sub directa coordonare a Parchetului de pe l\u00e2ng\u0103 Curtea de Apel Bucure\u0219ti, au pus \u00een executare trei mandate de perchezi\u021bie domiciliar\u0103, \u00een municipiul Bucure\u0219ti, \u00eentr-un dosar penal \u00een care se efectueaz\u0103 cercet\u0103ri sub aspectul s\u0103v\u00e2r\u0219irii infrac\u021biunilor de distribuirea sau punerea la dispozi\u021bia publicului de materiale fasciste, legionare \u0219i rasiste \u0219i interzicerea organiza\u021biilor, simbolurilor \u0219i faptelor cu caracter fascist, legionar, rasist sau xenofobe \u0219i a promov\u0103rii cultului persoanelor vinovate de s\u0103v\u00e2r\u0219irea unor infrac\u021biuni de genocid, contra umanit\u0103\u021bii \u0219i de r\u0103zboi. Din datele \u0219i probele administrate \u00een cauz\u0103, a rezultat presupunerea rezonabil\u0103 c\u0103 un b\u0103rbat, \u00een v\u00e2rst\u0103 de 51 de ani, ar fi distribuit pe re\u021belele sociale, de pe contul pe care \u00eel administra, mesaje, av\u00e2nd caracter fascist, legionar \u0219i rasist\u201d, a mai transmis Politia Capitalei, citat\u0103 de Adev\u0103rul.<\/p>\n<p>Potrivit anchetatorilor, \u00een urma perchezi\u021biilor au fost ridicate mai multe bunuri considerate relevante pentru dosar, inclusiv telefonul \u0219i calculatoarele avocatului, membru al Baroului Bucure\u0219ti. So\u021bia sa afirm\u0103 c\u0103 a fost confiscat lap-top-ul avocatului precum \u0219i tableta copilului.<\/p>\n<p class=\"wp-block-paragraph\"><a title href=\"https:\/\/www.baroul-bucuresti.ro\/avocat\/06002\/rapcea-mihai\" target=\"_blank\" rel=\"noopener\">Mihai Rapcea este avocat \u00een Baroul Bucure\u0219ti din anul 2001<\/a>, activ\u00e2nd \u00een special \u00een domeniul dreptului penal, civil \u0219i administrativ. \u00cen ultimii ani, Mihai Rapcea s-a num\u0103rat printre sus\u021bin\u0103torii publici ai lui C\u0103lin Georgescu, fost candidat la alegerile preziden\u021biale \u0219i una dintre figurile centrale ale curentului suveranist din Rom\u00e2nia.<\/p>\n<p class=\"wp-block-paragraph\"><strong>Mihai Rapcea a distribuit \u00een mediul online mesaje favorabile lui\u00a0<a href=\"https:\/\/oficiuldestiri.ro\/raportul-sua-care-confirma-interdictia-impusa-lui-calin-georgescu-de-catre-comisia-europeana\" target=\"_blank\" rel=\"noopener\">C\u0103lin Georgescu<\/a>\u00a0\u0219i a participat la evenimente \u0219i manifesta\u021bii organizate de sus\u021bin\u0103torii acestuia, potrivit post\u0103rilor \u0219i apari\u021biilor publice din ultimii ani,\u00a0transmite\u00a0<a href=\"http:\/\/oficiuldestiri.ro\/cine-este-mihai-rapcea-avocatul-vizat-de-perchezitii-intr-un-dosar-penal-privind-distribuirea-de-materiale-cu-caracter-fascist-legatura-cu-diana-sosoaca-si-calin-georgescu-video\">Oficiul de \u0218tiri<\/a>.<\/strong><\/p>\n<p class=\"wp-block-paragraph\">Mihai Rapcea a reprezentat \u00een instan\u021b\u0103 \u0219i a acordat asisten\u021b\u0103 juridic\u0103 unor activi\u0219ti \u0219i protestatari cunoscu\u021bi din zona na\u021bionalist\u0103, inclusiv lui Cezar Avr\u0103mu\u021b\u0103, supranumit \u201eStegarul Dac\u201d. De asemenea, a participat \u00een ultimii ani la manifesta\u021bii \u0219i ac\u021biuni publice organizate de grup\u0103ri \u0219i activi\u0219ti din zona suveranist\u0103, mai scrie sursa citat\u0103.<\/p>\n<p>Este important de men\u021bionat c\u0103 punerea \u00een mi\u0219care a cercet\u0103rilor \u0219i efectuarea perchezi\u021biilor reprezint\u0103 etape ale procedurii penale \u0219i nu echivaleaz\u0103 cu stabilirea vinov\u0103\u021biei unei persoane. La aceast\u0103 or\u0103, Mihai Rapcea este re\u021binut \u0219i interogat la Parchetul de pe l\u00e2ng\u0103 Curtea de Apel Bucure\u0219ti, institu\u021bia care va continua cercet\u0103rile \u00eempreun\u0103 cu Serviciul de Investiga\u021bii Criminale, mai transmit surse judiciare.<\/p>\n<p>Avocatul Mihai Rapcea\u00a0<a href=\"http:\/\/www.facebook.com\/photo\/?fbid=122136784377109493&amp;set=a.122098443549109493\">prev\u0103zuse opera\u021biunea<\/a>, dup\u0103 cum\u00a0<a href=\"http:\/\/www.activenews.ro\/opinii\/Comisar-Burduja-Marius-Av.-Rapcea-Mihai-vorbeste-despre-subiecte-politice-si-sociale-exprimandu-si-nemultumirea-fata-de-sistemul-politic-actual-.-Av.-Ingrid-Mocanu-Simpla-mentiune-a-unor-astfel-de-activitati-reprezinta-acte-de-Politiei-Politica-206013\">a publicat avocata Ingrid Mocanu \u00een urm\u0103 cu mai multe zile<\/a>\u00a0acuz\u00e2nd Sistemul de Poli\u021bie Politic\u0103.<\/p>\n<p>So\u021bia sa, Sabina H\u00eencean Rapcea, a fost intervievat\u0103 \u00een direct la Na\u0219ul TV la emisiunea\u00a0<a href=\"http:\/\/www.facebook.com\/nasulteleviziunealibera\/videos\/2562925974141333\">S\u0103 Vorbim despre Tine<\/a>\u00a0realizat\u0103 de Gabriela Cali\u021bescu \u2013 VIDEO de la 1.13 h:<\/p>\n<p><strong>NA\u0218UL TV:<\/strong><\/p>\n<p><a href=\"https:\/\/www.facebook.com\/watch\/live\/?v=2562925974141333\">https:\/\/www.facebook.com\/watch\/live\/?v=2562925974141333<\/a><br \/>\n<\/p>\n<p>Copilul s\u0103u, ca norocul, nu se afla \u00een cas\u0103 la momentul descinderii.<\/p>\n<h3><a href=\"https:\/\/www.incorectpolitic.com\/pozitia-avocatului-mihai-rapcea-fata-de-vaccin-si-editarea-genetica-primul-lucru-care-ma-deranjeaza-in-aceasta-campanie-fatarnica-este-lipsa-de-dialog\/rapcea\/\" rel=\"attachment wp-att-44667\"><img loading=\"lazy\" decoding=\"async\" class=\"size-full wp-image-44667 aligncenter lazyload\" alt width=\"580\" height=\"370\" src=\"https:\/\/www.incorectpolitic.com\/wp-content\/uploads\/2020\/12\/rapcea.jpg\"><img loading=\"lazy\" decoding=\"async\" class=\"size-full wp-image-44667 aligncenter\" src=\"https:\/\/www.incorectpolitic.com\/wp-content\/uploads\/2020\/12\/rapcea.jpg\" alt width=\"580\" height=\"370\" data-eio=\"l\"><\/a><\/h3>\n<h3>VORBI\u021aI AZI CA S\u0102 NU MURI\u021aI M\u00c2INE<\/h3>\n<p>Indiferent ce p\u0103reri personale ave\u021bi despre Mihai Rapcea, faptul c\u0103 este vizat pentru c\u0103r\u021bi \u0219i opinii exprimate pe Internet ar trebui s\u0103 v\u0103 determine s\u0103 v\u0103 solidariza\u021bi cu el. Nu din dragoste sau din apreciere pentru Rapcea ca individ, ci din instinct de conservare, de supravei\u021buire, pentru c\u0103 dac\u0103 ieri l-au s\u0103ltat pe Rapcea, ast\u0103zi vor veni dup\u0103 tine, iar m\u00e2ine nu va mai fi cine s\u0103 vorbeasc\u0103.<\/p>\n<p>Nu v\u0103 teme\u021bi, nu v\u0103 autocenzura\u021bi.<\/p>\n<p>Scopul lor cu legile cenzurii este s\u0103 v\u0103 determine s\u0103 t\u0103ce\u021bi. Scopul lor cu descinderile astea este s\u0103 v\u0103 determine s\u0103 renun\u021ba\u021bi la implicare.<\/p>\n<p>Oric\u00e2t de paradoxal ar p\u0103rea, mul\u021bumi\u021bi lui Dumnezeu pentru prigoana care s-a ab\u0103tut asupra Rom\u00e2niei, c\u0103ci ea reprezint\u0103 mijlocul prin care ne este \u00eencercat\u0103 credin\u021ba, greut\u0103\u021bile prin care vom ajunge mai puternici. Ac\u021biona\u021bi acum, informa\u021bi-v\u0103 semenii \u0219i mobiliza\u021bi pe c\u00e2t mai mul\u021bi s\u0103 protesteze prin orice mijloace \u00eempotriva acestei tiranii din Rom\u00e2nia.<\/p>\n<p>Cei ce poart\u0103 jugul \u0219i-a tr\u0103i mai vor, merit\u0103 s\u0103-l poate, spre ru\u0219inea lor.<\/p>\n<p><em><strong>Petre \u021au\u021bea: \u201c<\/strong><\/em><span class=\"T286Pc\" data-sfc-cp data-sfc-root=\"ep\" data-sfc-cb data-copy-service-computed-style=\"font-family: &quot;Google Sans&quot;, Arial, sans-serif; font-size: 16px; font-weight: 400; margin: 0px; text-decoration: none; border-bottom: 0px rgb(230, 232, 240);\"><em><strong>Nu credeam c\u0103 exist\u0103 ceva mai monstruos dec\u00e2t comunismul, p\u00e2n\u0103 am v\u0103zut ce mon\u0219tri na\u0219te democra\u021bia.\u201d<\/strong><\/em><\/span><\/p>\n<p><em><strong>Radu Gyr: \u201cNu dor nici luptele pierdute, nici r\u0103nile din piept nu dor, cum dor acele bra\u021be slute care s\u0103 lupte nu mai vor.\u201d<\/strong><\/em><\/p>\n<p><em><strong>George Co\u0219buc:<\/strong><\/em><br \/><em><strong>\u201cS\u0103 nu dea Dumnezeu cel sf\u00e2nt,<\/strong><\/em><br \/><em><strong>S\u0103 vrem noi s\u00e2nge, nu p\u0103m\u00e2nt!<\/strong><\/em><br \/><em><strong>C\u00e2nd nu vom mai putea r\u0103bda,<\/strong><\/em><br \/><em><strong>C\u00e2nd foamea ne va r\u0103scula,<\/strong><\/em><br \/><em><strong>Hristo\u0219i s\u0103 fi\u021bi, nu ve\u021bi sc\u0103pa<\/strong><\/em><br \/><em><strong>Nici \u00een morm\u00e2nt!\u201d<\/strong><\/em><\/p>\n<\/div>\n<article class=\"post-80361 post type-post status-publish entry includes-feat-image\">\n<div class=\"featured-image alignleft\"><a class=\"featured_post_link\" href=\"https:\/\/www.incorectpolitic.com\/ultimul-fiu-al-daciei\/\" title=\"Ultimul Fiu al Daciei\"><img loading=\"lazy\" decoding=\"async\" width=\"100\" height=\"150\" src=\"https:\/\/www.incorectpolitic.com\/wp-content\/uploads\/2025\/10\/dac.jpeg\" class=\"attachment-thumbnail size-thumbnail wp-post-image lazyload\" alt><img loading=\"lazy\" decoding=\"async\" width=\"100\" height=\"150\" src=\"https:\/\/www.incorectpolitic.com\/wp-content\/uploads\/2025\/10\/dac.jpeg\" class=\"attachment-thumbnail size-thumbnail wp-post-image\" alt data-eio=\"l\"><\/a><\/div>\n<div class=\"entry-title\"><a class=\"featured_post_link\" href=\"https:\/\/www.incorectpolitic.com\/ultimul-fiu-al-daciei\/\" title=\"Ultimul Fiu al Daciei\">Ultimul Fiu al Daciei<\/a><\/div>\n<\/article>\n<article class=\"post-73927 post type-post status-publish entry includes-feat-image\">\n<div class=\"featured-image alignleft\"><a class=\"featured_post_link\" href=\"https:\/\/www.incorectpolitic.com\/cauzele-si-dinamica-antisemitismului\/\" title=\"Cauzele \u0219i Dinamica Antisemitismului\"><img loading=\"lazy\" decoding=\"async\" width=\"150\" height=\"150\" src=\"https:\/\/www.incorectpolitic.com\/wp-content\/uploads\/2018\/09\/bolshevik-jews-150x150.jpg\" class=\"attachment-thumbnail size-thumbnail wp-post-image lazyload\" alt><img loading=\"lazy\" decoding=\"async\" width=\"150\" height=\"150\" src=\"https:\/\/www.incorectpolitic.com\/wp-content\/uploads\/2018\/09\/bolshevik-jews-150x150.jpg\" class=\"attachment-thumbnail size-thumbnail wp-post-image\" alt data-eio=\"l\"><\/a><\/div>\n<div class=\"entry-title\"><a class=\"featured_post_link\" href=\"https:\/\/www.incorectpolitic.com\/cauzele-si-dinamica-antisemitismului\/\" title=\"Cauzele \u0219i Dinamica Antisemitismului\">Cauzele \u0219i Dinamica Antisemitismului<\/a><\/div>\n<\/article>\n<article class=\"post-72974 post type-post status-publish entry includes-feat-image\">\n<div class=\"featured-image alignleft\"><a class=\"featured_post_link\" href=\"https:\/\/www.incorectpolitic.com\/navalirea-jidanilor-de-vasile-alecsandri-piesa-interzisa\/\" title=\"N\u0103v\u0103lirea Jidanilor \u2013 de Vasile Alecsandri (Pies\u0103 interzis\u0103)\"><img loading=\"lazy\" decoding=\"async\" width=\"150\" height=\"150\" src=\"https:\/\/www.incorectpolitic.com\/wp-content\/uploads\/2024\/02\/jidani-navalire-2.png\" class=\"attachment-thumbnail size-thumbnail wp-post-image lazyload\" alt><img loading=\"lazy\" decoding=\"async\" width=\"150\" height=\"150\" src=\"https:\/\/www.incorectpolitic.com\/wp-content\/uploads\/2024\/02\/jidani-navalire-2.png\" class=\"attachment-thumbnail size-thumbnail wp-post-image\" alt data-eio=\"l\"><\/a><\/div>\n<div class=\"entry-title\"><a class=\"featured_post_link\" href=\"https:\/\/www.incorectpolitic.com\/navalirea-jidanilor-de-vasile-alecsandri-piesa-interzisa\/\" title=\"N\u0103v\u0103lirea Jidanilor \u2013 de Vasile Alecsandri (Pies\u0103 interzis\u0103)\">N\u0103v\u0103lirea Jidanilor \u2013 de Vasile Alecsandri (Pies\u0103 interzis\u0103)<\/a><\/div>\n<\/article>\n<article class=\"post-71879 post type-post status-publish entry includes-feat-image\">\n<div class=\"featured-image alignleft\"><a class=\"featured_post_link\" href=\"https:\/\/www.incorectpolitic.com\/europa-si-romania-in-anul-2050\/\" title=\"Europa \u0219i Rom\u00e2nia \u00een anul 2050\"><img loading=\"lazy\" decoding=\"async\" width=\"147\" height=\"150\" src=\"https:\/\/www.incorectpolitic.com\/wp-content\/uploads\/2024\/01\/Romania-2050-2.png\" class=\"attachment-thumbnail size-thumbnail wp-post-image lazyload\" alt><img loading=\"lazy\" decoding=\"async\" width=\"147\" height=\"150\" src=\"https:\/\/www.incorectpolitic.com\/wp-content\/uploads\/2024\/01\/Romania-2050-2.png\" class=\"attachment-thumbnail size-thumbnail wp-post-image\" alt data-eio=\"l\"><\/a><\/div>\n<div class=\"entry-title\"><a class=\"featured_post_link\" href=\"https:\/\/www.incorectpolitic.com\/europa-si-romania-in-anul-2050\/\" title=\"Europa \u0219i Rom\u00e2nia \u00een anul 2050\">Europa \u0219i Rom\u00e2nia \u00een anul 2050<\/a><\/div>\n<\/article>\n<article class=\"post-23854 post type-post status-publish entry includes-feat-image\">\n<div class=\"featured-image alignleft\"><a class=\"featured_post_link\" href=\"https:\/\/www.incorectpolitic.com\/vizita-papei-autonomie-alternativa\/\" title=\"Vizita Papei \u2013 Autonomie Alternativ\u0103\"><img loading=\"lazy\" decoding=\"async\" width=\"150\" height=\"150\" class=\"attachment-thumbnail size-thumbnail wp-post-image lazyload\" alt src=\"https:\/\/www.incorectpolitic.com\/wp-content\/uploads\/2019\/06\/uI2HFtR-150x150.jpg\"><img loading=\"lazy\" decoding=\"async\" width=\"150\" height=\"150\" src=\"https:\/\/www.incorectpolitic.com\/wp-content\/uploads\/2019\/06\/uI2HFtR-150x150.jpg\" class=\"attachment-thumbnail size-thumbnail wp-post-image\" alt data-eio=\"l\"><\/a><\/div>\n<div class=\"entry-title\"><a class=\"featured_post_link\" href=\"https:\/\/www.incorectpolitic.com\/vizita-papei-autonomie-alternativa\/\" title=\"Vizita Papei \u2013 Autonomie Alternativ\u0103\">Vizita Papei \u2013 Autonomie Alternativ\u0103<\/a><\/div>\n<\/article>\n<article class=\"post-72111 post type-post status-publish entry includes-feat-image\">\n<div class=\"featured-image alignleft\"><a class=\"featured_post_link\" href=\"https:\/\/www.incorectpolitic.com\/revelion-2023-2024-vine-anul-biruintei\/\" title=\"Revelion 2023 \u2013 2024 vine ANUL BIRUIN\u021aEI\"><img loading=\"lazy\" decoding=\"async\" width=\"150\" height=\"150\" src=\"https:\/\/www.incorectpolitic.com\/wp-content\/uploads\/2023\/12\/anul-biruintei.png\" class=\"attachment-thumbnail size-thumbnail wp-post-image lazyload\" alt><img loading=\"lazy\" decoding=\"async\" width=\"150\" height=\"150\" src=\"https:\/\/www.incorectpolitic.com\/wp-content\/uploads\/2023\/12\/anul-biruintei.png\" class=\"attachment-thumbnail size-thumbnail wp-post-image\" alt data-eio=\"l\"><\/a><\/div>\n<div class=\"entry-title\"><a class=\"featured_post_link\" href=\"https:\/\/www.incorectpolitic.com\/revelion-2023-2024-vine-anul-biruintei\/\" title=\"Revelion 2023 \u2013 2024 vine ANUL BIRUIN\u021aEI\">Revelion 2023 \u2013 2024 vine ANUL BIRUIN\u021aEI<\/a><\/div>\n<\/article>\n<article class=\"post-50139 post type-post status-publish entry includes-feat-image\">\n<div class=\"featured-image alignleft\"><a class=\"featured_post_link\" href=\"https:\/\/www.incorectpolitic.com\/analiza-strategiei-adoptata-de-guvern-pentru-combaterea-antisemitismului-xenofobiei-si-discursului-instigator-la-ura-2021-2023\/\" title=\"Analiza Strategiei Adoptat\u0103 de Guvern Pentru Combaterea \u201cantisemitismului, xenofobiei \u0219i discursului instigator la ur\u0103 2021-2023\u201d\"><img loading=\"lazy\" decoding=\"async\" width=\"150\" height=\"150\" src=\"https:\/\/www.incorectpolitic.com\/wp-content\/uploads\/2019\/08\/Jewish-censorship-e1421273251759-2-150x150.jpg\" class=\"attachment-thumbnail size-thumbnail wp-post-image lazyload\" alt><img loading=\"lazy\" decoding=\"async\" width=\"150\" height=\"150\" src=\"https:\/\/www.incorectpolitic.com\/wp-content\/uploads\/2019\/08\/Jewish-censorship-e1421273251759-2-150x150.jpg\" class=\"attachment-thumbnail size-thumbnail wp-post-image\" alt data-eio=\"l\"><\/a><\/div>\n<div class=\"entry-title\"><a class=\"featured_post_link\" href=\"https:\/\/www.incorectpolitic.com\/analiza-strategiei-adoptata-de-guvern-pentru-combaterea-antisemitismului-xenofobiei-si-discursului-instigator-la-ura-2021-2023\/\" title=\"Analiza Strategiei Adoptat\u0103 de Guvern Pentru Combaterea \u201cantisemitismului, xenofobiei \u0219i discursului instigator la ur\u0103 2021-2023\u201d\">Analiza Strategiei Adoptat\u0103 de Guvern Pentru Combaterea \u201cantisemitismului, xenofobiei \u0219i discursului instigator la ur\u0103 2021-2023\u201d<\/a><\/div>\n<\/article>\n<article class=\"post-70829 post type-post status-publish entry includes-feat-image\">\n<div class=\"featured-image alignleft\"><a class=\"featured_post_link\" href=\"https:\/\/www.incorectpolitic.com\/pozitia-unilaterala-a-pseudo-politicienilor-din-romania-si-a-bor-in-sustinerea-israelului-singurul-stat-terorist-din-lume-arata-ca-acestia-nu-au-o-fibra-cu-adevarat-nationala\/\" title=\"Pozi\u021bia unilateral\u0103 a pseudo politicienilor din Rom\u00e2nia \u0219i a BOR \u00een sus\u021binerea Israelului, singurul stat terorist din lume, arat\u0103 c\u0103 ace\u0219tia nu au o fibr\u0103 cu adev\u0103rat na\u021bional\u0103\"><img loading=\"lazy\" decoding=\"async\" width=\"150\" height=\"89\" src=\"https:\/\/www.incorectpolitic.com\/wp-content\/uploads\/2023\/08\/circumcision.png\" class=\"attachment-thumbnail size-thumbnail wp-post-image lazyload\" alt><img loading=\"lazy\" decoding=\"async\" width=\"150\" height=\"89\" src=\"https:\/\/www.incorectpolitic.com\/wp-content\/uploads\/2023\/08\/circumcision.png\" class=\"attachment-thumbnail size-thumbnail wp-post-image\" alt data-eio=\"l\"><\/a><\/div>\n<div class=\"entry-title\"><a class=\"featured_post_link\" href=\"https:\/\/www.incorectpolitic.com\/pozitia-unilaterala-a-pseudo-politicienilor-din-romania-si-a-bor-in-sustinerea-israelului-singurul-stat-terorist-din-lume-arata-ca-acestia-nu-au-o-fibra-cu-adevarat-nationala\/\" title=\"Pozi\u021bia unilateral\u0103 a pseudo politicienilor din Rom\u00e2nia \u0219i a BOR \u00een sus\u021binerea Israelului, singurul stat terorist din lume, arat\u0103 c\u0103 ace\u0219tia nu au o fibr\u0103 cu adev\u0103rat na\u021bional\u0103\">Pozi\u021bia unilateral\u0103 a pseudo politicienilor din Rom\u00e2nia \u0219i a BOR \u00een sus\u021binerea Israelului, singurul stat terorist din lume, arat\u0103 c\u0103 ace\u0219tia nu au o fibr\u0103 cu adev\u0103rat na\u021bional\u0103<\/a><\/div>\n<\/article>\n<article class=\"post-66937 post type-post status-publish entry includes-feat-image\">\n<div class=\"featured-image alignleft\"><a class=\"featured_post_link\" href=\"https:\/\/www.incorectpolitic.com\/agresiunea-impotriva-revizionistilor-istorici-si-efectele-linsajului-judiciar-de-la-nuremberg\/\" title=\"Agresiunea \u00eempotriva Revizioni\u0219tilor Istorici \u0219i efectele lin\u0219ajului judiciar de la Nurnberg\"><img loading=\"lazy\" decoding=\"async\" width=\"150\" height=\"100\" src=\"https:\/\/www.incorectpolitic.com\/wp-content\/uploads\/2023\/04\/image_2023-04-30_134634134.png\" class=\"attachment-thumbnail size-thumbnail wp-post-image lazyload\" alt><img loading=\"lazy\" decoding=\"async\" width=\"150\" height=\"100\" src=\"https:\/\/www.incorectpolitic.com\/wp-content\/uploads\/2023\/04\/image_2023-04-30_134634134.png\" class=\"attachment-thumbnail size-thumbnail wp-post-image\" alt data-eio=\"l\"><\/a><\/div>\n<div class=\"entry-title\"><a class=\"featured_post_link\" href=\"https:\/\/www.incorectpolitic.com\/agresiunea-impotriva-revizionistilor-istorici-si-efectele-linsajului-judiciar-de-la-nuremberg\/\" title=\"Agresiunea \u00eempotriva Revizioni\u0219tilor Istorici \u0219i efectele lin\u0219ajului judiciar de la Nurnberg\">Agresiunea \u00eempotriva Revizioni\u0219tilor Istorici \u0219i efectele lin\u0219ajului judiciar de la Nurnberg<\/a><\/div>\n<\/article>\n<article class=\"post-19111 post type-post status-publish entry includes-feat-image\">\n<div class=\"featured-image alignleft\"><a class=\"featured_post_link\" href=\"https:\/\/www.incorectpolitic.com\/despre-adevar\/\" title=\"Despre Adev\u0103r\"><img loading=\"lazy\" decoding=\"async\" width=\"150\" height=\"150\" src=\"https:\/\/www.incorectpolitic.com\/wp-content\/uploads\/2019\/02\/freedomfromchain-150x150.jpg\" class=\"attachment-thumbnail size-thumbnail wp-post-image lazyload\" alt><img loading=\"lazy\" decoding=\"async\" width=\"150\" height=\"150\" src=\"https:\/\/www.incorectpolitic.com\/wp-content\/uploads\/2019\/02\/freedomfromchain-150x150.jpg\" class=\"attachment-thumbnail size-thumbnail wp-post-image\" alt data-eio=\"l\"><\/a><\/div>\n<div class=\"entry-title\"><a class=\"featured_post_link\" href=\"https:\/\/www.incorectpolitic.com\/despre-adevar\/\" title=\"Despre Adev\u0103r\">Despre Adev\u0103r<\/a><\/div>\n<\/article>\n<article class=\"post-53767 post type-post status-publish entry includes-feat-image\">\n<div class=\"featured-image alignleft\"><a class=\"featured_post_link\" href=\"https:\/\/www.incorectpolitic.com\/dictionarul-coincidentelor-cine-sunt-iudeii-care-ne-au-influentat-tara-in-istoria-recenta\/\" title=\"DIC\u021aIONARUL COINCIDEN\u021aELOR  \u2013 Cine sunt iudeii care ne-au influen\u021bat \u021bara \u00een istoria recent\u0103\"><img loading=\"lazy\" decoding=\"async\" width=\"150\" height=\"150\" src=\"https:\/\/www.incorectpolitic.com\/wp-content\/uploads\/2021\/09\/coinc-150x150.png\" class=\"attachment-thumbnail size-thumbnail wp-post-image lazyload\" alt><img loading=\"lazy\" decoding=\"async\" width=\"150\" height=\"150\" src=\"https:\/\/www.incorectpolitic.com\/wp-content\/uploads\/2021\/09\/coinc-150x150.png\" class=\"attachment-thumbnail size-thumbnail wp-post-image\" alt data-eio=\"l\"><\/a><\/div>\n<div class=\"entry-title\"><a class=\"featured_post_link\" href=\"https:\/\/www.incorectpolitic.com\/dictionarul-coincidentelor-cine-sunt-iudeii-care-ne-au-influentat-tara-in-istoria-recenta\/\" title=\"DIC\u021aIONARUL COINCIDEN\u021aELOR  \u2013 Cine sunt iudeii care ne-au influen\u021bat \u021bara \u00een istoria recent\u0103\">DIC\u021aIONARUL COINCIDEN\u021aELOR  \u2013 Cine sunt iudeii care ne-au influen\u021bat \u021bara \u00een istoria recent\u0103<\/a><\/div>\n<\/article>\n<article class=\"post-51156 post type-post status-publish entry includes-feat-image\">\n<div class=\"featured-image alignleft\"><a class=\"featured_post_link\" href=\"https:\/\/www.incorectpolitic.com\/desertaciune-nu-aparare\/\" title=\"DE\u0218ERT\u0102CIUNE?! Nu, AP\u0102RARE!\"><img loading=\"lazy\" decoding=\"async\" width=\"150\" height=\"150\" class=\"attachment-thumbnail size-thumbnail wp-post-image lazyload\" alt src=\"https:\/\/www.incorectpolitic.com\/wp-content\/uploads\/2021\/06\/desertaciune-nu-aparare-150x150.jpg\"><img loading=\"lazy\" decoding=\"async\" width=\"150\" height=\"150\" src=\"https:\/\/www.incorectpolitic.com\/wp-content\/uploads\/2021\/06\/desertaciune-nu-aparare-150x150.jpg\" class=\"attachment-thumbnail size-thumbnail wp-post-image\" alt data-eio=\"l\"><\/a><\/div>\n<div class=\"entry-title\"><a class=\"featured_post_link\" href=\"https:\/\/www.incorectpolitic.com\/desertaciune-nu-aparare\/\" title=\"DE\u0218ERT\u0102CIUNE?! Nu, AP\u0102RARE!\">DE\u0218ERT\u0102CIUNE?! Nu, AP\u0102RARE!<\/a><\/div>\n<\/article>\n<article class=\"post-44728 post type-post status-publish entry includes-feat-image\">\n<div class=\"featured-image alignleft\"><a class=\"featured_post_link\" href=\"https:\/\/www.incorectpolitic.com\/resetarea-medicinei-sau-resetarea-omenirii-prin-nanotehnologie\/\" title=\"Resetarea Medicinei sau Resetarea Omenirii prin Nanotehnologie\"><img loading=\"lazy\" decoding=\"async\" width=\"150\" height=\"150\" src=\"https:\/\/www.incorectpolitic.com\/wp-content\/uploads\/2020\/12\/ed8a914d6d236c9d231903a8b2e79f63-150x150.gif\" class=\"attachment-thumbnail size-thumbnail wp-post-image lazyload\" alt><img loading=\"lazy\" decoding=\"async\" width=\"150\" height=\"150\" src=\"https:\/\/www.incorectpolitic.com\/wp-content\/uploads\/2020\/12\/ed8a914d6d236c9d231903a8b2e79f63-150x150.gif\" class=\"attachment-thumbnail size-thumbnail wp-post-image\" alt data-eio=\"l\"><\/a><\/div>\n<div class=\"entry-title\"><a class=\"featured_post_link\" href=\"https:\/\/www.incorectpolitic.com\/resetarea-medicinei-sau-resetarea-omenirii-prin-nanotehnologie\/\" title=\"Resetarea Medicinei sau Resetarea Omenirii prin Nanotehnologie\">Resetarea Medicinei sau Resetarea Omenirii prin Nanotehnologie<\/a><\/div>\n<\/article>\n<article class=\"post-43837 post type-post status-publish entry includes-feat-image\">\n<div class=\"featured-image alignleft\"><a class=\"featured_post_link\" href=\"https:\/\/www.incorectpolitic.com\/noul-legamant\/\" title=\"Noul Leg\u0103m\u00e2nt\"><img loading=\"lazy\" decoding=\"async\" width=\"150\" height=\"150\" src=\"https:\/\/www.incorectpolitic.com\/wp-content\/uploads\/2020\/12\/NL-150x150.jpg\" class=\"attachment-thumbnail size-thumbnail wp-post-image lazyload\" alt><img loading=\"lazy\" decoding=\"async\" width=\"150\" height=\"150\" src=\"https:\/\/www.incorectpolitic.com\/wp-content\/uploads\/2020\/12\/NL-150x150.jpg\" class=\"attachment-thumbnail size-thumbnail wp-post-image\" alt data-eio=\"l\"><\/a><\/div>\n<div class=\"entry-title\"><a class=\"featured_post_link\" href=\"https:\/\/www.incorectpolitic.com\/noul-legamant\/\" title=\"Noul Leg\u0103m\u00e2nt\">Noul Leg\u0103m\u00e2nt<\/a><\/div>\n<\/article>\n<article class=\"post-42525 post type-post status-publish entry includes-feat-image\">\n<div class=\"featured-image alignleft\"><a class=\"featured_post_link\" href=\"https:\/\/www.incorectpolitic.com\/vaccinarea-inseamna-crima-un-atentat-la-sanatatea-personala-la-integritatea-corporala-si-intimitatea-oricarui-om-liber-medicul-ce-vaccineaza-cu-forta-un-om-liber-merita-sa-fie-pedepsit-de-acesta\/\" title=\"Vaccinarea \u00eenseamn\u0103 crim\u0103, un atentat la s\u0103n\u0103tatea personal\u0103, la integritatea corporal\u0103 \u0219i intimitatea oric\u0103rui om liber. Medicul ce vaccineaz\u0103 cu for\u021ba un om liber merit\u0103 s\u0103 fie pedepsit de acesta\"><img loading=\"lazy\" decoding=\"async\" width=\"150\" height=\"150\" src=\"https:\/\/www.incorectpolitic.com\/wp-content\/uploads\/2020\/11\/syringe_0-150x150.jpg\" class=\"attachment-thumbnail size-thumbnail wp-post-image lazyload\" alt><img loading=\"lazy\" decoding=\"async\" width=\"150\" height=\"150\" src=\"https:\/\/www.incorectpolitic.com\/wp-content\/uploads\/2020\/11\/syringe_0-150x150.jpg\" class=\"attachment-thumbnail size-thumbnail wp-post-image\" alt data-eio=\"l\"><\/a><\/div>\n<div class=\"entry-title\"><a class=\"featured_post_link\" href=\"https:\/\/www.incorectpolitic.com\/vaccinarea-inseamna-crima-un-atentat-la-sanatatea-personala-la-integritatea-corporala-si-intimitatea-oricarui-om-liber-medicul-ce-vaccineaza-cu-forta-un-om-liber-merita-sa-fie-pedepsit-de-acesta\/\" title=\"Vaccinarea \u00eenseamn\u0103 crim\u0103, un atentat la s\u0103n\u0103tatea personal\u0103, la integritatea corporal\u0103 \u0219i intimitatea oric\u0103rui om liber. Medicul ce vaccineaz\u0103 cu for\u021ba un om liber merit\u0103 s\u0103 fie pedepsit de acesta\">Vaccinarea \u00eenseamn\u0103 crim\u0103, un atentat la s\u0103n\u0103tatea personal\u0103, la integritatea corporal\u0103 \u0219i intimitatea oric\u0103rui om liber. Medicul ce vaccineaz\u0103 cu for\u021ba un om liber merit\u0103 s\u0103 fie pedepsit de acesta<\/a><\/div>\n<\/article>\n<article class=\"post-38338 post type-post status-publish entry includes-feat-image\">\n<div class=\"featured-image alignleft\"><a class=\"featured_post_link\" href=\"https:\/\/www.incorectpolitic.com\/trebuie-sa-distrugem-suprematia-jidoveasca\/\" title=\"Trebuie s\u0103 distrugem superma\u021bia jidoveasc\u0103!\"><img loading=\"lazy\" decoding=\"async\" width=\"150\" height=\"150\" src=\"https:\/\/www.incorectpolitic.com\/wp-content\/uploads\/2018\/11\/GunoiOPS-150x150.png\" class=\"attachment-thumbnail size-thumbnail wp-post-image lazyload\" alt><img loading=\"lazy\" decoding=\"async\" width=\"150\" height=\"150\" src=\"https:\/\/www.incorectpolitic.com\/wp-content\/uploads\/2018\/11\/GunoiOPS-150x150.png\" class=\"attachment-thumbnail size-thumbnail wp-post-image\" alt data-eio=\"l\"><\/a><\/div>\n<div class=\"entry-title\"><a class=\"featured_post_link\" href=\"https:\/\/www.incorectpolitic.com\/trebuie-sa-distrugem-suprematia-jidoveasca\/\" title=\"Trebuie s\u0103 distrugem superma\u021bia jidoveasc\u0103!\">Trebuie s\u0103 distrugem superma\u021bia jidoveasc\u0103!<\/a><\/div>\n<\/article>\n<article class=\"post-30776 post type-post status-publish entry includes-feat-image\">\n<div class=\"featured-image alignleft\"><a class=\"featured_post_link\" href=\"https:\/\/www.incorectpolitic.com\/da-ti-doua-palme-si-ridica-te\/\" title=\"D\u0103-\u021bi Dou\u0103 Palme \u0219i Ridic\u0103-te\"><img loading=\"lazy\" decoding=\"async\" width=\"150\" height=\"150\" src=\"https:\/\/www.incorectpolitic.com\/wp-content\/uploads\/2019\/11\/1-mai-620x350-150x150.jpg\" class=\"attachment-thumbnail size-thumbnail wp-post-image lazyload\" alt><img loading=\"lazy\" decoding=\"async\" width=\"150\" height=\"150\" src=\"https:\/\/www.incorectpolitic.com\/wp-content\/uploads\/2019\/11\/1-mai-620x350-150x150.jpg\" class=\"attachment-thumbnail size-thumbnail wp-post-image\" alt data-eio=\"l\"><\/a><\/div>\n<div class=\"entry-title\"><a class=\"featured_post_link\" href=\"https:\/\/www.incorectpolitic.com\/da-ti-doua-palme-si-ridica-te\/\" title=\"D\u0103-\u021bi Dou\u0103 Palme \u0219i Ridic\u0103-te\">D\u0103-\u021bi Dou\u0103 Palme \u0219i Ridic\u0103-te<\/a><\/div>\n<\/article>\n<article class=\"post-27862 post type-post status-publish entry includes-feat-image\">\n<div class=\"featured-image alignleft\"><a class=\"featured_post_link\" href=\"https:\/\/www.incorectpolitic.com\/scrisoare-deschisa-catre-neamul-romanesc\/\" title=\"Scrisoare Deschis\u0103 C\u0103tre Neamul Rom\u00e2nesc\"><img loading=\"lazy\" decoding=\"async\" width=\"150\" height=\"150\" src=\"https:\/\/www.incorectpolitic.com\/wp-content\/uploads\/2019\/09\/videoblocks-male-hand-reload-a-revolver-magnum-gun-without-bullets-magnum-revolver-and-empty-bullet-magnum-lead-round-nose-45-auto-rim-revolver-rounds_ha1focujz_thumbnail-full01-150x150.jpg\" class=\"attachment-thumbnail size-thumbnail wp-post-image lazyload\" alt><img loading=\"lazy\" decoding=\"async\" width=\"150\" height=\"150\" src=\"https:\/\/www.incorectpolitic.com\/wp-content\/uploads\/2019\/09\/videoblocks-male-hand-reload-a-revolver-magnum-gun-without-bullets-magnum-revolver-and-empty-bullet-magnum-lead-round-nose-45-auto-rim-revolver-rounds_ha1focujz_thumbnail-full01-150x150.jpg\" class=\"attachment-thumbnail size-thumbnail wp-post-image\" alt data-eio=\"l\"><\/a><\/div>\n<div class=\"entry-title\"><a class=\"featured_post_link\" href=\"https:\/\/www.incorectpolitic.com\/scrisoare-deschisa-catre-neamul-romanesc\/\" title=\"Scrisoare Deschis\u0103 C\u0103tre Neamul Rom\u00e2nesc\">Scrisoare Deschis\u0103 C\u0103tre Neamul Rom\u00e2nesc<\/a><\/div>\n<\/article>\n<article class=\"post-26255 post type-post status-publish entry includes-feat-image\">\n<div class=\"featured-image alignleft\"><a class=\"featured_post_link\" href=\"https:\/\/www.incorectpolitic.com\/sociologia-eliberarii-si-curentele-laterale-de-sedimentare-revolutionara\/\" title=\"Sociologia Eliber\u0103rii \u0219i Curentele Laterale de Sedimentare Revolu\u021bionar\u0103\"><img loading=\"lazy\" decoding=\"async\" width=\"150\" height=\"150\" src=\"https:\/\/www.incorectpolitic.com\/wp-content\/uploads\/2020\/12\/nm3-150x150.png\" class=\"attachment-thumbnail size-thumbnail wp-post-image lazyload\" alt><img loading=\"lazy\" decoding=\"async\" width=\"150\" height=\"150\" src=\"https:\/\/www.incorectpolitic.com\/wp-content\/uploads\/2020\/12\/nm3-150x150.png\" class=\"attachment-thumbnail size-thumbnail wp-post-image\" alt data-eio=\"l\"><\/a><\/div>\n<div class=\"entry-title\"><a class=\"featured_post_link\" href=\"https:\/\/www.incorectpolitic.com\/sociologia-eliberarii-si-curentele-laterale-de-sedimentare-revolutionara\/\" title=\"Sociologia Eliber\u0103rii \u0219i Curentele Laterale de Sedimentare Revolu\u021bionar\u0103\">Sociologia Eliber\u0103rii \u0219i Curentele Laterale de Sedimentare Revolu\u021bionar\u0103<\/a><\/div>\n<\/article>\n<article class=\"post-21977 post type-post status-publish entry includes-feat-image\">\n<div class=\"featured-image alignleft\"><a class=\"featured_post_link\" href=\"https:\/\/www.incorectpolitic.com\/impotriva-fatalismului\/\" title=\"\u00cempotriva Fatalismului\"><img loading=\"lazy\" decoding=\"async\" width=\"150\" height=\"150\" src=\"https:\/\/www.incorectpolitic.com\/wp-content\/uploads\/2019\/04\/thumb-150x150.jpg\" class=\"attachment-thumbnail size-thumbnail wp-post-image lazyload\" alt><img loading=\"lazy\" decoding=\"async\" width=\"150\" height=\"150\" src=\"https:\/\/www.incorectpolitic.com\/wp-content\/uploads\/2019\/04\/thumb-150x150.jpg\" class=\"attachment-thumbnail size-thumbnail wp-post-image\" alt data-eio=\"l\"><\/a><\/div>\n<div class=\"entry-title\"><a class=\"featured_post_link\" href=\"https:\/\/www.incorectpolitic.com\/impotriva-fatalismului\/\" title=\"\u00cempotriva Fatalismului\">\u00cempotriva Fatalismului<\/a><\/div>\n<\/article>\n<article class=\"post-20844 post type-post status-publish entry includes-feat-image\">\n<div class=\"featured-image alignleft\"><a class=\"featured_post_link\" href=\"https:\/\/www.incorectpolitic.com\/inceputul-etapei-post-globaliste-mass-media-ultimul-obstacol\/\" title=\"\u00cenceputul Etapei Post-Globaliste \u2013  Mass Media Ultimul Obstacol\"><img loading=\"lazy\" decoding=\"async\" width=\"150\" height=\"150\" src=\"https:\/\/www.incorectpolitic.com\/wp-content\/uploads\/2019\/03\/https___cdn.cnn_.com_cnnnext_dam_assets_181202123002-yellow-vest-protest-150x150.jpg\" class=\"attachment-thumbnail size-thumbnail wp-post-image lazyload\" alt><img loading=\"lazy\" decoding=\"async\" width=\"150\" height=\"150\" src=\"https:\/\/www.incorectpolitic.com\/wp-content\/uploads\/2019\/03\/https___cdn.cnn_.com_cnnnext_dam_assets_181202123002-yellow-vest-protest-150x150.jpg\" class=\"attachment-thumbnail size-thumbnail wp-post-image\" alt data-eio=\"l\"><\/a><\/div>\n<div class=\"entry-title\"><a class=\"featured_post_link\" href=\"https:\/\/www.incorectpolitic.com\/inceputul-etapei-post-globaliste-mass-media-ultimul-obstacol\/\" title=\"\u00cenceputul Etapei Post-Globaliste \u2013  Mass Media Ultimul Obstacol\">\u00cenceputul Etapei Post-Globaliste \u2013  Mass Media Ultimul Obstacol<\/a><\/div>\n<\/article>\n<article class=\"post-19704 post type-post status-publish entry includes-feat-image\">\n<div class=\"featured-image alignleft\"><a class=\"featured_post_link\" href=\"https:\/\/www.incorectpolitic.com\/mlastina-mass-media-serial-complet\/\" title=\"Mla\u0219tina Mass Media  \u2013 Serial Complet\"><img loading=\"lazy\" decoding=\"async\" width=\"150\" height=\"150\" src=\"https:\/\/www.incorectpolitic.com\/wp-content\/uploads\/2018\/06\/colaj-modificat-1-768x278-150x150.jpg\" class=\"attachment-thumbnail size-thumbnail wp-post-image lazyload\" alt><img loading=\"lazy\" decoding=\"async\" width=\"150\" height=\"150\" src=\"https:\/\/www.incorectpolitic.com\/wp-content\/uploads\/2018\/06\/colaj-modificat-1-768x278-150x150.jpg\" class=\"attachment-thumbnail size-thumbnail wp-post-image\" alt data-eio=\"l\"><\/a><\/div>\n<div class=\"entry-title\"><a class=\"featured_post_link\" href=\"https:\/\/www.incorectpolitic.com\/mlastina-mass-media-serial-complet\/\" title=\"Mla\u0219tina Mass Media  \u2013 Serial Complet\">Mla\u0219tina Mass Media  \u2013 Serial Complet<\/a><\/div>\n<\/article>\n<article class=\"post-5104 post type-post status-publish entry includes-feat-image\">\n<div class=\"featured-image alignleft\"><a class=\"featured_post_link\" href=\"https:\/\/www.incorectpolitic.com\/momentul-1937\/\" title=\"Momentul 1937\"><img loading=\"lazy\" decoding=\"async\" width=\"150\" height=\"150\" src=\"https:\/\/www.incorectpolitic.com\/wp-content\/uploads\/2018\/03\/capitanul-codreanu2003a-150x150.jpg\" class=\"attachment-thumbnail size-thumbnail wp-post-image lazyload\" alt><img loading=\"lazy\" decoding=\"async\" width=\"150\" height=\"150\" src=\"https:\/\/www.incorectpolitic.com\/wp-content\/uploads\/2018\/03\/capitanul-codreanu2003a-150x150.jpg\" class=\"attachment-thumbnail size-thumbnail wp-post-image\" alt data-eio=\"l\"><\/a><\/div>\n<div class=\"entry-title\"><a class=\"featured_post_link\" href=\"https:\/\/www.incorectpolitic.com\/momentul-1937\/\" title=\"Momentul 1937\">Momentul 1937<\/a><\/div>\n<\/article>\n<article class=\"post-16914 post type-post status-publish entry includes-feat-image\">\n<div class=\"featured-image alignleft\"><a class=\"featured_post_link\" href=\"https:\/\/www.incorectpolitic.com\/portretul-romanului-iudeo-crestin\/\" title=\"Portretul Rom\u00e2nului Iudeo-Cre\u0219tin Iubitor de Infanticid\"><img loading=\"lazy\" decoding=\"async\" width=\"150\" height=\"150\" src=\"https:\/\/www.incorectpolitic.com\/wp-content\/uploads\/2019\/01\/venn-150x150.jpg\" class=\"attachment-thumbnail size-thumbnail wp-post-image lazyload\" alt><img loading=\"lazy\" decoding=\"async\" width=\"150\" height=\"150\" src=\"https:\/\/www.incorectpolitic.com\/wp-content\/uploads\/2019\/01\/venn-150x150.jpg\" class=\"attachment-thumbnail size-thumbnail wp-post-image\" alt data-eio=\"l\"><\/a><\/div>\n<div class=\"entry-title\"><a class=\"featured_post_link\" href=\"https:\/\/www.incorectpolitic.com\/portretul-romanului-iudeo-crestin\/\" title=\"Portretul Rom\u00e2nului Iudeo-Cre\u0219tin Iubitor de Infanticid\">Portretul Rom\u00e2nului Iudeo-Cre\u0219tin Iubitor de Infanticid<\/a><\/div>\n<\/article>\n<article class=\"post-13899 post type-post status-publish entry includes-feat-image\">\n<div class=\"featured-image alignleft\"><a class=\"featured_post_link\" href=\"https:\/\/www.incorectpolitic.com\/manifest-impotriva-national-sionismului\/\" title=\"Manifest \u00cempotriva Na\u021bional-Sionismului din Rom\u00e2nia\"><img loading=\"lazy\" decoding=\"async\" width=\"150\" height=\"150\" src=\"https:\/\/www.incorectpolitic.com\/wp-content\/uploads\/2018\/10\/z1-150x150.png\" class=\"attachment-thumbnail size-thumbnail wp-post-image lazyload\" alt><img loading=\"lazy\" decoding=\"async\" width=\"150\" height=\"150\" src=\"https:\/\/www.incorectpolitic.com\/wp-content\/uploads\/2018\/10\/z1-150x150.png\" class=\"attachment-thumbnail size-thumbnail wp-post-image\" alt data-eio=\"l\"><\/a><\/div>\n<div class=\"entry-title\"><a class=\"featured_post_link\" href=\"https:\/\/www.incorectpolitic.com\/manifest-impotriva-national-sionismului\/\" title=\"Manifest \u00cempotriva Na\u021bional-Sionismului din Rom\u00e2nia\">Manifest \u00cempotriva Na\u021bional-Sionismului din Rom\u00e2nia<\/a><\/div>\n<\/article>\n<article class=\"post-7498 post type-post status-publish entry includes-feat-image\">\n<div class=\"featured-image alignleft\"><a class=\"featured_post_link\" href=\"https:\/\/www.incorectpolitic.com\/istorie-zydokomuna-cea-mai-completa-lista-a-nomenclaturii-iudeo-bolsevice-din-romania\/\" title=\"Istorie: \u017bYDOKOMUNA, Cea Mai Complet\u0103 List\u0103 a Nomenclaturii Iudeo-Bol\u0219evice din Rom\u00e2nia\"><img loading=\"lazy\" decoding=\"async\" width=\"150\" height=\"150\" src=\"https:\/\/www.incorectpolitic.com\/wp-content\/uploads\/2018\/06\/holocaustul-rosu-150x150.jpg\" class=\"attachment-thumbnail size-thumbnail wp-post-image lazyload\" alt><img loading=\"lazy\" decoding=\"async\" width=\"150\" height=\"150\" src=\"https:\/\/www.incorectpolitic.com\/wp-content\/uploads\/2018\/06\/holocaustul-rosu-150x150.jpg\" class=\"attachment-thumbnail size-thumbnail wp-post-image\" alt data-eio=\"l\"><\/a><\/div>\n<div class=\"entry-title\"><a class=\"featured_post_link\" href=\"https:\/\/www.incorectpolitic.com\/istorie-zydokomuna-cea-mai-completa-lista-a-nomenclaturii-iudeo-bolsevice-din-romania\/\" title=\"Istorie: \u017bYDOKOMUNA, Cea Mai Complet\u0103 List\u0103 a Nomenclaturii Iudeo-Bol\u0219evice din Rom\u00e2nia\">Istorie: \u017bYDOKOMUNA, Cea Mai Complet\u0103 List\u0103 a Nomenclaturii Iudeo-Bol\u0219evice din Rom\u00e2nia<\/a><\/div>\n<\/article>\n<article class=\"post-6413 post type-post status-publish entry includes-feat-image\">\n<div class=\"featured-image alignleft\"><a class=\"featured_post_link\" href=\"https:\/\/www.incorectpolitic.com\/iudaismul-este-un-proiect-politic\/\" title=\"Iudaismul Este Un Proiect Politic\"><img loading=\"lazy\" decoding=\"async\" width=\"150\" height=\"150\" src=\"https:\/\/www.incorectpolitic.com\/wp-content\/uploads\/2018\/05\/israelzionismjudaism5-150x150.jpeg\" class=\"attachment-thumbnail size-thumbnail wp-post-image lazyload\" alt><img loading=\"lazy\" decoding=\"async\" width=\"150\" height=\"150\" src=\"https:\/\/www.incorectpolitic.com\/wp-content\/uploads\/2018\/05\/israelzionismjudaism5-150x150.jpeg\" class=\"attachment-thumbnail size-thumbnail wp-post-image\" alt data-eio=\"l\"><\/a><\/div>\n<div class=\"entry-title\"><a class=\"featured_post_link\" href=\"https:\/\/www.incorectpolitic.com\/iudaismul-este-un-proiect-politic\/\" title=\"Iudaismul Este Un Proiect Politic\">Iudaismul Este Un Proiect Politic<\/a><\/div>\n<\/article>\n<article class=\"post-5089 post type-post status-publish entry includes-feat-image\">\n<div class=\"featured-image alignleft\"><a class=\"featured_post_link\" href=\"https:\/\/www.incorectpolitic.com\/exploziv-si-excluziv-interviul-interzis-in-presa-romaneasca\/\" title=\"EXPLOZIV \u0218I EXCLUSIV: Interviul INTERZIS \u00een Presa Rom\u00e2neasc\u0103\"><img loading=\"lazy\" decoding=\"async\" width=\"150\" height=\"150\" src=\"https:\/\/www.incorectpolitic.com\/wp-content\/uploads\/2018\/03\/gscz6z-150x150.gif\" class=\"attachment-thumbnail size-thumbnail wp-post-image lazyload\" alt><img loading=\"lazy\" decoding=\"async\" width=\"150\" height=\"150\" src=\"https:\/\/www.incorectpolitic.com\/wp-content\/uploads\/2018\/03\/gscz6z-150x150.gif\" class=\"attachment-thumbnail size-thumbnail wp-post-image\" alt data-eio=\"l\"><\/a><\/div>\n<div class=\"entry-title\"><a class=\"featured_post_link\" href=\"https:\/\/www.incorectpolitic.com\/exploziv-si-excluziv-interviul-interzis-in-presa-romaneasca\/\" title=\"EXPLOZIV \u0218I EXCLUSIV: Interviul INTERZIS \u00een Presa Rom\u00e2neasc\u0103\">EXPLOZIV \u0218I EXCLUSIV: Interviul INTERZIS \u00een Presa Rom\u00e2neasc\u0103<\/a><\/div>\n<\/article>\n<article class=\"post-1109 post type-post status-publish entry includes-feat-image\">\n<div class=\"featured-image alignleft\"><a class=\"featured_post_link\" href=\"https:\/\/www.incorectpolitic.com\/ofensiva-spirituala-poloniei\/\" title=\"Ofensiva Spiritual\u0103 a Poloniei\"><img loading=\"lazy\" decoding=\"async\" width=\"150\" height=\"150\" src=\"https:\/\/www.incorectpolitic.com\/wp-content\/uploads\/2017\/10\/jesus-with-whip3-150x150.jpg\" class=\"attachment-thumbnail size-thumbnail wp-post-image lazyload\" alt><img loading=\"lazy\" decoding=\"async\" width=\"150\" height=\"150\" src=\"https:\/\/www.incorectpolitic.com\/wp-content\/uploads\/2017\/10\/jesus-with-whip3-150x150.jpg\" class=\"attachment-thumbnail size-thumbnail wp-post-image\" alt data-eio=\"l\"><\/a><\/div>\n<div class=\"entry-title\"><a class=\"featured_post_link\" href=\"https:\/\/www.incorectpolitic.com\/ofensiva-spirituala-poloniei\/\" title=\"Ofensiva Spiritual\u0103 a Poloniei\">Ofensiva Spiritual\u0103 a Poloniei<\/a><\/div>\n<\/article>\n<article class=\"post-5673 post type-post status-publish entry includes-feat-image\">\n<div class=\"featured-image alignleft\"><a class=\"featured_post_link\" href=\"https:\/\/www.incorectpolitic.com\/biciul-prigonirii-romanilor-este-in-mana-jidanilor\/\" title=\"Biciul Prigonirii Rom\u00e2nilor Este \u00een M\u00e2na Jidanilor!\"><img loading=\"lazy\" decoding=\"async\" width=\"150\" height=\"150\" src=\"https:\/\/www.incorectpolitic.com\/wp-content\/uploads\/2018\/04\/S.-Vexler-si-B.-Netanyahu-150x150.jpg\" class=\"attachment-thumbnail size-thumbnail wp-post-image lazyload\" alt><img loading=\"lazy\" decoding=\"async\" width=\"150\" height=\"150\" src=\"https:\/\/www.incorectpolitic.com\/wp-content\/uploads\/2018\/04\/S.-Vexler-si-B.-Netanyahu-150x150.jpg\" class=\"attachment-thumbnail size-thumbnail wp-post-image\" alt data-eio=\"l\"><\/a><\/div>\n<div class=\"entry-title\"><a class=\"featured_post_link\" href=\"https:\/\/www.incorectpolitic.com\/biciul-prigonirii-romanilor-este-in-mana-jidanilor\/\" title=\"Biciul Prigonirii Rom\u00e2nilor Este \u00een M\u00e2na Jidanilor!\">Biciul Prigonirii Rom\u00e2nilor Este \u00een M\u00e2na Jidanilor!<\/a><\/div>\n<\/article>\n<article class=\"post-80464 post type-post status-publish entry includes-feat-image\">\n<div class=\"featured-image alignleft\"><a class=\"featured_post_link\" href=\"https:\/\/www.incorectpolitic.com\/talmudismul-este-esenta-satanismului\/\" title=\"TALMUDISMUL ESTE ESEN\u021aA SATANISMULUI\"><img loading=\"lazy\" decoding=\"async\" width=\"150\" height=\"150\" src=\"https:\/\/www.incorectpolitic.com\/wp-content\/uploads\/2020\/02\/vasile-zarnescu-150x150.png\" class=\"attachment-thumbnail size-thumbnail wp-post-image lazyload\" alt><img loading=\"lazy\" decoding=\"async\" width=\"150\" height=\"150\" src=\"https:\/\/www.incorectpolitic.com\/wp-content\/uploads\/2020\/02\/vasile-zarnescu-150x150.png\" class=\"attachment-thumbnail size-thumbnail wp-post-image\" alt data-eio=\"l\"><\/a><\/div>\n<div class=\"entry-title\"><a class=\"featured_post_link\" href=\"https:\/\/www.incorectpolitic.com\/talmudismul-este-esenta-satanismului\/\" title=\"TALMUDISMUL ESTE ESEN\u021aA SATANISMULUI\">TALMUDISMUL ESTE ESEN\u021aA SATANISMULUI<\/a><\/div>\n<\/article>\n<article class=\"post-20005 post type-post status-publish entry includes-feat-image\">\n<div class=\"featured-image alignleft\"><a class=\"featured_post_link\" href=\"https:\/\/www.incorectpolitic.com\/viciul-matematic-elementar-v-m-e-2\/\" title=\"Viciul Matematic Elementar (V.M.E.)\"><img loading=\"lazy\" decoding=\"async\" width=\"150\" height=\"150\" src=\"https:\/\/www.incorectpolitic.com\/wp-content\/uploads\/2017\/12\/tell-lie-vision-150x150.jpg\" class=\"attachment-thumbnail size-thumbnail wp-post-image lazyload\" alt><img loading=\"lazy\" decoding=\"async\" width=\"150\" height=\"150\" src=\"https:\/\/www.incorectpolitic.com\/wp-content\/uploads\/2017\/12\/tell-lie-vision-150x150.jpg\" class=\"attachment-thumbnail size-thumbnail wp-post-image\" alt data-eio=\"l\"><\/a><\/div>\n<div class=\"entry-title\"><a class=\"featured_post_link\" href=\"https:\/\/www.incorectpolitic.com\/viciul-matematic-elementar-v-m-e-2\/\" title=\"Viciul Matematic Elementar (V.M.E.)\">Viciul Matematic Elementar (V.M.E.)<\/a><\/div>\n<\/article>\n<p>[analyse_source url=&#8221;https:\/\/www.incorectpolitic.com\/escaladarea-prigoanei-avocatul-nationalistilor-mihai-rapcea-saltat-de-mascati-si-arestat-preventiv-24-de-ore\/&#8221;]<\/p>\n","protected":false},"excerpt":{"rendered":"<p>[analyse_image type=&#8221;featured&#8221; src=&#8221;https:\/\/www.incorectpolitic.com\/wp-content\/uploads\/2023\/09\/mihai-rapcea.png&#8221;] Sterie CiumettiIncorect Politic Iunie 26, 2026 Avocatul pro-bono al na\u021bionali\u0219tilor prigoni\u021bi pentru opiniile lor, Mihai Rapcea, a fost s\u0103ltat de masca\u021bi ieri la \u0219ase diminea\u021ba. I s-a confiscat informatica \u0219i a fost arestat preventiv 24 de ore, \u00een ciuda problemelor de s\u0103n\u0103tate. Unii spun c\u0103 rapiditatea opera\u021biunii ar avea legatura cu vizita [&hellip;]<\/p>\n","protected":false},"author":1,"featured_media":0,"comment_status":"open","ping_status":"","sticky":false,"template":"","format":"standard","meta":{"footnotes":""},"categories":[89],"tags":[226,95],"class_list":["post-2013900","post","type-post","status-publish","format-standard","hentry","category-romania","tag-crawlmanager","tag-incorectpolitic-com"],"_links":{"self":[{"href":"https:\/\/analyse.optim.biz\/index.php?rest_route=\/wp\/v2\/posts\/2013900","targetHints":{"allow":["GET"]}}],"collection":[{"href":"https:\/\/analyse.optim.biz\/index.php?rest_route=\/wp\/v2\/posts"}],"about":[{"href":"https:\/\/analyse.optim.biz\/index.php?rest_route=\/wp\/v2\/types\/post"}],"author":[{"embeddable":true,"href":"https:\/\/analyse.optim.biz\/index.php?rest_route=\/wp\/v2\/users\/1"}],"replies":[{"embeddable":true,"href":"https:\/\/analyse.optim.biz\/index.php?rest_route=%2Fwp%2Fv2%2Fcomments&post=2013900"}],"version-history":[{"count":0,"href":"https:\/\/analyse.optim.biz\/index.php?rest_route=\/wp\/v2\/posts\/2013900\/revisions"}],"wp:attachment":[{"href":"https:\/\/analyse.optim.biz\/index.php?rest_route=%2Fwp%2Fv2%2Fmedia&parent=2013900"}],"wp:term":[{"taxonomy":"category","embeddable":true,"href":"https:\/\/analyse.optim.biz\/index.php?rest_route=%2Fwp%2Fv2%2Fcategories&post=2013900"},{"taxonomy":"post_tag","embeddable":true,"href":"https:\/\/analyse.optim.biz\/index.php?rest_route=%2Fwp%2Fv2%2Ftags&post=2013900"}],"curies":[{"name":"wp","href":"https:\/\/api.w.org\/{rel}","templated":true}]}}