{"id":2013776,"date":"2026-06-26T13:37:56","date_gmt":"2026-06-26T10:37:56","guid":{"rendered":"https:\/\/analyse.optim.biz\/?p=2013776"},"modified":"2026-06-26T13:37:56","modified_gmt":"2026-06-26T10:37:56","slug":"siegfried-muresan-propunerea-dreptei-pentru-palatul-victoria-serviciile-ni-l-au-bagat-pe-gat","status":"publish","type":"post","link":"https:\/\/analyse.optim.biz\/?p=2013776","title":{"rendered":"Siegfried Mure\u0219an, propunerea \u201eDreptei\u201d pentru palatul Victoria. \u201dServiciile ni l-au b\u0103gat pe g\u00e2t!\u201d"},"content":{"rendered":"<p>[analyse_image type=&#8221;featured&#8221; src=&#8221;https:\/\/ortodoxinfo.ro\/wp-content\/uploads\/2026\/06\/66.jpghttps:\/\/ortodoxinfo.ro\/wp-content\/uploads\/2026\/06\/66.jpg&#8221;]<\/p>\n<article id=\"post-243050\" class=\"post-243050 post type-post status-publish format-standard has-post-thumbnail category-asasinii-tarii\">\n<header class=\"single-header\">\n<aside class=\"breadcrumb-wrap breadcrumb-yoast s-breadcrumb\">\n<div class=\"breadcrumb-inner\"><span><span><a href=\"https:\/\/ortodoxinfo.ro\/\">Prima pagin\u0103<\/a><\/span> \u00bb <span><a href=\"https:\/\/ortodoxinfo.ro\/blog\/\">Blog<\/a><\/span> \u00bb <span class=\"breadcrumb_last\" aria-current=\"page\">Siegfried Mure\u0219an, propunerea \u201eDreptei\u201d pentru palatul Victoria. \u201dServiciile ni l-au b\u0103gat pe g\u00e2t!\u201d<\/span><\/span><\/div>\n<\/aside>\n<h1 class=\"s-title fw-headline\">Siegfried Mure\u0219an, propunerea \u201eDreptei\u201d pentru palatul Victoria. \u201dServiciile ni l-au b\u0103gat pe g\u00e2t!\u201d<\/h1>\n<div class=\"single-meta meta-s-default yes-0\">\n<div class=\"smeta-in\"><a class=\"meta-el meta-avatar\" href=\"https:\/\/ortodoxinfo.ro\/author\/redactor\/\"><img loading=\"lazy\" decoding=\"async\" alt=\"OrtodoxINFO\" src=\"https:\/\/secure.gravatar.com\/avatar\/21010332354a182ce4de6016685c5586f21c51866d0ec5bc8ef383240b3c3e02?s=120&amp;r=g\" class=\"avatar avatar-120 photo\" height=\"120\" width=\"120\"><\/a><\/p>\n<div class=\"smeta-sec\">\n<div class=\"p-meta\">\n<div class=\"meta-inner is-meta\"><span class=\"meta-el meta-date\"><time datetime=\"2026-06-26T16:37:56+03:00\">26 iunie 2026<\/time><\/span><span class=\"meta-el meta-category meta-bold\"><a class=\"meta-separate category-19885\" href=\"https:\/\/ortodoxinfo.ro\/category\/anti-sistem\/anti-romanism\/asasinii-tarii\/\">Asasinii \u021b\u0103rii<\/a><\/span><span class=\"meta-el meta-view\">4.8k vizualiz\u0103ri\t\t<\/span><span class=\"meta-el meta-comment mobile-last-meta tablet-last-meta\"><a href=\"https:\/\/ortodoxinfo.ro\/2026\/06\/26\/siegfried-muresan-propunerea-dreptei-pentru-palatul-victoria-serviciile-ni-l-au-bagat-pe-gat\/#respond\">Comentarii<\/a><\/span><\/div>\n<\/div>\n<\/div>\n<\/div>\n<div class=\"smeta-extra\">\n<div class=\"t-shared-sec tooltips-n has-read-meta is-color\">\n<div class=\"t-shared-header is-meta\"><span class=\"share-label\">Share<\/span><\/div>\n<\/div>\n<div class=\"single-right-meta single-time-read is-meta\"><span class=\"meta-el meta-read\">4 Min Read<\/span><\/div>\n<\/div>\n<\/div>\n<\/header>\n<div class=\"grid-container\">\n<div class=\"s-ct\">\n<div class=\"s-feat-outer\">\n<div class=\"s-feat\">\n<div class=\"featured-lightbox-trigger\" data-source=\"https:\/\/ortodoxinfo.ro\/wp-content\/uploads\/2026\/06\/66.jpg\" data-caption data-attribution><img fetchpriority=\"high\" decoding=\"async\" width=\"860\" height=\"571\" src=\"https:\/\/ortodoxinfo.ro\/wp-content\/uploads\/2026\/06\/66-860x571.jpg\" class=\"attachment-foxiz_crop_o1 size-foxiz_crop_o1 wp-post-image\" alt loading=\"eager\"><\/div>\n<\/div>\n<\/div>\n<div class=\"s-ct-wrap has-lsl\">\n<div class=\"s-ct-inner\">\n<div class=\"l-shared-sec-outer show-mobile\">\n<div class=\"l-shared-sec\">\n<div class=\"l-shared-header meta-text\"><span class=\"share-label\">SHARE<\/span><\/div>\n<\/div>\n<\/div>\n<div class=\"e-ct-outer\">\n<div class=\"entry-top\">\n<div id=\"custom_html-3\" class=\"widget_text widget entry-widget clearfix widget_custom_html\">\n<div class=\"textwidget custom-html-widget\">\n<div><small><br \/>\n    OrtodoxINFO este supus unui sabotaj sistematic din partea reprezentan\u021bilor Google Rom\u00e2nia, at\u00e2t la afi\u0219\u0103ri c\u00e2t \u0219i \u00een rezultatele de c\u0103utare.<br \/>\n        Astfel c\u0103 veniturile din publicitate au sc\u0103zut de p\u00e2n\u0103 la <strong>10 ori<\/strong>. Situa\u021bia este similar\u0103 \u0219i pe Facebook.<\/p>\n<p>        V\u0103 invit\u0103m s\u0103 accesa\u021bi direct site-ul \u0219i s\u0103 v\u0103 abona\u021bi la notific\u0103ri.<\/p>\n<p>    Dac\u0103 dori\u021bi s\u0103 ne sus\u021bine\u021bi \u00een aceast\u0103 perioad\u0103 dificil\u0103, orice <a href=\"https:\/\/ortodoxinfo.ro\/donatii\/\">dona\u021bie<\/a> este binevenit\u0103.<br \/>\n    Dumnezeu s\u0103 v\u0103 r\u0103spl\u0103teasc\u0103!<br \/>\n<\/small><\/div>\n<\/div>\n<\/div>\n<\/div>\n<div class=\"entry-content rbct clearfix is-highlight-shares\">\n<p>Siegfried Mure\u0219an, propus de PNL, USR \u0219i UDMR drept premier al Rom\u00e2niei. Mali\u021bio\u0219ii ar spune c\u0103 e parte din contractul cu Rheinmetall. Dar e o propunere logic\u0103, dup\u0103 Tomac. Serviciile sunt omniprezente. Nu neap\u0103rat ale noastre. B\u0103si\u0219tii de ieri, prim-mini\u0219trii de azi, nu-i a\u0219a?<\/p>\n<p>Cariera lui a \u00eenceput cu un sacrificiu de \u201dregin\u0103\u201d: \u00een 2014, EBA s-a retras de pe listele europarlamentare ale PMP-ului condus de cuplul Elena Udrea-Tomac, pentru Siegfried. <strong>\u201eUn t\u00een\u0103r care a avut o activitate performant\u0103\u201d<\/strong>, a\u0219a a sunat explica\u021bia Udrei. <strong>\u201dNoi ne-am fi bucurat ca Elena B\u0103sescu s\u0103 mearg\u0103 pe listele PMP, pentru c\u0103 are acelea\u015fi a\u015ftept\u0103ri ca \u015fi noi \u015fi are aceea\u015fi viziune ca \u015fi pre\u015fedintele Traian B\u0103sescu\u201d<\/strong> a mai spus ea. Asta, ca s\u0103 \u00een\u021belegem c\u00eet de mare a fost sacrificiul. Putea fi EBA, azi, propunerea de premier.<\/p>\n<p>De nervi, intelectualul Teodor Baconschi demisiona din PMP dezv\u0103luind c\u0103 pentru locul 3 pe lista PE i se ceruser\u0103 100.000 de euro. Deh, ori servieta cu bani, ori o vorb\u0103 bun\u0103 de la p\u0103duri. Altfel nu merge la pro-europeni.<\/p>\n<p>Cum a ajuns anonimul Siegfried pe acele liste, de a trebuit s\u0103 se retrag\u0103 \u00eens\u0103\u0219i fiica \u201dLUI\u201d?<br \/><strong>\u201eNu l-am adus noi, l-au adus serviciile \u0219i ni l-au b\u0103gat pe g\u00eet, \u0219i pe primul loc, spun\u00eend c\u0103 e marele rom\u00e2n care a lucrat \u00een guvernul german, care are rela\u021bii \u0219i care poate s\u0103 ne reprezinte \u0219i a\u0219a mai departe. \u0218i ni l-au pus pe locul \u00eent\u00eei \u0219i au zis \u201dCandida\u021bi pe restul voi!\u201d\u201d<\/strong>(fostul consilier preziden\u021bial Adrian R\u0103dulescu, fondator al PMP, 28 noiembrie 2018 \u2013 Canal 33).<\/p>\n<p>4 ani mai t\u00eerziu, t\u00een\u0103ra speran\u021b\u0103 a PMP tr\u0103da prin fuga la PNL. <strong>\u201eAsta e via\u021ba. Am crescut at\u00ee\u021bia tineri care m-au tr\u0103dat \u00eenc\u00eet nu mai conteaz\u0103. Am avut doi europarlamentari, Preda \u0219i Siegfried, au plecat am\u00eendoi \u0219i nu vom avea reprezentan\u021bi \u00een sec\u021biile de votare. Asta este\u201d<\/strong> era concluzia amar\u0103 a lui Traian B\u0103sescu. Cum \u0219i-a f\u0103cut drum Siegfried c\u0103tre PNL? <strong>\u201eA f\u0103cut canal pentru \u00eent\u00eelnirea lui Ludovic Orban cu Merkel\u201d<\/strong>, B\u0103sescu dixit.<\/p>\n<p><img loading=\"lazy\" decoding=\"async\" class=\"alignnone size-full wp-image-60091010\" src=\"https:\/\/inpolitics.ro\/wp-content\/uploads\/2026\/06\/image-2018-05-14-22448882-41-ludovic-orban-angela-merkel.jpg\" alt width=\"630\" height=\"600\"><\/p>\n<p>Un an mai t\u00eerziu, \u00een martie 2019, la Antena 3, \u0219i Udrea \u00ee\u0219i nuan\u021ba pozi\u021bia: <strong>\u201dNumirea sa pe liste eligibile PMP s-a f\u0103cut \u00een timpul \u00een care conduceam acest partid, din punctul meu de vedere nu a venit pe linie de servicii secrete, \u00eens\u0103 d\u00eensului i-a\u0219 repro\u0219a altceva. Faptul c\u0103 a venit \u00een partid pe loc eligibil, f\u0103r\u0103 s\u0103 depun\u0103 nicun fel de munc\u0103 \u00een folosul partidului, a venit la recomandarea Elenei B\u0103sescu, a fost sus\u0163inut de mine, iar banii de campanie, de la Gheorghe \u015etefan. Ori, \u00een condi\u0163iile acestea, s\u0103 ai tupeul s\u0103 mergi acum cu un discurs a\u0219a-zis anticorup\u0163ie \u015fi pro-Kovesi, arat\u0103 mare ipocrizie celor care sunt de partea sistemului ast\u0103zi. Nu po\u0163i s\u0103 ajungi europarlamentar cu sus\u0163inerea lui B\u0103sescu, recomandat de Elena Udrea \u015fi finan\u0163at de Gheorghe \u015etefan \u015fi apoi s\u0103 te dezici de ace\u015ftia \u015fi s\u0103 mergi cu discursul acesta pro Kovesi \u015fi pro sistem dec\u00eet dac\u0103 e\u015fti un mare ipocrit\u201d.<\/strong><\/p>\n<p>Cam tot atunci, fostul europarlamentar C\u0103t\u0103lin Ivan scria pe Facebook:<strong> \u201dPrezen\u021ba lui Siegfried Mure\u0219an pe lista scurt\u0103 a nominaliz\u0103rilor PNL pentru Comisia European\u0103 \u00eel demasc\u0103 pe Klaus Iohannis drept agent str\u0103in de influen\u021b\u0103 \u00een Rom\u00e2nia, pasibil de condamnare pentru \u00eenalt\u0103 tr\u0103dare\u201d.<\/strong><br \/>\nR\u0103ut\u0103cisme, ce s\u0103 zicem?\u2026.(B.T.I.)<\/p>\n<\/div>\n<\/div>\n<\/div>\n<div class=\"e-shared-sec entry-sec\">\n<div class=\"e-shared-header h4\"><span>Distribuie<\/span><\/div>\n<div class=\"rbbsl tooltips-n effect-fadeout is-bg\"><a class=\"share-action share-trigger icon-facebook\" aria-label=\"Share on Facebook\" href=\"https:\/\/www.facebook.com\/sharer.php?u=https%3A%2F%2Fortodoxinfo.ro%2F2026%2F06%2F26%2Fsiegfried-muresan-propunerea-dreptei-pentru-palatul-victoria-serviciile-ni-l-au-bagat-pe-gat%2F\" data-title=\"Facebook\" rel=\"nofollow\"><span>Facebook<\/span><\/a><a class=\"share-action share-trigger icon-twitter\" aria-label=\"Share on X\" href=\"https:\/\/twitter.com\/intent\/tweet?text=Siegfried+Mure%C8%99an%2C+propunerea+%E2%80%9EDreptei%E2%80%9D+pentru+palatul+Victoria.+%E2%80%9DServiciile+ni+l-au+b%C4%83gat+pe+g%C3%A2t%21%E2%80%9D&amp;url=https%3A%2F%2Fortodoxinfo.ro%2F2026%2F06%2F26%2Fsiegfried-muresan-propunerea-dreptei-pentru-palatul-victoria-serviciile-ni-l-au-bagat-pe-gat%2F&amp;via=ortodoxinforo\" data-title=\"X\" rel=\"nofollow\"><span>X<\/span><\/a><a class=\"share-action icon-whatsapp is-web\" aria-label=\"Share on Whatsapp\" href=\"https:\/\/web.whatsapp.com\/send?text=Siegfried+Mure%C8%99an%2C+propunerea+%E2%80%9EDreptei%E2%80%9D+pentru+palatul+Victoria.+%E2%80%9DServiciile+ni+l-au+b%C4%83gat+pe+g%C3%A2t%21%E2%80%9D%20%E2%98%9E%20https%3A%2F%2Fortodoxinfo.ro%2F2026%2F06%2F26%2Fsiegfried-muresan-propunerea-dreptei-pentru-palatul-victoria-serviciile-ni-l-au-bagat-pe-gat%2F\" target=\"_blank\" data-title=\"WhatsApp\" rel=\"nofollow\"><span>Whatsapp<\/span><\/a><a class=\"share-action icon-whatsapp is-mobile\" aria-label=\"Share on Whatsapp\" href=\"\/\/send?text=Siegfried+Mure%C8%99an%2C+propunerea+%E2%80%9EDreptei%E2%80%9D+pentru+palatul+Victoria.+%E2%80%9DServiciile+ni+l-au+b%C4%83gat+pe+g%C3%A2t%21%E2%80%9D%20%E2%98%9E%20https%3A%2F%2Fortodoxinfo.ro%2F2026%2F06%2F26%2Fsiegfried-muresan-propunerea-dreptei-pentru-palatul-victoria-serviciile-ni-l-au-bagat-pe-gat%2F\" target=\"_blank\" data-title=\"WhatsApp\" rel=\"nofollow\"><span>Whatsapp<\/span><\/a><a class=\"share-action share-trigger icon-telegram\" aria-label=\"Share on Telegram\" href=\"https:\/\/t.me\/share\/?url=https%3A%2F%2Fortodoxinfo.ro%2F2026%2F06%2F26%2Fsiegfried-muresan-propunerea-dreptei-pentru-palatul-victoria-serviciile-ni-l-au-bagat-pe-gat%2F&amp;text=Siegfried+Mure%C8%99an%2C+propunerea+%E2%80%9EDreptei%E2%80%9D+pentru+palatul+Victoria.+%E2%80%9DServiciile+ni+l-au+b%C4%83gat+pe+g%C3%A2t%21%E2%80%9D\" data-title=\"Telegram\" rel=\"nofollow\"><span>Telegram<\/span><\/a><a class=\"share-action icon-copy copy-trigger\" aria-label=\"Copy Link\" href=\"https:\/\/ortodoxinfo.ro\/2026\/06\/26\/siegfried-muresan-propunerea-dreptei-pentru-palatul-victoria-serviciile-ni-l-au-bagat-pe-gat\/\" data-copied=\"Copied!\" data-link=\"https:\/\/ortodoxinfo.ro\/2026\/06\/26\/siegfried-muresan-propunerea-dreptei-pentru-palatul-victoria-serviciile-ni-l-au-bagat-pe-gat\/\" rel=\"nofollow\" data-copy=\"Copy Link\"><span>Copy Link<\/span><\/a><a class=\"share-action icon-print\" aria-label=\"Print\" rel=\"nofollow\" data-title=\"Print\"><span>Print<\/span><\/a><\/div>\n<\/div>\n<\/div>\n<div id=\"tabs\" class=\"dntplgn_form_wrapper\"><span><\/p>\n<h2>\u0218tirile sunt sub cenzur\u0103! Sprijini\u021bi OrtodoxINFO!<\/h2>\n<p>Guvernul nu dore\u0219te aflarea adev\u0103rului despre lovitura de stat \u0219i \u00eengenuncherea Rom\u00e2niei. \u00cencerc\u0103m s\u0103 men\u021binem viu acest site \u0219i s\u0103 v\u0103 punem la dispozi\u021bie informa\u021bii care s\u0103 fac\u0103 lumin\u0103 \u00een cea mai mare provocare pe care o tr\u0103im. Jurnalismul independent al portalului OrtodoxINFO func\u021bioneaz\u0103 strict cu ajutorul cititorilor.<br \/>\nNe pute\u021bi sprijini printr-o <b><a href=\"https:\/\/ortodoxinfo.ro\/donatii\/\">dona\u021bie bancar\u0103<\/a> sau prin PayPal, complet\u00e2nd formularul de mai jos.<\/b><\/span><\/p>\n<ul>\n<li><a href=\"https:\/\/ortodoxinfo.ro\/2026\/06\/26\/siegfried-muresan-propunerea-dreptei-pentru-palatul-victoria-serviciile-ni-l-au-bagat-pe-gat\/#tabs-1\">Dona\u021bie lunar\u0103<\/a><\/li>\n<li><a href=\"https:\/\/ortodoxinfo.ro\/2026\/06\/26\/siegfried-muresan-propunerea-dreptei-pentru-palatul-victoria-serviciile-ni-l-au-bagat-pe-gat\/#tabs-2\">Doar acum<\/a><\/li>\n<\/ul>\n<div id=\"tabs-1\"><img loading=\"lazy\" decoding=\"async\" alt border=\"0\" src=\"https:\/\/www.paypalobjects.com\/en_US\/i\/scr\/pixel.gif\" width=\"1\" height=\"1\"><\/div>\n<div id=\"tabs-2\">\n<p>\t\t     \u20ac<\/p>\n<p>\t\t    <img loading=\"lazy\" decoding=\"async\" alt border=\"0\" src=\"https:\/\/www.paypalobjects.com\/en_US\/i\/scr\/pixel.gif\" width=\"1\" height=\"1\"><\/div>\n<p>Mul\u021bumim celor care ne-au ajutat p\u00e2n\u0103 acum!\n\t<\/p><\/div>\n<div class=\"comment-box-wrap entry-sec\">\n<div class=\"comment-box-header\"><span class=\"h3\">Las\u0103 un comentariu<\/span><\/div>\n<div class=\"comment-holder no-comment\">\n<div id=\"comments\" class=\"comments-area\">\n<div id=\"respond\" class=\"comment-respond\">\n<h3 id=\"reply-title\" class=\"comment-reply-title\">Las\u0103 un r\u0103spuns <small><a rel=\"nofollow\" id=\"cancel-comment-reply-link\" href=\"https:\/\/ortodoxinfo.ro\/2026\/06\/26\/siegfried-muresan-propunerea-dreptei-pentru-palatul-victoria-serviciile-ni-l-au-bagat-pe-gat\/#respond\">Anuleaz\u0103 r\u0103spunsul<\/a><\/small><\/h3>\n<p class=\"comment-notes\"><span id=\"email-notes\">Adresa ta de email nu va fi publicat\u0103.<\/span><span class=\"required-field-message\">C\u00e2mpurile obligatorii sunt marcate cu <span class=\"required\">*<\/span><\/span><\/p>\n<\/div>\n<\/div>\n<\/div>\n<\/div>\n<\/div>\n<div class=\"sidebar-wrap single-sidebar\">\n<div class=\"sidebar-inner clearfix\">\n<div id=\"widget-post-2\" class=\"widget rb-section w-sidebar clearfix widget-post\">\n<div class=\"block-h widget-heading heading-layout-1\">\n<div class=\"heading-inner\">\n<h4 class=\"heading-title\"><span>Articole recente<\/span><\/h4>\n<\/div>\n<\/div>\n<div class=\"widget-p-listing\">\n<div class=\"p-wrap p-small p-list-small-2\" data-pid=\"243127\">\n<div class=\"feat-holder\">\n<div class=\"p-featured ratio-v1\"><a class=\"p-flink\" href=\"https:\/\/ortodoxinfo.ro\/2026\/06\/26\/a-trecut-la-domnul-episcopul-vicar-al-arhiepiscopiei-aradului-emilian-crisanul-la-numai-54-de-ani\/\" title=\"A trecut la Domnul Episcopul vicar al Arhiepiscopiei Aradului, Emilian Cri\u0219anul, la numai 54 de ani\"><img decoding=\"async\" width=\"150\" height=\"150\" src=\"https:\/\/ortodoxinfo.ro\/wp-content\/uploads\/2026\/06\/emilian-crisanul-e1782491931213-150x150.jpeg\" class=\"featured-img wp-post-image\" alt loading=\"lazy\"><\/a><\/div>\n<\/div>\n<div class=\"p-content\">\n<h5 class=\"entry-title\"><a class=\"p-url\" href=\"https:\/\/ortodoxinfo.ro\/2026\/06\/26\/a-trecut-la-domnul-episcopul-vicar-al-arhiepiscopiei-aradului-emilian-crisanul-la-numai-54-de-ani\/\" rel=\"bookmark\">A trecut la Domnul Episcopul vicar al Arhiepiscopiei Aradului, Emilian Cri\u0219anul, la numai 54 de ani<\/a><\/h5>\n<div class=\"p-meta\">\n<div class=\"meta-inner is-meta\"><span class=\"meta-el meta-date\"><time datetime=\"2026-06-26T23:19:55+03:00\">26 iunie 2026<\/time><\/span><span class=\"meta-el meta-category meta-bold\"><a class=\"meta-separate category-1949\" href=\"https:\/\/ortodoxinfo.ro\/category\/anunturi\/treceri-la-domnul\/\">Treceri la Domnul<\/a><\/span><span class=\"meta-el meta-view\">3.3k vizualiz\u0103ri\t\t<\/span><\/div>\n<\/div>\n<\/div>\n<\/div>\n<div class=\"p-wrap p-small p-list-small-2\" data-pid=\"243091\">\n<div class=\"feat-holder\">\n<div class=\"p-featured ratio-v1\"><a class=\"p-flink\" href=\"https:\/\/ortodoxinfo.ro\/2026\/06\/26\/reactie-de-la-varful-aur-despre-propunerea-de-premier-menita-sa-incurce-socotelile-psd-stilor-pnl-usr-udmr-l-au-propus-pe-muresan-doar-ca-sa\/\" title=\"Reac\u021bie de la v\u00e2rful AUR, despre propunerea de premier \u201emenit\u0103 s\u0103 \u00eencurce socotelile PSD-\u0219tilor\u201d: \u201ePNL, USR, UDMR l-au propus pe Mure\u0219an doar ca s\u0103\u2026\u201d\"><img decoding=\"async\" width=\"150\" height=\"150\" src=\"https:\/\/ortodoxinfo.ro\/wp-content\/uploads\/2026\/06\/1782482659_peiu-150x150.jpg\" class=\"featured-img wp-post-image\" alt loading=\"lazy\"><\/a><\/div>\n<\/div>\n<div class=\"p-content\">\n<h5 class=\"entry-title\"><a class=\"p-url\" href=\"https:\/\/ortodoxinfo.ro\/2026\/06\/26\/reactie-de-la-varful-aur-despre-propunerea-de-premier-menita-sa-incurce-socotelile-psd-stilor-pnl-usr-udmr-l-au-propus-pe-muresan-doar-ca-sa\/\" rel=\"bookmark\">Reac\u021bie de la v\u00e2rful AUR, despre propunerea de premier \u201emenit\u0103 s\u0103 \u00eencurce socotelile PSD-\u0219tilor\u201d: \u201ePNL, USR, UDMR l-au propus pe Mure\u0219an doar ca s\u0103\u2026\u201d<\/a><\/h5>\n<div class=\"p-meta\">\n<div class=\"meta-inner is-meta\"><span class=\"meta-el meta-date\"><time datetime=\"2026-06-26T17:18:18+03:00\">26 iunie 2026<\/time><\/span><span class=\"meta-el meta-category meta-bold\"><a class=\"meta-separate category-19885\" href=\"https:\/\/ortodoxinfo.ro\/category\/anti-sistem\/anti-romanism\/asasinii-tarii\/\">Asasinii \u021b\u0103rii<\/a><\/span><span class=\"meta-el meta-view\">11.8k vizualiz\u0103ri\t\t<\/span><\/div>\n<\/div>\n<\/div>\n<\/div>\n<div class=\"p-wrap p-small p-list-small-2\" data-pid=\"242919\">\n<div class=\"feat-holder\">\n<div class=\"p-featured ratio-v1\"><a class=\"p-flink\" href=\"https:\/\/ortodoxinfo.ro\/2026\/06\/26\/revolutia-flamingo-ia-amploare-in-albania-protestatarii-au-distrus-santierul-unui-proiect-de-lux-de-la-malul-marii\/\" title=\"\u201eRevolu\u021bia Flamingo\u201d ia amploare \u00een Albania. Protestatarii au distrus \u0219antierul unui proiect de lux de la malul m\u0103rii\"><img decoding=\"async\" width=\"150\" height=\"150\" src=\"https:\/\/ortodoxinfo.ro\/wp-content\/uploads\/2026\/06\/screenshot-2026-06-25-222601-150x150.png\" class=\"featured-img wp-post-image\" alt loading=\"lazy\"><\/a><\/div>\n<\/div>\n<div class=\"p-content\">\n<h5 class=\"entry-title\"><a class=\"p-url\" href=\"https:\/\/ortodoxinfo.ro\/2026\/06\/26\/revolutia-flamingo-ia-amploare-in-albania-protestatarii-au-distrus-santierul-unui-proiect-de-lux-de-la-malul-marii\/\" rel=\"bookmark\">\u201eRevolu\u021bia Flamingo\u201d ia amploare \u00een Albania. Protestatarii au distrus \u0219antierul unui proiect de lux de la malul m\u0103rii<\/a><\/h5>\n<div class=\"p-meta\">\n<div class=\"meta-inner is-meta\"><span class=\"meta-el meta-date\"><time datetime=\"2026-06-26T10:17:24+03:00\">26 iunie 2026<\/time><\/span><span class=\"meta-el meta-category meta-bold\"><a class=\"meta-separate category-20289\" href=\"https:\/\/ortodoxinfo.ro\/category\/suveranism\/\">Suveranism<\/a><\/span><span class=\"meta-el meta-view\">8.1k vizualiz\u0103ri\t\t<\/span><\/div>\n<\/div>\n<\/div>\n<\/div>\n<div class=\"p-wrap p-small p-list-small-2\" data-pid=\"242952\">\n<div class=\"feat-holder\">\n<div class=\"p-featured ratio-v1\"><a class=\"p-flink\" href=\"https:\/\/ortodoxinfo.ro\/2026\/06\/26\/datoria-publica-a-romaniei-a-depasit-o-pe-cea-a-ucrainei\/\" title=\"Datoria public\u0103 a Rom\u00e2niei a dep\u0103\u0219it-o pe cea a Ucrainei\"><img decoding=\"async\" width=\"150\" height=\"150\" src=\"https:\/\/ortodoxinfo.ro\/wp-content\/uploads\/2026\/06\/nicu-zele-ro-ucraina-datorii-jpg-150x150.jpeg\" class=\"featured-img wp-post-image\" alt loading=\"lazy\"><\/a><\/div>\n<\/div>\n<div class=\"p-content\">\n<h5 class=\"entry-title\"><a class=\"p-url\" href=\"https:\/\/ortodoxinfo.ro\/2026\/06\/26\/datoria-publica-a-romaniei-a-depasit-o-pe-cea-a-ucrainei\/\" rel=\"bookmark\">Datoria public\u0103 a Rom\u00e2niei a dep\u0103\u0219it-o pe cea a Ucrainei<\/a><\/h5>\n<div class=\"p-meta\">\n<div class=\"meta-inner is-meta\"><span class=\"meta-el meta-date\"><time datetime=\"2026-06-26T10:14:02+03:00\">26 iunie 2026<\/time><\/span><span class=\"meta-el meta-category meta-bold\"><a class=\"meta-separate category-19885\" href=\"https:\/\/ortodoxinfo.ro\/category\/anti-sistem\/anti-romanism\/asasinii-tarii\/\">Asasinii \u021b\u0103rii<\/a><\/span><span class=\"meta-el meta-view\">8.5k vizualiz\u0103ri\t\t<\/span><\/div>\n<\/div>\n<\/div>\n<\/div>\n<\/div>\n<\/div>\n<div id=\"custom_html-2\" class=\"widget_text widget rb-section w-sidebar clearfix widget_custom_html\">\n<div class=\"block-h widget-heading heading-layout-1\">\n<div class=\"heading-inner\">\n<h4 class=\"heading-title\"><span>DONA\u021aII \u00een cont bancar<\/span><\/h4>\n<\/div>\n<\/div>\n<div class=\"textwidget custom-html-widget\">\n<table class=\"donatii\">\n<tbody>\n<tr>\n<th colspan=\"2\"><strong><span>Asicia\u021bia SMI-B<\/span><\/strong><\/th>\n<\/tr>\n<tr>\n<th>Cont LEI<\/th>\n<td>RO67CECEB00030RON2081955<\/td>\n<\/tr>\n<tr>\n<th>Cont EURO<\/th>\n<td>RO33CECEB000C1EUR2081978<\/td>\n<\/tr>\n<tr>\n<th>Cod SWIFT<\/th>\n<td>CECEROBU<\/td>\n<\/tr>\n<tr>\n<th colspan=\"2\"><strong>CEC BANK SA<\/strong><\/th>\n<\/tr>\n<\/tbody>\n<\/table>\n<\/div>\n<\/div>\n<\/div>\n<\/div>\n<\/div>\n<\/article>\n<div class=\"entry-content rbct clearfix is-highlight-shares\">\n<p>Siegfried Mure\u0219an, propus de PNL, USR \u0219i UDMR drept premier al Rom\u00e2niei. Mali\u021bio\u0219ii ar spune c\u0103 e parte din contractul cu Rheinmetall. Dar e o propunere logic\u0103, dup\u0103 Tomac. Serviciile sunt omniprezente. Nu neap\u0103rat ale noastre. B\u0103si\u0219tii de ieri, prim-mini\u0219trii de azi, nu-i a\u0219a?<\/p>\n<p>Cariera lui a \u00eenceput cu un sacrificiu de \u201dregin\u0103\u201d: \u00een 2014, EBA s-a retras de pe listele europarlamentare ale PMP-ului condus de cuplul Elena Udrea-Tomac, pentru Siegfried. <strong>\u201eUn t\u00een\u0103r care a avut o activitate performant\u0103\u201d<\/strong>, a\u0219a a sunat explica\u021bia Udrei. <strong>\u201dNoi ne-am fi bucurat ca Elena B\u0103sescu s\u0103 mearg\u0103 pe listele PMP, pentru c\u0103 are acelea\u015fi a\u015ftept\u0103ri ca \u015fi noi \u015fi are aceea\u015fi viziune ca \u015fi pre\u015fedintele Traian B\u0103sescu\u201d<\/strong> a mai spus ea. Asta, ca s\u0103 \u00een\u021belegem c\u00eet de mare a fost sacrificiul. Putea fi EBA, azi, propunerea de premier.<\/p>\n<p>De nervi, intelectualul Teodor Baconschi demisiona din PMP dezv\u0103luind c\u0103 pentru locul 3 pe lista PE i se ceruser\u0103 100.000 de euro. Deh, ori servieta cu bani, ori o vorb\u0103 bun\u0103 de la p\u0103duri. Altfel nu merge la pro-europeni.<\/p>\n<p>Cum a ajuns anonimul Siegfried pe acele liste, de a trebuit s\u0103 se retrag\u0103 \u00eens\u0103\u0219i fiica \u201dLUI\u201d?<br \/><strong>\u201eNu l-am adus noi, l-au adus serviciile \u0219i ni l-au b\u0103gat pe g\u00eet, \u0219i pe primul loc, spun\u00eend c\u0103 e marele rom\u00e2n care a lucrat \u00een guvernul german, care are rela\u021bii \u0219i care poate s\u0103 ne reprezinte \u0219i a\u0219a mai departe. \u0218i ni l-au pus pe locul \u00eent\u00eei \u0219i au zis \u201dCandida\u021bi pe restul voi!\u201d\u201d<\/strong>(fostul consilier preziden\u021bial Adrian R\u0103dulescu, fondator al PMP, 28 noiembrie 2018 \u2013 Canal 33).<\/p>\n<p>4 ani mai t\u00eerziu, t\u00een\u0103ra speran\u021b\u0103 a PMP tr\u0103da prin fuga la PNL. <strong>\u201eAsta e via\u021ba. Am crescut at\u00ee\u021bia tineri care m-au tr\u0103dat \u00eenc\u00eet nu mai conteaz\u0103. Am avut doi europarlamentari, Preda \u0219i Siegfried, au plecat am\u00eendoi \u0219i nu vom avea reprezentan\u021bi \u00een sec\u021biile de votare. Asta este\u201d<\/strong> era concluzia amar\u0103 a lui Traian B\u0103sescu. Cum \u0219i-a f\u0103cut drum Siegfried c\u0103tre PNL? <strong>\u201eA f\u0103cut canal pentru \u00eent\u00eelnirea lui Ludovic Orban cu Merkel\u201d<\/strong>, B\u0103sescu dixit.<\/p>\n<p><img loading=\"lazy\" decoding=\"async\" class=\"alignnone size-full wp-image-60091010\" src=\"https:\/\/inpolitics.ro\/wp-content\/uploads\/2026\/06\/image-2018-05-14-22448882-41-ludovic-orban-angela-merkel.jpg\" alt width=\"630\" height=\"600\"><\/p>\n<p>Un an mai t\u00eerziu, \u00een martie 2019, la Antena 3, \u0219i Udrea \u00ee\u0219i nuan\u021ba pozi\u021bia: <strong>\u201dNumirea sa pe liste eligibile PMP s-a f\u0103cut \u00een timpul \u00een care conduceam acest partid, din punctul meu de vedere nu a venit pe linie de servicii secrete, \u00eens\u0103 d\u00eensului i-a\u0219 repro\u0219a altceva. Faptul c\u0103 a venit \u00een partid pe loc eligibil, f\u0103r\u0103 s\u0103 depun\u0103 nicun fel de munc\u0103 \u00een folosul partidului, a venit la recomandarea Elenei B\u0103sescu, a fost sus\u0163inut de mine, iar banii de campanie, de la Gheorghe \u015etefan. Ori, \u00een condi\u0163iile acestea, s\u0103 ai tupeul s\u0103 mergi acum cu un discurs a\u0219a-zis anticorup\u0163ie \u015fi pro-Kovesi, arat\u0103 mare ipocrizie celor care sunt de partea sistemului ast\u0103zi. Nu po\u0163i s\u0103 ajungi europarlamentar cu sus\u0163inerea lui B\u0103sescu, recomandat de Elena Udrea \u015fi finan\u0163at de Gheorghe \u015etefan \u015fi apoi s\u0103 te dezici de ace\u015ftia \u015fi s\u0103 mergi cu discursul acesta pro Kovesi \u015fi pro sistem dec\u00eet dac\u0103 e\u015fti un mare ipocrit\u201d.<\/strong><\/p>\n<p>Cam tot atunci, fostul europarlamentar C\u0103t\u0103lin Ivan scria pe Facebook:<strong> \u201dPrezen\u021ba lui Siegfried Mure\u0219an pe lista scurt\u0103 a nominaliz\u0103rilor PNL pentru Comisia European\u0103 \u00eel demasc\u0103 pe Klaus Iohannis drept agent str\u0103in de influen\u021b\u0103 \u00een Rom\u00e2nia, pasibil de condamnare pentru \u00eenalt\u0103 tr\u0103dare\u201d.<\/strong><br \/>\nR\u0103ut\u0103cisme, ce s\u0103 zicem?\u2026.(B.T.I.)<\/p>\n<\/div>\n<p>[analyse_source url=&#8221;https:\/\/ortodoxinfo.ro\/2026\/06\/26\/siegfried-muresan-propunerea-dreptei-pentru-palatul-victoria-serviciile-ni-l-au-bagat-pe-gat\/&#8221;]<\/p>\n","protected":false},"excerpt":{"rendered":"<p>[analyse_image type=&#8221;featured&#8221; src=&#8221;https:\/\/ortodoxinfo.ro\/wp-content\/uploads\/2026\/06\/66.jpghttps:\/\/ortodoxinfo.ro\/wp-content\/uploads\/2026\/06\/66.jpg&#8221;] Prima pagin\u0103 \u00bb Blog \u00bb Siegfried Mure\u0219an, propunerea \u201eDreptei\u201d pentru palatul Victoria. \u201dServiciile ni l-au b\u0103gat pe g\u00e2t!\u201d Siegfried Mure\u0219an, propunerea \u201eDreptei\u201d pentru palatul Victoria. \u201dServiciile ni l-au b\u0103gat pe g\u00e2t!\u201d 26 iunie 2026Asasinii \u021b\u0103rii4.8k vizualiz\u0103ri Comentarii Share 4 Min Read SHARE OrtodoxINFO este supus unui sabotaj sistematic din partea reprezentan\u021bilor Google [&hellip;]<\/p>\n","protected":false},"author":1,"featured_media":0,"comment_status":"open","ping_status":"","sticky":false,"template":"","format":"standard","meta":{"footnotes":""},"categories":[89],"tags":[226,94],"class_list":["post-2013776","post","type-post","status-publish","format-standard","hentry","category-romania","tag-crawlmanager","tag-ortodoxinfo-ro"],"_links":{"self":[{"href":"https:\/\/analyse.optim.biz\/index.php?rest_route=\/wp\/v2\/posts\/2013776","targetHints":{"allow":["GET"]}}],"collection":[{"href":"https:\/\/analyse.optim.biz\/index.php?rest_route=\/wp\/v2\/posts"}],"about":[{"href":"https:\/\/analyse.optim.biz\/index.php?rest_route=\/wp\/v2\/types\/post"}],"author":[{"embeddable":true,"href":"https:\/\/analyse.optim.biz\/index.php?rest_route=\/wp\/v2\/users\/1"}],"replies":[{"embeddable":true,"href":"https:\/\/analyse.optim.biz\/index.php?rest_route=%2Fwp%2Fv2%2Fcomments&post=2013776"}],"version-history":[{"count":0,"href":"https:\/\/analyse.optim.biz\/index.php?rest_route=\/wp\/v2\/posts\/2013776\/revisions"}],"wp:attachment":[{"href":"https:\/\/analyse.optim.biz\/index.php?rest_route=%2Fwp%2Fv2%2Fmedia&parent=2013776"}],"wp:term":[{"taxonomy":"category","embeddable":true,"href":"https:\/\/analyse.optim.biz\/index.php?rest_route=%2Fwp%2Fv2%2Fcategories&post=2013776"},{"taxonomy":"post_tag","embeddable":true,"href":"https:\/\/analyse.optim.biz\/index.php?rest_route=%2Fwp%2Fv2%2Ftags&post=2013776"}],"curies":[{"name":"wp","href":"https:\/\/api.w.org\/{rel}","templated":true}]}}