{"id":201375,"date":"2014-07-04T01:17:36","date_gmt":"2014-07-03T22:17:36","guid":{"rendered":"https:\/\/analyse.optim.biz\/?p=201375"},"modified":"2014-07-04T01:17:36","modified_gmt":"2014-07-03T22:17:36","slug":"ce-il-recomanda-pe-reprezentantul-ppdd-in-guvern-vocea-si-talentul","status":"publish","type":"post","link":"https:\/\/analyse.optim.biz\/?p=201375","title":{"rendered":"Ce \u00eel recomand\u0103 pe reprezentantul PPDD \u00een Guvern: vocea \u0219i talentul"},"content":{"rendered":"<div class=\"entry data-app-meta data-app-meta-article\" data-embed-base-url-canonical=\"https:\/\/www.digi24.ro\/embed\/stiri\/actualitate\/politica\/ce-il-recomanda-pe-reprezentantul-ppdd-in-guvern-vocea-si-talentul-264681\">\n<p data-index=\"1\"><strong>Liviu Neagu<\/strong> a lucrat vreme de 10 ani ca<strong> ofi\u0163er \u00een cadrul SRI<\/strong> \u015fi este un apropiat al lui<strong> Dan Diaconescu<\/strong>. Firma acestuia i-a asigurat paza \u00een timpul campaniilor electorale din 2012.<\/p>\n<p data-index=\"2\"><strong>Victor Ponta a fost \u00eentrebat ce \u00eel recomand\u0103 pe Liviu Neagu pentru func\u021bie. R\u0103spunsul premierului: \u201eVocea \u015fi talentul\u201d<\/strong>. Apoi a r\u00e2s, ar\u0103t\u00e2nd c\u0103 e o glum\u0103: \u201eNu era a\u015fa?\u201d \u0219i a explicat: \u201eSecretarul general adjunct al Guvernului trebuie s\u0103 lucreze cu primul ministru pentru buna desf\u0103\u015furare a activit\u0103\u0163ii Guvernului \u015fi cu siguran\u0163\u0103 o va face\u201d.<\/p>\n<p data-index=\"3\">Liviu Neagu a candidat de dou\u0103 ori din partea PPDD pentru o demnitate public\u0103. Prima oar\u0103 \u00een 2012, pentru un loc \u00een Senat, \u015fi a doua oar\u0103 \u00een luna mai, pentru un post \u00een Parlamentul European.<\/p>\n<p data-index=\"4\"><strong>Averea acumulat\u0103 de Liviu Neagu \u00een ultimii ani nu este de neglijat.<\/strong> Are trei terenuri, o cas\u0103 de aproape 200 de metri p\u0103tra\u0163i \u015fi o ma\u015fin\u0103. Asta de\u015fi a avut venituri de numai 1100 de lei pe lun\u0103, adic\u0103 pu\u0163in peste salariul minim pe economie.<\/p>\n<p data-index=\"5\">Pentru ca postul de secretar general-adjunct al Guvernului s\u0103 fie vacant, premierul <strong>a retrogradat-o pe Ioana Lambru \u00een func\u0163ia de secretar de stat al SGG.<\/strong><\/p>\n<p data-index=\"6\">Ea ocupa aceast\u0103 func\u0163ie din <strong>noiembrie 2012<\/strong>, numit\u0103 atunci la propunerea PNL. Din 2009 p\u00e2n\u0103 \u00een 2011, Ioana Lambru a fost director de cabinet al secretarului general al PNL. La <strong>Secretariatul General al Guvernului<\/strong> a ajuns \u00een 2012 \u0219i l-a \u00eenlocuit pe liberalul<strong> Dan Mihalache<\/strong>.<\/p>\n<p data-index=\"7\"><strong>Liviu Neagu<\/strong> este primul membru PPDD care prime\u015fte o func\u0163ie \u00een Guvern, la nivel central, de la semnarea protocolului cu PSD de s\u0103pt\u0103m\u00e2na trecut\u0103. Asta de\u015fi premierul declara, ini\u0163ial, c\u0103 nu este vorba despre intrarea PPDD \u00een Guvern.<\/p>\n<p data-index=\"8\"><strong>Secretariatul Guvernului<\/strong> este institu\u0163ia care se ocup\u0103 cu rezolvarea problemelor organizatorice, juridice \u015fi economice ale Guvernului. \u00a0<\/p>\n<\/div>\n<p> Source URL: https:\/\/www.digi24.ro\/stiri\/actualitate\/politica\/ce-il-recomanda-pe-reprezentantul-ppdd-in-guvern-vocea-si-talentul-264681<\/p>\n","protected":false},"excerpt":{"rendered":"<p>Liviu Neagu a lucrat vreme de 10 ani ca ofi\u0163er \u00een cadrul SRI \u015fi este un apropiat al lui Dan Diaconescu. Firma acestuia i-a asigurat paza \u00een timpul campaniilor electorale din 2012. Victor Ponta a fost \u00eentrebat ce \u00eel recomand\u0103 pe Liviu Neagu pentru func\u021bie. R\u0103spunsul premierului: \u201eVocea \u015fi talentul\u201d. Apoi a r\u00e2s, ar\u0103t\u00e2nd c\u0103 [&hellip;]<\/p>\n","protected":false},"author":1,"featured_media":201376,"comment_status":"open","ping_status":"","sticky":false,"template":"","format":"standard","meta":{"footnotes":""},"categories":[2],"tags":[11],"class_list":["post-201375","post","type-post","status-publish","format-standard","has-post-thumbnail","hentry","category-politics","tag-digi24"],"_links":{"self":[{"href":"https:\/\/analyse.optim.biz\/index.php?rest_route=\/wp\/v2\/posts\/201375","targetHints":{"allow":["GET"]}}],"collection":[{"href":"https:\/\/analyse.optim.biz\/index.php?rest_route=\/wp\/v2\/posts"}],"about":[{"href":"https:\/\/analyse.optim.biz\/index.php?rest_route=\/wp\/v2\/types\/post"}],"author":[{"embeddable":true,"href":"https:\/\/analyse.optim.biz\/index.php?rest_route=\/wp\/v2\/users\/1"}],"replies":[{"embeddable":true,"href":"https:\/\/analyse.optim.biz\/index.php?rest_route=%2Fwp%2Fv2%2Fcomments&post=201375"}],"version-history":[{"count":0,"href":"https:\/\/analyse.optim.biz\/index.php?rest_route=\/wp\/v2\/posts\/201375\/revisions"}],"wp:featuredmedia":[{"embeddable":true,"href":"https:\/\/analyse.optim.biz\/index.php?rest_route=\/wp\/v2\/media\/201376"}],"wp:attachment":[{"href":"https:\/\/analyse.optim.biz\/index.php?rest_route=%2Fwp%2Fv2%2Fmedia&parent=201375"}],"wp:term":[{"taxonomy":"category","embeddable":true,"href":"https:\/\/analyse.optim.biz\/index.php?rest_route=%2Fwp%2Fv2%2Fcategories&post=201375"},{"taxonomy":"post_tag","embeddable":true,"href":"https:\/\/analyse.optim.biz\/index.php?rest_route=%2Fwp%2Fv2%2Ftags&post=201375"}],"curies":[{"name":"wp","href":"https:\/\/api.w.org\/{rel}","templated":true}]}}