{"id":2013717,"date":"2026-06-25T09:56:12","date_gmt":"2026-06-25T06:56:12","guid":{"rendered":"https:\/\/analyse.optim.biz\/?p=2013717"},"modified":"2026-06-25T09:56:12","modified_gmt":"2026-06-25T06:56:12","slug":"statueta-furata-din-germania-descoperita-intr-o-gospodarie-din-satuc","status":"publish","type":"post","link":"https:\/\/analyse.optim.biz\/?p=2013717","title":{"rendered":"Statuet\u0103 furat\u0103 din Germania, descoperit\u0103 \u00eentr-o gospod\u0103rie din S\u0103tuc"},"content":{"rendered":"<p>[analyse_image type=&#8221;featured&#8221; src=&#8221;https:\/\/www.observatorulbuzoian.ro\/wp-content\/uploads\/2026\/06\/statueta-scaled.jpg&#8221;]<\/p>\n<div class=\"td-post-content tagdiv-type\">\n<p class=\"isSelectedEnd\">O statuet\u0103 din bronz, reclamat\u0103 ca fiind furat\u0103 din Germania \u0219i inclus\u0103 \u00een patrimoniul cultural na\u021bional al acestei \u021b\u0103ri, a fost descoperit\u0103 de poli\u021bi\u0219tii buzoieni \u00eentr-o gospod\u0103rie din localitatea S\u0103tuc, comuna Berca.<\/p>\n<p class=\"isSelectedEnd\">Potrivit Inspectoratului de Poli\u021bie Jude\u021bean Buz\u0103u, descoperirea a fost f\u0103cut\u0103 pe 24 iunie, \u00een urma unor investiga\u021bii desf\u0103\u0219urate de poli\u021bi\u0219tii Sec\u021biei de Poli\u021bie Rural\u0103 Berca, sub coordonarea Direc\u021biei de Investiga\u021bii Criminale din cadrul Inspectoratului General al Poli\u021biei Rom\u00e2ne.<\/p>\n<p class=\"isSelectedEnd\">Anchetatorii aveau informa\u021bii potrivit c\u0103rora pe teritoriul Rom\u00e2niei s-ar afla o statuet\u0103 care face parte din ansamblul monumental \u201eDer Dorfklatsch\u201d (\u201eB\u00e2rfele satului\u201d), aflat \u00een patrimoniul cultural na\u021bional al Germaniei. Obiectul de patrimoniu fusese reclamat ca fiind sustras de la locul de amplasare la sf\u00e2r\u0219itul anului 2025.<\/p>\n<p class=\"isSelectedEnd\">\u00cen urma verific\u0103rilor, poli\u021bi\u0219tii au g\u0103sit statueta la locuin\u021ba unui b\u0103rbat \u00een v\u00e2rst\u0103 de 49 de ani din S\u0103tuc. Conform datelor din anchet\u0103, acesta ar fi cump\u0103rat recent obiectul f\u0103r\u0103 a cunoa\u0219te provenien\u021ba sa.<\/p>\n<p class=\"isSelectedEnd\">Statueta, realizat\u0103 din bronz turnat \u0219i av\u00e2nd aproximativ 1,50 metri \u00een\u0103l\u021bime, a fost ridicat\u0103 de poli\u021bi\u0219ti pentru continuarea cercet\u0103rilor. Bunul a fost predat Inspectoratului de Poli\u021bie Jude\u021bean Prahova, institu\u021bie care desf\u0103\u0219oar\u0103 activit\u0103\u021bi pentru stabilirea traseului parcurs de obiect \u0219i identificarea persoanelor care l-ar fi sustras din Germania.<\/p>\n<p class=\"isSelectedEnd\">Poli\u021bia Rom\u00e2n\u0103 urmeaz\u0103 s\u0103 colaboreze cu autorit\u0103\u021bile germane pentru schimbul de informa\u021bii necesar restituirii statuetei \u0219i continu\u0103rii anchetei privind furtul acesteia.<\/p>\n<p>Anchetatorii \u00eencearc\u0103 acum s\u0103 stabileasc\u0103 modul \u00een care piesa de patrimoniu a ajuns \u00een Rom\u00e2nia \u0219i cine sunt persoanele implicate \u00een circuitul prin care aceasta a fost transportat\u0103 \u0219i valorificat\u0103.<\/p>\n<\/div>\n<p>[analyse_source url=&#8221;https:\/\/www.observatorulbuzoian.ro\/statueta-furata-din-germania-descoperita-intr-o-gospodarie-din-satuc\/&#8221;]<\/p>\n","protected":false},"excerpt":{"rendered":"<p>[analyse_image type=&#8221;featured&#8221; src=&#8221;https:\/\/www.observatorulbuzoian.ro\/wp-content\/uploads\/2026\/06\/statueta-scaled.jpg&#8221;] O statuet\u0103 din bronz, reclamat\u0103 ca fiind furat\u0103 din Germania \u0219i inclus\u0103 \u00een patrimoniul cultural na\u021bional al acestei \u021b\u0103ri, a fost descoperit\u0103 de poli\u021bi\u0219tii buzoieni \u00eentr-o gospod\u0103rie din localitatea S\u0103tuc, comuna Berca. Potrivit Inspectoratului de Poli\u021bie Jude\u021bean Buz\u0103u, descoperirea a fost f\u0103cut\u0103 pe 24 iunie, \u00een urma unor investiga\u021bii desf\u0103\u0219urate de poli\u021bi\u0219tii [&hellip;]<\/p>\n","protected":false},"author":1,"featured_media":0,"comment_status":"open","ping_status":"","sticky":false,"template":"","format":"standard","meta":{"footnotes":""},"categories":[2],"tags":[226,82],"class_list":["post-2013717","post","type-post","status-publish","format-standard","hentry","category-politics","tag-crawlmanager","tag-observatorulbuzoian-ro"],"_links":{"self":[{"href":"https:\/\/analyse.optim.biz\/index.php?rest_route=\/wp\/v2\/posts\/2013717","targetHints":{"allow":["GET"]}}],"collection":[{"href":"https:\/\/analyse.optim.biz\/index.php?rest_route=\/wp\/v2\/posts"}],"about":[{"href":"https:\/\/analyse.optim.biz\/index.php?rest_route=\/wp\/v2\/types\/post"}],"author":[{"embeddable":true,"href":"https:\/\/analyse.optim.biz\/index.php?rest_route=\/wp\/v2\/users\/1"}],"replies":[{"embeddable":true,"href":"https:\/\/analyse.optim.biz\/index.php?rest_route=%2Fwp%2Fv2%2Fcomments&post=2013717"}],"version-history":[{"count":0,"href":"https:\/\/analyse.optim.biz\/index.php?rest_route=\/wp\/v2\/posts\/2013717\/revisions"}],"wp:attachment":[{"href":"https:\/\/analyse.optim.biz\/index.php?rest_route=%2Fwp%2Fv2%2Fmedia&parent=2013717"}],"wp:term":[{"taxonomy":"category","embeddable":true,"href":"https:\/\/analyse.optim.biz\/index.php?rest_route=%2Fwp%2Fv2%2Fcategories&post=2013717"},{"taxonomy":"post_tag","embeddable":true,"href":"https:\/\/analyse.optim.biz\/index.php?rest_route=%2Fwp%2Fv2%2Ftags&post=2013717"}],"curies":[{"name":"wp","href":"https:\/\/api.w.org\/{rel}","templated":true}]}}