{"id":201364,"date":"2014-07-04T01:50:09","date_gmt":"2014-07-03T22:50:09","guid":{"rendered":"https:\/\/analyse.optim.biz\/?p=201364"},"modified":"2014-07-04T01:50:09","modified_gmt":"2014-07-03T22:50:09","slug":"sfaturi-de-la-washington-pentru-romania-de-ziua-independentei","status":"publish","type":"post","link":"https:\/\/analyse.optim.biz\/?p=201364","title":{"rendered":"Sfaturi de la Washington pentru Rom\u00e2nia, de Ziua Independen\u021bei"},"content":{"rendered":"<div class=\"entry data-app-meta data-app-meta-article\" data-embed-base-url-canonical=\"https:\/\/www.digi24.ro\/embed\/stiri\/actualitate\/politica\/sfaturi-de-la-washington-pentru-romania-de-ziua-independentei-264684\">\n<p data-index=\"1\">C\u00e2teva sute de persoane, printre care oficiali rom\u00e2ni \u015fi americani, militari, dar \u015fi oameni de afaceri s-au bucurat de o sear\u0103 \u00een stil american, \u00een ciuda vremii capricioase.<\/p>\n<p data-index=\"2\">Umbrela a fost accesoriul-cheie la recep\u021bia oferit\u0103 de Ambasada SUA. Ziua Independen\u021bei a fost s\u0103rb\u0103torit\u0103 cu o zi mai devreme.<\/p>\n<p data-index=\"3\">Cum era de a\u015fteptat, de la recep\u0163ia de Ziua Statelor Unite nu au lipsit tortul, p\u0103l\u0103riile decorate cu steagul american \u015fi \u015fampania. Dup\u0103 mesajele de \u00eent\u00e2mpinare \u015fi momentele festive, Duane Butcher, \u00eens\u0103rcinatul cu afaceri al SUA \u00een Rom\u00e2nia, a avut \u015fi c\u00e2teva mesaje \u015fi sfaturi pentru politicienii rom\u00e2ni:<\/p>\n<p data-index=\"4\"><em><strong>\u201e\u00cen centrul parteneriatului nostru stau valorile democratice pe care le \u00eemp\u0103rt\u0103\u015fesc Rom\u00e2nia \u015fi SUA. Rom\u00e2nia a \u00eenregistrat progrese extraordinare \u00een lupta \u00eempotriva corup\u0163iei, \u00een asigurarea existen\u0163ei unor institu\u0163ii independente \u015fi crearea unei societ\u0103\u0163i \u00een care to\u0163i cet\u0103\u0163enii sunt egali \u00een fa\u0163a legii. Vrem s\u0103 ajut\u0103m Rom\u00e2nia s\u0103 sus\u0163in\u0103 aceste progrese\u201d.<\/strong><\/em><\/p>\n<p data-index=\"5\">Oficialul american a explicat \u015fi de ce Statele Unite insist\u0103 at\u00e2t de mult pentru ca \u0163ara noastr\u0103 s\u0103 \u00eenregistreze progrese \u00een ceea ce prive\u015fte combaterea corup\u0163iei:<em><strong> \u201eNe dorim ca Rom\u00e2nia s\u0103 prospere, ca economia sa s\u0103 \u00eenfloreasc\u0103, iar schimburile comerciale \u015fi investi\u0163iile s\u0103 creasc\u0103. Transparen\u0163a, stabilitatea \u015fi previzibilitatea sunt elemente-cheie \u00een valorificarea poten\u0163ialului economic al Rom\u00e2niei\u201d.<\/strong><\/em><\/p>\n<p data-index=\"6\">Discursul integral \u00eel pute\u021bi citi <a href=\"http:\/\/romania.usembassy.gov\/media\/charge\/pr-07032014.html\" target=\"_blank\" data-skip-linkfix=\"1\" rel=\"noopener\"><strong>AICI<\/strong><\/a>.<\/p>\n<p data-index=\"7\">Premierul Victor Ponta a primit bine sfaturile Washingtonului: \u201eMesajele pe care administra\u0163ia american\u0103 \u015fi reprezentan\u0163ii Ambasadei de aici le-au trimis societ\u0103\u0163ii din Rom\u00e2nia \u00een ceea ce prive\u015fte respectarea legii, transparen\u0163a \u015fi lupta \u00eempotriva corup\u0163iei au fost unele rezonabile \u015fi binevenite\u201d, a spus premierul.<\/p>\n<p data-index=\"8\">Duane Butcher \u00ee\u015fi \u00eencheie \u00een c\u00e2teva zile mandatul \u00een Rom\u00e2nia. M\u0103rturise\u015fte c\u0103 pleac\u0103 cu amintiri frumoase din \u0163ata noastr\u0103, i-au pl\u0103cut oamenii, dar \u015fi Delta Dun\u0103rii \u015fi satele istorice din Transilvania.<\/p>\n<p data-index=\"9\">\u201e<span>Duane, la\u015fi Rom\u00e2nia \u00eentr-o situa\u0163ia mult mai bun\u0103 dec\u00e2t atunci c\u00e2nd ai venit\u201d, a remarcat Victor Ponta, adres\u00e2ndu-se oarecum familiar diplomatului american. \u201e\u015etiu c\u0103 mandatul i se \u00eencheie cur\u00e2nd. \u00ce\u0163i voi sim\u0163i lipsa! \u00cei voi sim\u0163i lipsa, acesta era citatul corect!\u201d, a ad\u0103ugat premierul.<\/span><\/p>\n<\/div>\n<p> Source URL: https:\/\/www.digi24.ro\/stiri\/actualitate\/politica\/sfaturi-de-la-washington-pentru-romania-de-ziua-independentei-264684<\/p>\n","protected":false},"excerpt":{"rendered":"<p>C\u00e2teva sute de persoane, printre care oficiali rom\u00e2ni \u015fi americani, militari, dar \u015fi oameni de afaceri s-au bucurat de o sear\u0103 \u00een stil american, \u00een ciuda vremii capricioase. Umbrela a fost accesoriul-cheie la recep\u021bia oferit\u0103 de Ambasada SUA. Ziua Independen\u021bei a fost s\u0103rb\u0103torit\u0103 cu o zi mai devreme. Cum era de a\u015fteptat, de la recep\u0163ia [&hellip;]<\/p>\n","protected":false},"author":1,"featured_media":201365,"comment_status":"open","ping_status":"","sticky":false,"template":"","format":"standard","meta":{"footnotes":""},"categories":[2],"tags":[11],"class_list":["post-201364","post","type-post","status-publish","format-standard","has-post-thumbnail","hentry","category-politics","tag-digi24"],"_links":{"self":[{"href":"https:\/\/analyse.optim.biz\/index.php?rest_route=\/wp\/v2\/posts\/201364","targetHints":{"allow":["GET"]}}],"collection":[{"href":"https:\/\/analyse.optim.biz\/index.php?rest_route=\/wp\/v2\/posts"}],"about":[{"href":"https:\/\/analyse.optim.biz\/index.php?rest_route=\/wp\/v2\/types\/post"}],"author":[{"embeddable":true,"href":"https:\/\/analyse.optim.biz\/index.php?rest_route=\/wp\/v2\/users\/1"}],"replies":[{"embeddable":true,"href":"https:\/\/analyse.optim.biz\/index.php?rest_route=%2Fwp%2Fv2%2Fcomments&post=201364"}],"version-history":[{"count":0,"href":"https:\/\/analyse.optim.biz\/index.php?rest_route=\/wp\/v2\/posts\/201364\/revisions"}],"wp:featuredmedia":[{"embeddable":true,"href":"https:\/\/analyse.optim.biz\/index.php?rest_route=\/wp\/v2\/media\/201365"}],"wp:attachment":[{"href":"https:\/\/analyse.optim.biz\/index.php?rest_route=%2Fwp%2Fv2%2Fmedia&parent=201364"}],"wp:term":[{"taxonomy":"category","embeddable":true,"href":"https:\/\/analyse.optim.biz\/index.php?rest_route=%2Fwp%2Fv2%2Fcategories&post=201364"},{"taxonomy":"post_tag","embeddable":true,"href":"https:\/\/analyse.optim.biz\/index.php?rest_route=%2Fwp%2Fv2%2Ftags&post=201364"}],"curies":[{"name":"wp","href":"https:\/\/api.w.org\/{rel}","templated":true}]}}