{"id":201342,"date":"2014-07-04T14:49:08","date_gmt":"2014-07-04T11:49:08","guid":{"rendered":"https:\/\/analyse.optim.biz\/?p=201342"},"modified":"2014-07-04T14:49:08","modified_gmt":"2014-07-04T11:49:08","slug":"victor-ponta-lauda-romania-la-cnn-premierul-nu-a-exclus-o-candidatura-la-prezidentiale","status":"publish","type":"post","link":"https:\/\/analyse.optim.biz\/?p=201342","title":{"rendered":"Victor Ponta laud\u0103 Rom\u00e2nia la CNN. Premierul nu a exclus o candidatur\u0103 la preziden\u021biale"},"content":{"rendered":"<div class=\"entry data-app-meta data-app-meta-article\" data-embed-base-url-canonical=\"https:\/\/www.digi24.ro\/embed\/stiri\/actualitate\/politica\/victor-ponta-lauda-romania-la-cnn-premierul-nu-a-exclus-o-candidatura-la-prezidentiale-264968\">\n<p data-index=\"1\">Aflat la Londra, pentru listarea pe burs\u0103 a companiei Electrica, Victor Ponta n-a ratat ocazia s\u0103 ofere un interviu pentru CNN.<\/p>\n<p data-index=\"2\">\u201ePolitica este un sport s\u00e2ngeros \u00een Rom\u00e2nia \u015fi nu doar \u00een \u0163ara noastr\u0103. Ceea ce este important este c\u0103, \u00een ultimii doi ani \u015fi ceva, de c\u00e2nd sunt premier, am promovat dou\u0103 cuvinte-cheie: stabilitate \u015fi predictibilitate pentru mediul de afaceri, iar r\u0103spunsul a fost mai bun dec\u00e2t ne a\u015fteptam\u201d, a spus premierul Victor Ponta.<\/p>\n<p data-index=\"3\">\u00centrebat dac\u0103 va candida la preziden\u021biale, acesta a r\u0103spuns: \u201ePoate c\u0103 da\u201d.<\/p>\n<p data-index=\"4\">\u201eA\u015f spune c\u0103 am avut norocul s\u0103 fiu cel mai t\u00e2n\u0103r premier din Europa, poate voi fi \u015fi cel mai t\u00e2n\u0103r pre\u015fedinte din Europa. E important s\u0103 dovedim c\u0103 o democra\u0163ie t\u00e2n\u0103r\u0103 precum Rom\u00e2nia are o economie de succes, dar trebuie s\u0103 aib\u0103 succes \u015fi \u00een implementarea statului de drept, a institu\u0163iilor democratice\u201d, a declarat Victor Ponta. \u00a0<\/p>\n<\/div>\n<p> Source URL: https:\/\/www.digi24.ro\/stiri\/actualitate\/politica\/victor-ponta-lauda-romania-la-cnn-premierul-nu-a-exclus-o-candidatura-la-prezidentiale-264968<\/p>\n","protected":false},"excerpt":{"rendered":"<p>Aflat la Londra, pentru listarea pe burs\u0103 a companiei Electrica, Victor Ponta n-a ratat ocazia s\u0103 ofere un interviu pentru CNN. \u201ePolitica este un sport s\u00e2ngeros \u00een Rom\u00e2nia \u015fi nu doar \u00een \u0163ara noastr\u0103. Ceea ce este important este c\u0103, \u00een ultimii doi ani \u015fi ceva, de c\u00e2nd sunt premier, am promovat dou\u0103 cuvinte-cheie: stabilitate [&hellip;]<\/p>\n","protected":false},"author":1,"featured_media":201343,"comment_status":"open","ping_status":"","sticky":false,"template":"","format":"standard","meta":{"footnotes":""},"categories":[2],"tags":[11],"class_list":["post-201342","post","type-post","status-publish","format-standard","has-post-thumbnail","hentry","category-politics","tag-digi24"],"_links":{"self":[{"href":"https:\/\/analyse.optim.biz\/index.php?rest_route=\/wp\/v2\/posts\/201342","targetHints":{"allow":["GET"]}}],"collection":[{"href":"https:\/\/analyse.optim.biz\/index.php?rest_route=\/wp\/v2\/posts"}],"about":[{"href":"https:\/\/analyse.optim.biz\/index.php?rest_route=\/wp\/v2\/types\/post"}],"author":[{"embeddable":true,"href":"https:\/\/analyse.optim.biz\/index.php?rest_route=\/wp\/v2\/users\/1"}],"replies":[{"embeddable":true,"href":"https:\/\/analyse.optim.biz\/index.php?rest_route=%2Fwp%2Fv2%2Fcomments&post=201342"}],"version-history":[{"count":0,"href":"https:\/\/analyse.optim.biz\/index.php?rest_route=\/wp\/v2\/posts\/201342\/revisions"}],"wp:featuredmedia":[{"embeddable":true,"href":"https:\/\/analyse.optim.biz\/index.php?rest_route=\/wp\/v2\/media\/201343"}],"wp:attachment":[{"href":"https:\/\/analyse.optim.biz\/index.php?rest_route=%2Fwp%2Fv2%2Fmedia&parent=201342"}],"wp:term":[{"taxonomy":"category","embeddable":true,"href":"https:\/\/analyse.optim.biz\/index.php?rest_route=%2Fwp%2Fv2%2Fcategories&post=201342"},{"taxonomy":"post_tag","embeddable":true,"href":"https:\/\/analyse.optim.biz\/index.php?rest_route=%2Fwp%2Fv2%2Ftags&post=201342"}],"curies":[{"name":"wp","href":"https:\/\/api.w.org\/{rel}","templated":true}]}}