{"id":201331,"date":"2014-07-05T03:02:32","date_gmt":"2014-07-05T00:02:32","guid":{"rendered":"https:\/\/analyse.optim.biz\/?p=201331"},"modified":"2014-07-05T03:02:32","modified_gmt":"2014-07-05T00:02:32","slug":"ccr-demnitarii-declarati-incompatibili-raman-in-afara-functiilor-eligibile-pentru-trei-ani","status":"publish","type":"post","link":"https:\/\/analyse.optim.biz\/?p=201331","title":{"rendered":"CCR: Demnitarii declara\u021bi incompatibili r\u0103m\u00e2n \u00een afara func\u021biilor eligibile pentru trei ani"},"content":{"rendered":"<div class=\"entry data-app-meta data-app-meta-article\" data-embed-base-url-canonical=\"https:\/\/www.digi24.ro\/embed\/stiri\/actualitate\/politica\/ccr-demnitarii-declarati-incompatibili-raman-in-afara-functiilor-eligibile-pentru-trei-ani-265174\">\n<p data-index=\"1\">\u00cen octombrie 2012, senatorii respingeau prin vot sentin\u0163a definitiv\u0103 \u015fi irevocabil\u0103 a Cur\u0163ii Supreme care constata incompatibilitatea lui<strong> Mircea Diaconu<\/strong>. Actorul Mircea Diaconu era senator \u015fi director al Teatrului Nottara.<\/p>\n<p data-index=\"2\">Dac\u0103 Senatul nu a renun\u0163at cu u\u015furin\u0163\u0103 la membrul s\u0103u, aleg\u0103torii l-au ales entuziast, \u00een mai, \u00een Parlamentul European.<\/p>\n<p data-index=\"3\"><strong>Agen\u0163ia Na\u0163ional\u0103 de Integritate<\/strong> \u015fi-a continuat \u00eens\u0103 demersul \u015fi a cerut \u00eencetarea mandatului european. Acest demers are, de vineri, \u015fi sus\u0163inerea Cur\u0163ii Constitu\u0163ionale.<\/p>\n<p data-index=\"4\">Acela\u015fi joc l-au jucat, surzi la litera legii, \u015fi al\u0163i ale\u015fi \u015fi demnitari publici. Anul trecut, Senatul s-a comportat similar \u015fi \u00een cazul liberalului<strong> Akos Mora<\/strong>.<\/p>\n<p data-index=\"5\"><strong>Tudor Chiuariu<\/strong> (PNL) sus\u021binea c\u0103 solicitarea ANI nu se refer\u0103 la mandatul de senator al lui Akos Mora \u015fi, \u00een consecin\u0163\u0103, nu e de competen\u0163a Ssenatului s\u0103 se pronun\u0163e.<\/p>\n<p data-index=\"6\">Pe numele lui Akos Mora exista o decizie definitiv\u0103 de incompatibilitate a Cur\u021bii Supreme, pentru fapte sav\u00e2r\u0219ite \u00een calitate de consilier jude\u021bean.<\/p>\n<p data-index=\"7\">\u201e<span>Incompatibilitatea de consilier jude\u0163ean nu are cum s\u0103 fie trasferat\u0103 c\u0103tre mandatul de senator. Aceast\u0103 interpretare for\u0163at\u0103 a ANI este, zic eu, un abuz\u201d, sus\u021bine <strong>Akos Mora.<\/strong><\/span><\/p>\n<p data-index=\"8\">Senatul nu se gr\u0103be\u015fte s\u0103 clarifice situa\u0163ia.<\/p>\n<p data-index=\"9\">\u00centrebat c\u00e2nd vor clarifica statutul lui Akos Mora,<strong> C\u0103t\u0103lin Boboc<\/strong>, pre\u0219edintele comisiei juridice din Senat, a declarat pentru Digi24 c\u0103 dac\u0103 nu apare o sesiune extraordinar\u0103 \u00een ultima s\u0103pt\u0103m\u00e2n\u0103 din luna august, decizia va fi am\u00e2nat\u0103 pentru la toamn\u0103.<\/p>\n<p data-index=\"10\">Printre cei care risc\u0103 s\u0103-\u015fi piard\u0103 mandatul \u00een Camera Deputa\u0163ilor este \u015fi democrat-liberalul <strong>\u015etefan Bucur Stoica<\/strong>. El a fost, \u00een trecut, consilier jude\u0163ean \u00een Dolj, c\u00e2nd ocupa \u015fi pozi\u0163ia de director al Direc\u0163iei de Drumuri Craiova.<\/p>\n<p data-index=\"11\">Primul parlamentar care \u015fi-a pierdut mandatul de deputat pe motiv de incompatibilitate a fost <strong>Sergiu Andon \u015ei Aurel Nechita<\/strong> a pierdut fotoliul de deputat \u00een iunie 2013, din acela\u015fi motiv. \u00a0\u00a0<\/p>\n<\/div>\n<p> Source URL: https:\/\/www.digi24.ro\/stiri\/actualitate\/politica\/ccr-demnitarii-declarati-incompatibili-raman-in-afara-functiilor-eligibile-pentru-trei-ani-265174<\/p>\n","protected":false},"excerpt":{"rendered":"<p>\u00cen octombrie 2012, senatorii respingeau prin vot sentin\u0163a definitiv\u0103 \u015fi irevocabil\u0103 a Cur\u0163ii Supreme care constata incompatibilitatea lui Mircea Diaconu. Actorul Mircea Diaconu era senator \u015fi director al Teatrului Nottara. Dac\u0103 Senatul nu a renun\u0163at cu u\u015furin\u0163\u0103 la membrul s\u0103u, aleg\u0103torii l-au ales entuziast, \u00een mai, \u00een Parlamentul European. Agen\u0163ia Na\u0163ional\u0103 de Integritate \u015fi-a continuat [&hellip;]<\/p>\n","protected":false},"author":1,"featured_media":201332,"comment_status":"open","ping_status":"","sticky":false,"template":"","format":"standard","meta":{"footnotes":""},"categories":[2],"tags":[11],"class_list":["post-201331","post","type-post","status-publish","format-standard","has-post-thumbnail","hentry","category-politics","tag-digi24"],"_links":{"self":[{"href":"https:\/\/analyse.optim.biz\/index.php?rest_route=\/wp\/v2\/posts\/201331","targetHints":{"allow":["GET"]}}],"collection":[{"href":"https:\/\/analyse.optim.biz\/index.php?rest_route=\/wp\/v2\/posts"}],"about":[{"href":"https:\/\/analyse.optim.biz\/index.php?rest_route=\/wp\/v2\/types\/post"}],"author":[{"embeddable":true,"href":"https:\/\/analyse.optim.biz\/index.php?rest_route=\/wp\/v2\/users\/1"}],"replies":[{"embeddable":true,"href":"https:\/\/analyse.optim.biz\/index.php?rest_route=%2Fwp%2Fv2%2Fcomments&post=201331"}],"version-history":[{"count":0,"href":"https:\/\/analyse.optim.biz\/index.php?rest_route=\/wp\/v2\/posts\/201331\/revisions"}],"wp:featuredmedia":[{"embeddable":true,"href":"https:\/\/analyse.optim.biz\/index.php?rest_route=\/wp\/v2\/media\/201332"}],"wp:attachment":[{"href":"https:\/\/analyse.optim.biz\/index.php?rest_route=%2Fwp%2Fv2%2Fmedia&parent=201331"}],"wp:term":[{"taxonomy":"category","embeddable":true,"href":"https:\/\/analyse.optim.biz\/index.php?rest_route=%2Fwp%2Fv2%2Fcategories&post=201331"},{"taxonomy":"post_tag","embeddable":true,"href":"https:\/\/analyse.optim.biz\/index.php?rest_route=%2Fwp%2Fv2%2Ftags&post=201331"}],"curies":[{"name":"wp","href":"https:\/\/api.w.org\/{rel}","templated":true}]}}