{"id":2013247,"date":"2026-06-26T06:00:22","date_gmt":"2026-06-26T03:00:22","guid":{"rendered":"https:\/\/analyse.optim.biz\/?p=2013247"},"modified":"2026-06-26T06:00:22","modified_gmt":"2026-06-26T03:00:22","slug":"barbat-din-sulina-arestat-preventiv-dupa-ce-a-amenintat-politistii-si-a-avariat-o-autospeciala-de-politie","status":"publish","type":"post","link":"https:\/\/analyse.optim.biz\/?p=2013247","title":{"rendered":"B\u0103rbat din Sulina, arestat preventiv dup\u0103 ce a amenin\u0163at poli\u0163i\u015ftii \u015fi a avariat o autospecial\u0103 de poli\u0163ie &#8211;"},"content":{"rendered":"<p>[analyse_image type=&#8221;featured&#8221; src=&#8221;https:\/\/ziaruldelta.ro\/wp-content\/uploads\/2026\/06\/barbat-din-sulina.jpg&#8221;]<\/p>\n<article id=\"post-37196\" class=\"module single-post-module post-37196 post type-post status-publish format-standard has-post-thumbnail hentry category-eveniment et-has-post-format-content et_post_format-et-post-format-standard\">\n<div class=\"post-header\">\n<h1 class=\"entry-title\">B\u0103rbat din Sulina, arestat preventiv dup\u0103 ce a amenin\u0163at poli\u0163i\u015ftii \u015fi a avariat o autospecial\u0103 de poli\u0163ie<\/h1>\n<div class=\"post-meta vcard\">\n<p>Posted by <a href=\"https:\/\/ziaruldelta.ro\/author\/nicoleta-urmuz\/\" class=\"url fn\" title=\"Posts by Nicoleta URMUZ\" rel=\"author\">Nicoleta URMUZ<\/a> | <span class=\"updated\">Jun 26, 2026<\/span> | <a href=\"https:\/\/ziaruldelta.ro\/category\/eveniment\/\" rel=\"tag\">Eveniment<\/a> | <\/p>\n<\/div>\n<\/div>\n<div class=\"post-thumbnail header\"><img decoding=\"async\" src=\"https:\/\/ziaruldelta.ro\/wp-content\/uploads\/2026\/06\/barbat-din-sulina.jpg\" alt=\"B\u0103rbat din Sulina, arestat preventiv dup\u0103 ce a amenin\u0163at poli\u0163i\u015ftii \u015fi a avariat o autospecial\u0103 de poli\u0163ie\"><\/div>\n<div class=\"post-wrap\">\n<div class=\"post-content entry-content\">\n<p>Un b\u0103rbat de 31 de ani din ora\u015ful Sulina a fost arestat preventiv pentru 30 de zile dup\u0103 ce a provocat un scandal \u00eentr-un bar \u015fi a amenin\u0163at poli\u0163i\u015ftii, a deteriorat bunuri din sediul poli\u0163iei \u015fi o autospecial\u0103, potrivit unui comunicat transmis de Inspectoratul de Poli\u0163ie Jude\u0163ean (IPJ) Tulcea.<\/p>\n<p>Incidentul a avut loc \u00een noaptea de 22 iunie, \u00een jurul orei 23:52, c\u00e2nd poli\u0163i\u015ftii din cadrul Poli\u0163iei Ora\u015f Sulina au fost sesiza\u0163i prin 112 cu privire la un conflict izbucnit \u00eentre dou\u0103 persoane \u00eentr-un bar.<\/p>\n<p>La sosirea oamenilor legii, cele dou\u0103 persoane au fost identificate \u015fi conduse la sediul poli\u0163iei pentru verific\u0103ri. Potrivit anchetatorilor, b\u0103rbatul de 31 de ani, aflat \u00een stare avansat\u0103 de ebrietate, a devenit agresiv \u00een incinta sediului poli\u0163iei, adres\u00e2nd injurii \u015fi amenin\u0163\u0103ri cu moartea la adresa poli\u0163i\u015ftilor \u015fi a familiilor acestora. De asemenea, acesta ar fi provocat distrugeri at\u00e2t \u00een interiorul sediului, c\u00e2t \u015fi asupra unei autospeciale de poli\u0163ie.<\/p>\n<p>Citi\u0163i continuarea \u00een edi\u0163ia tip\u0103rit\u0103 a ziarului Delta.<\/p>\n<\/div>\n<\/div>\n<div class=\"post-footer\">\n<div class=\"social-icons ed-social-share-icons\">\n<p class=\"share-title\">Share:<\/p>\n<\/div>\n<div class=\"rating-stars\">\n<p id=\"rate-title\" class=\"rate-title\">Rate:<\/p>\n<\/div>\n<\/div>\n<\/article>\n<div class=\"post-content entry-content\">\n<p>Un b\u0103rbat de 31 de ani din ora\u015ful Sulina a fost arestat preventiv pentru 30 de zile dup\u0103 ce a provocat un scandal \u00eentr-un bar \u015fi a amenin\u0163at poli\u0163i\u015ftii, a deteriorat bunuri din sediul poli\u0163iei \u015fi o autospecial\u0103, potrivit unui comunicat transmis de Inspectoratul de Poli\u0163ie Jude\u0163ean (IPJ) Tulcea.<\/p>\n<p>Incidentul a avut loc \u00een noaptea de 22 iunie, \u00een jurul orei 23:52, c\u00e2nd poli\u0163i\u015ftii din cadrul Poli\u0163iei Ora\u015f Sulina au fost sesiza\u0163i prin 112 cu privire la un conflict izbucnit \u00eentre dou\u0103 persoane \u00eentr-un bar.<\/p>\n<p>La sosirea oamenilor legii, cele dou\u0103 persoane au fost identificate \u015fi conduse la sediul poli\u0163iei pentru verific\u0103ri. Potrivit anchetatorilor, b\u0103rbatul de 31 de ani, aflat \u00een stare avansat\u0103 de ebrietate, a devenit agresiv \u00een incinta sediului poli\u0163iei, adres\u00e2nd injurii \u015fi amenin\u0163\u0103ri cu moartea la adresa poli\u0163i\u015ftilor \u015fi a familiilor acestora. De asemenea, acesta ar fi provocat distrugeri at\u00e2t \u00een interiorul sediului, c\u00e2t \u015fi asupra unei autospeciale de poli\u0163ie.<\/p>\n<p>Citi\u0163i continuarea \u00een edi\u0163ia tip\u0103rit\u0103 a ziarului Delta.<\/p>\n<\/div>\n<div class=\"post-content entry-content\">\n<p>Un b\u0103rbat de 31 de ani din ora\u015ful Sulina a fost arestat preventiv pentru 30 de zile dup\u0103 ce a provocat un scandal \u00eentr-un bar \u015fi a amenin\u0163at poli\u0163i\u015ftii, a deteriorat bunuri din sediul poli\u0163iei \u015fi o autospecial\u0103, potrivit unui comunicat transmis de Inspectoratul de Poli\u0163ie Jude\u0163ean (IPJ) Tulcea.<\/p>\n<p>Incidentul a avut loc \u00een noaptea de 22 iunie, \u00een jurul orei 23:52, c\u00e2nd poli\u0163i\u015ftii din cadrul Poli\u0163iei Ora\u015f Sulina au fost sesiza\u0163i prin 112 cu privire la un conflict izbucnit \u00eentre dou\u0103 persoane \u00eentr-un bar.<\/p>\n<p>La sosirea oamenilor legii, cele dou\u0103 persoane au fost identificate \u015fi conduse la sediul poli\u0163iei pentru verific\u0103ri. Potrivit anchetatorilor, b\u0103rbatul de 31 de ani, aflat \u00een stare avansat\u0103 de ebrietate, a devenit agresiv \u00een incinta sediului poli\u0163iei, adres\u00e2nd injurii \u015fi amenin\u0163\u0103ri cu moartea la adresa poli\u0163i\u015ftilor \u015fi a familiilor acestora. De asemenea, acesta ar fi provocat distrugeri at\u00e2t \u00een interiorul sediului, c\u00e2t \u015fi asupra unei autospeciale de poli\u0163ie.<\/p>\n<p>Citi\u0163i continuarea \u00een edi\u0163ia tip\u0103rit\u0103 a ziarului Delta.<\/p>\n<\/div>\n<p>[analyse_source url=&#8221;https:\/\/ziaruldelta.ro\/2026\/06\/26\/barbat-din-sulina-arestat-preventiv-dupa-ce-a-amenintat-politistii-si-a-avariat-o-autospeciala-de-politie\/&#8221;]<\/p>\n","protected":false},"excerpt":{"rendered":"<p>[analyse_image type=&#8221;featured&#8221; src=&#8221;https:\/\/ziaruldelta.ro\/wp-content\/uploads\/2026\/06\/barbat-din-sulina.jpg&#8221;] B\u0103rbat din Sulina, arestat preventiv dup\u0103 ce a amenin\u0163at poli\u0163i\u015ftii \u015fi a avariat o autospecial\u0103 de poli\u0163ie Posted by Nicoleta URMUZ | Jun 26, 2026 | Eveniment | Un b\u0103rbat de 31 de ani din ora\u015ful Sulina a fost arestat preventiv pentru 30 de zile dup\u0103 ce a provocat un scandal \u00eentr-un [&hellip;]<\/p>\n","protected":false},"author":1,"featured_media":0,"comment_status":"open","ping_status":"","sticky":false,"template":"","format":"standard","meta":{"footnotes":""},"categories":[89],"tags":[226,206],"class_list":["post-2013247","post","type-post","status-publish","format-standard","hentry","category-romania","tag-crawlmanager","tag-ziaruldelta-ro"],"_links":{"self":[{"href":"https:\/\/analyse.optim.biz\/index.php?rest_route=\/wp\/v2\/posts\/2013247","targetHints":{"allow":["GET"]}}],"collection":[{"href":"https:\/\/analyse.optim.biz\/index.php?rest_route=\/wp\/v2\/posts"}],"about":[{"href":"https:\/\/analyse.optim.biz\/index.php?rest_route=\/wp\/v2\/types\/post"}],"author":[{"embeddable":true,"href":"https:\/\/analyse.optim.biz\/index.php?rest_route=\/wp\/v2\/users\/1"}],"replies":[{"embeddable":true,"href":"https:\/\/analyse.optim.biz\/index.php?rest_route=%2Fwp%2Fv2%2Fcomments&post=2013247"}],"version-history":[{"count":0,"href":"https:\/\/analyse.optim.biz\/index.php?rest_route=\/wp\/v2\/posts\/2013247\/revisions"}],"wp:attachment":[{"href":"https:\/\/analyse.optim.biz\/index.php?rest_route=%2Fwp%2Fv2%2Fmedia&parent=2013247"}],"wp:term":[{"taxonomy":"category","embeddable":true,"href":"https:\/\/analyse.optim.biz\/index.php?rest_route=%2Fwp%2Fv2%2Fcategories&post=2013247"},{"taxonomy":"post_tag","embeddable":true,"href":"https:\/\/analyse.optim.biz\/index.php?rest_route=%2Fwp%2Fv2%2Ftags&post=2013247"}],"curies":[{"name":"wp","href":"https:\/\/api.w.org\/{rel}","templated":true}]}}