{"id":201320,"date":"2014-07-05T08:17:52","date_gmt":"2014-07-05T05:17:52","guid":{"rendered":"https:\/\/analyse.optim.biz\/?p=201320"},"modified":"2014-07-05T08:17:52","modified_gmt":"2014-07-05T05:17:52","slug":"v-ciorbea-ii-raspunde-lui-t-basescu-functia-de-avocat-al-poporului-este-asimilata-ca-rang-cu-cea-de-ministru","status":"publish","type":"post","link":"https:\/\/analyse.optim.biz\/?p=201320","title":{"rendered":"V. Ciorbea \u00eei r\u0103spunde lui T. B\u0103sescu: &#8220;Func\u0163ia de Avocat al Poporului este asimilat\u0103 ca rang cu cea de ministru&#8221;"},"content":{"rendered":"<div class=\"entry data-app-meta data-app-meta-article\" data-embed-base-url-canonical=\"https:\/\/www.digi24.ro\/embed\/stiri\/actualitate\/politica\/v-ciorbea-ii-raspunde-lui-t-basescu-functia-de-avocat-al-poporului-este-asimilata-ca-rang-cu-cea-de-ministru-265197\">\n<p data-index=\"1\"><strong>Traian B\u0103sescu<\/strong> \u00eei cere Avocatului Poporului <a href=\"https:\/\/www.digi24.ro\/Stiri\/Digi24\/Actualitate\/Stiri\/Modificari+la+Legea+educatiei+Traian+Basescu+cere+Avocatului+Pop\" target=\"_blank\" data-skip-linkfix=\"1\" rel=\"noopener\"><strong>s\u0103 conteste la Curtea Constitu\u0163ional\u0103<\/strong><\/a> Ordonan\u0163a de urgen\u0163\u0103 care modific\u0103 Legea Educa\u0163iei. Traian B\u0103sescu spune, \u00een scrisoarea adresat\u0103 lui Victor Ciorbea, c\u0103 Executivul a \u00eenc\u0103lcat regimul constitu\u0163ional privitor la emiterea ordonan\u0163elor de urgen\u0163\u0103 \u015fi, \u00een acela\u015fi timp, dreptul la \u00eenv\u0103\u0163\u0103tura \u015fi dreptul la proprietate privat\u0103. Victor Ciorbea sus\u0163ine c\u0103 are nevoie de o sesizare ca s\u0103 atace ordonan\u0163a la Curtea Constitu\u0163ional\u0103.<\/p>\n<p data-index=\"2\">\u201eN-am primit sesiz\u0103ri nici \u00een leg\u0103tur\u0103 cu aceast\u0103 ordonan\u0163\u0103 de urgen\u0163\u0103 p\u00e2n\u0103 acum, a\u015fa \u00eenc\u00e2t noi nu putem ac\u0163iona dec\u00e2t \u00een cadrul constitu\u0163ional \u015fi legal stabilit\u201d, a declarat <strong>Victor Ciorbea, Avocatul Poporului.<\/strong><\/p>\n<p data-index=\"3\">Constitu\u0163ia \u00eel contrazice \u00eens\u0103 pe Avocatul Poporului \u015fi spune c\u0103 acesta se poate autosesiza.<\/p>\n<p data-index=\"4\">\u201eCurtea Constitu\u0163ional\u0103 hot\u0103r\u0103\u015fte asupra excep\u0163iilor de neconstitu\u0163ionalitate privind legile \u015fi ordonan\u0163ele. (\u2026) Excep\u0163ia de neconstitu\u0163ionalitate poate fi ridicat\u0103 \u015fi direct de Avocatul Poporului\u201d, prevede Art. 146, lit. d, din Constitu\u0163ie.<\/p>\n<p data-index=\"5\">Demersul pre\u015fedintelui a fost precedat de un<strong><a href=\"https:\/\/www.digi24.ro\/Stiri\/Digi24\/Actualitate\/Politica\/Traian+Basescu+Marele+fost+sindicalist+Ciorbea+va+fi+un+Avocat+a\" target=\"_blank\" data-skip-linkfix=\"1\" rel=\"noopener\">atac dur la adresa lui Victor Ciorbea<\/a><\/strong>\u015fi a privilegiilor pe care le-a cerut \u015fi le-a primit. Pe 30 iunie, Guvernul a permis Avocatului Poporului \u015fi adjunc\u0163ilor s\u0103i s\u0103-\u015fi deconteze nelimitat cazarea \u015fi transportul. Victor Ciorbea are domiciliul \u00een Bucure\u015fti \u015fi sus\u0163ine c\u0103 lui nu i se aplic\u0103 aceast\u0103 prevedere. \u00cen schimb, activitatea sa ca Avocat al Poporului va fi considerat\u0103 vechime \u00een magistratur\u0103.<\/p>\n<p data-index=\"6\">\u201eDomnul Ciorbea este cel mai fericit avocat al poporului de la revolu\u0163ie \u00eencoace. I s-a m\u0103rit bugetul, i s-au creat facilit\u0103\u0163i s\u0103 cheltuiasc\u0103 c\u00e2t are nevoie. Marele sindicalist Ciorbea va fi un avocat al poporului docil\u201d, spunea Traian B\u0103sescu.<\/p>\n<p data-index=\"7\">Victor Ciorbea \u00ee\u015fi ap\u0103r\u0103 noile drepturi.<\/p>\n<p data-index=\"8\">\u201eFunc\u0163ia de Avocat al Poporului este asimilat\u0103 ca rang, salarizare \u015fi condi\u0163ii de pensionare cu func\u0163ia de ministru. (&#8230;) \u00cen leg\u0103tura cu (&#8230;) recunoa\u015fterea vechimii \u00een specialitatea studiilor absolvite \u015fi \u00een magistratur\u0103. (&#8230;) Pentru a fi desemnat\u0103 \u00een func\u0163ia de Avocat al Poporului, o persoan\u0103 trebuie s\u0103 \u00eendeplineasc\u0103 condi\u0163iile de numire prev\u0103zute pentru judec\u0103torii de la Curtea Constitu\u0163ionala (cel pu\u0163in 18 ani vechime \u00een activitatea juridic\u0103 sau \u00een \u00eenv\u0103\u0163\u00e2m\u00e2ntul juridic superior)\u201d, a comunicat Avocatul Poporului.<\/p>\n<\/div>\n<p> Source URL: https:\/\/www.digi24.ro\/stiri\/actualitate\/politica\/v-ciorbea-ii-raspunde-lui-t-basescu-functia-de-avocat-al-poporului-este-asimilata-ca-rang-cu-cea-de-ministru-265197<\/p>\n","protected":false},"excerpt":{"rendered":"<p>Traian B\u0103sescu \u00eei cere Avocatului Poporului s\u0103 conteste la Curtea Constitu\u0163ional\u0103 Ordonan\u0163a de urgen\u0163\u0103 care modific\u0103 Legea Educa\u0163iei. Traian B\u0103sescu spune, \u00een scrisoarea adresat\u0103 lui Victor Ciorbea, c\u0103 Executivul a \u00eenc\u0103lcat regimul constitu\u0163ional privitor la emiterea ordonan\u0163elor de urgen\u0163\u0103 \u015fi, \u00een acela\u015fi timp, dreptul la \u00eenv\u0103\u0163\u0103tura \u015fi dreptul la proprietate privat\u0103. Victor Ciorbea sus\u0163ine c\u0103 [&hellip;]<\/p>\n","protected":false},"author":1,"featured_media":201321,"comment_status":"open","ping_status":"","sticky":false,"template":"","format":"standard","meta":{"footnotes":""},"categories":[2],"tags":[11],"class_list":["post-201320","post","type-post","status-publish","format-standard","has-post-thumbnail","hentry","category-politics","tag-digi24"],"_links":{"self":[{"href":"https:\/\/analyse.optim.biz\/index.php?rest_route=\/wp\/v2\/posts\/201320","targetHints":{"allow":["GET"]}}],"collection":[{"href":"https:\/\/analyse.optim.biz\/index.php?rest_route=\/wp\/v2\/posts"}],"about":[{"href":"https:\/\/analyse.optim.biz\/index.php?rest_route=\/wp\/v2\/types\/post"}],"author":[{"embeddable":true,"href":"https:\/\/analyse.optim.biz\/index.php?rest_route=\/wp\/v2\/users\/1"}],"replies":[{"embeddable":true,"href":"https:\/\/analyse.optim.biz\/index.php?rest_route=%2Fwp%2Fv2%2Fcomments&post=201320"}],"version-history":[{"count":0,"href":"https:\/\/analyse.optim.biz\/index.php?rest_route=\/wp\/v2\/posts\/201320\/revisions"}],"wp:featuredmedia":[{"embeddable":true,"href":"https:\/\/analyse.optim.biz\/index.php?rest_route=\/wp\/v2\/media\/201321"}],"wp:attachment":[{"href":"https:\/\/analyse.optim.biz\/index.php?rest_route=%2Fwp%2Fv2%2Fmedia&parent=201320"}],"wp:term":[{"taxonomy":"category","embeddable":true,"href":"https:\/\/analyse.optim.biz\/index.php?rest_route=%2Fwp%2Fv2%2Fcategories&post=201320"},{"taxonomy":"post_tag","embeddable":true,"href":"https:\/\/analyse.optim.biz\/index.php?rest_route=%2Fwp%2Fv2%2Ftags&post=201320"}],"curies":[{"name":"wp","href":"https:\/\/api.w.org\/{rel}","templated":true}]}}