{"id":201306,"date":"2014-07-05T10:51:03","date_gmt":"2014-07-05T07:51:03","guid":{"rendered":"https:\/\/analyse.optim.biz\/?p=201306"},"modified":"2014-07-05T10:51:03","modified_gmt":"2014-07-05T07:51:03","slug":"udmr-ameninta-cu-iesirea-de-la-guvernare","status":"publish","type":"post","link":"https:\/\/analyse.optim.biz\/?p=201306","title":{"rendered":"UDMR amenin\u0163\u0103 cu ie\u015firea de la guvernare"},"content":{"rendered":"<div class=\"entry data-app-meta data-app-meta-article\" data-embed-base-url-canonical=\"https:\/\/www.digi24.ro\/embed\/stiri\/actualitate\/politica\/udmr-ameninta-cu-iesirea-de-la-guvernare-265234\">\n<p data-index=\"1\">\u00a0<img decoding=\"async\" src=\"https:\/\/analyse.optim.biz\/wp-content\/uploads\/2024\/09\/jmhhc2g9zdy1mgu0ymrknmi0zjfhmwy1y2u2ownmmdfjzwiwywu-thumb_.jpg\" data-skip-htmlfix=\"1\" title=\"jmhhc2g9zdy1mgu0ymrknmi0zjfhmwy1y2u2ownmmdfjzwiwywu-thumb_\"><\/p>\n<p data-index=\"2\">Conform sursei citate, tensiunile ar fi fost generate de interven\u0163ia MAE \u00een procesul \u00een care UDMR a contestat respingerea de c\u0103tre Comisia European\u0103 a Ini\u0163iativei Cet\u0103\u0163ene\u015fti Europene (ICE) privind protec\u0163ia minorit\u0103\u0163ilor na\u0163ionale &#8211; Minority SafePack, ini\u0163iat\u0103 de Uniune \u015fi sus\u0163inut\u0103 de Uniunea Federal\u0103 a Na\u0163ionalit\u0103\u0163ilor din Europa (FUEN), al c\u0103rei vicepre\u015fedinte este Kelemen Hunor. &#8220;G\u00e2ndul&#8221; noteaz\u0103 c\u0103 MAE a sus\u0163inut punctul de vedere al Comisiei Europene, pozi\u0163ion\u00e2ndu-se astfel \u00eempotriva UDMR. De asemenea, Kelemen Hunor a declarat pentru &#8220;G\u00e2ndul&#8221; c\u0103 nu a existat o consultare \u00een coali\u0163ie pe tema acestui subiect.<\/p>\n<p data-index=\"3\">Ini\u0163iativa prin care se solicita aprobarea de c\u0103tre Uniunea European\u0103 a unor reglement\u0103ri mai clare privind minorit\u0103\u0163ile pe \u015fase tematici &#8211; &#8220;Limbile regionale sau minoritare, educa\u0163ie, cultur\u0103 \u015fi diversitate cultural\u0103&#8221;, &#8220;Politica de dezvoltare regional\u0103&#8221;, &#8220;Participarea \u015fi implicarea societ\u0103\u0163ii civile&#8221;, &#8220;Egalitate \u015fi anti-discriminare&#8221;, &#8220;Media audio-vizual\u0103 \u015fi con\u0163inutul digital&#8221; \u015fi &#8220;Sprijin pentru comunit\u0103\u0163ile minorit\u0103\u0163ilor na\u0163ionale&#8221; &#8211; a fost respins\u0103 de Comisie pe motiv c\u0103 &#8220;\u00een mod evident, este \u00een afara limitelor prerogativelor UE s\u0103 prezinte o propunere urm\u0103rind implementarea Tratatelor printr-un act juridic al Uniunii&#8221;.<\/p>\n<p data-index=\"4\">&#8220;Decizia a fost una politic\u0103&#8221;, a comentat la vremea respectiv\u0103 Kelemen Hunor, anun\u0163\u00e2nd contestarea sa la Curtea European\u0103 de Justi\u0163ie. Rom\u00e2nia, prin Ministerul Afacerilor Externe, a formulat o cerere de interven\u0163ie care a \u015fi fost acceptat\u0103, termenul limit\u0103 de depunere a argumenta\u0163iei fiind stabilit pentru finalul lui iunie acest an. Conform sursei citate, MAE a sus\u0163inut aceea\u015fi pozi\u0163ie cu Comisia European\u0103.<\/p>\n<p data-index=\"5\">Potrivit sursei citate, pre\u015fedintele UDMR, Kelemen Hunor, ar fi avut o discu\u0163ie cu premierul Victor Ponta, \u00een care i-ar fi cerut acestuia retragerea interven\u0163iei transmise de MAE. \u015eeful guvernului ar fi vorbit cu ministrul de Externe, Titus Corl\u0103\u0163ean, care i-ar fi spus c\u0103 un pas \u00eenapoi echivaleaz\u0103 cu demisia sa.<\/p>\n<p data-index=\"6\">\u00cen aceste condi\u0163ii, UDMR ar lua \u00een calcul ie\u015firea de la guvernare, \u00eens\u0103 o decizie final\u0103 ar urma s\u0103 fie luat\u0103 dup\u0103 o ultim\u0103 discu\u0163ie pe care Kelemen Hunor \u015fi Victor Ponta ar trebui s\u0103 o aib\u0103 s\u0103pt\u0103m\u00e2na viitoare.<\/p>\n<h4>Reac\u0163ia lui Titus Corl\u0103\u0163ean<\/h4>\n<p data-index=\"7\">Pozi\u0163ia exprimat\u0103 de Rom\u00e2nia prin intermediul MAE referitoare la procedurile juridice \u00een curs la Tribunalul UE privind Ini\u0163iativele cet\u0103\u0163enesti &#8220;Minority SafePack&#8221; reprezint\u0103 &#8220;o pozi\u0163ie consecvent\u0103 a statului&#8221;, &#8220;o chestiune de stat&#8221; \u015fi nu &#8220;un orgoliu de ordin personal&#8221;, afirm\u0103 ministrul de Externe.<\/p>\n<p data-index=\"8\">Titus Corl\u0103\u0163ean adaug\u0103 c\u0103, din aceast\u0103 perspectiv\u0103, apreciaz\u0103 c\u0103 &#8220;<strong>exprimarea pozi\u0163iei statului rom\u00e2n nu poate fi supus\u0103 nici negocierii, \u015fi nici compromisului politic<\/strong>&#8220;.<\/p>\n<p data-index=\"9\">MAE a transmis, s\u00e2mb\u0103t\u0103, o serie de preciz\u0103ri ale ministrului Titus Corl\u0103\u0163ean cu privire la pozi\u0163ia Rom\u00e2niei referitoare la procedurile juridice \u00een curs la Tribunalul Uniunii Europene pe marginea Ini\u0163iativelor cet\u0103\u0163enesti &#8220;Minority SafePack&#8221;.<\/p>\n<\/div>\n<p> Source URL: https:\/\/www.digi24.ro\/stiri\/actualitate\/politica\/udmr-ameninta-cu-iesirea-de-la-guvernare-265234<\/p>\n","protected":false},"excerpt":{"rendered":"<p>\u00a0 Conform sursei citate, tensiunile ar fi fost generate de interven\u0163ia MAE \u00een procesul \u00een care UDMR a contestat respingerea de c\u0103tre Comisia European\u0103 a Ini\u0163iativei Cet\u0103\u0163ene\u015fti Europene (ICE) privind protec\u0163ia minorit\u0103\u0163ilor na\u0163ionale &#8211; Minority SafePack, ini\u0163iat\u0103 de Uniune \u015fi sus\u0163inut\u0103 de Uniunea Federal\u0103 a Na\u0163ionalit\u0103\u0163ilor din Europa (FUEN), al c\u0103rei vicepre\u015fedinte este Kelemen Hunor. [&hellip;]<\/p>\n","protected":false},"author":1,"featured_media":201307,"comment_status":"open","ping_status":"","sticky":false,"template":"","format":"standard","meta":{"footnotes":""},"categories":[2],"tags":[11],"class_list":["post-201306","post","type-post","status-publish","format-standard","has-post-thumbnail","hentry","category-politics","tag-digi24"],"_links":{"self":[{"href":"https:\/\/analyse.optim.biz\/index.php?rest_route=\/wp\/v2\/posts\/201306","targetHints":{"allow":["GET"]}}],"collection":[{"href":"https:\/\/analyse.optim.biz\/index.php?rest_route=\/wp\/v2\/posts"}],"about":[{"href":"https:\/\/analyse.optim.biz\/index.php?rest_route=\/wp\/v2\/types\/post"}],"author":[{"embeddable":true,"href":"https:\/\/analyse.optim.biz\/index.php?rest_route=\/wp\/v2\/users\/1"}],"replies":[{"embeddable":true,"href":"https:\/\/analyse.optim.biz\/index.php?rest_route=%2Fwp%2Fv2%2Fcomments&post=201306"}],"version-history":[{"count":0,"href":"https:\/\/analyse.optim.biz\/index.php?rest_route=\/wp\/v2\/posts\/201306\/revisions"}],"wp:featuredmedia":[{"embeddable":true,"href":"https:\/\/analyse.optim.biz\/index.php?rest_route=\/wp\/v2\/media\/201307"}],"wp:attachment":[{"href":"https:\/\/analyse.optim.biz\/index.php?rest_route=%2Fwp%2Fv2%2Fmedia&parent=201306"}],"wp:term":[{"taxonomy":"category","embeddable":true,"href":"https:\/\/analyse.optim.biz\/index.php?rest_route=%2Fwp%2Fv2%2Fcategories&post=201306"},{"taxonomy":"post_tag","embeddable":true,"href":"https:\/\/analyse.optim.biz\/index.php?rest_route=%2Fwp%2Fv2%2Ftags&post=201306"}],"curies":[{"name":"wp","href":"https:\/\/api.w.org\/{rel}","templated":true}]}}