{"id":201295,"date":"2014-07-05T16:39:48","date_gmt":"2014-07-05T13:39:48","guid":{"rendered":"https:\/\/analyse.optim.biz\/?p=201295"},"modified":"2014-07-05T16:39:48","modified_gmt":"2014-07-05T13:39:48","slug":"dreapta-face-pasi-marunti-spre-prezidentiale-pnl-si-pdl-isi-vor-anunta-candidatul-la-sfarsitul-lunii-viitoare","status":"publish","type":"post","link":"https:\/\/analyse.optim.biz\/?p=201295","title":{"rendered":"Dreapta face pa\u0219i m\u0103run\u021bi spre preziden\u021biale. PNL \u0219i PDL \u00ee\u0219i vor anun\u021ba candidatul la sf\u00e2r\u0219itul lunii viitoare"},"content":{"rendered":"<div class=\"entry data-app-meta data-app-meta-article\" data-embed-base-url-canonical=\"https:\/\/www.digi24.ro\/embed\/stiri\/actualitate\/politica\/dreapta-face-pasi-marunti-spre-prezidentiale-pnl-si-pdl-isi-vor-anunta-candidatul-la-sfarsitul-lunii-viitoare-265307\">\n<p data-index=\"1\">Situat \u00een afara negocierilor pentru o dreapt\u0103 unit\u0103, Partidul Mi\u015fcarea Popular\u0103, prin liderul s\u0103u Elena Udrea, a anun\u0163at c\u0103 nu va face fuziune cu PNL \u015fi PDL. Va sprijini \u00eens\u0103 candidatul unic al dreptei, dac\u0103 reprezentantul Mi\u015fc\u0103rii Populare nu ajunge \u00een turul al doilea al preziden\u0163ialelor. De altfel, PMP este cu un pas \u00eenaintea PNL \u015fi PDL pentru c\u0103 deja \u015fi-a desemnat preziden\u0163iabilul pe Cristian Diaconescu.<\/p>\n<p data-index=\"2\">\u201eCristian Diaconescu, desi este un om cu mult\u0103 experien\u021b\u0103, nu sunt convins ca poate aduna electorat de dreapta, care nu uit\u0103 ca provine din cealalt\u0103 parte\u201d, a declarat, la RFI, Theodor Paleologu, deputat PMP.<\/p>\n<p data-index=\"3\">Pe de alt\u0103 parte, \u00eendrebat dac\u0103 este posibil\u0103 o colaborare cu PMP, pre\u0219edintele PDL, Vasile Blaga, a fost categoric: \u201eNu\u201d.<\/p>\n<p data-index=\"4\">\u201e<span>Am v\u0103zut c\u0103 PMP a fost eliminat de epavele celor dou\u0103 partide PNL \u015fi PDL. V\u0103 rog s\u0103 v\u0103 considera\u0163i o b\u0103rcu\u0163\u0103 abia lansat\u0103 la ap\u0103, care se poate transforma intr-un pachebot\u201d, a spus pre\u0219edintele Traian B\u0103sescu<\/span><\/p>\n<p data-index=\"5\">\u00centre timp, PNL \u015fi PDL fac pa\u015fi m\u0103run\u0163i c\u0103tre fuziune \u015fi desemnarea unui preziden\u0163iabil unic. Democrat liberalii sper\u0103 \u00een \u015fansele lui C\u0103t\u0103lin Predoiu de a intra \u00een cursa pentru Cotroceni, iar liberalii trebuie s\u0103 aleag\u0103 \u00eentre Crin Antonescu \u015fi Klaus Iohannis.<\/p>\n<p data-index=\"6\">\u201e<span>P\u00e2n\u0103 la sf\u00e2r\u0219itul lunii iulie vom avea candidatul unic al dreptei, rezultat din fuziunea PNL cu PDL\u201d, a spus pre\u0219edintele PNL, Klaus Iohannis. <\/span><\/p>\n<p data-index=\"7\">For\u0163a Civic\u0103 ar putea fuziona prin absorb\u0163ie cu PNL ceea ce \u00eel va determina pe Mihai R\u0103zvan Ungureanu s\u0103 reun\u0163e la candidatura pentru Cotroceni. Dac\u0103 \u00een primul tur al preziden\u0163ialelor lupta se va da \u015fi \u00eentre candida\u0163ii dreaptei, \u00een turul doi, liderii PDL, PNL, PMP \u015fi For\u0163a Civic\u0103 spun c\u0103 las\u0103 orgoliile la o parte pentru c\u0103 vor ca preziden\u0163iabilul dreptei s\u0103 ajung\u0103 la Cotorceni.<\/p>\n<p data-index=\"8\">Pentru asta, el se va confrunta \u00een turul doi, cel mai porbabil cu Victor Ponta, candiat sus\u0163inut de PSD-UNPR- PC.<\/p>\n<p data-index=\"9\">\u201e<span>Singurul candidat care are un profil preziden\u021bial e categoric Crin. <\/span>Daca vrei s\u0103 fii pre\u0219edintele unei t\u0103ri, trebuie s\u0103 ai viziune \u0219i un anumit nivel. Cu tot respectul pentru Blaga si Iohannis, nu au anvergur\u0103, sunt oameni cu anumite limite\u201d, a declarat, recent, Victor Ponta.<\/p>\n<\/div>\n<p> Source URL: https:\/\/www.digi24.ro\/stiri\/actualitate\/politica\/dreapta-face-pasi-marunti-spre-prezidentiale-pnl-si-pdl-isi-vor-anunta-candidatul-la-sfarsitul-lunii-viitoare-265307<\/p>\n","protected":false},"excerpt":{"rendered":"<p>Situat \u00een afara negocierilor pentru o dreapt\u0103 unit\u0103, Partidul Mi\u015fcarea Popular\u0103, prin liderul s\u0103u Elena Udrea, a anun\u0163at c\u0103 nu va face fuziune cu PNL \u015fi PDL. Va sprijini \u00eens\u0103 candidatul unic al dreptei, dac\u0103 reprezentantul Mi\u015fc\u0103rii Populare nu ajunge \u00een turul al doilea al preziden\u0163ialelor. De altfel, PMP este cu un pas \u00eenaintea PNL [&hellip;]<\/p>\n","protected":false},"author":1,"featured_media":201296,"comment_status":"open","ping_status":"","sticky":false,"template":"","format":"standard","meta":{"footnotes":""},"categories":[2],"tags":[11],"class_list":["post-201295","post","type-post","status-publish","format-standard","has-post-thumbnail","hentry","category-politics","tag-digi24"],"_links":{"self":[{"href":"https:\/\/analyse.optim.biz\/index.php?rest_route=\/wp\/v2\/posts\/201295","targetHints":{"allow":["GET"]}}],"collection":[{"href":"https:\/\/analyse.optim.biz\/index.php?rest_route=\/wp\/v2\/posts"}],"about":[{"href":"https:\/\/analyse.optim.biz\/index.php?rest_route=\/wp\/v2\/types\/post"}],"author":[{"embeddable":true,"href":"https:\/\/analyse.optim.biz\/index.php?rest_route=\/wp\/v2\/users\/1"}],"replies":[{"embeddable":true,"href":"https:\/\/analyse.optim.biz\/index.php?rest_route=%2Fwp%2Fv2%2Fcomments&post=201295"}],"version-history":[{"count":0,"href":"https:\/\/analyse.optim.biz\/index.php?rest_route=\/wp\/v2\/posts\/201295\/revisions"}],"wp:featuredmedia":[{"embeddable":true,"href":"https:\/\/analyse.optim.biz\/index.php?rest_route=\/wp\/v2\/media\/201296"}],"wp:attachment":[{"href":"https:\/\/analyse.optim.biz\/index.php?rest_route=%2Fwp%2Fv2%2Fmedia&parent=201295"}],"wp:term":[{"taxonomy":"category","embeddable":true,"href":"https:\/\/analyse.optim.biz\/index.php?rest_route=%2Fwp%2Fv2%2Fcategories&post=201295"},{"taxonomy":"post_tag","embeddable":true,"href":"https:\/\/analyse.optim.biz\/index.php?rest_route=%2Fwp%2Fv2%2Ftags&post=201295"}],"curies":[{"name":"wp","href":"https:\/\/api.w.org\/{rel}","templated":true}]}}