{"id":201292,"date":"2014-07-05T18:37:24","date_gmt":"2014-07-05T15:37:24","guid":{"rendered":"https:\/\/analyse.optim.biz\/?p=201292"},"modified":"2014-07-05T18:37:24","modified_gmt":"2014-07-05T15:37:24","slug":"elena-udrea-daca-antonescu-ajunge-in-turul-doi-la-prezidentiale-pentru-votul-nostru-sa-se-dezica-de-ponta","status":"publish","type":"post","link":"https:\/\/analyse.optim.biz\/?p=201292","title":{"rendered":"Elena\u00a0Udrea: Dac\u0103 Antonescu ajunge \u00een turul doi la preziden\u0163iale, pentru votul nostru s\u0103 se dezic\u0103 de Ponta"},"content":{"rendered":"<div class=\"entry data-app-meta data-app-meta-article\" data-embed-base-url-canonical=\"https:\/\/www.digi24.ro\/embed\/stiri\/actualitate\/politica\/elena-udrea-daca-antonescu-ajunge-in-turul-doi-la-prezidentiale-pentru-votul-nostru-sa-se-dezica-de-ponta-265323\">\n<p data-index=\"1\"><img decoding=\"async\" src=\"https:\/\/analyse.optim.biz\/wp-content\/uploads\/2024\/09\/odawjmhhc2g9nmu5odbmnjyynzi5ogu0mji4mjkxndnhyza2zde1mmq-thumb_.jpg\" data-skip-htmlfix=\"1\" title=\"odawjmhhc2g9nmu5odbmnjyynzi5ogu0mji4mjkxndnhyza2zde1mmq-thumb_\"><\/p>\n<p data-index=\"2\">\u00centrebat\u0103 de jurnali\u015fti dac\u0103 PMP va sus\u0163ine candidatul PDL \u015fi PNL \u00een cazul \u00een care acesta va intra \u00een turul al doilea al alegerilor preziden\u0163iale, <span lang=\"en-US\">Elena<\/span><span> Udrea a r\u0103spuns: \u201eDa, dar depinde ce \u00ee\u015fi asum\u0103. Dac\u0103 ar ajunge domnul Antonescu, cel care a fost p\u0103r\u0163a\u015f la lovitura de stat de acum doi ani \u015fi toat\u0103 lumea se face c\u0103 a uitat c\u0103 domnul Antonescu era cel care trona la Cotroceni pre\u015fedinte interimar dup\u0103 ce-l d\u0103duse afar\u0103 din palat peTraian B\u0103sescu printr-o lovitur\u0103 de stat parlamentar\u0103 dat\u0103 \u00een trei zile, deci dac\u0103 domnul Antonescu ajunge \u00een turul doi ca s\u0103 ob\u0163in\u0103 votul nostru m\u0103car at\u00e2t trebuie s\u0103 fac\u0103, s\u0103 se dezic\u0103 de ceea ce s-a \u00eent\u00e2mplat \u00een acea perioad\u0103, s\u0103 se dezic\u0103 \u015fi s\u0103 regrete asocierea \u015fi parteneriatul cu Victor Ponta\u201d.<\/span><\/p>\n<p data-index=\"3\">Udrea a men\u0163ionat c\u0103 acela\u015fi lucru trebuie s\u0103-l fac\u0103 orice candidat al PNL, nu doar Antonescu, informeaz\u0103 Mediafax.\u00a0<\/p>\n<p data-index=\"4\">\u201cS\u0103 nu uit\u0103m c\u0103 Antonescu acum nu mai e cu Victor Ponta nu dintr-o viziune diferit\u0103, pentru c\u0103 sus\u0163in principii diferite, nu, nu mai e cu Victor Ponta pentru c\u0103 Victor Ponta nu \u00eei acord\u0103 sus\u0163inerea la preziden\u0163iale. Deci dac\u0103 Antonescu \u00een turul doi, s\u0103 zicem, sau alt candidat al PNL regret\u0103 ceea ce s-a \u00eent\u00e2mplat, lovitura de stat, afirm\u0103 c\u0103 va sus\u0163ine mai departe lupta pentru independen\u0163a justi\u0163iei, statul de drept, atunci va avea \u015fi suportul nostru\u201d, a explicat pre\u015fedintele PMP.<\/p>\n<\/div>\n<p> Source URL: https:\/\/www.digi24.ro\/stiri\/actualitate\/politica\/elena-udrea-daca-antonescu-ajunge-in-turul-doi-la-prezidentiale-pentru-votul-nostru-sa-se-dezica-de-ponta-265323<\/p>\n","protected":false},"excerpt":{"rendered":"<p>\u00centrebat\u0103 de jurnali\u015fti dac\u0103 PMP va sus\u0163ine candidatul PDL \u015fi PNL \u00een cazul \u00een care acesta va intra \u00een turul al doilea al alegerilor preziden\u0163iale, Elena Udrea a r\u0103spuns: \u201eDa, dar depinde ce \u00ee\u015fi asum\u0103. Dac\u0103 ar ajunge domnul Antonescu, cel care a fost p\u0103r\u0163a\u015f la lovitura de stat de acum doi ani \u015fi toat\u0103 [&hellip;]<\/p>\n","protected":false},"author":1,"featured_media":201293,"comment_status":"open","ping_status":"","sticky":false,"template":"","format":"standard","meta":{"footnotes":""},"categories":[2],"tags":[11],"class_list":["post-201292","post","type-post","status-publish","format-standard","has-post-thumbnail","hentry","category-politics","tag-digi24"],"_links":{"self":[{"href":"https:\/\/analyse.optim.biz\/index.php?rest_route=\/wp\/v2\/posts\/201292","targetHints":{"allow":["GET"]}}],"collection":[{"href":"https:\/\/analyse.optim.biz\/index.php?rest_route=\/wp\/v2\/posts"}],"about":[{"href":"https:\/\/analyse.optim.biz\/index.php?rest_route=\/wp\/v2\/types\/post"}],"author":[{"embeddable":true,"href":"https:\/\/analyse.optim.biz\/index.php?rest_route=\/wp\/v2\/users\/1"}],"replies":[{"embeddable":true,"href":"https:\/\/analyse.optim.biz\/index.php?rest_route=%2Fwp%2Fv2%2Fcomments&post=201292"}],"version-history":[{"count":0,"href":"https:\/\/analyse.optim.biz\/index.php?rest_route=\/wp\/v2\/posts\/201292\/revisions"}],"wp:featuredmedia":[{"embeddable":true,"href":"https:\/\/analyse.optim.biz\/index.php?rest_route=\/wp\/v2\/media\/201293"}],"wp:attachment":[{"href":"https:\/\/analyse.optim.biz\/index.php?rest_route=%2Fwp%2Fv2%2Fmedia&parent=201292"}],"wp:term":[{"taxonomy":"category","embeddable":true,"href":"https:\/\/analyse.optim.biz\/index.php?rest_route=%2Fwp%2Fv2%2Fcategories&post=201292"},{"taxonomy":"post_tag","embeddable":true,"href":"https:\/\/analyse.optim.biz\/index.php?rest_route=%2Fwp%2Fv2%2Ftags&post=201292"}],"curies":[{"name":"wp","href":"https:\/\/api.w.org\/{rel}","templated":true}]}}