{"id":201289,"date":"2014-07-05T18:58:32","date_gmt":"2014-07-05T15:58:32","guid":{"rendered":"https:\/\/analyse.optim.biz\/?p=201289"},"modified":"2014-07-05T18:58:32","modified_gmt":"2014-07-05T15:58:32","slug":"udmr-se-opune-deciziei-ridicole-a-bucurestiului-de-a-respinge-deschiderea-unor-birouri-consulare-cum-reactioneaza-mae","status":"publish","type":"post","link":"https:\/\/analyse.optim.biz\/?p=201289","title":{"rendered":"UDMR se opune deciziei \u201eridicole\u201d a Bucure\u015ftiului de a respinge deschiderea unor birouri consulare. Cum reac\u021bioneaz\u0103 MAE"},"content":{"rendered":"<div class=\"entry data-app-meta data-app-meta-article\" data-embed-base-url-canonical=\"https:\/\/www.digi24.ro\/embed\/stiri\/actualitate\/politica\/udmr-se-opune-deciziei-ridicole-a-bucurestiului-de-a-respinge-deschiderea-unor-birouri-consulare-cum-reactioneaza-mae-265325\">\n<p data-index=\"1\"><img decoding=\"async\" src=\"https:\/\/analyse.optim.biz\/wp-content\/uploads\/2024\/09\/agfzad01yjjinjfknwrlmzfhyta1mdjlngqwmzzmmdkxodnlmq-thumb_.jpg\" data-skip-htmlfix=\"1\" title=\"agfzad01yjjinjfknwrlmzfhyta1mdjlngqwmzzmmdkxodnlmq-thumb_\"><\/p>\n<p data-index=\"2\">Peter Kovacs a declarat vineri c\u0103 liderii de la minister nu au discutat aceast\u0103 problem\u0103 cu UDMR, un motiv \u00een plus ca ace\u015ftia s\u0103-\u015fi reconsidere decizia. El a apreciat c\u0103 respingerea solicit\u0103rii Ungariei \u00een baza principiilor reciprocit\u0103\u0163ii \u015fi propor\u0163ionalit\u0103\u0163ii este \u201eridicol\u0103\u201d.<\/p>\n<p data-index=\"3\">\u201eComunitatea de 1,3 milioane de etnici maghiari din Rom\u00e2nia nu se poate compara cu cele c\u00e2teva mii de etnici rom\u00e2ni care tr\u0103iesc \u00een Ungaria. C\u00e2nd este vorba despre rela\u0163iile ungaro-rom\u00e2ne, ar fi frumos dac\u0103 ministrul rom\u00e2n de externe\u00a0Titus Corl\u0103\u0163ean\u00a0\u015fi-ar aminti c\u0103 faptele vorbesc mai puternic dec\u00e2t vorbele\u201d,\u00a0a declarat Peter Kovacs, potrivit Mediafax.\u00a0<\/p>\n<p data-index=\"4\">MAE consider\u0103 &#8220;lipsite de obiect&#8221; declara\u0163iile secretarului general UDMR acordate MTI pe tema deschiderii unor noi consulate ale Ungariei \u00een Rom\u00e2nia, men\u0163ion\u00e2nd nu exist\u0103 o practic\u0103 \u00een materie \u015fi nici o obliga\u0163ie legal\u0103 pentru minister de a se consulta cu partidele \u00een chestiuni de natur\u0103 consular\u0103.<\/p>\n<p data-index=\"5\">Biroul de pres\u0103 al MAE a transmis, s\u00e2mb\u0103t\u0103, o serie de preciz\u0103ri ale secretarului de stat pentru afaceri politice \u015fi rela\u0163ia cu Parlamentul, Radu Podgorean, referitoare la declara\u0163iile secretarului general al UDMR acordate MTI.<\/p>\n<p data-index=\"6\">\u201eChestiunea stabilirii \u015fi men\u0163inerii de rela\u0163ii consulare de c\u0103tre Rom\u00e2nia cu alte state este, potrivit legii, de competen\u0163a Ministerului Afacerilor Externe, care are sarcina realiz\u0103rii politicii externe a statului rom\u00e2n. Deschiderea de noi oficii consulare pe teritoriul Rom\u00e2niei face obiectului dialogului direct \u00eentre ministerele de externe rom\u00e2n \u015fi al statului interesat\u201d, spune Radu Podgorean.<\/p>\n<p data-index=\"7\">\u201eReferirea la comunitatea numeroas\u0103 a maghiarilor din Rom\u00e2nia prin raportare la comunitatea etnicilor rom\u00e2ni care tr\u0103iesc \u00een Ungaria este una incorect\u0103, \u00eentre\u0163in\u00e2nd, voit sau nu, o confuzie care nu are menirea de a contribui la dezvoltarea \u00een continuare, \u00een spirit european, a rela\u0163iilor privilegiate \u00eentre dou\u0103 state membre UE, precum este cazul Rom\u00e2niei \u015fi Ungariei. Interesele maghiarilor din Rom\u00e2nia sunt reprezentate de statul ai c\u0103rui cet\u0103\u0163eni sunt, adic\u0103 de Rom\u00e2nia\u201d, adaug\u0103 Radu Podgorean, conform comunicatului.<\/p>\n<p data-index=\"8\">\u201e\u00centruc\u00e2t nu exist\u0103 o practic\u0103 \u00een materie \u015fi nici o obliga\u0163ie constitu\u0163ional\u0103\/legal\u0103 pentru MAE de a se consulta cu partidele politice \u00een chestiuni de natur\u0103 consular\u0103 \u015fi av\u00e2nd \u00een vedere faptul c\u0103 partidele politice, parlamentare sau nu, nu au comptenen\u0163e \u00een a asigura reprezentarea diplomatic\u0103 \u015fi consular\u0103 a Rom\u00e2niei fa\u0163\u0103 de parteneri externi, Ministerul Afacerilor Externe consider\u0103 declara\u0163iile sus men\u0163ionate drept lipsite de obiect\u201d, men\u0163ioneaz\u0103 sursa citat\u0103.<\/p>\n<p data-index=\"9\">Rom\u00e2nia a respins joi solicitarea Ungariei de a deschide dou\u0103 noi birouri consulare pe teritoriul s\u0103u. O purt\u0103toare de cuv\u00e2nt a Ministerului ungar de Externe, Anna Nagy, a catalogat decizia ca fiind de &#8220;ne\u00een\u0163eles&#8221; \u015fi contrar\u0103 practicilor europene.<\/p>\n<\/div>\n<p> Source URL: https:\/\/www.digi24.ro\/stiri\/actualitate\/politica\/udmr-se-opune-deciziei-ridicole-a-bucurestiului-de-a-respinge-deschiderea-unor-birouri-consulare-cum-reactioneaza-mae-265325<\/p>\n","protected":false},"excerpt":{"rendered":"<p>Peter Kovacs a declarat vineri c\u0103 liderii de la minister nu au discutat aceast\u0103 problem\u0103 cu UDMR, un motiv \u00een plus ca ace\u015ftia s\u0103-\u015fi reconsidere decizia. El a apreciat c\u0103 respingerea solicit\u0103rii Ungariei \u00een baza principiilor reciprocit\u0103\u0163ii \u015fi propor\u0163ionalit\u0103\u0163ii este \u201eridicol\u0103\u201d. \u201eComunitatea de 1,3 milioane de etnici maghiari din Rom\u00e2nia nu se poate compara cu [&hellip;]<\/p>\n","protected":false},"author":1,"featured_media":201290,"comment_status":"open","ping_status":"","sticky":false,"template":"","format":"standard","meta":{"footnotes":""},"categories":[2],"tags":[11],"class_list":["post-201289","post","type-post","status-publish","format-standard","has-post-thumbnail","hentry","category-politics","tag-digi24"],"_links":{"self":[{"href":"https:\/\/analyse.optim.biz\/index.php?rest_route=\/wp\/v2\/posts\/201289","targetHints":{"allow":["GET"]}}],"collection":[{"href":"https:\/\/analyse.optim.biz\/index.php?rest_route=\/wp\/v2\/posts"}],"about":[{"href":"https:\/\/analyse.optim.biz\/index.php?rest_route=\/wp\/v2\/types\/post"}],"author":[{"embeddable":true,"href":"https:\/\/analyse.optim.biz\/index.php?rest_route=\/wp\/v2\/users\/1"}],"replies":[{"embeddable":true,"href":"https:\/\/analyse.optim.biz\/index.php?rest_route=%2Fwp%2Fv2%2Fcomments&post=201289"}],"version-history":[{"count":0,"href":"https:\/\/analyse.optim.biz\/index.php?rest_route=\/wp\/v2\/posts\/201289\/revisions"}],"wp:featuredmedia":[{"embeddable":true,"href":"https:\/\/analyse.optim.biz\/index.php?rest_route=\/wp\/v2\/media\/201290"}],"wp:attachment":[{"href":"https:\/\/analyse.optim.biz\/index.php?rest_route=%2Fwp%2Fv2%2Fmedia&parent=201289"}],"wp:term":[{"taxonomy":"category","embeddable":true,"href":"https:\/\/analyse.optim.biz\/index.php?rest_route=%2Fwp%2Fv2%2Fcategories&post=201289"},{"taxonomy":"post_tag","embeddable":true,"href":"https:\/\/analyse.optim.biz\/index.php?rest_route=%2Fwp%2Fv2%2Ftags&post=201289"}],"curies":[{"name":"wp","href":"https:\/\/api.w.org\/{rel}","templated":true}]}}