{"id":201278,"date":"2014-07-06T10:15:26","date_gmt":"2014-07-06T07:15:26","guid":{"rendered":"https:\/\/analyse.optim.biz\/?p=201278"},"modified":"2014-07-06T10:15:26","modified_gmt":"2014-07-06T07:15:26","slug":"mars-pmp-la-doi-ani-de-la-suspendarea-lui-traian-basescu","status":"publish","type":"post","link":"https:\/\/analyse.optim.biz\/?p=201278","title":{"rendered":"Mar\u015f PMP la doi ani de la suspendarea lui Traian B\u0103sescu"},"content":{"rendered":"<div class=\"entry data-app-meta data-app-meta-article\" data-embed-base-url-canonical=\"https:\/\/www.digi24.ro\/embed\/stiri\/actualitate\/politica\/mars-pmp-la-doi-ani-de-la-suspendarea-lui-traian-basescu-265412\">\n<p data-index=\"1\"><strong>ACTUALIZARE 13.03. Mar\u015ful PMP s-a \u00eencheiat \u00een Pia\u0163a Victoriei.<\/strong><\/p>\n<p data-index=\"2\"><strong>ACTUALIZARE 12.00.<\/strong> Partidul Mi\u015fcarea Popular\u0103 va sprijini candidatul liberal la alegerile preziden\u0163iale doar dac\u0103 acesta se va dezice de ac\u0163iunile PNL din vara lui 2012, atunci c\u00e2nd a fost suspendat pre\u015fedintele Traian B\u0103sescu. Anun\u0163ul a fost f\u0103cut de pre\u015fedintele PMP, Elena Udrea, la mar\u015ful organizat astazi pentru a marca doi ani de la suspendarea \u015fefului statului.<\/p>\n<p data-index=\"3\">\u201eDac\u0103 \u00ee\u015fi va asuma c\u0103 niciodat\u0103 nu va mai angaja partide, angaja persoane \u00eentr-un demers personal \u015fi daca se va dezice personal de ceea ce s-a \u00eent\u00e2mplat de-a lungul timpului \u00een 2012, \u00een 2007, din 2012 \u00eencoace, \u00een ac\u0163iunea USL \u00eempotriva statului de drept, dac\u0103 se va dezice de toate ac\u0163iunile PNL \u015fi care au \u00eensemnat atacul la statul de drept, atunci este un candidat care merit\u0103 sus\u0163inut\u201d, a declarat <strong>Elena Udrea<\/strong>.<\/p>\n<p data-index=\"4\"><strong>ACTUALIZARE 10.17.<\/strong> Partidul Mi\u015fcarea Popular\u0103 marcheaz\u0103 cei doi ani de la suspendarea pre\u015fedintelui Traian B\u0103sescu printr-un mar\u015f de sus\u0163inere a statului de drept. Evenimentul va \u00eencepe la ora 11.00 \u00een fa\u0163a S\u0103lii Palatului din Capital\u0103.<\/p>\n<hr>\n<p data-index=\"5\">Suspendarea lui <strong>Traian B\u0103sescu<\/strong> din 2012 a fost precedat\u0103 de trei zile \u00een care PSD \u015fi PNL \u015fi-au impus voin\u0163a, \u00een Parlament. Respectivele decizii sunt \u015fi azi controversate, at\u00e2t ca motivare constitu\u0163ional\u0103, c\u00e2t \u015fi ca efecte asupra imaginii \u0163\u0103rii \u00een str\u0103in\u0103tate.<\/p>\n<p data-index=\"6\">PNL \u015fi PSD au for\u0163at mai \u00eent\u00e2i <strong>schimbarea pre\u015fedin\u0163ilor democrat-liberali ai Senatului \u015fi Camerei Deputa\u0163ilor.<\/strong> \u00cen ciuda unei decizii a Cur\u0163ii Constitu\u0163ionale care stabilea c\u0103 ace\u015ftia pot fi schimba\u0163i doar de partidele din care fac parte, Roberta Anastase \u015fi Vasile Blaga au fost \u00eenlocui\u0163i de Valeriu Zgonea \u015fi Crin Antonescu.<\/p>\n<p data-index=\"7\">Av\u00e2nd majoritatea de voturi, <strong>USL a schimbat \u015fi Avocatul Poporului,<\/strong> numindu-l \u00een func\u0163ie pe social-democratul Valer Dorneanu. Miza: Avocatul Poporului este singura institu\u0163ie care poate ataca la Curtea Constitu\u0163ional\u0103 Ordonan\u0163ele de Urgen\u0163\u0103 ale Guvernului.<\/p>\n<p data-index=\"8\">Pasul urm\u0103tor: Guvernul condus de Victor Ponta a emis <strong>dou\u0103 Ordonan\u0163e de Urgen\u0163\u0103 prin care elimina controlul Cur\u0163ii Constitu\u0163ionale asupra hot\u0103r\u00e2rilor Parlamentului.<\/strong> \u00cen plus, el <strong>a modificat legea referendumului<\/strong>, stabilind c\u0103 pre\u015fedintele poate fi demis cu votul majorit\u0103\u0163ii celor prezen\u0163i la vot, nu cu majoritatea celor \u00eenscri\u015fi pe liste.<\/p>\n<p data-index=\"9\">\u00cen cea de a patra zi, <strong>pe 6 iulie 2012, Parlamentul a discutat \u015fi a votat cererea USL de suspendare din func\u0163ie a pre\u015fedintelui Traian B\u0103sescu.<\/strong><\/p>\n<p data-index=\"10\">Liderii USL au fost at\u00e2t de siguri pe succesul opera\u0163iunii de suspendare, \u00eenc\u00e2t au f\u0103cut \u015fi angajamente&#8230; ce au r\u0103mas neonorate.<\/p>\n<p data-index=\"11\">\u201e<span>Dac\u0103 nu ve\u0163i fi demis la referendum, eu, Crin Antonescu, m\u0103 retrag definitiv din via\u0163a politic\u0103\u201d, spunea Crin Antonescu de la tribuna Parlamentului.<\/span><\/p>\n<p data-index=\"12\">\u201eV\u0103 las aici o foaie pe care s\u0103 v\u0103 scrie\u0163i de pe acum ce a\u0163i promis, demisia, dac\u0103 eu voi c\u00e2\u015ftiga referendumul\u201d, a fost replica pre\u015fedintelui.<\/p>\n<p data-index=\"13\">Suspendarea a fost decis\u0103 de Parlament cu 256 de voturi pentru. La referendumul de demitere din 29 iulie nu s-au prezentat, \u00eens\u0103, la vot cel pu\u0163in jum\u0103tate din aleg\u0103torii din listele electorale, a\u015fa c\u0103 acesta a fost invalidat de Curtea Constitu\u0163ional\u0103, iar Traian B\u0103sescu \u015fi-a reluat mandatul de pre\u015fedinte.<\/p>\n<\/div>\n<p> Source URL: https:\/\/www.digi24.ro\/stiri\/actualitate\/politica\/mars-pmp-la-doi-ani-de-la-suspendarea-lui-traian-basescu-265412<\/p>\n","protected":false},"excerpt":{"rendered":"<p>ACTUALIZARE 13.03. Mar\u015ful PMP s-a \u00eencheiat \u00een Pia\u0163a Victoriei. ACTUALIZARE 12.00. Partidul Mi\u015fcarea Popular\u0103 va sprijini candidatul liberal la alegerile preziden\u0163iale doar dac\u0103 acesta se va dezice de ac\u0163iunile PNL din vara lui 2012, atunci c\u00e2nd a fost suspendat pre\u015fedintele Traian B\u0103sescu. Anun\u0163ul a fost f\u0103cut de pre\u015fedintele PMP, Elena Udrea, la mar\u015ful organizat astazi [&hellip;]<\/p>\n","protected":false},"author":1,"featured_media":201279,"comment_status":"open","ping_status":"","sticky":false,"template":"","format":"standard","meta":{"footnotes":""},"categories":[2],"tags":[11],"class_list":["post-201278","post","type-post","status-publish","format-standard","has-post-thumbnail","hentry","category-politics","tag-digi24"],"_links":{"self":[{"href":"https:\/\/analyse.optim.biz\/index.php?rest_route=\/wp\/v2\/posts\/201278","targetHints":{"allow":["GET"]}}],"collection":[{"href":"https:\/\/analyse.optim.biz\/index.php?rest_route=\/wp\/v2\/posts"}],"about":[{"href":"https:\/\/analyse.optim.biz\/index.php?rest_route=\/wp\/v2\/types\/post"}],"author":[{"embeddable":true,"href":"https:\/\/analyse.optim.biz\/index.php?rest_route=\/wp\/v2\/users\/1"}],"replies":[{"embeddable":true,"href":"https:\/\/analyse.optim.biz\/index.php?rest_route=%2Fwp%2Fv2%2Fcomments&post=201278"}],"version-history":[{"count":0,"href":"https:\/\/analyse.optim.biz\/index.php?rest_route=\/wp\/v2\/posts\/201278\/revisions"}],"wp:featuredmedia":[{"embeddable":true,"href":"https:\/\/analyse.optim.biz\/index.php?rest_route=\/wp\/v2\/media\/201279"}],"wp:attachment":[{"href":"https:\/\/analyse.optim.biz\/index.php?rest_route=%2Fwp%2Fv2%2Fmedia&parent=201278"}],"wp:term":[{"taxonomy":"category","embeddable":true,"href":"https:\/\/analyse.optim.biz\/index.php?rest_route=%2Fwp%2Fv2%2Fcategories&post=201278"},{"taxonomy":"post_tag","embeddable":true,"href":"https:\/\/analyse.optim.biz\/index.php?rest_route=%2Fwp%2Fv2%2Ftags&post=201278"}],"curies":[{"name":"wp","href":"https:\/\/api.w.org\/{rel}","templated":true}]}}