{"id":201274,"date":"2014-07-06T12:25:21","date_gmt":"2014-07-06T09:25:21","guid":{"rendered":"https:\/\/analyse.optim.biz\/?p=201274"},"modified":"2014-07-06T12:25:21","modified_gmt":"2014-07-06T09:25:21","slug":"v-ponta-in-6-iulie-2012-usl-a-demonstrat-a-fi-unul-dintre-cele-mai-puternice-proiecte-politice-regret-ca-totusi-crin-nu-l-a-continuat","status":"publish","type":"post","link":"https:\/\/analyse.optim.biz\/?p=201274","title":{"rendered":"V. Ponta: \u00cen 6 iulie 2012 USL a demonstrat a fi unul dintre cele mai puternice proiecte politice. Regret c\u0103 totu\u015fi Crin nu l-a continuat"},"content":{"rendered":"<div class=\"entry data-app-meta data-app-meta-article\" data-embed-base-url-canonical=\"https:\/\/www.digi24.ro\/embed\/stiri\/actualitate\/politica\/v-ponta-in-6-iulie-2012-usl-a-demonstrat-a-fi-unul-dintre-cele-mai-puternice-proiecte-politice-regret-ca-totusi-crin-nu-l-a-continuat-265433\">\n<p data-index=\"1\">\u00a0<img decoding=\"async\" src=\"https:\/\/analyse.optim.biz\/wp-content\/uploads\/2024\/09\/ytnkzwuwmjjlnzk2yjk1zgq1mmm1zjg3nzixnzy-thumb_.jpg\" data-skip-htmlfix=\"1\" title=\"ytnkzwuwmjjlnzk2yjk1zgq1mmm1zjg3nzixnzy-thumb_\"><\/p>\n<p data-index=\"2\">\u201eAst\u0103zi, concomitent cu s\u0103rb\u0103toarea Zilei Justi\u0163iei, se \u00eemplinesc doi ani de c\u00e2nd Traian B\u0103sescu a fost suspendat din func\u0163ia de pre\u015fedinte, prin votul Parlamentului Rom\u00e2niei, pentru a doua oar\u0103.<\/p>\n<p data-index=\"3\">6 iulie 2012 fost unul dintre momentele \u00een care am demonstrat, \u00eempreun\u0103 cu Crin Antonescu \u015fi Daniel Constantin, faptul c\u0103 USL este unul dintre cele mai puternice proiecte politice din istoria democratic\u0103 a \u0163\u0103rii. Regret c\u0103 totu\u015fi Crin nu a dorit continuarea acestui proiect!<\/p>\n<p data-index=\"4\">Voi sus\u0163ine mereu ca cei 7,4 milioane de rom\u00e2ni care au votat pentru demiterea lui Traian B\u0103sescu au avut dreptate \u00een decizia lor de a sanc\u0163iona abuzurile pre\u015fedintelui. Am respectat decizia Cur\u0163ii Constitu\u0163ionale cu g\u00e2ndul la viitorul Rom\u00e2niei, chiar dac\u0103 mi-a fost foarte greu s\u0103 accept ideea c\u0103 votul rom\u00e2nilor a fost ignorat.<\/p>\n<p data-index=\"5\">PS: Au mai r\u0103mas doar 23 de s\u0103pt\u0103m\u00e2ni p\u00e2n\u0103 c\u00e2nd Traian B\u0103sescu va pleca de la Cotroceni!\u201d, <a href=\"https:\/\/www.facebook.com\/victor.ponta?fref=ts\" target=\"_blank\" data-skip-linkfix=\"1\" rel=\"noopener\"><strong>a scris Victor Ponta<\/strong><\/a> pe Facebook.<\/p>\n<p data-index=\"6\">Mesajul este \u00eenso\u0163it de dou\u0103 fotografii, una \u00een care apar V. Ponta, D. Constantin \u015fi C. Antonescu \u015fi o a doua \u00een care Crin Antonescu d\u0103 m\u00e2na cu Traian B\u0103sescu, la Parlament. \u00a0<\/p>\n<p data-index=\"7\"><img decoding=\"async\" src=\"https:\/\/analyse.optim.biz\/wp-content\/uploads\/2024\/09\/ody1ogjkzdizodnhnmjjmzliztq1ztjlmweynjexmq-thumb_.jpg\" data-skip-htmlfix=\"1\" title=\"ody1ogjkzdizodnhnmjjmzliztq1ztjlmweynjexmq-thumb_\"><\/p>\n<\/div>\n<p> Source URL: https:\/\/www.digi24.ro\/stiri\/actualitate\/politica\/v-ponta-in-6-iulie-2012-usl-a-demonstrat-a-fi-unul-dintre-cele-mai-puternice-proiecte-politice-regret-ca-totusi-crin-nu-l-a-continuat-265433<\/p>\n","protected":false},"excerpt":{"rendered":"<p>\u00a0 \u201eAst\u0103zi, concomitent cu s\u0103rb\u0103toarea Zilei Justi\u0163iei, se \u00eemplinesc doi ani de c\u00e2nd Traian B\u0103sescu a fost suspendat din func\u0163ia de pre\u015fedinte, prin votul Parlamentului Rom\u00e2niei, pentru a doua oar\u0103. 6 iulie 2012 fost unul dintre momentele \u00een care am demonstrat, \u00eempreun\u0103 cu Crin Antonescu \u015fi Daniel Constantin, faptul c\u0103 USL este unul dintre cele [&hellip;]<\/p>\n","protected":false},"author":1,"featured_media":201275,"comment_status":"open","ping_status":"","sticky":false,"template":"","format":"standard","meta":{"footnotes":""},"categories":[2],"tags":[11],"class_list":["post-201274","post","type-post","status-publish","format-standard","has-post-thumbnail","hentry","category-politics","tag-digi24"],"_links":{"self":[{"href":"https:\/\/analyse.optim.biz\/index.php?rest_route=\/wp\/v2\/posts\/201274","targetHints":{"allow":["GET"]}}],"collection":[{"href":"https:\/\/analyse.optim.biz\/index.php?rest_route=\/wp\/v2\/posts"}],"about":[{"href":"https:\/\/analyse.optim.biz\/index.php?rest_route=\/wp\/v2\/types\/post"}],"author":[{"embeddable":true,"href":"https:\/\/analyse.optim.biz\/index.php?rest_route=\/wp\/v2\/users\/1"}],"replies":[{"embeddable":true,"href":"https:\/\/analyse.optim.biz\/index.php?rest_route=%2Fwp%2Fv2%2Fcomments&post=201274"}],"version-history":[{"count":0,"href":"https:\/\/analyse.optim.biz\/index.php?rest_route=\/wp\/v2\/posts\/201274\/revisions"}],"wp:featuredmedia":[{"embeddable":true,"href":"https:\/\/analyse.optim.biz\/index.php?rest_route=\/wp\/v2\/media\/201275"}],"wp:attachment":[{"href":"https:\/\/analyse.optim.biz\/index.php?rest_route=%2Fwp%2Fv2%2Fmedia&parent=201274"}],"wp:term":[{"taxonomy":"category","embeddable":true,"href":"https:\/\/analyse.optim.biz\/index.php?rest_route=%2Fwp%2Fv2%2Fcategories&post=201274"},{"taxonomy":"post_tag","embeddable":true,"href":"https:\/\/analyse.optim.biz\/index.php?rest_route=%2Fwp%2Fv2%2Ftags&post=201274"}],"curies":[{"name":"wp","href":"https:\/\/api.w.org\/{rel}","templated":true}]}}