{"id":2012415,"date":"2026-06-26T10:48:11","date_gmt":"2026-06-26T07:48:11","guid":{"rendered":"https:\/\/analyse.optim.biz\/?p=2012415"},"modified":"2026-06-26T10:48:11","modified_gmt":"2026-06-26T07:48:11","slug":"babadag-ziua-drapelului-national-marcata-prin-ceremonial-militar-si-religios","status":"publish","type":"post","link":"https:\/\/analyse.optim.biz\/?p=2012415","title":{"rendered":"Babadag: Ziua Drapelului Na\u021bional, marcat\u0103 prin ceremonial militar \u0219i religios"},"content":{"rendered":"<p>[analyse_image type=&#8221;featured&#8221; src=&#8221;https:\/\/dobrogeanews.b-cdn.net\/wp-content\/uploads\/2026\/06\/babadag2.jpg&#8221;]<\/p>\n<div id=\"post-71472\" class=\"entry single-default post-71472 post type-post status-publish format-standard has-post-thumbnail hentry category-info\">\n<p>La Babadag, Ziua Drapelului a fost marcat\u0103 de un ceremonial militar \u0219i unul religios \u00een prezen\u021ba conducerii prim\u0103riei \u0219i a cet\u0103\u021benilor care au \u00eenfruntat canicula pentru a participa la aceast\u0103 important\u0103 s\u0103rb\u0103toare. <\/p>\n<figure class=\"wp-block-image size-full is-resized\">\n<source type=\"image\/webp\" data-lazy-srcset=\"https:\/\/dobrogeanews.b-cdn.net\/wp-content\/uploads\/2026\/06\/babadag2.jpg.webp 2560w, https:\/\/dobrogeanews.b-cdn.net\/wp-content\/uploads\/2026\/06\/babadag2-300x246.jpg.webp 300w, https:\/\/dobrogeanews.b-cdn.net\/wp-content\/uploads\/2026\/06\/babadag2-1024x840.jpg.webp 1024w, https:\/\/dobrogeanews.b-cdn.net\/wp-content\/uploads\/2026\/06\/babadag2-768x630.jpg.webp 768w, https:\/\/dobrogeanews.b-cdn.net\/wp-content\/uploads\/2026\/06\/babadag2-1536x1260.jpg.webp 1536w, https:\/\/dobrogeanews.b-cdn.net\/wp-content\/uploads\/2026\/06\/babadag2-2048x1680.jpg.webp 2048w\" sizes=\"(max-width: 640px) 100vw, 640px\" \/><br \/>\n<img loading=\"lazy\" decoding=\"async\" src=\"https:\/\/dobrogeanews.b-cdn.net\/wp-content\/uploads\/2026\/06\/babadag2.jpg\" alt=\"\" width=\"640\" height=\"525\"><\/figure>\n<p>\u201eAst\u0103zi este Ziua Drapelului Na\u021bional, simbol drag al unit\u0103\u021bii \u0219i identit\u0103\u021bii na\u021bionale, zi pe care o dedic\u0103m \u00een esen\u021b\u0103 tuturor celor care, de-a lungul timpului, au f\u0103cut cinste Rom\u00e2niei \u0219i Tricolorului. Tricolorul reprezint\u0103 istoria noastr\u0103 \u0219i \u00eentregul popor, cu oameni care ne-au dat de at\u00e2tea ori prilejul s\u0103 ne m\u00e2ndrim c\u0103 suntem rom\u00e2ni.<\/p>\n<p>\u00a0Sunt to\u021bi eroi rom\u00e2ni care s-au jertfit sau au luptat pentru ap\u0103rarea p\u0103m\u00e2ntului rom\u00e2nesc, pentru libertate \u0219i democra\u021bie, sunt to\u021bi cei care \u00een vremurile noastre \u00ee\u0219i fac datoria cu profesionalism \u0219i curaj \u00een diferite teatre de opera\u021biuni \u0219i \u00een misiuni interna\u021bionale sau aici, acas\u0103, \u00een slujba oamenilor.<\/p>\n<figure class=\"wp-block-image size-full is-resized\">\n<source type=\"image\/webp\" data-lazy-srcset=\"https:\/\/dobrogeanews.b-cdn.net\/wp-content\/uploads\/2026\/06\/babadag1.jpg.webp 2560w, https:\/\/dobrogeanews.b-cdn.net\/wp-content\/uploads\/2026\/06\/babadag1-300x246.jpg.webp 300w, https:\/\/dobrogeanews.b-cdn.net\/wp-content\/uploads\/2026\/06\/babadag1-1024x840.jpg.webp 1024w, https:\/\/dobrogeanews.b-cdn.net\/wp-content\/uploads\/2026\/06\/babadag1-768x630.jpg.webp 768w, https:\/\/dobrogeanews.b-cdn.net\/wp-content\/uploads\/2026\/06\/babadag1-1536x1260.jpg.webp 1536w, https:\/\/dobrogeanews.b-cdn.net\/wp-content\/uploads\/2026\/06\/babadag1-2048x1680.jpg.webp 2048w\" sizes=\"(max-width: 640px) 100vw, 640px\" \/><br \/>\n<img loading=\"lazy\" decoding=\"async\" src=\"https:\/\/dobrogeanews.b-cdn.net\/wp-content\/uploads\/2026\/06\/babadag1.jpg\" alt=\"\" width=\"640\" height=\"525\"><\/figure>\n<p>\u00a0La Monumentul Eroilor din Parcul Central Babadag, a avut loc ceremonialul de arborare a drapelului, ocazie cu care s-a oficiat ceremonialul militar \u0219i religios. Am participat la acest eveniment cu g\u00e2ndul la eroii neamului nostru care au luptat sub cele trei culori: <\/p>\n<p>ALBASTRU- libertate, credin\u021b\u0103, frumuse\u021be, via\u021b\u0103,<\/p>\n<p>GALBEN-bogatia \u0219i for\u021ba \u021b\u0103rii, noble\u021bea \u0219i puritatea,<\/p>\n<p>RO\u0218U- s\u00e2ngele v\u0103rsat, curajul \u0219i dragostea de neam!<\/p>\n<figure class=\"wp-block-image size-full is-resized\">\n<source type=\"image\/webp\" data-lazy-srcset=\"https:\/\/dobrogeanews.b-cdn.net\/wp-content\/uploads\/2026\/06\/babadag3.jpg.webp 2560w, https:\/\/dobrogeanews.b-cdn.net\/wp-content\/uploads\/2026\/06\/babadag3-300x217.jpg.webp 300w, https:\/\/dobrogeanews.b-cdn.net\/wp-content\/uploads\/2026\/06\/babadag3-1024x740.jpg.webp 1024w, https:\/\/dobrogeanews.b-cdn.net\/wp-content\/uploads\/2026\/06\/babadag3-768x555.jpg.webp 768w, https:\/\/dobrogeanews.b-cdn.net\/wp-content\/uploads\/2026\/06\/babadag3-1536x1109.jpg.webp 1536w, https:\/\/dobrogeanews.b-cdn.net\/wp-content\/uploads\/2026\/06\/babadag3-2048x1479.jpg.webp 2048w\" sizes=\"(max-width: 640px) 100vw, 640px\" \/><br \/>\n<img loading=\"lazy\" decoding=\"async\" src=\"https:\/\/dobrogeanews.b-cdn.net\/wp-content\/uploads\/2026\/06\/babadag3.jpg\" alt=\"\" width=\"640\" height=\"462\"><\/figure>\n<p>Cu ad\u00e2nc\u0103 recuno\u0219tin\u021b\u0103 \u0219i respectul cuvenit fa\u021b\u0103 de simbolurile noastre na\u021bionale: La mul\u021bi ani, de Ziua Drapelului! La mul\u021bi ani, Rom\u00e2nia! La mul\u021bi ani, rom\u00e2ni!\u201d a spus primarul ora\u0219ului Babadag, Georgian Caraman, \u00eentr-o scurt\u0103 alocu\u021biune.<\/p>\n<\/div>\n<div id=\"post-71472\" class=\"entry single-default post-71472 post type-post status-publish format-standard has-post-thumbnail hentry category-info\">\n<p>La Babadag, Ziua Drapelului a fost marcat\u0103 de un ceremonial militar \u0219i unul religios \u00een prezen\u021ba conducerii prim\u0103riei \u0219i a cet\u0103\u021benilor care au \u00eenfruntat canicula pentru a participa la aceast\u0103 important\u0103 s\u0103rb\u0103toare. <\/p>\n<figure class=\"wp-block-image size-full is-resized\">\n<source type=\"image\/webp\" data-lazy-srcset=\"https:\/\/dobrogeanews.b-cdn.net\/wp-content\/uploads\/2026\/06\/babadag2.jpg.webp 2560w, https:\/\/dobrogeanews.b-cdn.net\/wp-content\/uploads\/2026\/06\/babadag2-300x246.jpg.webp 300w, https:\/\/dobrogeanews.b-cdn.net\/wp-content\/uploads\/2026\/06\/babadag2-1024x840.jpg.webp 1024w, https:\/\/dobrogeanews.b-cdn.net\/wp-content\/uploads\/2026\/06\/babadag2-768x630.jpg.webp 768w, https:\/\/dobrogeanews.b-cdn.net\/wp-content\/uploads\/2026\/06\/babadag2-1536x1260.jpg.webp 1536w, https:\/\/dobrogeanews.b-cdn.net\/wp-content\/uploads\/2026\/06\/babadag2-2048x1680.jpg.webp 2048w\" sizes=\"(max-width: 640px) 100vw, 640px\" \/><br \/>\n<img loading=\"lazy\" decoding=\"async\" src=\"https:\/\/dobrogeanews.b-cdn.net\/wp-content\/uploads\/2026\/06\/babadag2.jpg\" alt=\"\" width=\"640\" height=\"525\"><\/figure>\n<p>\u201eAst\u0103zi este Ziua Drapelului Na\u021bional, simbol drag al unit\u0103\u021bii \u0219i identit\u0103\u021bii na\u021bionale, zi pe care o dedic\u0103m \u00een esen\u021b\u0103 tuturor celor care, de-a lungul timpului, au f\u0103cut cinste Rom\u00e2niei \u0219i Tricolorului. Tricolorul reprezint\u0103 istoria noastr\u0103 \u0219i \u00eentregul popor, cu oameni care ne-au dat de at\u00e2tea ori prilejul s\u0103 ne m\u00e2ndrim c\u0103 suntem rom\u00e2ni.<\/p>\n<p>\u00a0Sunt to\u021bi eroi rom\u00e2ni care s-au jertfit sau au luptat pentru ap\u0103rarea p\u0103m\u00e2ntului rom\u00e2nesc, pentru libertate \u0219i democra\u021bie, sunt to\u021bi cei care \u00een vremurile noastre \u00ee\u0219i fac datoria cu profesionalism \u0219i curaj \u00een diferite teatre de opera\u021biuni \u0219i \u00een misiuni interna\u021bionale sau aici, acas\u0103, \u00een slujba oamenilor.<\/p>\n<figure class=\"wp-block-image size-full is-resized\">\n<source type=\"image\/webp\" data-lazy-srcset=\"https:\/\/dobrogeanews.b-cdn.net\/wp-content\/uploads\/2026\/06\/babadag1.jpg.webp 2560w, https:\/\/dobrogeanews.b-cdn.net\/wp-content\/uploads\/2026\/06\/babadag1-300x246.jpg.webp 300w, https:\/\/dobrogeanews.b-cdn.net\/wp-content\/uploads\/2026\/06\/babadag1-1024x840.jpg.webp 1024w, https:\/\/dobrogeanews.b-cdn.net\/wp-content\/uploads\/2026\/06\/babadag1-768x630.jpg.webp 768w, https:\/\/dobrogeanews.b-cdn.net\/wp-content\/uploads\/2026\/06\/babadag1-1536x1260.jpg.webp 1536w, https:\/\/dobrogeanews.b-cdn.net\/wp-content\/uploads\/2026\/06\/babadag1-2048x1680.jpg.webp 2048w\" sizes=\"(max-width: 640px) 100vw, 640px\" \/><br \/>\n<img loading=\"lazy\" decoding=\"async\" src=\"https:\/\/dobrogeanews.b-cdn.net\/wp-content\/uploads\/2026\/06\/babadag1.jpg\" alt=\"\" width=\"640\" height=\"525\"><\/figure>\n<p>\u00a0La Monumentul Eroilor din Parcul Central Babadag, a avut loc ceremonialul de arborare a drapelului, ocazie cu care s-a oficiat ceremonialul militar \u0219i religios. Am participat la acest eveniment cu g\u00e2ndul la eroii neamului nostru care au luptat sub cele trei culori: <\/p>\n<p>ALBASTRU- libertate, credin\u021b\u0103, frumuse\u021be, via\u021b\u0103,<\/p>\n<p>GALBEN-bogatia \u0219i for\u021ba \u021b\u0103rii, noble\u021bea \u0219i puritatea,<\/p>\n<p>RO\u0218U- s\u00e2ngele v\u0103rsat, curajul \u0219i dragostea de neam!<\/p>\n<figure class=\"wp-block-image size-full is-resized\">\n<source type=\"image\/webp\" data-lazy-srcset=\"https:\/\/dobrogeanews.b-cdn.net\/wp-content\/uploads\/2026\/06\/babadag3.jpg.webp 2560w, https:\/\/dobrogeanews.b-cdn.net\/wp-content\/uploads\/2026\/06\/babadag3-300x217.jpg.webp 300w, https:\/\/dobrogeanews.b-cdn.net\/wp-content\/uploads\/2026\/06\/babadag3-1024x740.jpg.webp 1024w, https:\/\/dobrogeanews.b-cdn.net\/wp-content\/uploads\/2026\/06\/babadag3-768x555.jpg.webp 768w, https:\/\/dobrogeanews.b-cdn.net\/wp-content\/uploads\/2026\/06\/babadag3-1536x1109.jpg.webp 1536w, https:\/\/dobrogeanews.b-cdn.net\/wp-content\/uploads\/2026\/06\/babadag3-2048x1479.jpg.webp 2048w\" sizes=\"(max-width: 640px) 100vw, 640px\" \/><br \/>\n<img loading=\"lazy\" decoding=\"async\" src=\"https:\/\/dobrogeanews.b-cdn.net\/wp-content\/uploads\/2026\/06\/babadag3.jpg\" alt=\"\" width=\"640\" height=\"462\"><\/figure>\n<p>Cu ad\u00e2nc\u0103 recuno\u0219tin\u021b\u0103 \u0219i respectul cuvenit fa\u021b\u0103 de simbolurile noastre na\u021bionale: La mul\u021bi ani, de Ziua Drapelului! La mul\u021bi ani, Rom\u00e2nia! La mul\u021bi ani, rom\u00e2ni!\u201d a spus primarul ora\u0219ului Babadag, Georgian Caraman, \u00eentr-o scurt\u0103 alocu\u021biune.<\/p>\n<\/div>\n<p>[analyse_source url=&#8221;https:\/\/www.dobrogeanews.ro\/babadag-ziua-drapelului-national-marcata-prin-ceremonial-militar-si-religios\/&#8221;]<\/p>\n","protected":false},"excerpt":{"rendered":"<p>[analyse_image type=&#8221;featured&#8221; src=&#8221;https:\/\/dobrogeanews.b-cdn.net\/wp-content\/uploads\/2026\/06\/babadag2.jpg&#8221;] La Babadag, Ziua Drapelului a fost marcat\u0103 de un ceremonial militar \u0219i unul religios \u00een prezen\u021ba conducerii prim\u0103riei \u0219i a cet\u0103\u021benilor care au \u00eenfruntat canicula pentru a participa la aceast\u0103 important\u0103 s\u0103rb\u0103toare. \u201eAst\u0103zi este Ziua Drapelului Na\u021bional, simbol drag al unit\u0103\u021bii \u0219i identit\u0103\u021bii na\u021bionale, zi pe care o dedic\u0103m \u00een esen\u021b\u0103 tuturor [&hellip;]<\/p>\n","protected":false},"author":1,"featured_media":0,"comment_status":"open","ping_status":"","sticky":false,"template":"","format":"standard","meta":{"footnotes":""},"categories":[89],"tags":[226,223],"class_list":["post-2012415","post","type-post","status-publish","format-standard","hentry","category-romania","tag-crawlmanager","tag-dobrogeanews-ro"],"_links":{"self":[{"href":"https:\/\/analyse.optim.biz\/index.php?rest_route=\/wp\/v2\/posts\/2012415","targetHints":{"allow":["GET"]}}],"collection":[{"href":"https:\/\/analyse.optim.biz\/index.php?rest_route=\/wp\/v2\/posts"}],"about":[{"href":"https:\/\/analyse.optim.biz\/index.php?rest_route=\/wp\/v2\/types\/post"}],"author":[{"embeddable":true,"href":"https:\/\/analyse.optim.biz\/index.php?rest_route=\/wp\/v2\/users\/1"}],"replies":[{"embeddable":true,"href":"https:\/\/analyse.optim.biz\/index.php?rest_route=%2Fwp%2Fv2%2Fcomments&post=2012415"}],"version-history":[{"count":0,"href":"https:\/\/analyse.optim.biz\/index.php?rest_route=\/wp\/v2\/posts\/2012415\/revisions"}],"wp:attachment":[{"href":"https:\/\/analyse.optim.biz\/index.php?rest_route=%2Fwp%2Fv2%2Fmedia&parent=2012415"}],"wp:term":[{"taxonomy":"category","embeddable":true,"href":"https:\/\/analyse.optim.biz\/index.php?rest_route=%2Fwp%2Fv2%2Fcategories&post=2012415"},{"taxonomy":"post_tag","embeddable":true,"href":"https:\/\/analyse.optim.biz\/index.php?rest_route=%2Fwp%2Fv2%2Ftags&post=2012415"}],"curies":[{"name":"wp","href":"https:\/\/api.w.org\/{rel}","templated":true}]}}