{"id":201125,"date":"2014-07-09T14:42:28","date_gmt":"2014-07-09T11:42:28","guid":{"rendered":"https:\/\/analyse.optim.biz\/?p=201125"},"modified":"2014-07-09T14:42:28","modified_gmt":"2014-07-09T11:42:28","slug":"victor-ponta-romanii-nu-sunt-europeni-de-rangul-doi","status":"publish","type":"post","link":"https:\/\/analyse.optim.biz\/?p=201125","title":{"rendered":"Victor Ponta: Rom\u00e2nii nu sunt europeni de rangul doi"},"content":{"rendered":"<div class=\"entry data-app-meta data-app-meta-article\" data-embed-base-url-canonical=\"https:\/\/www.digi24.ro\/embed\/stiri\/actualitate\/politica\/victor-ponta-romanii-nu-sunt-europeni-de-rangul-doi-267063\">\n<p data-index=\"1\">El le-a spus mini\u015ftrilor, miercuri, \u00een \u015fedin\u0163a s\u0103pt\u0103m\u00e2nal\u0103 a Executivului, c\u0103, \u00eentr-un interviu acordat cotidianului brittanic The Times, a exprimat pozi\u0163ia Rom\u00e2niei \u00een ceea ce prive\u015fte tratamentul egal al tuturor cet\u0103\u0163enilor apar\u0163in\u00e2nd statelor membre.<\/p>\n<p data-index=\"2\">&#8220;<strong>Nu suntem cet\u0103\u0163eni europeni de rangul doi, nu ne interzice nimeni \u015fi nu introduce nimeni cote de rom\u00e2ni<\/strong>. Dac\u0103 suntem cet\u0103\u0163eni europeni, suntem to\u0163i egali, \u015fi britanici, \u015fi rom\u00e2ni, \u015fi orice altceva, \u015fi nicio ini\u0163iativ\u0103 a unui guvern &#8211; \u015fi am zis asta \u00een The Times, sunt convins c\u0103 a auzit acel guvern &#8211; nu va fi acceptat\u0103 de Rom\u00e2nia. Dac\u0103 suntem egali, chiar suntem egali, nu sunt unii mai egali dec\u00e2t al\u0163ii \u015fi, din tot ce \u015ftiu eu, rom\u00e2nii care lucreaz\u0103 \u015fi \u00een Marea Britanie, \u015fi \u00een Germania, \u015fi \u00een Fran\u0163a, lucreaz\u0103 din greu, pl\u0103tesc taxe, sprijin\u0103 dezvoltarea acelei societ\u0103\u0163i la fel cum se \u00eent\u00e2mpl\u0103 cu britanicii sau germanii care lucreaz\u0103 \u00een Rom\u00e2nia, de aia suntem to\u0163i europeni&#8221;, le-a spus Ponta mini\u015ftrilor.<\/p>\n<p data-index=\"3\">El le-a cerut acestora s\u0103 comunice pozi\u0163ia Rom\u00e2niei \u00een cadrul \u00eent\u00e2lnirilor pe care le au la nivel europen, ad\u0103ug\u00e2nd c\u0103 ar avea aceea\u015fi recomandare \u015fi pentru \u015feful statului, dar c\u0103 a observat c\u0103 acesta &#8220;nu prea vorbe\u015fte cu nimeni&#8221; la Bruxelles.<\/p>\n<p data-index=\"4\">&#8220;O s\u0103 v\u0103 rog pe to\u0163i mini\u015ftrii care participa\u0163i la diverse reuniuni europene s\u0103 reitera\u0163i foarte clar aceast\u0103 pozi\u0163ie a Rom\u00e2niei. L-a\u015f ruga \u015fi pe domnul pre\u015fedinte, care se mai duce \u015fi d\u00e2nsul pe la Bruxelles, dar am v\u0103zut c\u0103 nu prea vorbe\u015fte cu nimeni \u015fi, atunci, am s\u0103 transmit eu aceast\u0103 pozi\u0163ie a Rom\u00e2niei&#8221;, a spus Ponta. \u00a0<\/p>\n<\/div>\n<p> Source URL: https:\/\/www.digi24.ro\/stiri\/actualitate\/politica\/victor-ponta-romanii-nu-sunt-europeni-de-rangul-doi-267063<\/p>\n","protected":false},"excerpt":{"rendered":"<p>El le-a spus mini\u015ftrilor, miercuri, \u00een \u015fedin\u0163a s\u0103pt\u0103m\u00e2nal\u0103 a Executivului, c\u0103, \u00eentr-un interviu acordat cotidianului brittanic The Times, a exprimat pozi\u0163ia Rom\u00e2niei \u00een ceea ce prive\u015fte tratamentul egal al tuturor cet\u0103\u0163enilor apar\u0163in\u00e2nd statelor membre. &#8220;Nu suntem cet\u0103\u0163eni europeni de rangul doi, nu ne interzice nimeni \u015fi nu introduce nimeni cote de rom\u00e2ni. Dac\u0103 suntem cet\u0103\u0163eni [&hellip;]<\/p>\n","protected":false},"author":1,"featured_media":201126,"comment_status":"open","ping_status":"","sticky":false,"template":"","format":"standard","meta":{"footnotes":""},"categories":[2],"tags":[11],"class_list":["post-201125","post","type-post","status-publish","format-standard","has-post-thumbnail","hentry","category-politics","tag-digi24"],"_links":{"self":[{"href":"https:\/\/analyse.optim.biz\/index.php?rest_route=\/wp\/v2\/posts\/201125","targetHints":{"allow":["GET"]}}],"collection":[{"href":"https:\/\/analyse.optim.biz\/index.php?rest_route=\/wp\/v2\/posts"}],"about":[{"href":"https:\/\/analyse.optim.biz\/index.php?rest_route=\/wp\/v2\/types\/post"}],"author":[{"embeddable":true,"href":"https:\/\/analyse.optim.biz\/index.php?rest_route=\/wp\/v2\/users\/1"}],"replies":[{"embeddable":true,"href":"https:\/\/analyse.optim.biz\/index.php?rest_route=%2Fwp%2Fv2%2Fcomments&post=201125"}],"version-history":[{"count":0,"href":"https:\/\/analyse.optim.biz\/index.php?rest_route=\/wp\/v2\/posts\/201125\/revisions"}],"wp:featuredmedia":[{"embeddable":true,"href":"https:\/\/analyse.optim.biz\/index.php?rest_route=\/wp\/v2\/media\/201126"}],"wp:attachment":[{"href":"https:\/\/analyse.optim.biz\/index.php?rest_route=%2Fwp%2Fv2%2Fmedia&parent=201125"}],"wp:term":[{"taxonomy":"category","embeddable":true,"href":"https:\/\/analyse.optim.biz\/index.php?rest_route=%2Fwp%2Fv2%2Fcategories&post=201125"},{"taxonomy":"post_tag","embeddable":true,"href":"https:\/\/analyse.optim.biz\/index.php?rest_route=%2Fwp%2Fv2%2Ftags&post=201125"}],"curies":[{"name":"wp","href":"https:\/\/api.w.org\/{rel}","templated":true}]}}