{"id":2011225,"date":"2026-06-25T13:31:20","date_gmt":"2026-06-25T10:31:20","guid":{"rendered":"https:\/\/analyse.optim.biz\/?p=2011225"},"modified":"2026-06-25T13:31:20","modified_gmt":"2026-06-25T10:31:20","slug":"p-lungu-psdoameni-mincinosi-si-fara-carcter","status":"publish","type":"post","link":"https:\/\/analyse.optim.biz\/?p=2011225","title":{"rendered":"(P) Lungu, PSD:\u201dOameni mincino\u0219i \u0219i f\u0103r\u0103 carcter.\u201d"},"content":{"rendered":"<p>[analyse_image type=&#8221;featured&#8221; src=&#8221;https:\/\/buzaulinreportaje.ro\/wp-content\/uploads\/2026\/06\/Romeo-L.jpeghttps:\/\/buzaulinreportaje.ro\/wp-content\/uploads\/2026\/06\/Romeo-L.jpeg&#8221;]<\/p>\n<div class=\"entry-content herald-entry-content\">\n<p class=\"has-large-font-size wp-block-paragraph\">Este declara\u021bia scris\u0103 pe propria pagin\u0103 de socializare de c\u0103tre liderul social-democrat de la Buz\u0103u, propus \u00een Guvernul Adrian Ve\u0219tea pentru Ministerul Administra\u021biei Publice \u0219i Dezvolt\u0103rii. Deputatul Romeo Lungu a avut parte \u00een cele c\u00e2teva zile care au trecut de la propunerea sa ca ministru \u00een acest Guvern, de o sum\u0103 imens\u0103 de oprobriu public manifestat \u00een fel \u0219i chip \u0219i care a culminat dup\u0103 audierea \u00een comisiile consultative ale Parlamentului cu acuza\u021bia lipsei de studii universitare, fapt probat tot public de social-democrat cu prezentarea diplomei. <\/p>\n<div class=\"wp-block-image\">\n<figure class=\"aligncenter size-full\"><img loading=\"lazy\" decoding=\"async\" width=\"526\" height=\"789\" src=\"https:\/\/buzaulinreportaje.ro\/wp-content\/uploads\/2026\/06\/Romeo-L.jpeg\" alt class=\"wp-image-28510\"><\/figure>\n<\/div>\n<p class=\"has-text-align-center has-large-font-size wp-block-paragraph\"><em>Oameni mincino\u0219i \u0219i f\u0103r\u0103 caracter<\/em>, <\/p>\n<p class=\"has-large-font-size wp-block-paragraph\">spune liderul filialei PSD de la Buz\u0103u, \u00een textul postat ast\u0103zi \u00een mediul de socializare, o tribun\u0103 devenit\u0103 lejer\u0103 pentru a comunica mai ales cu aleg\u0103torii. Iat\u0103 continuarea textului\u2026<\/p>\n<p class=\"has-large-font-size wp-block-paragraph\">Asta am v\u0103zut \u00een ultimele zile din partea unor oameni politici f\u0103r\u0103 coloan\u0103 vertebral\u0103.<\/p>\n<p class=\"has-large-font-size wp-block-paragraph\"><em>\u00cen comisia parlamentar\u0103, un reprezentant USR a afirmat c\u0103 una dintre institu\u021biile de \u00eenv\u0103\u021b\u0103m\u00e2nt pe care le-am absolvit nu ar fi existat. A spus-o ap\u0103sat, convins c\u0103 o minciun\u0103 spus\u0103 \u00een fa\u021ba camerelor de filmat va fi preluat\u0103 mai repede dec\u00e2t adev\u0103rul.<\/em><\/p>\n<p class=\"has-large-font-size wp-block-paragraph\"><em>Doar c\u0103 documentele au ap\u0103rut. Institu\u021bia a existat. Diploma exist\u0103. Studiile exist\u0103.<\/em><\/p>\n<p class=\"has-large-font-size wp-block-paragraph\"><em>Orice om de bun\u0103-credin\u021b\u0103 ar fi recunoscut c\u0103 a gre\u0219it \u0219i ar fi mers mai depart<\/em>e.<\/p>\n<p class=\"has-text-align-center has-large-font-size wp-block-paragraph\"><em>Nu \u0219i USR.<\/em><\/p>\n<p class=\"has-large-font-size wp-block-paragraph\"><em>Au continuat cu post\u0103ri, filmule\u021be \u0219i insinu\u0103ri, \u00eencerc\u00e2nd s\u0103 \u021bin\u0103 \u00een via\u021b\u0103 o minciun\u0103 deja demontat\u0103 de documente oficiale. Partidul care vorbe\u0219te \u00een fiecare zi despre manipulare \u0219i fake news a demonstrat, din nou, c\u0103 la asta se pricepe cel mai bine. Forme f\u0103r\u0103 fond.<\/em><\/p>\n<p class=\"has-large-font-size wp-block-paragraph\"><em>\u00cen aceea\u0219i not\u0103, domnul Constantin Toma a ales s\u0103 m\u0103 prezinte drept \u201emuncitor necalificat\u201d.<\/em><\/p>\n<p class=\"has-large-font-size wp-block-paragraph\"><em>Chiar dac\u0103 nu este adev\u0103rat, nu m\u0103 deranjeaz\u0103 deloc. Vin dintr-o familie de rom\u00e2ni f\u0103r\u0103 posibilit\u0103\u021bi, la fel ca cei mai mul\u021bi dintre cei pe care \u00eei reprezint \u00een Parlament. Am muncit \u0219i sunt m\u00e2ndru de asta. Sunt m\u00e2ndru de tot parcursul meu profesional \u0219i educa\u021bional.<\/em><\/p>\n<p class=\"has-large-font-size wp-block-paragraph\"><em>Am absolvit institu\u021biile de \u00eenv\u0103\u021b\u0103m\u00e2nt pe care le-am trecut \u00een CV, inclusiv Academia de Studii Economice din Bucure\u0219ti, specializarea Administra\u021bie Public\u0103, \u0219i un program de master<\/em>.<\/p>\n<p class=\"has-large-font-size wp-block-paragraph\"><em>Mai important dec\u00e2t orice diplom\u0103 este faptul c\u0103 nu am uitat niciodat\u0103 de unde am plecat \u0219i c\u0103 respect fiecare om care \u00ee\u0219i c\u00e2\u0219tig\u0103 existen\u021ba prin munc\u0103 cinstit\u0103, indiferent de studiile pe care le are.<\/em><\/p>\n<p class=\"has-large-font-size wp-block-paragraph\"><em>Nu pot respecta minciuna, manipularea \u0219i calomnia.<\/em><\/p>\n<p class=\"has-large-font-size wp-block-paragraph\"><em>Despre domnul Toma, ne-am convins de mult. Aproape c\u0103 nu mai surprinde pe nimeni c\u00e2nd atac\u0103 fo\u0219ti colegi, actuali colegi, oameni care l-au sus\u021binut \u0219i ridicat sau propriul partid.<\/em><\/p>\n<p class=\"has-large-font-size wp-block-paragraph\"><em>M\u0103 surprinde, \u00eens\u0103, c\u00e2t de repede au ajuns unii s\u0103 manipuleze realitatea atunci c\u00e2nd minciuna le serve\u0219te interesele politice.<\/em><\/p>\n<p class=\"has-large-font-size wp-block-paragraph\"><em>Eu r\u0103m\u00e2n la fapte. Ele exist\u0103, sunt publice \u0219i pot fi verificate de oricine.<\/em><\/p>\n<p class=\"has-large-font-size wp-block-paragraph\">Minciunile fac zgomot. Adev\u0103rul r\u0103m\u00e2ne.<\/p>\n<div class=\"herald-share-content\">\n<div class=\"meks_ess layout-5-1 transparent no-labels solid\"><a href=\"https:\/\/buzaulinreportaje.ro\/p-lungu-psdoameni-mincinosi-si-fara-carcter\/\" class=\"meks_ess-item socicon-facebook\" data-url=\"http:\/\/www.facebook.com\/sharer\/sharer.php?u=https%3A%2F%2Fbuzaulinreportaje.ro%2Fp-lungu-psdoameni-mincinosi-si-fara-carcter%2F&amp;t=%28P%29%20Lungu%2C%20PSD%3A%E2%80%9DOameni%20mincino%C8%99i%20%C8%99i%20f%C4%83r%C4%83%20carcter.%E2%80%9D\"><span>Facebook<\/span><\/a><a href=\"https:\/\/api.whatsapp.com\/send?text=%28P%29%20Lungu%2C%20PSD%3A%E2%80%9DOameni%20mincino%C8%99i%20%C8%99i%20f%C4%83r%C4%83%20carcter.%E2%80%9D%20https%3A%2F%2Fbuzaulinreportaje.ro%2Fp-lungu-psdoameni-mincinosi-si-fara-carcter%2F\" class=\"meks_ess-item socicon-whatsapp prevent-share-popup\"><span>WhatsApp<\/span><\/a><a href=\"https:\/\/buzaulinreportaje.ro\/p-lungu-psdoameni-mincinosi-si-fara-carcter\/\" class=\"meks_ess-item socicon-twitter\" data-url=\"http:\/\/twitter.com\/intent\/tweet?url=https%3A%2F%2Fbuzaulinreportaje.ro%2Fp-lungu-psdoameni-mincinosi-si-fara-carcter%2F&amp;text=%28P%29%20Lungu%2C%20PSD%3A%E2%80%9DOameni%20mincino%C8%99i%20%C8%99i%20f%C4%83r%C4%83%20carcter.%E2%80%9D\"><span>X<\/span><\/a><\/div>\n<\/div>\n<\/div>\n<p>[analyse_source url=&#8221;https:\/\/buzaulinreportaje.ro\/p-lungu-psdoameni-mincinosi-si-fara-carcter\/&#8221;]<\/p>\n","protected":false},"excerpt":{"rendered":"<p>[analyse_image type=&#8221;featured&#8221; src=&#8221;https:\/\/buzaulinreportaje.ro\/wp-content\/uploads\/2026\/06\/Romeo-L.jpeghttps:\/\/buzaulinreportaje.ro\/wp-content\/uploads\/2026\/06\/Romeo-L.jpeg&#8221;] Este declara\u021bia scris\u0103 pe propria pagin\u0103 de socializare de c\u0103tre liderul social-democrat de la Buz\u0103u, propus \u00een Guvernul Adrian Ve\u0219tea pentru Ministerul Administra\u021biei Publice \u0219i Dezvolt\u0103rii. Deputatul Romeo Lungu a avut parte \u00een cele c\u00e2teva zile care au trecut de la propunerea sa ca ministru \u00een acest Guvern, de o sum\u0103 imens\u0103 [&hellip;]<\/p>\n","protected":false},"author":1,"featured_media":0,"comment_status":"open","ping_status":"","sticky":false,"template":"","format":"standard","meta":{"footnotes":""},"categories":[2],"tags":[59,226],"class_list":["post-2011225","post","type-post","status-publish","format-standard","hentry","category-politics","tag-buzaulinreportaje-ro","tag-crawlmanager"],"_links":{"self":[{"href":"https:\/\/analyse.optim.biz\/index.php?rest_route=\/wp\/v2\/posts\/2011225","targetHints":{"allow":["GET"]}}],"collection":[{"href":"https:\/\/analyse.optim.biz\/index.php?rest_route=\/wp\/v2\/posts"}],"about":[{"href":"https:\/\/analyse.optim.biz\/index.php?rest_route=\/wp\/v2\/types\/post"}],"author":[{"embeddable":true,"href":"https:\/\/analyse.optim.biz\/index.php?rest_route=\/wp\/v2\/users\/1"}],"replies":[{"embeddable":true,"href":"https:\/\/analyse.optim.biz\/index.php?rest_route=%2Fwp%2Fv2%2Fcomments&post=2011225"}],"version-history":[{"count":0,"href":"https:\/\/analyse.optim.biz\/index.php?rest_route=\/wp\/v2\/posts\/2011225\/revisions"}],"wp:attachment":[{"href":"https:\/\/analyse.optim.biz\/index.php?rest_route=%2Fwp%2Fv2%2Fmedia&parent=2011225"}],"wp:term":[{"taxonomy":"category","embeddable":true,"href":"https:\/\/analyse.optim.biz\/index.php?rest_route=%2Fwp%2Fv2%2Fcategories&post=2011225"},{"taxonomy":"post_tag","embeddable":true,"href":"https:\/\/analyse.optim.biz\/index.php?rest_route=%2Fwp%2Fv2%2Ftags&post=2011225"}],"curies":[{"name":"wp","href":"https:\/\/api.w.org\/{rel}","templated":true}]}}