{"id":2011222,"date":"2026-06-25T13:43:36","date_gmt":"2026-06-25T10:43:36","guid":{"rendered":"https:\/\/analyse.optim.biz\/?p=2011222"},"modified":"2026-06-25T13:43:36","modified_gmt":"2026-06-25T10:43:36","slug":"p-hope-and-homes-for-children-romania-si-consiliul-judetean-buzau-vor-construi-locuinte-pentru-tineri-cu-dizabilitati-severe","status":"publish","type":"post","link":"https:\/\/analyse.optim.biz\/?p=2011222","title":{"rendered":"(P) Hope and Homes for Children Romania si Consiliul Jude\u021bean Buz\u0103u vor construi locuin\u021be pentru tineri cu dizabilit\u0103\u021bi severe"},"content":{"rendered":"<p>[analyse_image type=&#8221;featured&#8221; src=&#8221;https:\/\/buzaulinreportaje.ro\/wp-content\/uploads\/2026\/06\/hope-2.pnghttps:\/\/buzaulinreportaje.ro\/wp-content\/uploads\/2026\/06\/hope-2.png&#8221;]<\/p>\n<div class=\"entry-content herald-entry-content\">\n<p class=\"wp-block-paragraph\"><strong>COMUNICAT DE PRES\u0102<\/strong><\/p>\n<p class=\"wp-block-paragraph\"><strong>Hope and Homes for Children Romania<\/strong><\/p>\n<p class=\"wp-block-paragraph\">Consiliul Jude\u021bean Buz\u0103u, Direc\u021bia General\u0103 de Asisten\u021b\u0103 Social\u0103 \u0219i Protec\u021bia Copilului Buz\u0103u \u0219i Funda\u021bia \u201eHope and Homes for Children\u201d Rom\u00e2nia s-au asociat, prin Hot\u0103r\u00e2rea Consiliului Jude\u021bean Buz\u0103u nr. 263\/2022, pentru construirea \u0219i dotarea unor locuin\u021be de tip familial destinate copiilor \u0219i tinerilor afla\u021bi \u00een prezent \u00een Centrul reziden\u021bial pentru copilul cu handicap sever nr. 8 Buz\u0103u. Odat\u0103 finalizat proiectul, acest centru va fi \u00eenchis.<\/p>\n<figure class=\"wp-block-gallery has-nested-images columns-default is-cropped wp-block-gallery-1 is-layout-flex wp-block-gallery-is-layout-flex\">\n<figure class=\"wp-block-image\"><img loading=\"lazy\" decoding=\"async\" width=\"1024\" height=\"576\" src=\"https:\/\/buzaulinreportaje.ro\/wp-content\/uploads\/2026\/04\/CJBuzau-1.png\" alt class=\"wp-image-28087\"><\/figure>\n<figure class=\"wp-block-image size-full\"><img decoding=\"async\" loading=\"lazy\" width=\"300\" height=\"300\" src=\"https:\/\/buzaulinreportaje.ro\/wp-content\/uploads\/2026\/06\/hope-2.png\" alt class=\"wp-image-28520\"><\/figure>\n<\/figure>\n<p class=\"wp-block-paragraph\">M\u0103sura reprezint\u0103 o prioritate asumat\u0103 de toate p\u0103r\u021bile implicate. Funda\u021bia suport\u0103 integral costurile de proiectare, construire \u0219i dotare a celor dou\u0103 imobile, pe care, la finalizare, le va dona Jude\u021bului Buz\u0103u, prin Consiliul Jude\u021bean. La r\u00e2ndul lor, Consiliul Jude\u021bean \u0219i DGASPC Buz\u0103u au identificat \u0219i pus la dispozi\u021bie terenul necesar: prin Hot\u0103r\u00e2rea nr. 71\/2023, a fost transmis \u00een administrarea DGASPC Buz\u0103u un teren de 3.885 mp, proprietate public\u0103 a jude\u021bului, situat \u00een ora\u0219ul P\u0103t\u00e2rlagele \u2013 Sibiciu de Sus.<\/p>\n<p class=\"wp-block-paragraph\">De la semnarea conven\u021biei tripartite, Funda\u021bia \u0219i DGASPC Buz\u0103u au evaluat nevoile individuale ale celor 35 de copii \u0219i tineri cu handicap sever, cu v\u00e2rste \u00eentre 15 \u0219i 23 de ani, g\u0103zdui\u021bi \u00een centru, \u0219i au stabilit pentru fiecare solu\u021bia potrivit\u0103: integrare \u00een familie, plasament la asistent maternal profesionist sau transfer \u00eentr-o cas\u0103 de tip familial ori \u00eentr-o locuin\u021b\u0103 maxim protejat\u0103.<\/p>\n<p class=\"wp-block-paragraph\">Locuin\u021bele construite pe terenul pus la dispozi\u021bie de Consiliul Jude\u021bean vor respecta standardele \u00een vigoare \u0219i vor func\u021biona \u00een structura DGASPC Buz\u0103u. Acest proiect marcheaz\u0103 \u00eenchiderea ultimului centru de plasament pentru copii din jude\u021bul Buz\u0103u.<\/p>\n<div class=\"herald-share-content\">\n<div class=\"meks_ess layout-5-1 transparent no-labels solid\"><a href=\"https:\/\/buzaulinreportaje.ro\/p-hope-and-homes-for-children-romania-si-consiliul-judetean-buzau-vor-construi-locuinte-pentru-tineri-cu-dizabilitati-severe\/\" class=\"meks_ess-item socicon-facebook\" data-url=\"http:\/\/www.facebook.com\/sharer\/sharer.php?u=https%3A%2F%2Fbuzaulinreportaje.ro%2Fp-hope-and-homes-for-children-romania-si-consiliul-judetean-buzau-vor-construi-locuinte-pentru-tineri-cu-dizabilitati-severe%2F&amp;t=%28P%29%20Hope%20and%20Homes%20for%20Children%20Romania%20si%20Consiliul%20Jude%C8%9Bean%20Buz%C4%83u%20vor%20construi%20locuin%C8%9Be%20pentru%20tineri%20cu%20dizabilit%C4%83%C8%9Bi%20severe\"><span>Facebook<\/span><\/a><a href=\"https:\/\/api.whatsapp.com\/send?text=%28P%29%20Hope%20and%20Homes%20for%20Children%20Romania%20si%20Consiliul%20Jude%C8%9Bean%20Buz%C4%83u%20vor%20construi%20locuin%C8%9Be%20pentru%20tineri%20cu%20dizabilit%C4%83%C8%9Bi%20severe%20https%3A%2F%2Fbuzaulinreportaje.ro%2Fp-hope-and-homes-for-children-romania-si-consiliul-judetean-buzau-vor-construi-locuinte-pentru-tineri-cu-dizabilitati-severe%2F\" class=\"meks_ess-item socicon-whatsapp prevent-share-popup\"><span>WhatsApp<\/span><\/a><a href=\"https:\/\/buzaulinreportaje.ro\/p-hope-and-homes-for-children-romania-si-consiliul-judetean-buzau-vor-construi-locuinte-pentru-tineri-cu-dizabilitati-severe\/\" class=\"meks_ess-item socicon-twitter\" data-url=\"http:\/\/twitter.com\/intent\/tweet?url=https%3A%2F%2Fbuzaulinreportaje.ro%2Fp-hope-and-homes-for-children-romania-si-consiliul-judetean-buzau-vor-construi-locuinte-pentru-tineri-cu-dizabilitati-severe%2F&amp;text=%28P%29%20Hope%20and%20Homes%20for%20Children%20Romania%20si%20Consiliul%20Jude%C8%9Bean%20Buz%C4%83u%20vor%20construi%20locuin%C8%9Be%20pentru%20tineri%20cu%20dizabilit%C4%83%C8%9Bi%20severe\"><span>X<\/span><\/a><\/div>\n<\/div>\n<\/div>\n<p>[analyse_source url=&#8221;https:\/\/buzaulinreportaje.ro\/p-hope-and-homes-for-children-romania-si-consiliul-judetean-buzau-vor-construi-locuinte-pentru-tineri-cu-dizabilitati-severe\/&#8221;]<\/p>\n","protected":false},"excerpt":{"rendered":"<p>[analyse_image type=&#8221;featured&#8221; src=&#8221;https:\/\/buzaulinreportaje.ro\/wp-content\/uploads\/2026\/06\/hope-2.pnghttps:\/\/buzaulinreportaje.ro\/wp-content\/uploads\/2026\/06\/hope-2.png&#8221;] COMUNICAT DE PRES\u0102 Hope and Homes for Children Romania Consiliul Jude\u021bean Buz\u0103u, Direc\u021bia General\u0103 de Asisten\u021b\u0103 Social\u0103 \u0219i Protec\u021bia Copilului Buz\u0103u \u0219i Funda\u021bia \u201eHope and Homes for Children\u201d Rom\u00e2nia s-au asociat, prin Hot\u0103r\u00e2rea Consiliului Jude\u021bean Buz\u0103u nr. 263\/2022, pentru construirea \u0219i dotarea unor locuin\u021be de tip familial destinate copiilor \u0219i tinerilor afla\u021bi [&hellip;]<\/p>\n","protected":false},"author":1,"featured_media":0,"comment_status":"open","ping_status":"","sticky":false,"template":"","format":"standard","meta":{"footnotes":""},"categories":[2],"tags":[59,226],"class_list":["post-2011222","post","type-post","status-publish","format-standard","hentry","category-politics","tag-buzaulinreportaje-ro","tag-crawlmanager"],"_links":{"self":[{"href":"https:\/\/analyse.optim.biz\/index.php?rest_route=\/wp\/v2\/posts\/2011222","targetHints":{"allow":["GET"]}}],"collection":[{"href":"https:\/\/analyse.optim.biz\/index.php?rest_route=\/wp\/v2\/posts"}],"about":[{"href":"https:\/\/analyse.optim.biz\/index.php?rest_route=\/wp\/v2\/types\/post"}],"author":[{"embeddable":true,"href":"https:\/\/analyse.optim.biz\/index.php?rest_route=\/wp\/v2\/users\/1"}],"replies":[{"embeddable":true,"href":"https:\/\/analyse.optim.biz\/index.php?rest_route=%2Fwp%2Fv2%2Fcomments&post=2011222"}],"version-history":[{"count":0,"href":"https:\/\/analyse.optim.biz\/index.php?rest_route=\/wp\/v2\/posts\/2011222\/revisions"}],"wp:attachment":[{"href":"https:\/\/analyse.optim.biz\/index.php?rest_route=%2Fwp%2Fv2%2Fmedia&parent=2011222"}],"wp:term":[{"taxonomy":"category","embeddable":true,"href":"https:\/\/analyse.optim.biz\/index.php?rest_route=%2Fwp%2Fv2%2Fcategories&post=2011222"},{"taxonomy":"post_tag","embeddable":true,"href":"https:\/\/analyse.optim.biz\/index.php?rest_route=%2Fwp%2Fv2%2Ftags&post=2011222"}],"curies":[{"name":"wp","href":"https:\/\/api.w.org\/{rel}","templated":true}]}}