{"id":201080,"date":"2014-07-10T11:38:55","date_gmt":"2014-07-10T08:38:55","guid":{"rendered":"https:\/\/analyse.optim.biz\/?p=201080"},"modified":"2014-07-10T11:38:55","modified_gmt":"2014-07-10T08:38:55","slug":"exclusiv-traian-basescu-s-a-consultat-si-cu-serviciile-secrete-in-privinta-demisiei","status":"publish","type":"post","link":"https:\/\/analyse.optim.biz\/?p=201080","title":{"rendered":"EXCLUSIV. Traian B\u0103sescu s-a consultat \u015fi cu serviciile secrete \u00een privin\u0163a demisiei"},"content":{"rendered":"<div class=\"entry data-app-meta data-app-meta-article\" data-embed-base-url-canonical=\"https:\/\/www.digi24.ro\/embed\/stiri\/actualitate\/politica\/exclusiv-traian-basescu-s-a-consultat-si-cu-serviciile-secrete-in-privinta-demisiei-267430\">\n<p data-index=\"1\"><span><strong>(VIDEO &#8211; Traian B\u0103sescu, pentru Digi24)<\/strong><\/span><\/p>\n<p data-index=\"2\"><strong>ACTUALIZARE 13.58.<\/strong> \u201eDemisia unui pre\u015fedinte nu e numai voia lui, el trebuie s\u0103 fac\u0103 de multe ori ce trebuie\u201d, a spus Traian B\u0103sescu, pentru Digi24.<\/p>\n<p data-index=\"3\">\u00centrebat dac\u0103 printre institu\u0163iile statului cu care s-a consultat s-au aflat \u015fi serviciile secrete, \u015feful statului a r\u0103spuns: \u201e\u015ei servicii secrete, da, pentru c\u00ee\u0103 au o analiz\u0103 mai bun\u0103 \u015fi a situa\u0163iei pe plan interna\u0163ional, \u015fi pentru intern\u201d.<\/p>\n<hr>\n<p data-index=\"4\"><strong>(VIDEO &#8211; Traian B\u0103sescu, pentru Adev\u0103rul LIVE)<\/strong><\/p>\n<p data-index=\"5\">\u201e<span>Nu<\/span> mi-a fost u\u015for s\u0103 iau o decizie de a spune c\u0103 nu voi demisiona pentru c\u0103, moral, ai un \u015foc c\u00e2nd se \u00eent\u00e2mpl\u0103 a\u015fa ceva\u201d, a declarat Traian B\u0103sescu, invitat la Adev\u0103rul Live.<\/p>\n<p data-index=\"6\">\u00centrebat dac\u0103 demisia a fost primul s\u0103u g\u00e2nd dup\u0103 \u00eenceperea scandalului \u00een care este implicat fratele s\u0103u Mircea B\u0103sescu, \u015feful statului a r\u0103spuns: \u201e<strong>Am avut \u015fi aceast\u0103 variant\u0103 \u00een analiz\u0103 \u015fi am discutat-o \u015fi cu unele institu\u0163ii ale statului.<\/strong>Pe de o parte este partea legal\u0103 c\u0103 nu po\u0163i s\u0103 fii responsabil pentru un om, fie el \u015fi fratele t\u0103u, de 60 de ani. \u00cen al doilea r\u00e2nd am f\u0103cut analiza situa\u0163iei politice. O demisie nu ar fi dat uicio \u015fans\u0103 candidatului opozi\u0163iei la alegerile preziden\u0163iale\u201d.\u00a0<\/p>\n<p data-index=\"7\">\u201e<span>A\u015f fi fost blamat de toat\u0103 dreapta, de\u015fi, pentru mine, cel mai u\u015for lucru era s\u0103-mi dau demisia. A\u015f fi sc\u0103pat de toate comentariile. Dar, ulterior, repro\u015ful c\u0103 a\u015f fi tr\u0103dat dreapta ar fi fost foarte puternic. Dreapta este nepreg\u0103tit\u0103, cum nu este nici ast\u0103zi. Ar fi fost alegeri anticipate\u201d, a ad\u0103ugat pre\u015fedintele.<\/span><\/p>\n<p data-index=\"8\">Dup\u0103 izbucnirea scandalului Mircea B\u0103sescu \u2013 Bercea Mondial, <strong><a href=\"https:\/\/www.digi24.ro\/Stiri\/Digi24\/Actualitate\/Politica\/Traian+Basescu+N-am+avut+informatii+de+la+nicio+structura+de+inf\" target=\"_blank\" data-skip-linkfix=\"1\" rel=\"noopener\">Traian B\u0103sescu a f\u0103cut mai multe declara\u0163ii<\/a>\u00a0<\/strong>\u00een care a sus\u0163inut c\u0103 nu a \u015ftiut nimic despre rela\u021biile dintre interlopul Sandu Anghel, zis \u0219i Bercea Mondial, \u0219i fratele s\u0103u, arestat preventiv pentru trafic de influen\u021b\u0103.\u00a0<\/p>\n<p data-index=\"9\">\u015ei \u015feful SRI <a href=\"https:\/\/www.digi24.ro\/Stiri\/Digi24\/Actualitate\/Politica\/Seful+SRI+L-am+informat+pe+Traian+Basescu+despre+activitatea+lui\" target=\"_blank\" data-skip-linkfix=\"1\" rel=\"noopener\"><strong>George Maior<\/strong><\/a>a sus\u0163inut aceast\u0103 declara\u0163ie, spun\u00e2nd c\u0103 l-a informat pe pre\u015fedintele Traian B\u0103sescu \u00een leg\u0103tur\u0103 cu probleme ce \u0163in de securitatea na\u0163ional\u0103, privind activitatea clanului condus de Sandu Anghel, zis Bercea Mondial. \u201eNu a con\u0163inut acea informare aspecte referitoare la raporturile sau rela\u0163iile lui Bercea cu fratele domniei sale\u201d, a spus George Maior.\u00a0<\/p>\n<p data-index=\"10\">\u00cen contextul scandalului \u00een care este implicat Mircea B\u0103sescu, <a href=\"https:\/\/www.digi24.ro\/Stiri\/Digi24\/Actualitate\/Politica\/Parlament+vot+declaratie+politica+demisie+Traian+Basescu\" target=\"_blank\" data-skip-linkfix=\"1\" rel=\"noopener\"><strong>parlamentarii au votat \u00een 25 iunie declara\u0163ia<\/strong><\/a> politic\u0103 prin care cer demisia de onoare a pre\u015fedintelui. \u0218eful statului anun\u0163ase deja c\u0103 \u00ee\u015fi va duce mandatul p\u00e2n\u0103 la cap\u0103t.<\/p>\n<\/div>\n<p> Source URL: https:\/\/www.digi24.ro\/stiri\/actualitate\/politica\/exclusiv-traian-basescu-s-a-consultat-si-cu-serviciile-secrete-in-privinta-demisiei-267430<\/p>\n","protected":false},"excerpt":{"rendered":"<p>(VIDEO &#8211; Traian B\u0103sescu, pentru Digi24) ACTUALIZARE 13.58. \u201eDemisia unui pre\u015fedinte nu e numai voia lui, el trebuie s\u0103 fac\u0103 de multe ori ce trebuie\u201d, a spus Traian B\u0103sescu, pentru Digi24. \u00centrebat dac\u0103 printre institu\u0163iile statului cu care s-a consultat s-au aflat \u015fi serviciile secrete, \u015feful statului a r\u0103spuns: \u201e\u015ei servicii secrete, da, pentru c\u00ee\u0103 [&hellip;]<\/p>\n","protected":false},"author":1,"featured_media":201081,"comment_status":"open","ping_status":"","sticky":false,"template":"","format":"standard","meta":{"footnotes":""},"categories":[2],"tags":[11],"class_list":["post-201080","post","type-post","status-publish","format-standard","has-post-thumbnail","hentry","category-politics","tag-digi24"],"_links":{"self":[{"href":"https:\/\/analyse.optim.biz\/index.php?rest_route=\/wp\/v2\/posts\/201080","targetHints":{"allow":["GET"]}}],"collection":[{"href":"https:\/\/analyse.optim.biz\/index.php?rest_route=\/wp\/v2\/posts"}],"about":[{"href":"https:\/\/analyse.optim.biz\/index.php?rest_route=\/wp\/v2\/types\/post"}],"author":[{"embeddable":true,"href":"https:\/\/analyse.optim.biz\/index.php?rest_route=\/wp\/v2\/users\/1"}],"replies":[{"embeddable":true,"href":"https:\/\/analyse.optim.biz\/index.php?rest_route=%2Fwp%2Fv2%2Fcomments&post=201080"}],"version-history":[{"count":0,"href":"https:\/\/analyse.optim.biz\/index.php?rest_route=\/wp\/v2\/posts\/201080\/revisions"}],"wp:featuredmedia":[{"embeddable":true,"href":"https:\/\/analyse.optim.biz\/index.php?rest_route=\/wp\/v2\/media\/201081"}],"wp:attachment":[{"href":"https:\/\/analyse.optim.biz\/index.php?rest_route=%2Fwp%2Fv2%2Fmedia&parent=201080"}],"wp:term":[{"taxonomy":"category","embeddable":true,"href":"https:\/\/analyse.optim.biz\/index.php?rest_route=%2Fwp%2Fv2%2Fcategories&post=201080"},{"taxonomy":"post_tag","embeddable":true,"href":"https:\/\/analyse.optim.biz\/index.php?rest_route=%2Fwp%2Fv2%2Ftags&post=201080"}],"curies":[{"name":"wp","href":"https:\/\/api.w.org\/{rel}","templated":true}]}}