{"id":201069,"date":"2014-07-10T13:44:56","date_gmt":"2014-07-10T10:44:56","guid":{"rendered":"https:\/\/analyse.optim.biz\/?p=201069"},"modified":"2014-07-10T13:44:56","modified_gmt":"2014-07-10T10:44:56","slug":"traian-basescu-pentru-digi24-udmr-nu-va-iesi-de-la-guvernare-le-stiu-traditia-si-modul-cum-gandesc","status":"publish","type":"post","link":"https:\/\/analyse.optim.biz\/?p=201069","title":{"rendered":"Traian B\u0103sescu pentru Digi24: &#8220;UDMR nu va ie\u015fi de la guvernare. Le \u015ftiu tradi\u0163ia \u015fi modul cum g\u00e2ndesc&#8221;"},"content":{"rendered":"<div class=\"entry data-app-meta data-app-meta-article\" data-embed-base-url-canonical=\"https:\/\/www.digi24.ro\/embed\/stiri\/actualitate\/politica\/traian-basescu-pentru-digi24-udmr-nu-va-iesi-de-la-guvernare-le-stiu-traditia-si-modul-cum-gandesc-267481\">\n<p data-index=\"1\">\u201e<span>Dac\u0103 UDMR ar ie\u015fi de la guvernare nu ar fi instabilitate politic\u0103, pentru c\u0103 guvernul are o majoritate confortabil\u0103 \u015fi f\u0103r\u0103 UDMR, de aia \u00ee\u015fi permite s\u0103 le r\u0103spund\u0103 \u00een doi peri.<\/span><\/p>\n<p data-index=\"2\"><strong>UDMR nu va ie\u015fi de la guvernare, le \u015ftiu tradi\u0163ia \u015fi modul cum g\u00e2ndesc<\/strong>\u201d, a declarat <strong>Traian B\u0103sescu<\/strong> pentru Digi24.<\/p>\n<p data-index=\"3\">\u201e<span><a href=\"https:\/\/www.digi24.ro\/Stiri\/Digi24\/Actualitate\/Politica\/UDMR+ameninta+cu+iesirea+de+la+guvernare\" target=\"_blank\" data-skip-linkfix=\"1\" rel=\"noopener\"><strong>MAE a f\u0103cut un demers corect<\/strong><\/a>, am observat faptul c\u0103 UDMR repro\u015feaz\u0103 MAE c\u0103 nu s-a consultat cu ei. UDMR trebuie s\u0103 \u015ftie c\u0103 statul rom\u00e2n are ni\u015fte reflexe care se declan\u015feaz\u0103 automat c\u00e2nd politicile sale sunt negate. Or, Rom\u00e2nia are o politic\u0103 cu privire la minorit\u0103\u0163i \u015fi statul reac\u0163ioneaz\u0103 ori de c\u00e2te ori e cazul, c\u00e2nd sunt ac\u0163iuni \u00eempotriva politicilor pentru minorit\u0103\u0163i, reac\u0163ioneaz\u0103 \u00een linie cu tradi\u0163ia abord\u0103rii sale. Nu putem spune c\u0103 statul rom\u00e2n are o politic\u0103 restrictiv\u0103 fa\u0163\u0103 de minorit\u0103\u0163i. E cunoscut de toat\u0103 lumea c\u0103 statul rom\u00e2n are o politic\u0103 corect\u0103, a fost dat de multe ori ca exemplu. <strong>A\u015f mai pune o \u00eentrebare &#8211; am v\u0103zut exigen\u0163a pre\u015fedintelui Hunor c\u0103 nu a fost consultat.<\/strong><\/span><\/p>\n<p data-index=\"4\"><strong>Dar, c\u00e2nd UDMR s-a aliat demersului pe care \u00eel sus\u0163ine a informat statul rom\u00e2n?<\/strong>\u201d, a spus pre\u015fedintele.<\/p>\n<\/div>\n<p> Source URL: https:\/\/www.digi24.ro\/stiri\/actualitate\/politica\/traian-basescu-pentru-digi24-udmr-nu-va-iesi-de-la-guvernare-le-stiu-traditia-si-modul-cum-gandesc-267481<\/p>\n","protected":false},"excerpt":{"rendered":"<p>\u201eDac\u0103 UDMR ar ie\u015fi de la guvernare nu ar fi instabilitate politic\u0103, pentru c\u0103 guvernul are o majoritate confortabil\u0103 \u015fi f\u0103r\u0103 UDMR, de aia \u00ee\u015fi permite s\u0103 le r\u0103spund\u0103 \u00een doi peri. UDMR nu va ie\u015fi de la guvernare, le \u015ftiu tradi\u0163ia \u015fi modul cum g\u00e2ndesc\u201d, a declarat Traian B\u0103sescu pentru Digi24. \u201eMAE a f\u0103cut [&hellip;]<\/p>\n","protected":false},"author":1,"featured_media":201070,"comment_status":"open","ping_status":"","sticky":false,"template":"","format":"standard","meta":{"footnotes":""},"categories":[2],"tags":[11],"class_list":["post-201069","post","type-post","status-publish","format-standard","has-post-thumbnail","hentry","category-politics","tag-digi24"],"_links":{"self":[{"href":"https:\/\/analyse.optim.biz\/index.php?rest_route=\/wp\/v2\/posts\/201069","targetHints":{"allow":["GET"]}}],"collection":[{"href":"https:\/\/analyse.optim.biz\/index.php?rest_route=\/wp\/v2\/posts"}],"about":[{"href":"https:\/\/analyse.optim.biz\/index.php?rest_route=\/wp\/v2\/types\/post"}],"author":[{"embeddable":true,"href":"https:\/\/analyse.optim.biz\/index.php?rest_route=\/wp\/v2\/users\/1"}],"replies":[{"embeddable":true,"href":"https:\/\/analyse.optim.biz\/index.php?rest_route=%2Fwp%2Fv2%2Fcomments&post=201069"}],"version-history":[{"count":0,"href":"https:\/\/analyse.optim.biz\/index.php?rest_route=\/wp\/v2\/posts\/201069\/revisions"}],"wp:featuredmedia":[{"embeddable":true,"href":"https:\/\/analyse.optim.biz\/index.php?rest_route=\/wp\/v2\/media\/201070"}],"wp:attachment":[{"href":"https:\/\/analyse.optim.biz\/index.php?rest_route=%2Fwp%2Fv2%2Fmedia&parent=201069"}],"wp:term":[{"taxonomy":"category","embeddable":true,"href":"https:\/\/analyse.optim.biz\/index.php?rest_route=%2Fwp%2Fv2%2Fcategories&post=201069"},{"taxonomy":"post_tag","embeddable":true,"href":"https:\/\/analyse.optim.biz\/index.php?rest_route=%2Fwp%2Fv2%2Ftags&post=201069"}],"curies":[{"name":"wp","href":"https:\/\/api.w.org\/{rel}","templated":true}]}}