{"id":2010683,"date":"2026-06-25T06:00:02","date_gmt":"2026-06-25T03:00:02","guid":{"rendered":"https:\/\/analyse.optim.biz\/?p=2010683"},"modified":"2026-06-25T06:00:02","modified_gmt":"2026-06-25T03:00:02","slug":"gradina-de-vara-si-parcul-personalitatilor-doua-proiecte-care-redefinesc-municipiul-tulcea-ziarul-delta","status":"publish","type":"post","link":"https:\/\/analyse.optim.biz\/?p=2010683","title":{"rendered":"Gr\u0103dina de Var\u0103 \u015fi Parcul Personalit\u0103\u0163ilor, dou\u0103 proiecte care redefinesc municipiul Tulcea &#8211; Ziarul Delta"},"content":{"rendered":"<p>[analyse_image type=&#8221;featured&#8221; src=&#8221;https:\/\/ziaruldelta.ro\/wp-content\/uploads\/2026\/06\/gradina-1.jpg&#8221;]<\/p>\n<article id=\"post-37177\" class=\"module single-post-module post-37177 post type-post status-publish format-standard has-post-thumbnail hentry category-actualitate et-has-post-format-content et_post_format-et-post-format-standard\">\n<div class=\"post-header\">\n<h1 class=\"entry-title\">Gr\u0103dina de Var\u0103 \u015fi Parcul Personalit\u0103\u0163ilor, dou\u0103 proiecte care redefinesc municipiul Tulcea<\/h1>\n<div class=\"post-meta vcard\">\n<p>Posted by <a href=\"https:\/\/ziaruldelta.ro\/author\/nicoleta-urmuz\/\" class=\"url fn\" title=\"Posts by Nicoleta URMUZ\" rel=\"author\">Nicoleta URMUZ<\/a> | <span class=\"updated\">Jun 25, 2026<\/span> | <a href=\"https:\/\/ziaruldelta.ro\/category\/actualitate\/\" rel=\"tag\">Actualitate<\/a> | <\/p>\n<\/div>\n<\/div>\n<div class=\"post-thumbnail header\"><img decoding=\"async\" src=\"https:\/\/ziaruldelta.ro\/wp-content\/uploads\/2026\/06\/gradina-1.jpg\" alt=\"Gr\u0103dina de Var\u0103 \u015fi Parcul Personalit\u0103\u0163ilor, dou\u0103 proiecte care redefinesc municipiul Tulcea\"><\/div>\n<div class=\"post-wrap\">\n<div class=\"post-content entry-content\">\n<p>Prim\u0103ria Tulcea a stabilit conceptele de proiectare pentru Gr\u0103dina de Var\u0103 \u015fi Parcul Personalit\u0103\u0163ilor, dou\u0103 obiective importante pentru municipiu.<\/p>\n<p>Conceptul urm\u0103re\u015fte crearea unui cadru urbanistic care s\u0103 cuprind\u0103 solu\u0163ii de amenajare adaptate nevoilor actuale, zone verzi clar delimitate \u015fi spa\u0163ii atractive pentru toate genera\u0163iile. \u00cen acela\u015fi timp, proiectele au \u00een vedere p\u0103strarea identit\u0103\u0163ii \u015fi valorii culturale ale celor dou\u0103 loca\u0163ii. \u00cen cadrul \u00eent\u00e2lnirii de lucru, organizat\u0103 pe 18 iunie, dedicate acestor investi\u0163ii au fost analizate solu\u0163iile de amenajare \u015fi func\u0163ionalit\u0103\u0163ile viitoare, precum \u015fi impactul pe care aceste proiecte \u00eel pot avea asupra calit\u0103\u0163ii vie\u0163ii locuitorilor \u015fi asupra dezvolt\u0103rii turistice a ora\u015fului.<\/p>\n<blockquote>\n<p><img loading=\"lazy\" decoding=\"async\" class=\"size-full wp-image-37179 aligncenter\" src=\"https:\/\/ziaruldelta.ro\/wp-content\/uploads\/2026\/06\/gradina-2.jpg\" alt width=\"600\" height=\"338\">\u201eAm avut o \u00eent\u00e2lnire de lucru dedicat\u0103 stabilirii conceptelor de proiectare pentru dou\u0103 obiective importante pentru municipiul nostru: Gr\u0103dina de Var\u0103 \u015fi Parcul Personalit\u0103\u0163ilor. Ne dorim s\u0103 transform\u0103m aceste spa\u0163ii \u00een locuri moderne, atractive \u015fi prietenoase pentru toate genera\u0163iile, p\u0103str\u00e2nd \u00een acela\u015fi timp identitatea \u015fi valoarea lor cultural\u0103. Am analizat solu\u0163iile de amenajare, func\u0163ionalit\u0103\u0163ile viitoare \u015fi modul \u00een care aceste proiecte pot contribui la cre\u015fterea calit\u0103\u0163ii vie\u0163ii \u015fi la dezvoltarea turistic\u0103 a ora\u015fului. Continu\u0103m s\u0103 construim un ora\u015f mai frumos, mai verde \u015fi mai atractiv pentru locuitori \u015fi vizitatori\u201d, a declarat viceprimarul municipiului Tulcea, George \u015einghi.<\/p>\n<\/blockquote>\n<p>\u00cen februarie 2024, Prim\u0103ria Municipiului Tulcea transmitea c\u0103 Planul Urbanistic Zonal (PUZ) pentru \u201eRegenerare Urban\u0103 Zona Casa de Cultur\u0103 a Sindicatelor, Gr\u0103dina de Var\u0103, Parcul Personalit\u0103\u0163ilor\u201d a fost aprobat.<\/p>\n<p>Tot atunci se preciza c\u0103 proiectul va include o dal\u0103 urban\u0103 de trei niveluri pentru zona Casei de Cultur\u0103.<\/p>\n<p>Nivelul unu va avea un demisol cu o parcare public\u0103 de 100 de locuri, fa\u0163\u0103 de cele 74 de locuri din prezent, care sunt neconforme.<\/p>\n<p>Nivelul doi (parter) va fi pietonal \u015fi va face leg\u0103tura cu faleza, parcul \u015fi spa\u0163iile comerciale turistice din proximitate. Sunt prev\u0103zute circa 22 de spa\u0163ii comerciale \u015fi 960 mp de spa\u0163ii verzi.<\/p>\n<p>La nivelul trei (etaj) se propune un restaurant \u015fi o cafenea, dar \u015fi un spa\u0163iu de fitness urban de 130 mp.<\/p>\n<p>Zona Gr\u0103dinei de Var\u0103 este prev\u0103zut\u0103 cu o dal\u0103 urban\u0103 pe dou\u0103 niveluri, num\u0103rul locurilor de parcare fiind de 91,\u00a0 fa\u0163\u0103 de cele 33 existente, \u015fi acestea neconforme.<\/p>\n<p>Nivelul unu va cuprinde 78 locuri parcare, spa\u0163ii tehnice, 13 locuri parcare (parter, exterior). Nivelul doi va cuprinde dou\u0103 spa\u0163ii comerciale (150 mp), depozite, toalete, backstage, pia\u0163\u0103 urban\u0103, zon\u0103 acoperit\u0103 pentru expozi\u0163ii urbane \u015fi spa\u0163ii verzi.<\/p>\n<p>PUZ-ul realizat de Igloo Associated Architects con\u0163ine mai multe propuneri, printre care restructurarea tramei stradale pentru fluidizarea circula\u0163iei auto, reconfigurarea traseelor \u015fi spa\u0163iilor pietonale pentru realizarea de leg\u0103turi \u00eentre principalele obiective ale zonei, propunerea unor profile de drum conform legisla\u0163iei actuale, reintegrarea zonelor \u015fi construc\u0163iilor abandonate din circuitul urbanistic.<\/p>\n<p>Cele dou\u0103 obiective vor beneficia de finan\u0163are european\u0103 prin mecanismul ITI, al\u0103turi de proiectele de regenerare urban\u0103 din Pia\u0163a Civic\u0103 \u2013 strada Unirii \u2013 zona 3 F\u00e2nt\u00e2ni \u015fi Parcul Victoria, aflate deja \u00een faze mai avansate de proiectare.<\/p>\n<\/div>\n<\/div>\n<div class=\"post-footer\">\n<div class=\"social-icons ed-social-share-icons\">\n<p class=\"share-title\">Share:<\/p>\n<\/div>\n<div class=\"rating-stars\">\n<p id=\"rate-title\" class=\"rate-title\">Rate:<\/p>\n<\/div>\n<\/div>\n<\/article>\n<div class=\"post-content entry-content\">\n<p>Prim\u0103ria Tulcea a stabilit conceptele de proiectare pentru Gr\u0103dina de Var\u0103 \u015fi Parcul Personalit\u0103\u0163ilor, dou\u0103 obiective importante pentru municipiu.<\/p>\n<p>Conceptul urm\u0103re\u015fte crearea unui cadru urbanistic care s\u0103 cuprind\u0103 solu\u0163ii de amenajare adaptate nevoilor actuale, zone verzi clar delimitate \u015fi spa\u0163ii atractive pentru toate genera\u0163iile. \u00cen acela\u015fi timp, proiectele au \u00een vedere p\u0103strarea identit\u0103\u0163ii \u015fi valorii culturale ale celor dou\u0103 loca\u0163ii. \u00cen cadrul \u00eent\u00e2lnirii de lucru, organizat\u0103 pe 18 iunie, dedicate acestor investi\u0163ii au fost analizate solu\u0163iile de amenajare \u015fi func\u0163ionalit\u0103\u0163ile viitoare, precum \u015fi impactul pe care aceste proiecte \u00eel pot avea asupra calit\u0103\u0163ii vie\u0163ii locuitorilor \u015fi asupra dezvolt\u0103rii turistice a ora\u015fului.<\/p>\n<blockquote>\n<p><img loading=\"lazy\" decoding=\"async\" class=\"size-full wp-image-37179 aligncenter\" src=\"https:\/\/ziaruldelta.ro\/wp-content\/uploads\/2026\/06\/gradina-2.jpg\" alt width=\"600\" height=\"338\">\u201eAm avut o \u00eent\u00e2lnire de lucru dedicat\u0103 stabilirii conceptelor de proiectare pentru dou\u0103 obiective importante pentru municipiul nostru: Gr\u0103dina de Var\u0103 \u015fi Parcul Personalit\u0103\u0163ilor. Ne dorim s\u0103 transform\u0103m aceste spa\u0163ii \u00een locuri moderne, atractive \u015fi prietenoase pentru toate genera\u0163iile, p\u0103str\u00e2nd \u00een acela\u015fi timp identitatea \u015fi valoarea lor cultural\u0103. Am analizat solu\u0163iile de amenajare, func\u0163ionalit\u0103\u0163ile viitoare \u015fi modul \u00een care aceste proiecte pot contribui la cre\u015fterea calit\u0103\u0163ii vie\u0163ii \u015fi la dezvoltarea turistic\u0103 a ora\u015fului. Continu\u0103m s\u0103 construim un ora\u015f mai frumos, mai verde \u015fi mai atractiv pentru locuitori \u015fi vizitatori\u201d, a declarat viceprimarul municipiului Tulcea, George \u015einghi.<\/p>\n<\/blockquote>\n<p>\u00cen februarie 2024, Prim\u0103ria Municipiului Tulcea transmitea c\u0103 Planul Urbanistic Zonal (PUZ) pentru \u201eRegenerare Urban\u0103 Zona Casa de Cultur\u0103 a Sindicatelor, Gr\u0103dina de Var\u0103, Parcul Personalit\u0103\u0163ilor\u201d a fost aprobat.<\/p>\n<p>Tot atunci se preciza c\u0103 proiectul va include o dal\u0103 urban\u0103 de trei niveluri pentru zona Casei de Cultur\u0103.<\/p>\n<p>Nivelul unu va avea un demisol cu o parcare public\u0103 de 100 de locuri, fa\u0163\u0103 de cele 74 de locuri din prezent, care sunt neconforme.<\/p>\n<p>Nivelul doi (parter) va fi pietonal \u015fi va face leg\u0103tura cu faleza, parcul \u015fi spa\u0163iile comerciale turistice din proximitate. Sunt prev\u0103zute circa 22 de spa\u0163ii comerciale \u015fi 960 mp de spa\u0163ii verzi.<\/p>\n<p>La nivelul trei (etaj) se propune un restaurant \u015fi o cafenea, dar \u015fi un spa\u0163iu de fitness urban de 130 mp.<\/p>\n<p>Zona Gr\u0103dinei de Var\u0103 este prev\u0103zut\u0103 cu o dal\u0103 urban\u0103 pe dou\u0103 niveluri, num\u0103rul locurilor de parcare fiind de 91,\u00a0 fa\u0163\u0103 de cele 33 existente, \u015fi acestea neconforme.<\/p>\n<p>Nivelul unu va cuprinde 78 locuri parcare, spa\u0163ii tehnice, 13 locuri parcare (parter, exterior). Nivelul doi va cuprinde dou\u0103 spa\u0163ii comerciale (150 mp), depozite, toalete, backstage, pia\u0163\u0103 urban\u0103, zon\u0103 acoperit\u0103 pentru expozi\u0163ii urbane \u015fi spa\u0163ii verzi.<\/p>\n<p>PUZ-ul realizat de Igloo Associated Architects con\u0163ine mai multe propuneri, printre care restructurarea tramei stradale pentru fluidizarea circula\u0163iei auto, reconfigurarea traseelor \u015fi spa\u0163iilor pietonale pentru realizarea de leg\u0103turi \u00eentre principalele obiective ale zonei, propunerea unor profile de drum conform legisla\u0163iei actuale, reintegrarea zonelor \u015fi construc\u0163iilor abandonate din circuitul urbanistic.<\/p>\n<p>Cele dou\u0103 obiective vor beneficia de finan\u0163are european\u0103 prin mecanismul ITI, al\u0103turi de proiectele de regenerare urban\u0103 din Pia\u0163a Civic\u0103 \u2013 strada Unirii \u2013 zona 3 F\u00e2nt\u00e2ni \u015fi Parcul Victoria, aflate deja \u00een faze mai avansate de proiectare.<\/p>\n<\/div>\n<div class=\"post-content entry-content\">\n<p>Prim\u0103ria Tulcea a stabilit conceptele de proiectare pentru Gr\u0103dina de Var\u0103 \u015fi Parcul Personalit\u0103\u0163ilor, dou\u0103 obiective importante pentru municipiu.<\/p>\n<p>Conceptul urm\u0103re\u015fte crearea unui cadru urbanistic care s\u0103 cuprind\u0103 solu\u0163ii de amenajare adaptate nevoilor actuale, zone verzi clar delimitate \u015fi spa\u0163ii atractive pentru toate genera\u0163iile. \u00cen acela\u015fi timp, proiectele au \u00een vedere p\u0103strarea identit\u0103\u0163ii \u015fi valorii culturale ale celor dou\u0103 loca\u0163ii. \u00cen cadrul \u00eent\u00e2lnirii de lucru, organizat\u0103 pe 18 iunie, dedicate acestor investi\u0163ii au fost analizate solu\u0163iile de amenajare \u015fi func\u0163ionalit\u0103\u0163ile viitoare, precum \u015fi impactul pe care aceste proiecte \u00eel pot avea asupra calit\u0103\u0163ii vie\u0163ii locuitorilor \u015fi asupra dezvolt\u0103rii turistice a ora\u015fului.<\/p>\n<blockquote>\n<p><img loading=\"lazy\" decoding=\"async\" class=\"size-full wp-image-37179 aligncenter\" src=\"https:\/\/ziaruldelta.ro\/wp-content\/uploads\/2026\/06\/gradina-2.jpg\" alt width=\"600\" height=\"338\">\u201eAm avut o \u00eent\u00e2lnire de lucru dedicat\u0103 stabilirii conceptelor de proiectare pentru dou\u0103 obiective importante pentru municipiul nostru: Gr\u0103dina de Var\u0103 \u015fi Parcul Personalit\u0103\u0163ilor. Ne dorim s\u0103 transform\u0103m aceste spa\u0163ii \u00een locuri moderne, atractive \u015fi prietenoase pentru toate genera\u0163iile, p\u0103str\u00e2nd \u00een acela\u015fi timp identitatea \u015fi valoarea lor cultural\u0103. Am analizat solu\u0163iile de amenajare, func\u0163ionalit\u0103\u0163ile viitoare \u015fi modul \u00een care aceste proiecte pot contribui la cre\u015fterea calit\u0103\u0163ii vie\u0163ii \u015fi la dezvoltarea turistic\u0103 a ora\u015fului. Continu\u0103m s\u0103 construim un ora\u015f mai frumos, mai verde \u015fi mai atractiv pentru locuitori \u015fi vizitatori\u201d, a declarat viceprimarul municipiului Tulcea, George \u015einghi.<\/p>\n<\/blockquote>\n<p>\u00cen februarie 2024, Prim\u0103ria Municipiului Tulcea transmitea c\u0103 Planul Urbanistic Zonal (PUZ) pentru \u201eRegenerare Urban\u0103 Zona Casa de Cultur\u0103 a Sindicatelor, Gr\u0103dina de Var\u0103, Parcul Personalit\u0103\u0163ilor\u201d a fost aprobat.<\/p>\n<p>Tot atunci se preciza c\u0103 proiectul va include o dal\u0103 urban\u0103 de trei niveluri pentru zona Casei de Cultur\u0103.<\/p>\n<p>Nivelul unu va avea un demisol cu o parcare public\u0103 de 100 de locuri, fa\u0163\u0103 de cele 74 de locuri din prezent, care sunt neconforme.<\/p>\n<p>Nivelul doi (parter) va fi pietonal \u015fi va face leg\u0103tura cu faleza, parcul \u015fi spa\u0163iile comerciale turistice din proximitate. Sunt prev\u0103zute circa 22 de spa\u0163ii comerciale \u015fi 960 mp de spa\u0163ii verzi.<\/p>\n<p>La nivelul trei (etaj) se propune un restaurant \u015fi o cafenea, dar \u015fi un spa\u0163iu de fitness urban de 130 mp.<\/p>\n<p>Zona Gr\u0103dinei de Var\u0103 este prev\u0103zut\u0103 cu o dal\u0103 urban\u0103 pe dou\u0103 niveluri, num\u0103rul locurilor de parcare fiind de 91,\u00a0 fa\u0163\u0103 de cele 33 existente, \u015fi acestea neconforme.<\/p>\n<p>Nivelul unu va cuprinde 78 locuri parcare, spa\u0163ii tehnice, 13 locuri parcare (parter, exterior). Nivelul doi va cuprinde dou\u0103 spa\u0163ii comerciale (150 mp), depozite, toalete, backstage, pia\u0163\u0103 urban\u0103, zon\u0103 acoperit\u0103 pentru expozi\u0163ii urbane \u015fi spa\u0163ii verzi.<\/p>\n<p>PUZ-ul realizat de Igloo Associated Architects con\u0163ine mai multe propuneri, printre care restructurarea tramei stradale pentru fluidizarea circula\u0163iei auto, reconfigurarea traseelor \u015fi spa\u0163iilor pietonale pentru realizarea de leg\u0103turi \u00eentre principalele obiective ale zonei, propunerea unor profile de drum conform legisla\u0163iei actuale, reintegrarea zonelor \u015fi construc\u0163iilor abandonate din circuitul urbanistic.<\/p>\n<p>Cele dou\u0103 obiective vor beneficia de finan\u0163are european\u0103 prin mecanismul ITI, al\u0103turi de proiectele de regenerare urban\u0103 din Pia\u0163a Civic\u0103 \u2013 strada Unirii \u2013 zona 3 F\u00e2nt\u00e2ni \u015fi Parcul Victoria, aflate deja \u00een faze mai avansate de proiectare.<\/p>\n<\/div>\n<p>[analyse_source url=&#8221;https:\/\/ziaruldelta.ro\/2026\/06\/25\/gradina-de-vara-si-parcul-personalitatilor-doua-proiecte-care-redefinesc-municipiul-tulcea\/&#8221;]<\/p>\n","protected":false},"excerpt":{"rendered":"<p>[analyse_image type=&#8221;featured&#8221; src=&#8221;https:\/\/ziaruldelta.ro\/wp-content\/uploads\/2026\/06\/gradina-1.jpg&#8221;] Gr\u0103dina de Var\u0103 \u015fi Parcul Personalit\u0103\u0163ilor, dou\u0103 proiecte care redefinesc municipiul Tulcea Posted by Nicoleta URMUZ | Jun 25, 2026 | Actualitate | Prim\u0103ria Tulcea a stabilit conceptele de proiectare pentru Gr\u0103dina de Var\u0103 \u015fi Parcul Personalit\u0103\u0163ilor, dou\u0103 obiective importante pentru municipiu. Conceptul urm\u0103re\u015fte crearea unui cadru urbanistic care s\u0103 cuprind\u0103 solu\u0163ii [&hellip;]<\/p>\n","protected":false},"author":1,"featured_media":0,"comment_status":"open","ping_status":"","sticky":false,"template":"","format":"standard","meta":{"footnotes":""},"categories":[89],"tags":[226,206],"class_list":["post-2010683","post","type-post","status-publish","format-standard","hentry","category-romania","tag-crawlmanager","tag-ziaruldelta-ro"],"_links":{"self":[{"href":"https:\/\/analyse.optim.biz\/index.php?rest_route=\/wp\/v2\/posts\/2010683","targetHints":{"allow":["GET"]}}],"collection":[{"href":"https:\/\/analyse.optim.biz\/index.php?rest_route=\/wp\/v2\/posts"}],"about":[{"href":"https:\/\/analyse.optim.biz\/index.php?rest_route=\/wp\/v2\/types\/post"}],"author":[{"embeddable":true,"href":"https:\/\/analyse.optim.biz\/index.php?rest_route=\/wp\/v2\/users\/1"}],"replies":[{"embeddable":true,"href":"https:\/\/analyse.optim.biz\/index.php?rest_route=%2Fwp%2Fv2%2Fcomments&post=2010683"}],"version-history":[{"count":0,"href":"https:\/\/analyse.optim.biz\/index.php?rest_route=\/wp\/v2\/posts\/2010683\/revisions"}],"wp:attachment":[{"href":"https:\/\/analyse.optim.biz\/index.php?rest_route=%2Fwp%2Fv2%2Fmedia&parent=2010683"}],"wp:term":[{"taxonomy":"category","embeddable":true,"href":"https:\/\/analyse.optim.biz\/index.php?rest_route=%2Fwp%2Fv2%2Fcategories&post=2010683"},{"taxonomy":"post_tag","embeddable":true,"href":"https:\/\/analyse.optim.biz\/index.php?rest_route=%2Fwp%2Fv2%2Ftags&post=2010683"}],"curies":[{"name":"wp","href":"https:\/\/api.w.org\/{rel}","templated":true}]}}