{"id":2010673,"date":"2026-06-25T06:00:08","date_gmt":"2026-06-25T03:00:08","guid":{"rendered":"https:\/\/analyse.optim.biz\/?p=2010673"},"modified":"2026-06-25T06:00:08","modified_gmt":"2026-06-25T03:00:08","slug":"doua-luni-dedicate-graficii-contemporane-romanesti-la-muzeul-de-arta-din-tulcea-130-de-lucrari-semnate-de","status":"publish","type":"post","link":"https:\/\/analyse.optim.biz\/?p=2010673","title":{"rendered":"Dou\u0103 luni dedicate graficii contemporane rom\u00e2ne\u015fti la Muzeul de Art\u0103 din Tulcea: 130 de lucr\u0103ri semnate de"},"content":{"rendered":"<p>[analyse_image type=&#8221;featured&#8221; src=&#8221;https:\/\/ziaruldelta.ro\/wp-content\/uploads\/2026\/06\/doua-luni-e1782307063245.jpg&#8221;]<\/p>\n<article id=\"post-37188\" class=\"module single-post-module post-37188 post type-post status-publish format-standard has-post-thumbnail hentry category-cultura et-has-post-format-content et_post_format-et-post-format-standard\">\n<div class=\"post-header\">\n<h1 class=\"entry-title\">Dou\u0103 luni dedicate graficii contemporane rom\u00e2ne\u015fti la Muzeul de Art\u0103 din Tulcea: 130 de lucr\u0103ri semnate de 130 de arti\u015fti<\/h1>\n<div class=\"post-meta vcard\">\n<p>Posted by <a href=\"https:\/\/ziaruldelta.ro\/author\/nicoleta-urmuz\/\" class=\"url fn\" title=\"Posts by Nicoleta URMUZ\" rel=\"author\">Nicoleta URMUZ<\/a> | <span class=\"updated\">Jun 25, 2026<\/span> | <a href=\"https:\/\/ziaruldelta.ro\/category\/cultura\/\" rel=\"tag\">Cultur\u0103<\/a> | <\/p>\n<\/div>\n<\/div>\n<div class=\"post-thumbnail header\"><img decoding=\"async\" src=\"https:\/\/ziaruldelta.ro\/wp-content\/uploads\/2026\/06\/doua-luni-1280x640.jpg\" alt=\"Dou\u0103 luni dedicate graficii contemporane rom\u00e2ne\u015fti la Muzeul de Art\u0103 din Tulcea: 130 de lucr\u0103ri semnate de 130 de arti\u015fti\"><\/div>\n<div class=\"post-wrap\">\n<div class=\"post-content entry-content\">\n<p>Muzeul de Art\u0103 din Tulcea va g\u0103zdui, \u00een perioada 3 iulie \u2013 6 septembrie, cea de-a IV-a edi\u0163ie a Bienalei Na\u0163ionale de Grafic\u0103 \u201eConstantin G\u0103venea\u201d, un eveniment dedicat promov\u0103rii artei grafice contemporane rom\u00e2ne\u015fti. Consiliul Jude\u0163ean Tulcea, Liceul de Art\u0103 \u201eGeorge Georgescu\u201d Tulcea \u015fi Institutul de Cercet\u0103ri Eco-Muzeale \u201eGavril\u0103 Simion\u201d Tulcea, prin Complexul Muzeal de Patrimoniu Cultural Nord-Dobrogean \u2013 Muzeul de Art\u0103, organizeaz\u0103 aceast\u0103 edi\u0163ie a bienalei dup\u0103 finalizarea procesului de selec\u0163ie, expozi\u0163ia reunind 130 de lucr\u0103ri realizate de 130 de arti\u015fti contemporani rom\u00e2ni.<\/p>\n<p>Evenimentul ofer\u0103 publicului o perspectiv\u0103 ampl\u0103 asupra direc\u0163iilor, tehnicilor \u015fi expresiilor actuale din grafica rom\u00e2neasc\u0103, reunind crea\u0163ii semnate at\u00e2t de arti\u015fti consacra\u0163i, c\u00e2t \u015fi de studen\u0163i sau absolven\u0163i ai academiilor de art\u0103.<\/p>\n<p>Vernisajul expozi\u0163iei va avea loc vineri, 3 iulie, \u00eencep\u00e2nd cu ora 16:00, la Muzeul de Art\u0103 din Tulcea, situat pe strada Grigore Antipa nr. 2. La deschidere vor participa organizatorii, iubitorii de art\u0103 \u015fi arti\u015ftii care vor putea fi prezen\u0163i.<\/p>\n<p>Citi\u0163i continuarea \u00een edi\u0163ia tip\u0103rit\u0103 a ziarului Delta.<\/p>\n<\/div>\n<\/div>\n<div class=\"post-footer\">\n<div class=\"social-icons ed-social-share-icons\">\n<p class=\"share-title\">Share:<\/p>\n<\/div>\n<div class=\"rating-stars\">\n<p id=\"rate-title\" class=\"rate-title\">Rate:<\/p>\n<\/div>\n<\/div>\n<\/article>\n<div class=\"post-content entry-content\">\n<p>Muzeul de Art\u0103 din Tulcea va g\u0103zdui, \u00een perioada 3 iulie \u2013 6 septembrie, cea de-a IV-a edi\u0163ie a Bienalei Na\u0163ionale de Grafic\u0103 \u201eConstantin G\u0103venea\u201d, un eveniment dedicat promov\u0103rii artei grafice contemporane rom\u00e2ne\u015fti. Consiliul Jude\u0163ean Tulcea, Liceul de Art\u0103 \u201eGeorge Georgescu\u201d Tulcea \u015fi Institutul de Cercet\u0103ri Eco-Muzeale \u201eGavril\u0103 Simion\u201d Tulcea, prin Complexul Muzeal de Patrimoniu Cultural Nord-Dobrogean \u2013 Muzeul de Art\u0103, organizeaz\u0103 aceast\u0103 edi\u0163ie a bienalei dup\u0103 finalizarea procesului de selec\u0163ie, expozi\u0163ia reunind 130 de lucr\u0103ri realizate de 130 de arti\u015fti contemporani rom\u00e2ni.<\/p>\n<p>Evenimentul ofer\u0103 publicului o perspectiv\u0103 ampl\u0103 asupra direc\u0163iilor, tehnicilor \u015fi expresiilor actuale din grafica rom\u00e2neasc\u0103, reunind crea\u0163ii semnate at\u00e2t de arti\u015fti consacra\u0163i, c\u00e2t \u015fi de studen\u0163i sau absolven\u0163i ai academiilor de art\u0103.<\/p>\n<p>Vernisajul expozi\u0163iei va avea loc vineri, 3 iulie, \u00eencep\u00e2nd cu ora 16:00, la Muzeul de Art\u0103 din Tulcea, situat pe strada Grigore Antipa nr. 2. La deschidere vor participa organizatorii, iubitorii de art\u0103 \u015fi arti\u015ftii care vor putea fi prezen\u0163i.<\/p>\n<p>Citi\u0163i continuarea \u00een edi\u0163ia tip\u0103rit\u0103 a ziarului Delta.<\/p>\n<\/div>\n<div class=\"post-content entry-content\">\n<p>Muzeul de Art\u0103 din Tulcea va g\u0103zdui, \u00een perioada 3 iulie \u2013 6 septembrie, cea de-a IV-a edi\u0163ie a Bienalei Na\u0163ionale de Grafic\u0103 \u201eConstantin G\u0103venea\u201d, un eveniment dedicat promov\u0103rii artei grafice contemporane rom\u00e2ne\u015fti. Consiliul Jude\u0163ean Tulcea, Liceul de Art\u0103 \u201eGeorge Georgescu\u201d Tulcea \u015fi Institutul de Cercet\u0103ri Eco-Muzeale \u201eGavril\u0103 Simion\u201d Tulcea, prin Complexul Muzeal de Patrimoniu Cultural Nord-Dobrogean \u2013 Muzeul de Art\u0103, organizeaz\u0103 aceast\u0103 edi\u0163ie a bienalei dup\u0103 finalizarea procesului de selec\u0163ie, expozi\u0163ia reunind 130 de lucr\u0103ri realizate de 130 de arti\u015fti contemporani rom\u00e2ni.<\/p>\n<p>Evenimentul ofer\u0103 publicului o perspectiv\u0103 ampl\u0103 asupra direc\u0163iilor, tehnicilor \u015fi expresiilor actuale din grafica rom\u00e2neasc\u0103, reunind crea\u0163ii semnate at\u00e2t de arti\u015fti consacra\u0163i, c\u00e2t \u015fi de studen\u0163i sau absolven\u0163i ai academiilor de art\u0103.<\/p>\n<p>Vernisajul expozi\u0163iei va avea loc vineri, 3 iulie, \u00eencep\u00e2nd cu ora 16:00, la Muzeul de Art\u0103 din Tulcea, situat pe strada Grigore Antipa nr. 2. La deschidere vor participa organizatorii, iubitorii de art\u0103 \u015fi arti\u015ftii care vor putea fi prezen\u0163i.<\/p>\n<p>Citi\u0163i continuarea \u00een edi\u0163ia tip\u0103rit\u0103 a ziarului Delta.<\/p>\n<\/div>\n<p>[analyse_source url=&#8221;https:\/\/ziaruldelta.ro\/2026\/06\/25\/doua-luni-dedicate-graficii-contemporane-romanesti-la-muzeul-de-arta-din-tulcea-130-de-lucrari-semnate-de-130-de-artisti\/&#8221;]<\/p>\n","protected":false},"excerpt":{"rendered":"<p>[analyse_image type=&#8221;featured&#8221; src=&#8221;https:\/\/ziaruldelta.ro\/wp-content\/uploads\/2026\/06\/doua-luni-e1782307063245.jpg&#8221;] Dou\u0103 luni dedicate graficii contemporane rom\u00e2ne\u015fti la Muzeul de Art\u0103 din Tulcea: 130 de lucr\u0103ri semnate de 130 de arti\u015fti Posted by Nicoleta URMUZ | Jun 25, 2026 | Cultur\u0103 | Muzeul de Art\u0103 din Tulcea va g\u0103zdui, \u00een perioada 3 iulie \u2013 6 septembrie, cea de-a IV-a edi\u0163ie a Bienalei Na\u0163ionale [&hellip;]<\/p>\n","protected":false},"author":1,"featured_media":0,"comment_status":"open","ping_status":"","sticky":false,"template":"","format":"standard","meta":{"footnotes":""},"categories":[89],"tags":[226,206],"class_list":["post-2010673","post","type-post","status-publish","format-standard","hentry","category-romania","tag-crawlmanager","tag-ziaruldelta-ro"],"_links":{"self":[{"href":"https:\/\/analyse.optim.biz\/index.php?rest_route=\/wp\/v2\/posts\/2010673","targetHints":{"allow":["GET"]}}],"collection":[{"href":"https:\/\/analyse.optim.biz\/index.php?rest_route=\/wp\/v2\/posts"}],"about":[{"href":"https:\/\/analyse.optim.biz\/index.php?rest_route=\/wp\/v2\/types\/post"}],"author":[{"embeddable":true,"href":"https:\/\/analyse.optim.biz\/index.php?rest_route=\/wp\/v2\/users\/1"}],"replies":[{"embeddable":true,"href":"https:\/\/analyse.optim.biz\/index.php?rest_route=%2Fwp%2Fv2%2Fcomments&post=2010673"}],"version-history":[{"count":0,"href":"https:\/\/analyse.optim.biz\/index.php?rest_route=\/wp\/v2\/posts\/2010673\/revisions"}],"wp:attachment":[{"href":"https:\/\/analyse.optim.biz\/index.php?rest_route=%2Fwp%2Fv2%2Fmedia&parent=2010673"}],"wp:term":[{"taxonomy":"category","embeddable":true,"href":"https:\/\/analyse.optim.biz\/index.php?rest_route=%2Fwp%2Fv2%2Fcategories&post=2010673"},{"taxonomy":"post_tag","embeddable":true,"href":"https:\/\/analyse.optim.biz\/index.php?rest_route=%2Fwp%2Fv2%2Ftags&post=2010673"}],"curies":[{"name":"wp","href":"https:\/\/api.w.org\/{rel}","templated":true}]}}