{"id":2010631,"date":"2026-06-24T09:22:20","date_gmt":"2026-06-24T06:22:20","guid":{"rendered":"https:\/\/analyse.optim.biz\/?p=2010631"},"modified":"2026-06-24T09:22:20","modified_gmt":"2026-06-24T06:22:20","slug":"evaluare-nationala-rezultatele-inainte-de-contestatii-vor-fi-afisate-pe-1-iulie","status":"publish","type":"post","link":"https:\/\/analyse.optim.biz\/?p=2010631","title":{"rendered":"Evaluare Na\u021bional\u0103 \/ Rezultatele, \u00eenainte de contesta\u021bii, vor fi afi\u0219ate pe 1 iulie"},"content":{"rendered":"<p>[analyse_image type=&#8221;featured&#8221; src=&#8221;https:\/\/ziarulteleormanul.ro\/wp\/wp-content\/uploads\/2021\/06\/elevi.jpg&#8221;]<\/p>\n<article id=\"post-76921\" class=\"post-76921 post type-post status-publish format-standard has-post-thumbnail category-social\">\n<header class=\"entry-header\"><span class=\"cat-links\"><a href=\"https:\/\/ziarulteleormanul.ro\/category\/social\/\" rel=\"category tag\">Social<\/a><\/span><\/p>\n<h1 class=\"entry-title\">Evaluare Na\u021bional\u0103 \/ Rezultatele, \u00eenainte de contesta\u021bii, vor fi afi\u0219ate pe 1 iulie<\/h1>\n<div class=\"post-meta\"><time class=\"entry-date published updated\" datetime=\"2026-06-24T11:22:20+02:00\"><br \/>\n                    iunie 24, 2026 11:22                <\/time><\/div>\n<\/header>\n<div class=\"entry-content\">\n<p>Evaluarea Na\u021bional\u0103 pentru absolven\u021bii clasei a VIII-a (EN VIII 2026) a \u00eenceput luni, 22 iunie, cu proba scris\u0103 la limba \u0219i literatura rom\u00e2n\u0103, a continuat ast\u0103zi cu proba scris\u0103 la matematic\u0103, urm\u00e2nd ca vineri, 26 iunie, s\u0103 aib\u0103 loc proba scris\u0103 la limba \u0219i literature matern\u0103.<\/p>\n<p>Au fost \u00eenscri\u0219i pentru sus\u021binerea acestui examen, organizat \u00een 2.956 de unit\u0103\u021bi de \u00eenv\u0103\u021b\u0103m\u00e2nt\/centre de examen, peste 148.000 de absolven\u021bi ai clasei a VIII-a (datele au fost transmise de c\u0103tre inspectoratele \u0219colare jude\u021bene).<\/p>\n<p>Elevii care sus\u021bin acest examen vor afla rezultatele\u00a0(afi\u0219ate online \u0219i \u00een \u0219coli\/centre de examen)\u00a0\u00een data de 1 iulie,\u00a0p\u00e2n\u0103 la ora 12:00. Vizualizarea lucr\u0103rilor \u0219i depunerea contesta\u021biilor au loc \u00een zilele de\u00a01 iulie, dup\u0103 prima afi\u0219are,\u00a0\u00een intervalul orar 14:00 \u2013 18:00, respectiv\u00a0\u00een zilele de 2\u00a0\u0219i 3\u00a0iulie.<\/p>\n<p>Elevii pot solicita vizualizarea lucr\u0103rii\/lucr\u0103rilor, \u00een conformitate cu prevederile procedurii stabilite de c\u0103tre Comisia Na\u021bional\u0103. La momentul vizualiz\u0103rii lucr\u0103rii\/lucr\u0103rilor, elevii trebuie s\u0103 fie \u00eenso\u021bi\u021bi obligatoriu de un p\u0103rinte\/reprezentant legal. Depunerea contesta\u021biilor nu este condi\u021bionat\u0103 de vizualizarea lucr\u0103rilor. \u00cen egal\u0103 m\u0103sur\u0103, vizualizarea lucr\u0103rilor nu oblig\u0103 la depunerea unei\/unor contesta\u021bii.<\/p>\n<p>Elevii care depun\/transmit contesta\u021bii completeaz\u0103, semneaz\u0103 \u0219i depun\/transmit \u0219i o declara\u021bie-tip \u00een care se men\u021bioneaz\u0103 c\u0103 au luat cuno\u0219tin\u021b\u0103 c\u0103 nota acordat\u0103 ca urmare a solu\u021bion\u0103rii contesta\u021biei poate modifica, dup\u0103 caz, nota ini\u021bial\u0103, prin cre\u0219tere sau descre\u0219tere. Documentele sunt semnate \u0219i de c\u0103tre p\u0103rin\u021bii\/reprezentan\u021bii legali ai elevilor. Rezultatele finale vor fi afi\u0219ate miercuri, 8 iulie.<\/p>\n<p>Comunicarea rezultatelor se realizeaz\u0103 anonimizat prin coduri individuale care \u00eenlocuiesc numele \u0219i prenumele, at\u00e2t \u00een centrele de examen, c\u00e2t \u0219i pe site-ul\u00a0<a href=\"http:\/\/www.evaluare.edu.ro\/\">evaluare.edu.ro<\/a>, respect\u00e2ndu-se Regulamentul general privind protec\u021bia datelor personale. Codurile individuale sunt distribuite elevilor pe baz\u0103 de semn\u0103tur\u0103 de primire, la prima prob\u0103 sus\u021binut\u0103.<\/p>\n<p>Ministerul Educa\u021biei \u0219i Cercet\u0103rii pune la dispozi\u021bia celor interesa\u021bi linia\u00a0TELVERDE 0800801100 pentru sesizarea eventualelor disfunc\u021bionalit\u0103\u021bi privind desf\u0103\u0219urarea Evalu\u0103rii Na\u021bionale.<\/p>\n<p>Media de admitere, pe baza c\u0103reia se realizeaz\u0103 \u00eenscrierea \u00een clasa a IX-a de liceu a absolven\u021bilor \u00eenv\u0103\u021b\u0103m\u00e2ntului gimnazial, este media general\u0103 la evaluarea na\u021bional\u0103 sus\u021binut\u0103 de absolven\u021bii clasei a VIII-a, calculat\u0103 ca medie aritmetic\u0103, cu dou\u0103 zecimale, f\u0103r\u0103 rotunjire, a notelor ob\u021binute la probele din cadrul Evalu\u0103rii Na\u021bionale.<\/p>\n<p>\u00a0<\/p>\n<div id=\"jp-relatedposts\" class=\"jp-relatedposts\">\n<h3 class=\"jp-relatedposts-headline\"><em>Related<\/em><\/h3>\n<\/div>\n<\/div>\n<\/article>\n<div class=\"entry-content\">\n<p>Evaluarea Na\u021bional\u0103 pentru absolven\u021bii clasei a VIII-a (EN VIII 2026) a \u00eenceput luni, 22 iunie, cu proba scris\u0103 la limba \u0219i literatura rom\u00e2n\u0103, a continuat ast\u0103zi cu proba scris\u0103 la matematic\u0103, urm\u00e2nd ca vineri, 26 iunie, s\u0103 aib\u0103 loc proba scris\u0103 la limba \u0219i literature matern\u0103.<\/p>\n<p>Au fost \u00eenscri\u0219i pentru sus\u021binerea acestui examen, organizat \u00een 2.956 de unit\u0103\u021bi de \u00eenv\u0103\u021b\u0103m\u00e2nt\/centre de examen, peste 148.000 de absolven\u021bi ai clasei a VIII-a (datele au fost transmise de c\u0103tre inspectoratele \u0219colare jude\u021bene).<\/p>\n<p>Elevii care sus\u021bin acest examen vor afla rezultatele\u00a0(afi\u0219ate online \u0219i \u00een \u0219coli\/centre de examen)\u00a0\u00een data de 1 iulie,\u00a0p\u00e2n\u0103 la ora 12:00. Vizualizarea lucr\u0103rilor \u0219i depunerea contesta\u021biilor au loc \u00een zilele de\u00a01 iulie, dup\u0103 prima afi\u0219are,\u00a0\u00een intervalul orar 14:00 \u2013 18:00, respectiv\u00a0\u00een zilele de 2\u00a0\u0219i 3\u00a0iulie.<\/p>\n<p>Elevii pot solicita vizualizarea lucr\u0103rii\/lucr\u0103rilor, \u00een conformitate cu prevederile procedurii stabilite de c\u0103tre Comisia Na\u021bional\u0103. La momentul vizualiz\u0103rii lucr\u0103rii\/lucr\u0103rilor, elevii trebuie s\u0103 fie \u00eenso\u021bi\u021bi obligatoriu de un p\u0103rinte\/reprezentant legal. Depunerea contesta\u021biilor nu este condi\u021bionat\u0103 de vizualizarea lucr\u0103rilor. \u00cen egal\u0103 m\u0103sur\u0103, vizualizarea lucr\u0103rilor nu oblig\u0103 la depunerea unei\/unor contesta\u021bii.<\/p>\n<p>Elevii care depun\/transmit contesta\u021bii completeaz\u0103, semneaz\u0103 \u0219i depun\/transmit \u0219i o declara\u021bie-tip \u00een care se men\u021bioneaz\u0103 c\u0103 au luat cuno\u0219tin\u021b\u0103 c\u0103 nota acordat\u0103 ca urmare a solu\u021bion\u0103rii contesta\u021biei poate modifica, dup\u0103 caz, nota ini\u021bial\u0103, prin cre\u0219tere sau descre\u0219tere. Documentele sunt semnate \u0219i de c\u0103tre p\u0103rin\u021bii\/reprezentan\u021bii legali ai elevilor. Rezultatele finale vor fi afi\u0219ate miercuri, 8 iulie.<\/p>\n<p>Comunicarea rezultatelor se realizeaz\u0103 anonimizat prin coduri individuale care \u00eenlocuiesc numele \u0219i prenumele, at\u00e2t \u00een centrele de examen, c\u00e2t \u0219i pe site-ul\u00a0<a href=\"http:\/\/www.evaluare.edu.ro\/\">evaluare.edu.ro<\/a>, respect\u00e2ndu-se Regulamentul general privind protec\u021bia datelor personale. Codurile individuale sunt distribuite elevilor pe baz\u0103 de semn\u0103tur\u0103 de primire, la prima prob\u0103 sus\u021binut\u0103.<\/p>\n<p>Ministerul Educa\u021biei \u0219i Cercet\u0103rii pune la dispozi\u021bia celor interesa\u021bi linia\u00a0TELVERDE 0800801100 pentru sesizarea eventualelor disfunc\u021bionalit\u0103\u021bi privind desf\u0103\u0219urarea Evalu\u0103rii Na\u021bionale.<\/p>\n<p>Media de admitere, pe baza c\u0103reia se realizeaz\u0103 \u00eenscrierea \u00een clasa a IX-a de liceu a absolven\u021bilor \u00eenv\u0103\u021b\u0103m\u00e2ntului gimnazial, este media general\u0103 la evaluarea na\u021bional\u0103 sus\u021binut\u0103 de absolven\u021bii clasei a VIII-a, calculat\u0103 ca medie aritmetic\u0103, cu dou\u0103 zecimale, f\u0103r\u0103 rotunjire, a notelor ob\u021binute la probele din cadrul Evalu\u0103rii Na\u021bionale.<\/p>\n<p>\u00a0<\/p>\n<div id=\"jp-relatedposts\" class=\"jp-relatedposts\">\n<h3 class=\"jp-relatedposts-headline\"><em>Related<\/em><\/h3>\n<\/div>\n<\/div>\n<div class=\"entry-content\">\n<p>Evaluarea Na\u021bional\u0103 pentru absolven\u021bii clasei a VIII-a (EN VIII 2026) a \u00eenceput luni, 22 iunie, cu proba scris\u0103 la limba \u0219i literatura rom\u00e2n\u0103, a continuat ast\u0103zi cu proba scris\u0103 la matematic\u0103, urm\u00e2nd ca vineri, 26 iunie, s\u0103 aib\u0103 loc proba scris\u0103 la limba \u0219i literature matern\u0103.<\/p>\n<p>Au fost \u00eenscri\u0219i pentru sus\u021binerea acestui examen, organizat \u00een 2.956 de unit\u0103\u021bi de \u00eenv\u0103\u021b\u0103m\u00e2nt\/centre de examen, peste 148.000 de absolven\u021bi ai clasei a VIII-a (datele au fost transmise de c\u0103tre inspectoratele \u0219colare jude\u021bene).<\/p>\n<p>Elevii care sus\u021bin acest examen vor afla rezultatele\u00a0(afi\u0219ate online \u0219i \u00een \u0219coli\/centre de examen)\u00a0\u00een data de 1 iulie,\u00a0p\u00e2n\u0103 la ora 12:00. Vizualizarea lucr\u0103rilor \u0219i depunerea contesta\u021biilor au loc \u00een zilele de\u00a01 iulie, dup\u0103 prima afi\u0219are,\u00a0\u00een intervalul orar 14:00 \u2013 18:00, respectiv\u00a0\u00een zilele de 2\u00a0\u0219i 3\u00a0iulie.<\/p>\n<p>Elevii pot solicita vizualizarea lucr\u0103rii\/lucr\u0103rilor, \u00een conformitate cu prevederile procedurii stabilite de c\u0103tre Comisia Na\u021bional\u0103. La momentul vizualiz\u0103rii lucr\u0103rii\/lucr\u0103rilor, elevii trebuie s\u0103 fie \u00eenso\u021bi\u021bi obligatoriu de un p\u0103rinte\/reprezentant legal. Depunerea contesta\u021biilor nu este condi\u021bionat\u0103 de vizualizarea lucr\u0103rilor. \u00cen egal\u0103 m\u0103sur\u0103, vizualizarea lucr\u0103rilor nu oblig\u0103 la depunerea unei\/unor contesta\u021bii.<\/p>\n<p>Elevii care depun\/transmit contesta\u021bii completeaz\u0103, semneaz\u0103 \u0219i depun\/transmit \u0219i o declara\u021bie-tip \u00een care se men\u021bioneaz\u0103 c\u0103 au luat cuno\u0219tin\u021b\u0103 c\u0103 nota acordat\u0103 ca urmare a solu\u021bion\u0103rii contesta\u021biei poate modifica, dup\u0103 caz, nota ini\u021bial\u0103, prin cre\u0219tere sau descre\u0219tere. Documentele sunt semnate \u0219i de c\u0103tre p\u0103rin\u021bii\/reprezentan\u021bii legali ai elevilor. Rezultatele finale vor fi afi\u0219ate miercuri, 8 iulie.<\/p>\n<p>Comunicarea rezultatelor se realizeaz\u0103 anonimizat prin coduri individuale care \u00eenlocuiesc numele \u0219i prenumele, at\u00e2t \u00een centrele de examen, c\u00e2t \u0219i pe site-ul\u00a0<a href=\"http:\/\/www.evaluare.edu.ro\/\">evaluare.edu.ro<\/a>, respect\u00e2ndu-se Regulamentul general privind protec\u021bia datelor personale. Codurile individuale sunt distribuite elevilor pe baz\u0103 de semn\u0103tur\u0103 de primire, la prima prob\u0103 sus\u021binut\u0103.<\/p>\n<p>Ministerul Educa\u021biei \u0219i Cercet\u0103rii pune la dispozi\u021bia celor interesa\u021bi linia\u00a0TELVERDE 0800801100 pentru sesizarea eventualelor disfunc\u021bionalit\u0103\u021bi privind desf\u0103\u0219urarea Evalu\u0103rii Na\u021bionale.<\/p>\n<p>Media de admitere, pe baza c\u0103reia se realizeaz\u0103 \u00eenscrierea \u00een clasa a IX-a de liceu a absolven\u021bilor \u00eenv\u0103\u021b\u0103m\u00e2ntului gimnazial, este media general\u0103 la evaluarea na\u021bional\u0103 sus\u021binut\u0103 de absolven\u021bii clasei a VIII-a, calculat\u0103 ca medie aritmetic\u0103, cu dou\u0103 zecimale, f\u0103r\u0103 rotunjire, a notelor ob\u021binute la probele din cadrul Evalu\u0103rii Na\u021bionale.<\/p>\n<p>\u00a0<\/p>\n<div id=\"jp-relatedposts\" class=\"jp-relatedposts\">\n<h3 class=\"jp-relatedposts-headline\"><em>Related<\/em><\/h3>\n<\/div>\n<\/div>\n<p>[analyse_source url=&#8221;https:\/\/ziarulteleormanul.ro\/evaluare-nationala-rezultatele-inainte-de-contestatii-vor-fi-afisate-pe-1-iulie\/&#8221;]<\/p>\n","protected":false},"excerpt":{"rendered":"<p>[analyse_image type=&#8221;featured&#8221; src=&#8221;https:\/\/ziarulteleormanul.ro\/wp\/wp-content\/uploads\/2021\/06\/elevi.jpg&#8221;] Social Evaluare Na\u021bional\u0103 \/ Rezultatele, \u00eenainte de contesta\u021bii, vor fi afi\u0219ate pe 1 iulie iunie 24, 2026 11:22 Evaluarea Na\u021bional\u0103 pentru absolven\u021bii clasei a VIII-a (EN VIII 2026) a \u00eenceput luni, 22 iunie, cu proba scris\u0103 la limba \u0219i literatura rom\u00e2n\u0103, a continuat ast\u0103zi cu proba scris\u0103 la matematic\u0103, urm\u00e2nd ca vineri, [&hellip;]<\/p>\n","protected":false},"author":1,"featured_media":0,"comment_status":"open","ping_status":"","sticky":false,"template":"","format":"standard","meta":{"footnotes":""},"categories":[89],"tags":[226,178],"class_list":["post-2010631","post","type-post","status-publish","format-standard","hentry","category-romania","tag-crawlmanager","tag-ziarulteleormanul-ro"],"_links":{"self":[{"href":"https:\/\/analyse.optim.biz\/index.php?rest_route=\/wp\/v2\/posts\/2010631","targetHints":{"allow":["GET"]}}],"collection":[{"href":"https:\/\/analyse.optim.biz\/index.php?rest_route=\/wp\/v2\/posts"}],"about":[{"href":"https:\/\/analyse.optim.biz\/index.php?rest_route=\/wp\/v2\/types\/post"}],"author":[{"embeddable":true,"href":"https:\/\/analyse.optim.biz\/index.php?rest_route=\/wp\/v2\/users\/1"}],"replies":[{"embeddable":true,"href":"https:\/\/analyse.optim.biz\/index.php?rest_route=%2Fwp%2Fv2%2Fcomments&post=2010631"}],"version-history":[{"count":0,"href":"https:\/\/analyse.optim.biz\/index.php?rest_route=\/wp\/v2\/posts\/2010631\/revisions"}],"wp:attachment":[{"href":"https:\/\/analyse.optim.biz\/index.php?rest_route=%2Fwp%2Fv2%2Fmedia&parent=2010631"}],"wp:term":[{"taxonomy":"category","embeddable":true,"href":"https:\/\/analyse.optim.biz\/index.php?rest_route=%2Fwp%2Fv2%2Fcategories&post=2010631"},{"taxonomy":"post_tag","embeddable":true,"href":"https:\/\/analyse.optim.biz\/index.php?rest_route=%2Fwp%2Fv2%2Ftags&post=2010631"}],"curies":[{"name":"wp","href":"https:\/\/api.w.org\/{rel}","templated":true}]}}