{"id":2010624,"date":"2026-06-24T08:44:16","date_gmt":"2026-06-24T05:44:16","guid":{"rendered":"https:\/\/analyse.optim.biz\/?p=2010624"},"modified":"2026-06-24T08:44:16","modified_gmt":"2026-06-24T05:44:16","slug":"tanara-retinuta-de-politisti-nu-a-pastrat-distanta-minima-de-100-m-fata-de-mama-sa-masura-dispusa-prin-ordin-de-protectie","status":"publish","type":"post","link":"https:\/\/analyse.optim.biz\/?p=2010624","title":{"rendered":"T\u00e2n\u0103r\u0103, re\u021binut\u0103 de poli\u021bi\u0219ti \/ Nu a p\u0103strat distan\u021ba minim\u0103 de 100 m fa\u021b\u0103 de mama sa, m\u0103sur\u0103 dispus\u0103 prin ordin de protec\u021bie"},"content":{"rendered":"<p>[analyse_image type=&#8221;featured&#8221; src=&#8221;https:\/\/ziarulteleormanul.ro\/wp\/wp-content\/uploads\/2025\/06\/arest-e1750234374612.jpg&#8221;]<\/p>\n<article id=\"post-76916\" class=\"post-76916 post type-post status-publish format-standard has-post-thumbnail category-social\">\n<header class=\"entry-header\"><span class=\"cat-links\"><a href=\"https:\/\/ziarulteleormanul.ro\/category\/social\/\" rel=\"category tag\">Social<\/a><\/span><\/p>\n<h1 class=\"entry-title\">T\u00e2n\u0103r\u0103, re\u021binut\u0103 de poli\u021bi\u0219ti \/ Nu a p\u0103strat distan\u021ba minim\u0103 de 100 m fa\u021b\u0103 de mama sa, m\u0103sur\u0103 dispus\u0103 prin ordin de protec\u021bie<\/h1>\n<div class=\"post-meta\"><time class=\"entry-date published updated\" datetime=\"2026-06-24T10:44:16+02:00\"><br \/>\n                    iunie 24, 2026 10:44                <\/time><\/div>\n<\/header>\n<div class=\"entry-content\">\n<p>Poli\u021bi\u0219tii din cadrul Sec\u021biei 4 Poli\u021bie Rural\u0103 Ro\u0219iori de Vede efectueaz\u0103 cercet\u0103ri \u00een cadrul unui dosar penal, \u00eentocmit sub aspectul s\u0103v\u00e2r\u0219irii infrac\u021biunii de \u00eenc\u0103lcarea de c\u0103tre persoana \u00eempotriva c\u0103reia a fost emis un ordin de protec\u021bie provizoriu a oric\u0103reia dintre m\u0103surile prev\u0103zute \u0219i dispuse prin ordinul de protec\u021bie provizoriu.<br \/>\nPotrivit IPJ Teleorman, ieri, 23 iunie a.c., poli\u021bi\u0219tii au fost sesiza\u021bi despre faptul c\u0103, o t\u00e2n\u0103r\u0103 nu ar fi respectat m\u0103surile dispuse prin ordinul de protec\u021bie provizoriu, prin aceea c\u0103 nu ar fi p\u0103strat o distan\u021b\u0103 minim\u0103 de 100 de metri de mama sa, \u00een comuna Peretu, jude\u021bul Teleorman.<br \/>\n\u00cen urma administr\u0103rii probatoriului, a fost dispus\u0103 m\u0103sura re\u021binerii fa\u021b\u0103 de t\u00e2n\u0103r\u0103.<br \/>\nCercet\u0103rile sunt continuate, sub coordonarea procurorului din cadrul Parchetului de pe l\u00e2ng\u0103 Judec\u0103toria Ro\u0219iori de Vede.<\/p>\n<div id=\"jp-relatedposts\" class=\"jp-relatedposts\">\n<h3 class=\"jp-relatedposts-headline\"><em>Related<\/em><\/h3>\n<\/div>\n<\/div>\n<\/article>\n<div class=\"entry-content\">\n<p>Poli\u021bi\u0219tii din cadrul Sec\u021biei 4 Poli\u021bie Rural\u0103 Ro\u0219iori de Vede efectueaz\u0103 cercet\u0103ri \u00een cadrul unui dosar penal, \u00eentocmit sub aspectul s\u0103v\u00e2r\u0219irii infrac\u021biunii de \u00eenc\u0103lcarea de c\u0103tre persoana \u00eempotriva c\u0103reia a fost emis un ordin de protec\u021bie provizoriu a oric\u0103reia dintre m\u0103surile prev\u0103zute \u0219i dispuse prin ordinul de protec\u021bie provizoriu.<br \/>\nPotrivit IPJ Teleorman, ieri, 23 iunie a.c., poli\u021bi\u0219tii au fost sesiza\u021bi despre faptul c\u0103, o t\u00e2n\u0103r\u0103 nu ar fi respectat m\u0103surile dispuse prin ordinul de protec\u021bie provizoriu, prin aceea c\u0103 nu ar fi p\u0103strat o distan\u021b\u0103 minim\u0103 de 100 de metri de mama sa, \u00een comuna Peretu, jude\u021bul Teleorman.<br \/>\n\u00cen urma administr\u0103rii probatoriului, a fost dispus\u0103 m\u0103sura re\u021binerii fa\u021b\u0103 de t\u00e2n\u0103r\u0103.<br \/>\nCercet\u0103rile sunt continuate, sub coordonarea procurorului din cadrul Parchetului de pe l\u00e2ng\u0103 Judec\u0103toria Ro\u0219iori de Vede.<\/p>\n<div id=\"jp-relatedposts\" class=\"jp-relatedposts\">\n<h3 class=\"jp-relatedposts-headline\"><em>Related<\/em><\/h3>\n<\/div>\n<\/div>\n<div class=\"entry-content\">\n<p>Poli\u021bi\u0219tii din cadrul Sec\u021biei 4 Poli\u021bie Rural\u0103 Ro\u0219iori de Vede efectueaz\u0103 cercet\u0103ri \u00een cadrul unui dosar penal, \u00eentocmit sub aspectul s\u0103v\u00e2r\u0219irii infrac\u021biunii de \u00eenc\u0103lcarea de c\u0103tre persoana \u00eempotriva c\u0103reia a fost emis un ordin de protec\u021bie provizoriu a oric\u0103reia dintre m\u0103surile prev\u0103zute \u0219i dispuse prin ordinul de protec\u021bie provizoriu.<br \/>\nPotrivit IPJ Teleorman, ieri, 23 iunie a.c., poli\u021bi\u0219tii au fost sesiza\u021bi despre faptul c\u0103, o t\u00e2n\u0103r\u0103 nu ar fi respectat m\u0103surile dispuse prin ordinul de protec\u021bie provizoriu, prin aceea c\u0103 nu ar fi p\u0103strat o distan\u021b\u0103 minim\u0103 de 100 de metri de mama sa, \u00een comuna Peretu, jude\u021bul Teleorman.<br \/>\n\u00cen urma administr\u0103rii probatoriului, a fost dispus\u0103 m\u0103sura re\u021binerii fa\u021b\u0103 de t\u00e2n\u0103r\u0103.<br \/>\nCercet\u0103rile sunt continuate, sub coordonarea procurorului din cadrul Parchetului de pe l\u00e2ng\u0103 Judec\u0103toria Ro\u0219iori de Vede.<\/p>\n<div id=\"jp-relatedposts\" class=\"jp-relatedposts\">\n<h3 class=\"jp-relatedposts-headline\"><em>Related<\/em><\/h3>\n<\/div>\n<\/div>\n<p>[analyse_source url=&#8221;https:\/\/ziarulteleormanul.ro\/tanara-retinuta-de-politisti-nu-a-pastrat-distanta-minima-de-100-m-fata-de-mama-sa-masura-dispusa-prin-ordin-de-protectie\/&#8221;]<\/p>\n","protected":false},"excerpt":{"rendered":"<p>[analyse_image type=&#8221;featured&#8221; src=&#8221;https:\/\/ziarulteleormanul.ro\/wp\/wp-content\/uploads\/2025\/06\/arest-e1750234374612.jpg&#8221;] Social T\u00e2n\u0103r\u0103, re\u021binut\u0103 de poli\u021bi\u0219ti \/ Nu a p\u0103strat distan\u021ba minim\u0103 de 100 m fa\u021b\u0103 de mama sa, m\u0103sur\u0103 dispus\u0103 prin ordin de protec\u021bie iunie 24, 2026 10:44 Poli\u021bi\u0219tii din cadrul Sec\u021biei 4 Poli\u021bie Rural\u0103 Ro\u0219iori de Vede efectueaz\u0103 cercet\u0103ri \u00een cadrul unui dosar penal, \u00eentocmit sub aspectul s\u0103v\u00e2r\u0219irii infrac\u021biunii de \u00eenc\u0103lcarea [&hellip;]<\/p>\n","protected":false},"author":1,"featured_media":0,"comment_status":"open","ping_status":"","sticky":false,"template":"","format":"standard","meta":{"footnotes":""},"categories":[89],"tags":[226,178],"class_list":["post-2010624","post","type-post","status-publish","format-standard","hentry","category-romania","tag-crawlmanager","tag-ziarulteleormanul-ro"],"_links":{"self":[{"href":"https:\/\/analyse.optim.biz\/index.php?rest_route=\/wp\/v2\/posts\/2010624","targetHints":{"allow":["GET"]}}],"collection":[{"href":"https:\/\/analyse.optim.biz\/index.php?rest_route=\/wp\/v2\/posts"}],"about":[{"href":"https:\/\/analyse.optim.biz\/index.php?rest_route=\/wp\/v2\/types\/post"}],"author":[{"embeddable":true,"href":"https:\/\/analyse.optim.biz\/index.php?rest_route=\/wp\/v2\/users\/1"}],"replies":[{"embeddable":true,"href":"https:\/\/analyse.optim.biz\/index.php?rest_route=%2Fwp%2Fv2%2Fcomments&post=2010624"}],"version-history":[{"count":0,"href":"https:\/\/analyse.optim.biz\/index.php?rest_route=\/wp\/v2\/posts\/2010624\/revisions"}],"wp:attachment":[{"href":"https:\/\/analyse.optim.biz\/index.php?rest_route=%2Fwp%2Fv2%2Fmedia&parent=2010624"}],"wp:term":[{"taxonomy":"category","embeddable":true,"href":"https:\/\/analyse.optim.biz\/index.php?rest_route=%2Fwp%2Fv2%2Fcategories&post=2010624"},{"taxonomy":"post_tag","embeddable":true,"href":"https:\/\/analyse.optim.biz\/index.php?rest_route=%2Fwp%2Fv2%2Ftags&post=2010624"}],"curies":[{"name":"wp","href":"https:\/\/api.w.org\/{rel}","templated":true}]}}