{"id":201058,"date":"2014-07-10T14:02:55","date_gmt":"2014-07-10T11:02:55","guid":{"rendered":"https:\/\/analyse.optim.biz\/?p=201058"},"modified":"2014-07-10T14:02:55","modified_gmt":"2014-07-10T11:02:55","slug":"exclusiv-traian-basescu-incerc-sa-obtin-pentru-romania-un-post-de-vicepresedinte-al-comisiei-europene","status":"publish","type":"post","link":"https:\/\/analyse.optim.biz\/?p=201058","title":{"rendered":"EXCLUSIV. Traian B\u0103sescu: \u00cencerc s\u0103 ob\u021bin pentru Rom\u00e2nia un post de vicepre\u0219edinte al Comisiei Europene"},"content":{"rendered":"<div class=\"entry data-app-meta data-app-meta-article\" data-embed-base-url-canonical=\"https:\/\/www.digi24.ro\/embed\/stiri\/actualitate\/politica\/exclusiv-traian-basescu-incerc-sa-obtin-pentru-romania-un-post-de-vicepresedinte-al-comisiei-europene-267497\">\n<p data-index=\"1\">Pre\u0219edintele Traian B\u0103sescu a declarat, pentru Digi24, c\u0103 nominalizarea comisarului european este \u201eo problem\u0103\u201d pe care a stabilit-o \u00eempreun\u0103 cu premierul Victor Ponta.<\/p>\n<p data-index=\"2\">\u201eAvem acela\u0219i punct de vedere. Premierul trebuie s\u0103 aib\u0103 grij\u0103 prin Ministerul de Externe s\u0103 se fac\u0103 toate demersurile c\u0103tre ministerele de externe a statelor membre, iar eu am obliga\u021bia s\u0103 sus\u021bin aceste lucru \u00een discu\u021biile cu viitorul pre\u0219edinte al Comisiei \u0219i \u00een Consiliul European\u201d, a r\u0103spuns <strong>Traian B\u0103sescu<\/strong>, la \u00eentrebarea reporterului <strong>Digi24<\/strong>.<\/p>\n<p data-index=\"3\">\u0218eful statului a r\u0103spuns \u00een continuare c\u0103 Rom\u00e2nia dore\u0219te s\u0103 men\u021bin\u0103 portofoliul agriculturii, de\u021binut \u00een prezent de <strong>Dacian Ciolo\u0219<\/strong>.<\/p>\n<p data-index=\"4\">\u201eNe-am \u00een\u021beles pe acela\u0219i nume \u0219i acela\u0219i portofoliu. Vrem s\u0103 men\u021binem portofoliul agriculturii, care este extrem de important\u201d, a \u00eent\u0103rit Traian B\u0103sescu.<\/p>\n<p data-index=\"5\">\u201eA\u0219 spune, cel pu\u021bin din punctul meu de vedere, c\u0103 ar trebui s\u0103 \u00eencerc ca portofoliul de\u021binut de Rom\u00e2nia s\u0103 fie nu numai cel al agriculturii, dar s\u0103 fie \u0219i un post de vicepre\u0219edinte al Comisiei. De ce nu?\u201d, a declarat Traian B\u0103sescu, pentru Digi24.<\/p>\n<p data-index=\"6\">Pre\u0219edintele a men\u021bionat \u0219i c\u0103 nu \u0219tie de unde vine declara\u021bia premierului Victor Ponta, care a spus<span> c\u0103 nu va sus\u021bine propunerea f\u0103cut de el pentru portofoliul agriculturii.<\/span><\/p>\n<\/div>\n<p> Source URL: https:\/\/www.digi24.ro\/stiri\/actualitate\/politica\/exclusiv-traian-basescu-incerc-sa-obtin-pentru-romania-un-post-de-vicepresedinte-al-comisiei-europene-267497<\/p>\n","protected":false},"excerpt":{"rendered":"<p>Pre\u0219edintele Traian B\u0103sescu a declarat, pentru Digi24, c\u0103 nominalizarea comisarului european este \u201eo problem\u0103\u201d pe care a stabilit-o \u00eempreun\u0103 cu premierul Victor Ponta. \u201eAvem acela\u0219i punct de vedere. Premierul trebuie s\u0103 aib\u0103 grij\u0103 prin Ministerul de Externe s\u0103 se fac\u0103 toate demersurile c\u0103tre ministerele de externe a statelor membre, iar eu am obliga\u021bia s\u0103 sus\u021bin [&hellip;]<\/p>\n","protected":false},"author":1,"featured_media":201059,"comment_status":"open","ping_status":"","sticky":false,"template":"","format":"standard","meta":{"footnotes":""},"categories":[2],"tags":[11],"class_list":["post-201058","post","type-post","status-publish","format-standard","has-post-thumbnail","hentry","category-politics","tag-digi24"],"_links":{"self":[{"href":"https:\/\/analyse.optim.biz\/index.php?rest_route=\/wp\/v2\/posts\/201058","targetHints":{"allow":["GET"]}}],"collection":[{"href":"https:\/\/analyse.optim.biz\/index.php?rest_route=\/wp\/v2\/posts"}],"about":[{"href":"https:\/\/analyse.optim.biz\/index.php?rest_route=\/wp\/v2\/types\/post"}],"author":[{"embeddable":true,"href":"https:\/\/analyse.optim.biz\/index.php?rest_route=\/wp\/v2\/users\/1"}],"replies":[{"embeddable":true,"href":"https:\/\/analyse.optim.biz\/index.php?rest_route=%2Fwp%2Fv2%2Fcomments&post=201058"}],"version-history":[{"count":0,"href":"https:\/\/analyse.optim.biz\/index.php?rest_route=\/wp\/v2\/posts\/201058\/revisions"}],"wp:featuredmedia":[{"embeddable":true,"href":"https:\/\/analyse.optim.biz\/index.php?rest_route=\/wp\/v2\/media\/201059"}],"wp:attachment":[{"href":"https:\/\/analyse.optim.biz\/index.php?rest_route=%2Fwp%2Fv2%2Fmedia&parent=201058"}],"wp:term":[{"taxonomy":"category","embeddable":true,"href":"https:\/\/analyse.optim.biz\/index.php?rest_route=%2Fwp%2Fv2%2Fcategories&post=201058"},{"taxonomy":"post_tag","embeddable":true,"href":"https:\/\/analyse.optim.biz\/index.php?rest_route=%2Fwp%2Fv2%2Ftags&post=201058"}],"curies":[{"name":"wp","href":"https:\/\/api.w.org\/{rel}","templated":true}]}}