{"id":201041,"date":"2014-07-02T18:55:30","date_gmt":"2014-07-02T15:55:30","guid":{"rendered":"https:\/\/analyse.optim.biz\/?p=201041"},"modified":"2014-07-02T18:55:30","modified_gmt":"2014-07-02T15:55:30","slug":"parlamentele-de-la-bucuresti-si-chisinau-au-ratificat-acordul-de-asociere-cu-ue-al-republicii-moldova","status":"publish","type":"post","link":"https:\/\/analyse.optim.biz\/?p=201041","title":{"rendered":"Parlamentele de la Bucure\u0219ti \u0219i Chi\u0219in\u0103u au ratificat Acordul de Asociere cu UE al Republicii Moldova"},"content":{"rendered":"<div class=\"entry data-app-meta data-app-meta-article\" data-embed-base-url-canonical=\"https:\/\/www.digi24.ro\/embed\/stiri\/actualitate\/politica\/parlamentele-de-la-bucuresti-si-chisinau-au-ratificat-acordul-de-asociere-cu-ue-al-republicii-moldova-264064\">\n<p data-index=\"1\">\u00a0<img decoding=\"async\" src=\"https:\/\/analyse.optim.biz\/wp-content\/uploads\/2024\/09\/cgcmdz04mdamagfzad1jyzc3ntk0ndllowe1mtflmzc1m2nhnweyogy1njq2ng-thumb_.jpg\" data-skip-htmlfix=\"1\" title=\"cgcmdz04mdamagfzad1jyzc3ntk0ndllowe1mtflmzc1m2nhnweyogy1njq2ng-thumb_\"><\/p>\n<p data-index=\"2\">Premierul Iurie Leanc\u0103 a subliniat, \u00eentr-un discurs sus\u0163inut \u00een Parlament, c\u0103 toate prevederile Acordului de Asociere corespund pe deplin \u00een\u021belegerilor \u00eencheiate de Chi\u015fin\u0103u cu \u0163\u0103rile din Comunitatea Statelor Independente (CSI), inclusiv referitor la libertatea comer\u0163ului \u015fi a circula\u0163iei. \u201eNimic \u00een acest document nu aduce atingere statutului nostru constitu\u0163ional de neutralitate. Aderarea ca membru cu drepturi depline la Uniunea European\u0103 (UE) este punctul final al parcursului european al \u0163\u0103rii\u201d, a declarat Iurie Leanc\u0103.<\/p>\n<p data-index=\"3\">La r\u00e2ndul s\u0103u, pre\u015fedintele Nicolae Timofti a declarat c\u0103, dup\u0103 ratificarea Acordului, urm\u0103torul pas este ob\u0163inerea unei perspective clare de aderare la UE.<\/p>\n<p data-index=\"4\">\u201eSunt \u00eencrez\u0103tor c\u0103 \u0219i acest scop este realizabil. Tr\u0103iasc\u0103 Moldova \u00een Uniunea European\u0103\u201d, a declarat Nicolae Timofti, potrivit Mediafax.<\/p>\n<p data-index=\"5\">Liderul PCRM Vladimir Voronin a afirmat \u00eens\u0103 c\u0103 ratificarea Acordului este o \u201etr\u0103dare de stat\u201d, iar prin semnarea documentului \u0163ara \u00ee\u015fi pierde suveranitatea.<\/p>\n<p data-index=\"6\">\u201eAcordul lipse\u015fte (Republica) Moldova de viitor. Are o singur\u0103 perspectiv\u0103 &#8211; degradarea. Este un document n\u0103scut \u00een grab\u0103, format \u00een grab\u0103 \u015fi ratificarea, la fel, \u00een grab\u0103. Acest lucru se \u00eent\u00e2mpl\u0103 deoarece \u00een urma alegerilor se va pune punct perspectivei europene\u201d, a spus el.<\/p>\n<p data-index=\"7\">\u00cempotriva ratific\u0103rii documentului au votat Grigore Petrenco, de la Partidul Comuni\u015ftilor din Republica Moldova (PCRM), singurul comunist care a participat la aceast\u0103 sesiune, dar \u015fi trei deputa\u0163i din grupul parlamentar al sociali\u015ftilor condu\u015fi de Igor Dodon.<\/p>\n<h5>Parlamentul de la Bucure\u0219ti a ratificat acordul pentru Republica Moldova, Ucraina \u0219i Georgia<\/h5>\n<p data-index=\"8\">Ast\u0103zi, la Bucure\u0219ti, deputa\u0163ii s-au reunit, \u00een plen, \u00eentr-o sesiune extraordinar\u0103 \u0219i au adoptat Acordurile de asociere \u00eentre UE \u015fi Republica Moldova, Ucraina \u015fi Georgia.<\/p>\n<p data-index=\"9\">\u00cen plenul Camerei, Premierul Victor Ponta a rugat Parlamentul s\u0103 sprijine \u00eempreun\u0103 aceste \u0163\u0103ri \u00een perioada urm\u0103toare deoarece vor exista cu siguran\u0163\u0103 represalii din partea \u201evecinilor de la Est\u201d.<\/p>\n<p data-index=\"10\">\u201eAdresez o rug\u0103minte, ca prim ministru, Parlamentul Rom\u00e2niei s\u0103 sprijiim \u00eempreun\u0103, dumneavoastr\u0103, Parlamentul, cu Guvernul, cu institu\u0163iile Rom\u00e2niei, Republica Moldova, Georgia, Ucraina, \u00een perioada urm\u0103toare. Vor exista cu siguran\u0163\u0103 represalii, repercursiuni, efecte negative din parte altor vecini de la Est. A\u015fa cum am reu\u015fit cu dumneavoastr\u0103 s\u0103 spijinim \u00een Republica Moldova infrastructura \u015fcolar\u0103, energetic\u0103, construc\u0163ia institu\u0163iilor democratice \u015fi europene, va fi nevoie ca, \u00een perioada urm\u0103toare, cu at\u00e2t mai mult s\u0103 d\u0103m un mesaj foarte clar c\u0103 pasul istoric, curajos f\u0103cut de Guvernul Leanc\u0103 va atrage din partea Rom\u00e2niei \u015fi dup\u0103 aceea din partea Europei tot sprijinul de care Moldova are nevoie\u201d, a declarat Victor Ponta.<\/p>\n<h5>Un vot \u00eempotriva Republicii Moldova<\/h5>\n<p data-index=\"11\">Potrivit site-ului Camerei Deputa\u021bilor, proiectul de lege 348\/2014 privind ratificarea Acordului de asociere \u00eentre Uniunea European\u0103 \u015fi Republica Moldova a fost adoptat cu<strong> 284 voturi \u201epentru\u201d, un vot \u201e\u00eempotriv\u0103\u201d \u0219i o ab\u021binere, \u00een timp ce un deputat nu \u0219i-a exercitat dreptul de vot<\/strong>.<\/p>\n<p data-index=\"12\">Deputatul care a vot \u00eempotriva ratific\u0103rii <span>Acordului de Asociere cu UE al Republicii Moldova este <a href=\"http:\/\/www.cdep.ro\/pls\/parlam\/structura.mp?idm=174&amp;cam=2&amp;leg=2012\" target=\"_blank\" data-skip-linkfix=\"1\" rel=\"noopener\"><strong>Daniel Iane<\/strong><\/a>, de la PNL. Deputatul PDL Ioan Oltean s-a ab\u021binut de la vot.<\/span><\/p>\n<\/div>\n<p> Source URL: https:\/\/www.digi24.ro\/stiri\/actualitate\/politica\/parlamentele-de-la-bucuresti-si-chisinau-au-ratificat-acordul-de-asociere-cu-ue-al-republicii-moldova-264064<\/p>\n","protected":false},"excerpt":{"rendered":"<p>\u00a0 Premierul Iurie Leanc\u0103 a subliniat, \u00eentr-un discurs sus\u0163inut \u00een Parlament, c\u0103 toate prevederile Acordului de Asociere corespund pe deplin \u00een\u021belegerilor \u00eencheiate de Chi\u015fin\u0103u cu \u0163\u0103rile din Comunitatea Statelor Independente (CSI), inclusiv referitor la libertatea comer\u0163ului \u015fi a circula\u0163iei. \u201eNimic \u00een acest document nu aduce atingere statutului nostru constitu\u0163ional de neutralitate. Aderarea ca membru cu [&hellip;]<\/p>\n","protected":false},"author":1,"featured_media":201042,"comment_status":"open","ping_status":"","sticky":false,"template":"","format":"standard","meta":{"footnotes":""},"categories":[2],"tags":[11],"class_list":["post-201041","post","type-post","status-publish","format-standard","has-post-thumbnail","hentry","category-politics","tag-digi24"],"_links":{"self":[{"href":"https:\/\/analyse.optim.biz\/index.php?rest_route=\/wp\/v2\/posts\/201041","targetHints":{"allow":["GET"]}}],"collection":[{"href":"https:\/\/analyse.optim.biz\/index.php?rest_route=\/wp\/v2\/posts"}],"about":[{"href":"https:\/\/analyse.optim.biz\/index.php?rest_route=\/wp\/v2\/types\/post"}],"author":[{"embeddable":true,"href":"https:\/\/analyse.optim.biz\/index.php?rest_route=\/wp\/v2\/users\/1"}],"replies":[{"embeddable":true,"href":"https:\/\/analyse.optim.biz\/index.php?rest_route=%2Fwp%2Fv2%2Fcomments&post=201041"}],"version-history":[{"count":0,"href":"https:\/\/analyse.optim.biz\/index.php?rest_route=\/wp\/v2\/posts\/201041\/revisions"}],"wp:featuredmedia":[{"embeddable":true,"href":"https:\/\/analyse.optim.biz\/index.php?rest_route=\/wp\/v2\/media\/201042"}],"wp:attachment":[{"href":"https:\/\/analyse.optim.biz\/index.php?rest_route=%2Fwp%2Fv2%2Fmedia&parent=201041"}],"wp:term":[{"taxonomy":"category","embeddable":true,"href":"https:\/\/analyse.optim.biz\/index.php?rest_route=%2Fwp%2Fv2%2Fcategories&post=201041"},{"taxonomy":"post_tag","embeddable":true,"href":"https:\/\/analyse.optim.biz\/index.php?rest_route=%2Fwp%2Fv2%2Ftags&post=201041"}],"curies":[{"name":"wp","href":"https:\/\/api.w.org\/{rel}","templated":true}]}}