{"id":200984,"date":"2014-07-14T11:04:52","date_gmt":"2014-07-14T08:04:52","guid":{"rendered":"https:\/\/analyse.optim.biz\/?p=200984"},"modified":"2014-07-14T11:04:52","modified_gmt":"2014-07-14T08:04:52","slug":"kelemen-hunor-demisioneaza-din-guvern-la-1-august-nu-am-fost-demis-nu-se-pune-problema-ca-de-la-o-zi-la-alta-sa-plec","status":"publish","type":"post","link":"https:\/\/analyse.optim.biz\/?p=200984","title":{"rendered":"Kelemen Hunor demisioneaz\u0103 din Guvern la 1 august. \u201eNu am fost demis, nu se pune problema ca de la o zi la alta s\u0103 plec\u201d"},"content":{"rendered":"<div class=\"entry data-app-meta data-app-meta-article\" data-embed-base-url-canonical=\"https:\/\/www.digi24.ro\/embed\/stiri\/actualitate\/politica\/kelemen-hunor-demisioneaza-din-guvern-la-1-august-nu-am-fost-demis-nu-se-pune-problema-ca-de-la-o-zi-la-alta-sa-plec-268624\">\n<p data-index=\"1\"><img decoding=\"async\" src=\"https:\/\/analyse.optim.biz\/wp-content\/uploads\/2024\/09\/ownhndg4zgzjmdm1odzjzty1njzhztzhmg-thumb_.jpg\" data-skip-htmlfix=\"1\" title=\"ownhndg4zgzjmdm1odzjzty1njzhztzhmg-thumb_\"><\/p>\n<p data-index=\"2\"><strong><span>Actualizare 13.17.\u00a0<\/span><\/strong>\u201e<span>\u00cencep\u00e2nd din 1 august m\u0103 retrag din Executiv. P\u00e2n\u0103 atunci o s\u0103 facem o nominalizare. P\u00e2n\u0103 atunci nu am o nominalizare pentru aceast\u0103 func\u0163ie. Am ni\u015fte treburi curente care trebuie rezolvate, plus rectificarea de buget. De aceea am propus ca demisia s\u0103 fie de la 1 august. Nu am fost demis, nu am fost obligat, for\u0163at s\u0103 demisionez, de aceea nu se pune problema ca de la o zi la alta s\u0103 plec\u201d, a spus Kelemen Hunor.\u00a0<\/span><\/p>\n<p data-index=\"3\">_____________________<\/p>\n<p data-index=\"4\">Kelemen Hunor a mers \u00een aceast\u0103 diminea\u021b\u0103 la Guvern pentru a discuta cu premierul Victor Ponta.<\/p>\n<p data-index=\"5\">Pre\u0219edintele UDMR<a href=\"https:\/\/www.digi24.ro\/Stiri\/Digi24\/Actualitate\/Politica\/Surse+UDMR+ramane+la+guvernare+Kelemen+Hunor+pleaca+din+Executiv\" target=\"_blank\" data-skip-linkfix=\"1\" rel=\"noopener\">\u00a0anun\u021ba vineri c\u0103 va demisiona<\/a> din func\u0163iile de vicepremier \u015fi de ministru al Culturii.<\/p>\n<p data-index=\"6\">\u201e<span>Dup\u0103 discu\u0163iile de miercuri cu premierul, am decis c\u0103 UDMR r\u0103m\u00e2ne \u00een guvernare \u015fi eu o s\u0103 m\u0103 retrag \u00een zilele urm\u0103toare. O s\u0103 \u00eemi dau demisia din func\u0163ia de ministru al Culturii \u015fi de vicepremier\u201d, spunea acesta s\u0103pt\u0103m\u00e2na trecut\u0103.<\/span><\/p>\n<\/div>\n<p> Source URL: https:\/\/www.digi24.ro\/stiri\/actualitate\/politica\/kelemen-hunor-demisioneaza-din-guvern-la-1-august-nu-am-fost-demis-nu-se-pune-problema-ca-de-la-o-zi-la-alta-sa-plec-268624<\/p>\n","protected":false},"excerpt":{"rendered":"<p>Actualizare 13.17.\u00a0\u201e\u00cencep\u00e2nd din 1 august m\u0103 retrag din Executiv. P\u00e2n\u0103 atunci o s\u0103 facem o nominalizare. P\u00e2n\u0103 atunci nu am o nominalizare pentru aceast\u0103 func\u0163ie. Am ni\u015fte treburi curente care trebuie rezolvate, plus rectificarea de buget. De aceea am propus ca demisia s\u0103 fie de la 1 august. Nu am fost demis, nu am fost [&hellip;]<\/p>\n","protected":false},"author":1,"featured_media":200985,"comment_status":"open","ping_status":"","sticky":false,"template":"","format":"standard","meta":{"footnotes":""},"categories":[2],"tags":[11],"class_list":["post-200984","post","type-post","status-publish","format-standard","has-post-thumbnail","hentry","category-politics","tag-digi24"],"_links":{"self":[{"href":"https:\/\/analyse.optim.biz\/index.php?rest_route=\/wp\/v2\/posts\/200984","targetHints":{"allow":["GET"]}}],"collection":[{"href":"https:\/\/analyse.optim.biz\/index.php?rest_route=\/wp\/v2\/posts"}],"about":[{"href":"https:\/\/analyse.optim.biz\/index.php?rest_route=\/wp\/v2\/types\/post"}],"author":[{"embeddable":true,"href":"https:\/\/analyse.optim.biz\/index.php?rest_route=\/wp\/v2\/users\/1"}],"replies":[{"embeddable":true,"href":"https:\/\/analyse.optim.biz\/index.php?rest_route=%2Fwp%2Fv2%2Fcomments&post=200984"}],"version-history":[{"count":0,"href":"https:\/\/analyse.optim.biz\/index.php?rest_route=\/wp\/v2\/posts\/200984\/revisions"}],"wp:featuredmedia":[{"embeddable":true,"href":"https:\/\/analyse.optim.biz\/index.php?rest_route=\/wp\/v2\/media\/200985"}],"wp:attachment":[{"href":"https:\/\/analyse.optim.biz\/index.php?rest_route=%2Fwp%2Fv2%2Fmedia&parent=200984"}],"wp:term":[{"taxonomy":"category","embeddable":true,"href":"https:\/\/analyse.optim.biz\/index.php?rest_route=%2Fwp%2Fv2%2Fcategories&post=200984"},{"taxonomy":"post_tag","embeddable":true,"href":"https:\/\/analyse.optim.biz\/index.php?rest_route=%2Fwp%2Fv2%2Ftags&post=200984"}],"curies":[{"name":"wp","href":"https:\/\/api.w.org\/{rel}","templated":true}]}}