{"id":200970,"date":"2014-07-14T13:51:08","date_gmt":"2014-07-14T10:51:08","guid":{"rendered":"https:\/\/analyse.optim.biz\/?p=200970"},"modified":"2014-07-14T13:51:08","modified_gmt":"2014-07-14T10:51:08","slug":"crin-antonescu-nu-eu-am-fost-initiatorul-actiunii-de-suspendare-a-presedintelui-basescu-in-2012","status":"publish","type":"post","link":"https:\/\/analyse.optim.biz\/?p=200970","title":{"rendered":"Crin Antonescu: Nu eu am fost ini\u021biatorul ac\u021biunii de suspendare a pre\u0219edintelui B\u0103sescu, \u00een 2012"},"content":{"rendered":"<div class=\"entry data-app-meta data-app-meta-article\" data-embed-base-url-canonical=\"https:\/\/www.digi24.ro\/embed\/stiri\/actualitate\/politica\/crin-antonescu-nu-eu-am-fost-initiatorul-actiunii-de-suspendare-a-presedintelui-basescu-in-2012-268764\">\n<p data-index=\"1\">\u201eNu eu am fost ini\u0163iatorul ac\u0163iunii de suspendare, dar am participat la ea. \u00cemi asum aceast\u0103 participare \u015fi aceast\u0103 conducere chiar a ac\u0163iunii. Cu gre\u015feli, cu erori, cu precipit\u0103ri, dar \u00een cadrele constitu\u0163ionale. S\u0103 zicem c\u0103 a fost o decizie comun\u0103, precipitat\u0103 de anumite tensiuni \u00eentre pre\u015fedinte \u015fi premier&#8221;, a afirmat fostul lider al PNL, coment\u00e2nd posibilitatea de a pierde o parte a votan\u0163ilor de dreapta.<\/p>\n<p data-index=\"2\">Despre pactul de coabitare semnat, \u00een decembrie 2012, \u00eentre Traian B\u0103sescu \u0219i Victor Ponta, Crin Antonescu afirm\u0103 c\u0103 nu l-a citit \u00een \u00eentregime \u0219i c\u0103 l-a avertizat pe prim-ministru c\u0103 documentul este unul aberant. \u00cen plus, sus\u021bine c\u0103 este convins c\u0103 vicepremierul Liviu Dragnea s-ar fi \u00eent\u00e2lnit anterior semn\u0103rii pactului de coabitare cu Traian B\u0103sescu, pentru negocieri.<\/p>\n<p data-index=\"3\">\u201e<span>Nu am fost niciodat\u0103 de acord cu acest document, cred c\u0103 nu l-am citit niciodat\u0103 de la cap la coad\u0103 cu aten\u0163ie, l-am r\u0103sfoit, ca s\u0103 zic a\u015fa. \u00cen seara c\u00e2nd am fost la Cotroceni au avut loc ni\u015fte discu\u0163ii, \u00een care \u00een permanen\u0163\u0103 eu am sus\u0163inut ideea c\u0103 nu este nevoie \u015fi nu e cazul s\u0103 semneze a\u015fa ceva. Dac\u0103 e vorba de chestiuni punctuale, dou\u0103 &#8211; trei, nu mai multe, i le-am indicat domnului Ponta ca exemplu pentru faptul c\u0103 un asemenea document este aberant\u201d, a ad\u0103ugat Crin Antonescu. <\/span><\/p>\n<p data-index=\"4\">Fostul pre\u0219edinte al PNL \u015fi-a reamintit \u015fi cele mai tensionate momete din colaborarea cu PSD: numirile procurorilor \u0219i proiectul legat de Ro\u0219ia Montan\u0103. \u00a0<\/p>\n<\/div>\n<p> Source URL: https:\/\/www.digi24.ro\/stiri\/actualitate\/politica\/crin-antonescu-nu-eu-am-fost-initiatorul-actiunii-de-suspendare-a-presedintelui-basescu-in-2012-268764<\/p>\n","protected":false},"excerpt":{"rendered":"<p>\u201eNu eu am fost ini\u0163iatorul ac\u0163iunii de suspendare, dar am participat la ea. \u00cemi asum aceast\u0103 participare \u015fi aceast\u0103 conducere chiar a ac\u0163iunii. Cu gre\u015feli, cu erori, cu precipit\u0103ri, dar \u00een cadrele constitu\u0163ionale. S\u0103 zicem c\u0103 a fost o decizie comun\u0103, precipitat\u0103 de anumite tensiuni \u00eentre pre\u015fedinte \u015fi premier&#8221;, a afirmat fostul lider al PNL, [&hellip;]<\/p>\n","protected":false},"author":1,"featured_media":200971,"comment_status":"open","ping_status":"","sticky":false,"template":"","format":"standard","meta":{"footnotes":""},"categories":[2],"tags":[11],"class_list":["post-200970","post","type-post","status-publish","format-standard","has-post-thumbnail","hentry","category-politics","tag-digi24"],"_links":{"self":[{"href":"https:\/\/analyse.optim.biz\/index.php?rest_route=\/wp\/v2\/posts\/200970","targetHints":{"allow":["GET"]}}],"collection":[{"href":"https:\/\/analyse.optim.biz\/index.php?rest_route=\/wp\/v2\/posts"}],"about":[{"href":"https:\/\/analyse.optim.biz\/index.php?rest_route=\/wp\/v2\/types\/post"}],"author":[{"embeddable":true,"href":"https:\/\/analyse.optim.biz\/index.php?rest_route=\/wp\/v2\/users\/1"}],"replies":[{"embeddable":true,"href":"https:\/\/analyse.optim.biz\/index.php?rest_route=%2Fwp%2Fv2%2Fcomments&post=200970"}],"version-history":[{"count":0,"href":"https:\/\/analyse.optim.biz\/index.php?rest_route=\/wp\/v2\/posts\/200970\/revisions"}],"wp:featuredmedia":[{"embeddable":true,"href":"https:\/\/analyse.optim.biz\/index.php?rest_route=\/wp\/v2\/media\/200971"}],"wp:attachment":[{"href":"https:\/\/analyse.optim.biz\/index.php?rest_route=%2Fwp%2Fv2%2Fmedia&parent=200970"}],"wp:term":[{"taxonomy":"category","embeddable":true,"href":"https:\/\/analyse.optim.biz\/index.php?rest_route=%2Fwp%2Fv2%2Fcategories&post=200970"},{"taxonomy":"post_tag","embeddable":true,"href":"https:\/\/analyse.optim.biz\/index.php?rest_route=%2Fwp%2Fv2%2Ftags&post=200970"}],"curies":[{"name":"wp","href":"https:\/\/api.w.org\/{rel}","templated":true}]}}