{"id":200948,"date":"2014-07-14T16:14:50","date_gmt":"2014-07-14T13:14:50","guid":{"rendered":"https:\/\/analyse.optim.biz\/?p=200948"},"modified":"2014-07-14T16:14:50","modified_gmt":"2014-07-14T13:14:50","slug":"intalnirea-dintre-victor-ponta-si-traian-basescu-pe-tema-cas-s-a-incheiat-premierul-ne-am-certat","status":"publish","type":"post","link":"https:\/\/analyse.optim.biz\/?p=200948","title":{"rendered":"\u00cent\u00e2lnirea dintre Victor Ponta \u015fi Traian B\u0103sescu pe tema CAS s-a \u00eencheiat. Premierul: \u201eNe-am certat\u201d"},"content":{"rendered":"<div class=\"entry data-app-meta data-app-meta-article\" data-embed-base-url-canonical=\"https:\/\/www.digi24.ro\/embed\/stiri\/actualitate\/politica\/intalnirea-dintre-victor-ponta-si-traian-basescu-pe-tema-cas-s-a-incheiat-premierul-ne-am-certat-268912\">\n<p data-index=\"1\"><strong>Actualizare 16.46.<\/strong> Premierul \u0219i pre\u0219edintele nu au ajuns la un acord \u00een ceea ce prive\u0219te reducerea CAS pentru companii. \u201eNe-am certat\u201d, a declarat premierul pentru Mediafax.<\/p>\n<p data-index=\"2\">________________<\/p>\n<p data-index=\"3\">\u00cent\u00e2lnirea dintre Victor Ponta \u015fi pre\u015fedintele Traian B\u0103sescu a durat 30 de minute, iar Victor Ponta a fost \u00eenso\u0163it de Ministrul Finan\u0163elor Publice,\u00a0Ioana-Maria Petrescu. \u00a0\u00a0<\/p>\n<p data-index=\"4\">Sc\u0103derea CAS cu 5% pentru angajatori a fost una dintre principalele promisiuni electorale f\u0103cute de USL \u015fi de Victor Ponta \u00een 2012. De\u015fi ini\u0163ial ar fi trebuit s\u0103 intre \u00een vigoare la 1 iulie, reducerea CAS se va aplica de la 1 octombrie, dup\u0103 ce Fondul Monetar Interna\u0163ional nu \u015fi-a dat acordul asupra acestei m\u0103suri, \u00eentruc\u00e2t Guvernul nu a identificat resursele bugetare compensatorii.<\/p>\n<p data-index=\"5\">Proiectul elaborat de Executiv a fost rapid adoptat de Parlament, \u00eens\u0103 pre\u015fedintele Traian B\u0103sescu a refuzat s\u0103 \u00eel promulge.<\/p>\n<p data-index=\"6\">\u201e<span>Este o m\u0103sura bun\u0103 dac\u0103 ar putea fi aplicat\u0103, dar din p\u0103cate este o m\u0103sur\u0103 electoral\u0103 pentru c\u0103 ea nu are sustenabilitate. Cred c\u0103 una din \u0163intele Guvernului pentru a acoperi deficitul suplimentar de 5,5 miliarde va fi de cre\u015fterea de 2 la 3 ori a taxei pe proprietate\u201d, explica Traian B\u0103sescu.<\/span><\/p>\n<p data-index=\"7\">Obiec\u0163iile formulate de \u015feful statului nu l-au convins, ini\u0163ial, pe Victor Ponta.<\/p>\n<p data-index=\"8\">\u201eGuvernul nu are ce c\u0103uta la Cotroceni \u015fi despre reducerea CAS nu avem ce discuta, pentru c\u0103 este o lege votat\u0103 de Parlament. Dac\u0103 vrea, s\u0103 discute cu Parlamentul\u201d, <span lang=\"en-US\">spunea Victor Ponta.<\/span><\/p>\n<p data-index=\"9\">Dou\u0103 zile mai t\u00e2rziu, \u015feful Guvernului s-a r\u0103zg\u00e2ndit \u015fi a transmis c\u0103 va merge luni dup\u0103-amiaz\u0103 la Cotroceni pentru a discuta cu pre\u015fedintele.<\/p>\n<p data-index=\"10\">\u00centre timp, Ministerul Finan\u0163elor a anun\u0163at c\u0103 Executivul condus de Victor Ponta inten\u0163ioneaz\u0103 s\u0103 majoreze impozitul pentru cl\u0103diri nereziden\u0163iale, pentru terenuri intravilane \u015fi pentru autoturisme.<\/p>\n<\/div>\n<p> Source URL: https:\/\/www.digi24.ro\/stiri\/actualitate\/politica\/intalnirea-dintre-victor-ponta-si-traian-basescu-pe-tema-cas-s-a-incheiat-premierul-ne-am-certat-268912<\/p>\n","protected":false},"excerpt":{"rendered":"<p>Actualizare 16.46. Premierul \u0219i pre\u0219edintele nu au ajuns la un acord \u00een ceea ce prive\u0219te reducerea CAS pentru companii. \u201eNe-am certat\u201d, a declarat premierul pentru Mediafax. ________________ \u00cent\u00e2lnirea dintre Victor Ponta \u015fi pre\u015fedintele Traian B\u0103sescu a durat 30 de minute, iar Victor Ponta a fost \u00eenso\u0163it de Ministrul Finan\u0163elor Publice,\u00a0Ioana-Maria Petrescu. \u00a0\u00a0 Sc\u0103derea CAS cu [&hellip;]<\/p>\n","protected":false},"author":1,"featured_media":200949,"comment_status":"open","ping_status":"","sticky":false,"template":"","format":"standard","meta":{"footnotes":""},"categories":[2],"tags":[11],"class_list":["post-200948","post","type-post","status-publish","format-standard","has-post-thumbnail","hentry","category-politics","tag-digi24"],"_links":{"self":[{"href":"https:\/\/analyse.optim.biz\/index.php?rest_route=\/wp\/v2\/posts\/200948","targetHints":{"allow":["GET"]}}],"collection":[{"href":"https:\/\/analyse.optim.biz\/index.php?rest_route=\/wp\/v2\/posts"}],"about":[{"href":"https:\/\/analyse.optim.biz\/index.php?rest_route=\/wp\/v2\/types\/post"}],"author":[{"embeddable":true,"href":"https:\/\/analyse.optim.biz\/index.php?rest_route=\/wp\/v2\/users\/1"}],"replies":[{"embeddable":true,"href":"https:\/\/analyse.optim.biz\/index.php?rest_route=%2Fwp%2Fv2%2Fcomments&post=200948"}],"version-history":[{"count":0,"href":"https:\/\/analyse.optim.biz\/index.php?rest_route=\/wp\/v2\/posts\/200948\/revisions"}],"wp:featuredmedia":[{"embeddable":true,"href":"https:\/\/analyse.optim.biz\/index.php?rest_route=\/wp\/v2\/media\/200949"}],"wp:attachment":[{"href":"https:\/\/analyse.optim.biz\/index.php?rest_route=%2Fwp%2Fv2%2Fmedia&parent=200948"}],"wp:term":[{"taxonomy":"category","embeddable":true,"href":"https:\/\/analyse.optim.biz\/index.php?rest_route=%2Fwp%2Fv2%2Fcategories&post=200948"},{"taxonomy":"post_tag","embeddable":true,"href":"https:\/\/analyse.optim.biz\/index.php?rest_route=%2Fwp%2Fv2%2Ftags&post=200948"}],"curies":[{"name":"wp","href":"https:\/\/api.w.org\/{rel}","templated":true}]}}