{"id":2009417,"date":"2026-06-24T06:00:40","date_gmt":"2026-06-24T03:00:40","guid":{"rendered":"https:\/\/analyse.optim.biz\/?p=2009417"},"modified":"2026-06-24T06:00:40","modified_gmt":"2026-06-24T03:00:40","slug":"lucrari-de-decolmatare-a-canalelor-pentru-prevenirea-inundatiilor-si-protejarea-gospodariilor-primaria","status":"publish","type":"post","link":"https:\/\/analyse.optim.biz\/?p=2009417","title":{"rendered":"Lucr\u0103ri de decolmatare a canalelor pentru prevenirea inunda\u0163iilor \u015fi protejarea gospod\u0103riilor: Prim\u0103ria"},"content":{"rendered":"<p>[analyse_image type=&#8221;featured&#8221; src=&#8221;https:\/\/ziaruldelta.ro\/wp-content\/uploads\/2026\/06\/Lucrari-de-decolmatare.jpg&#8221;]<\/p>\n<article id=\"post-37167\" class=\"module single-post-module post-37167 post type-post status-publish format-standard has-post-thumbnail hentry category-politica-administratie et-has-post-format-content et_post_format-et-post-format-standard\">\n<div class=\"post-header\">\n<h1 class=\"entry-title\">Lucr\u0103ri de decolmatare a canalelor pentru prevenirea inunda\u0163iilor \u015fi protejarea gospod\u0103riilor: Prim\u0103ria ora\u015fului M\u0103cin a intervenit \u00een zona Ceair<\/h1>\n<div class=\"post-meta vcard\">\n<p>Posted by <a href=\"https:\/\/ziaruldelta.ro\/author\/nicoleta-urmuz\/\" class=\"url fn\" title=\"Posts by Nicoleta URMUZ\" rel=\"author\">Nicoleta URMUZ<\/a> | <span class=\"updated\">Jun 24, 2026<\/span> | <a href=\"https:\/\/ziaruldelta.ro\/category\/politica-administratie\/\" rel=\"tag\">Politica &#8211; Administratie<\/a> | <\/p>\n<\/div>\n<\/div>\n<div class=\"post-thumbnail header\"><img decoding=\"async\" src=\"https:\/\/ziaruldelta.ro\/wp-content\/uploads\/2026\/06\/Lucrari-de-decolmatare.jpg\" alt=\"Lucr\u0103ri de decolmatare a canalelor pentru prevenirea inunda\u0163iilor \u015fi protejarea gospod\u0103riilor: Prim\u0103ria ora\u015fului M\u0103cin a intervenit \u00een zona Ceair\"><\/div>\n<div class=\"post-wrap\">\n<div class=\"post-content entry-content\">\n<p>Prim\u0103ria Ora\u015fului M\u0103cin a realizat lucr\u0103ri importante de cur\u0103\u0163are \u015fi decolmatare a canalului din zona Ceair, care, de-a lungul timpului, nu a beneficiat de astfel de interven\u0163ii. Autorit\u0103\u0163ile locale precizeaz\u0103 c\u0103 m\u0103sura a fost necesar\u0103 \u00een contextul problemelor semnalate de locuitorii de pe str\u0103zile Republicii \u015fi Mircea Vod\u0103, care, dup\u0103 fiecare ploaie mai abundent\u0103, se confrunt\u0103 cu acumul\u0103ri de ap\u0103 \u015fi riscul de inundare a gospod\u0103riilor. Din acest motiv, interven\u0163ia nu a mai putut fi am\u00e2nat\u0103. Potrivit informa\u0163iilor transmise de Prim\u0103ria Ora\u015fului M\u0103cin, canalul era colmatat, iar apa nu mai circula corespunz\u0103tor.<\/p>\n<p>\u00cen cadrul lucr\u0103rilor au fost cur\u0103\u0163ate \u015fi decolmatate at\u00e2t canalul, c\u00e2t \u015fi conducta de evacuare. De asemenea, a fost amenajat un bazin de colectare, iar luni a fost reluat fluxul apei pentru a verifica func\u0163ionarea \u00eentregului sistem.<\/p>\n<p>Prim\u0103ria face apel la cet\u0103\u0163eni s\u0103 se informeze din surse oficiale \u015fi transmite c\u0103 aceste lucr\u0103ri vizeaz\u0103 rezolvarea unor probleme persistente care afecteaz\u0103 comunitatea de mult timp.<\/p>\n<blockquote>\n<p>\u201e\u00centreaga ac\u0163iune s-a desf\u0103\u015furat sub supravegherea inspectorului pentru situa\u0163ii de urgen\u0163\u0103, pentru ca lucr\u0103rile s\u0103 fie realizate \u00een condi\u0163ii de siguran\u0163\u0103 \u015fi eficien\u0163\u0103. Acesta este doar \u00eenceputul. Vom continua, etap\u0103 cu etap\u0103, \u015fi cu celelalte canale din localitate, pentru c\u0103 prevenirea problemelor este mult mai important\u0103 dec\u00e2t interven\u0163ia dup\u0103 producerea lor. V\u0103 rug\u0103m s\u0103 v\u0103 informa\u0163i din surse oficiale \u015fi s\u0103 ave\u0163i \u00eencredere c\u0103 lucr\u0103m pentru rezolvarea unor probleme care afecteaz\u0103 comunitatea de foarte mult timp. Mul\u0163umim tuturor celor implica\u0163i \u015fi tuturor cet\u0103\u0163enilor pentru r\u0103bdare \u015fi \u00een\u0163elegere\u201d, a transmis Prim\u0103ria Ora\u015fului M\u0103cin.<\/p>\n<\/blockquote>\n<\/div>\n<\/div>\n<div class=\"post-footer\">\n<div class=\"social-icons ed-social-share-icons\">\n<p class=\"share-title\">Share:<\/p>\n<\/div>\n<div class=\"rating-stars\">\n<p id=\"rate-title\" class=\"rate-title\">Rate:<\/p>\n<\/div>\n<\/div>\n<\/article>\n<div class=\"post-content entry-content\">\n<p>Prim\u0103ria Ora\u015fului M\u0103cin a realizat lucr\u0103ri importante de cur\u0103\u0163are \u015fi decolmatare a canalului din zona Ceair, care, de-a lungul timpului, nu a beneficiat de astfel de interven\u0163ii. Autorit\u0103\u0163ile locale precizeaz\u0103 c\u0103 m\u0103sura a fost necesar\u0103 \u00een contextul problemelor semnalate de locuitorii de pe str\u0103zile Republicii \u015fi Mircea Vod\u0103, care, dup\u0103 fiecare ploaie mai abundent\u0103, se confrunt\u0103 cu acumul\u0103ri de ap\u0103 \u015fi riscul de inundare a gospod\u0103riilor. Din acest motiv, interven\u0163ia nu a mai putut fi am\u00e2nat\u0103. Potrivit informa\u0163iilor transmise de Prim\u0103ria Ora\u015fului M\u0103cin, canalul era colmatat, iar apa nu mai circula corespunz\u0103tor.<\/p>\n<p>\u00cen cadrul lucr\u0103rilor au fost cur\u0103\u0163ate \u015fi decolmatate at\u00e2t canalul, c\u00e2t \u015fi conducta de evacuare. De asemenea, a fost amenajat un bazin de colectare, iar luni a fost reluat fluxul apei pentru a verifica func\u0163ionarea \u00eentregului sistem.<\/p>\n<p>Prim\u0103ria face apel la cet\u0103\u0163eni s\u0103 se informeze din surse oficiale \u015fi transmite c\u0103 aceste lucr\u0103ri vizeaz\u0103 rezolvarea unor probleme persistente care afecteaz\u0103 comunitatea de mult timp.<\/p>\n<blockquote>\n<p>\u201e\u00centreaga ac\u0163iune s-a desf\u0103\u015furat sub supravegherea inspectorului pentru situa\u0163ii de urgen\u0163\u0103, pentru ca lucr\u0103rile s\u0103 fie realizate \u00een condi\u0163ii de siguran\u0163\u0103 \u015fi eficien\u0163\u0103. Acesta este doar \u00eenceputul. Vom continua, etap\u0103 cu etap\u0103, \u015fi cu celelalte canale din localitate, pentru c\u0103 prevenirea problemelor este mult mai important\u0103 dec\u00e2t interven\u0163ia dup\u0103 producerea lor. V\u0103 rug\u0103m s\u0103 v\u0103 informa\u0163i din surse oficiale \u015fi s\u0103 ave\u0163i \u00eencredere c\u0103 lucr\u0103m pentru rezolvarea unor probleme care afecteaz\u0103 comunitatea de foarte mult timp. Mul\u0163umim tuturor celor implica\u0163i \u015fi tuturor cet\u0103\u0163enilor pentru r\u0103bdare \u015fi \u00een\u0163elegere\u201d, a transmis Prim\u0103ria Ora\u015fului M\u0103cin.<\/p>\n<\/blockquote>\n<\/div>\n<div class=\"post-content entry-content\">\n<p>Prim\u0103ria Ora\u015fului M\u0103cin a realizat lucr\u0103ri importante de cur\u0103\u0163are \u015fi decolmatare a canalului din zona Ceair, care, de-a lungul timpului, nu a beneficiat de astfel de interven\u0163ii. Autorit\u0103\u0163ile locale precizeaz\u0103 c\u0103 m\u0103sura a fost necesar\u0103 \u00een contextul problemelor semnalate de locuitorii de pe str\u0103zile Republicii \u015fi Mircea Vod\u0103, care, dup\u0103 fiecare ploaie mai abundent\u0103, se confrunt\u0103 cu acumul\u0103ri de ap\u0103 \u015fi riscul de inundare a gospod\u0103riilor. Din acest motiv, interven\u0163ia nu a mai putut fi am\u00e2nat\u0103. Potrivit informa\u0163iilor transmise de Prim\u0103ria Ora\u015fului M\u0103cin, canalul era colmatat, iar apa nu mai circula corespunz\u0103tor.<\/p>\n<p>\u00cen cadrul lucr\u0103rilor au fost cur\u0103\u0163ate \u015fi decolmatate at\u00e2t canalul, c\u00e2t \u015fi conducta de evacuare. De asemenea, a fost amenajat un bazin de colectare, iar luni a fost reluat fluxul apei pentru a verifica func\u0163ionarea \u00eentregului sistem.<\/p>\n<p>Prim\u0103ria face apel la cet\u0103\u0163eni s\u0103 se informeze din surse oficiale \u015fi transmite c\u0103 aceste lucr\u0103ri vizeaz\u0103 rezolvarea unor probleme persistente care afecteaz\u0103 comunitatea de mult timp.<\/p>\n<blockquote>\n<p>\u201e\u00centreaga ac\u0163iune s-a desf\u0103\u015furat sub supravegherea inspectorului pentru situa\u0163ii de urgen\u0163\u0103, pentru ca lucr\u0103rile s\u0103 fie realizate \u00een condi\u0163ii de siguran\u0163\u0103 \u015fi eficien\u0163\u0103. Acesta este doar \u00eenceputul. Vom continua, etap\u0103 cu etap\u0103, \u015fi cu celelalte canale din localitate, pentru c\u0103 prevenirea problemelor este mult mai important\u0103 dec\u00e2t interven\u0163ia dup\u0103 producerea lor. V\u0103 rug\u0103m s\u0103 v\u0103 informa\u0163i din surse oficiale \u015fi s\u0103 ave\u0163i \u00eencredere c\u0103 lucr\u0103m pentru rezolvarea unor probleme care afecteaz\u0103 comunitatea de foarte mult timp. Mul\u0163umim tuturor celor implica\u0163i \u015fi tuturor cet\u0103\u0163enilor pentru r\u0103bdare \u015fi \u00een\u0163elegere\u201d, a transmis Prim\u0103ria Ora\u015fului M\u0103cin.<\/p>\n<\/blockquote>\n<\/div>\n<p>[analyse_source url=&#8221;https:\/\/ziaruldelta.ro\/2026\/06\/24\/lucrari-de-decolmatare-a-canalelor-pentru-prevenirea-inundatiilor-si-protejarea-gospodariilor-primaria-orasului-macin-a-intervenit-in-zona-ceair\/&#8221;]<\/p>\n","protected":false},"excerpt":{"rendered":"<p>[analyse_image type=&#8221;featured&#8221; src=&#8221;https:\/\/ziaruldelta.ro\/wp-content\/uploads\/2026\/06\/Lucrari-de-decolmatare.jpg&#8221;] Lucr\u0103ri de decolmatare a canalelor pentru prevenirea inunda\u0163iilor \u015fi protejarea gospod\u0103riilor: Prim\u0103ria ora\u015fului M\u0103cin a intervenit \u00een zona Ceair Posted by Nicoleta URMUZ | Jun 24, 2026 | Politica &#8211; Administratie | Prim\u0103ria Ora\u015fului M\u0103cin a realizat lucr\u0103ri importante de cur\u0103\u0163are \u015fi decolmatare a canalului din zona Ceair, care, de-a lungul timpului, [&hellip;]<\/p>\n","protected":false},"author":1,"featured_media":0,"comment_status":"open","ping_status":"","sticky":false,"template":"","format":"standard","meta":{"footnotes":""},"categories":[89],"tags":[226,206],"class_list":["post-2009417","post","type-post","status-publish","format-standard","hentry","category-romania","tag-crawlmanager","tag-ziaruldelta-ro"],"_links":{"self":[{"href":"https:\/\/analyse.optim.biz\/index.php?rest_route=\/wp\/v2\/posts\/2009417","targetHints":{"allow":["GET"]}}],"collection":[{"href":"https:\/\/analyse.optim.biz\/index.php?rest_route=\/wp\/v2\/posts"}],"about":[{"href":"https:\/\/analyse.optim.biz\/index.php?rest_route=\/wp\/v2\/types\/post"}],"author":[{"embeddable":true,"href":"https:\/\/analyse.optim.biz\/index.php?rest_route=\/wp\/v2\/users\/1"}],"replies":[{"embeddable":true,"href":"https:\/\/analyse.optim.biz\/index.php?rest_route=%2Fwp%2Fv2%2Fcomments&post=2009417"}],"version-history":[{"count":0,"href":"https:\/\/analyse.optim.biz\/index.php?rest_route=\/wp\/v2\/posts\/2009417\/revisions"}],"wp:attachment":[{"href":"https:\/\/analyse.optim.biz\/index.php?rest_route=%2Fwp%2Fv2%2Fmedia&parent=2009417"}],"wp:term":[{"taxonomy":"category","embeddable":true,"href":"https:\/\/analyse.optim.biz\/index.php?rest_route=%2Fwp%2Fv2%2Fcategories&post=2009417"},{"taxonomy":"post_tag","embeddable":true,"href":"https:\/\/analyse.optim.biz\/index.php?rest_route=%2Fwp%2Fv2%2Ftags&post=2009417"}],"curies":[{"name":"wp","href":"https:\/\/api.w.org\/{rel}","templated":true}]}}