{"id":200936,"date":"2014-07-14T17:08:47","date_gmt":"2014-07-14T14:08:47","guid":{"rendered":"https:\/\/analyse.optim.biz\/?p=200936"},"modified":"2014-07-14T17:08:47","modified_gmt":"2014-07-14T14:08:47","slug":"traian-basescu-voi-face-publice-inregistrarile-discutiilor-ca-sa-vedem-cine-minte","status":"publish","type":"post","link":"https:\/\/analyse.optim.biz\/?p=200936","title":{"rendered":"Traian B\u0103sescu: Voi face publice \u00eenregistr\u0103rile discu\u021biilor ca s\u0103 vedem cine minte!"},"content":{"rendered":"<div class=\"entry data-app-meta data-app-meta-article\" data-embed-base-url-canonical=\"https:\/\/www.digi24.ro\/embed\/stiri\/actualitate\/politica\/traian-basescu-voi-face-publice-inregistrarile-discutiilor-ca-sa-vedem-cine-minte-268957\">\n<p data-index=\"1\"><img decoding=\"async\" src=\"https:\/\/analyse.optim.biz\/wp-content\/uploads\/2024\/09\/jnc9odawjmhhc2g9mmmzntawnjk4otrizddkzmm0mda5oty2mdnly2m2y2q-thumb_.jpg\" data-skip-htmlfix=\"1\" title=\"jnc9odawjmhhc2g9mmmzntawnjk4otrizddkzmm0mda5oty2mdnly2m2y2q-thumb_\"><\/p>\n<p data-index=\"2\">Pre\u015fedintele a vorbit \u00een declara\u0163ia sa de pres\u0103 despre \u201eincompeten\u021ba guvernului\u201d, care are o echip\u0103 \u201efoarte nepreg\u0103tit\u0103\u201d \u0219i a criticat-o inclusiv pe Ioana Petrescu, ministrul de Finan\u021be cu studii la Harvard, spun\u00e2nd c\u0103 se a\u0219tepta s\u0103 vin\u0103 s\u0103-i prezinte un desf\u0103\u0219ur\u0103tor. Premierul \u0219i ministrul de Finan\u021be au venit, \u00een schimb, doar cu afirma\u021bii, cu argumente extrem de volatile, a spus pre\u0219edintele.<\/p>\n<p data-index=\"3\">Traian B\u0103sescu a anun\u021bat c\u0103 va face publice, pentru prima dat\u0103, \u00eenregistr\u0103rile discu\u021biilor pe care le-a avut cu premierul, reac\u021bion\u00e2nd astfel la afirma\u021biile premierului \u0219i ale unui post de televiziune, care au spus c\u0103 discu\u021biile au fost dure \u0219i s-au purtat pe un ton nepoliticos fa\u021b\u0103 de ministrul Ioana Petrescu. \u201eFac publice \u00eenregistr\u0103rile s\u0103 vedem cine minte!\u201d, a declarat pre\u0219edintele, r\u0103spunz\u00e2nd unei \u00eentreb\u0103ri din partea jurnali\u0219tilor.<\/p>\n<p data-index=\"4\">El a mai spus c\u0103 i-a cerut ministrului de Finan\u021be s\u0103-i transmit\u0103 \u00een zilele urm\u0103toare \u201eo foaie\u201d unde s\u0103 detalieze cu cifre de unde vor veni veniturile pentru acoperirea deficitului bugetar creat de reducerea CAS.<\/p>\n<p data-index=\"5\">Parlamentul a fost \u00een\u0219elat de expunerea de motive a ministrului de Finan\u021be, a mai afirmat Traian B\u0103sescu, \u00eentrebat dac\u0103 nu cumva \u0219i Parlamentul are o responsabilitate, pentru c\u0103 a trecut aceast\u0103 lege.\u00a0<\/p>\n<p data-index=\"6\">\u0218eful statului a evitat s\u0103 spun\u0103 dac\u0103 va ataca legea la Curtea Constitu\u021bional\u0103, dar a precizat c\u0103 mai are timp s\u0103 discute \u0219i cu oamenii de afaceri, data-limit\u0103 a promulg\u0103rii fiind 24 iulie.<\/p>\n<h5>Ce a spus premierul<\/h5>\n<p data-index=\"7\">\u201eEu sunt obi\u0219nuit, dna Petrescu probabil a avut o experien\u021b\u0103 nepl\u0103cut\u0103 (&#8230;) un ton destul de b\u0103d\u0103r\u0103nesc la adresa dnei Petrescu (&#8230;) Dna ministru a rezistat destul de bine\u201d, a declarat premierul. \u201eAm aflat c\u0103 studiile de la Harvard nu \u00eenseamn\u0103 nimic\u201d, a ad\u0103ugat Victor Ponta \u00eentrebat despre discu\u021biile avute la Cotroceni.<\/p>\n<p data-index=\"8\">El a mai spus c\u0103 pre\u0219edintele a pus piedici ob\u021binerii de venituri \u0219i c\u00e2nd a blocat legea insolven\u021bei, gest f\u0103cut, \u00een opinia premierului, \u201epentru a-\u0219i ajuta ni\u0219te prieteni\u201d.<\/p>\n<p data-index=\"9\">De asemenea, premierul sus\u021bine c\u0103 pre\u0219edintele ar fi dat de \u00een\u021beles c\u0103 va ataca legea la Curtea Constitu\u021bional\u0103.<\/p>\n<\/div>\n<p> Source URL: https:\/\/www.digi24.ro\/stiri\/actualitate\/politica\/traian-basescu-voi-face-publice-inregistrarile-discutiilor-ca-sa-vedem-cine-minte-268957<\/p>\n","protected":false},"excerpt":{"rendered":"<p>Pre\u015fedintele a vorbit \u00een declara\u0163ia sa de pres\u0103 despre \u201eincompeten\u021ba guvernului\u201d, care are o echip\u0103 \u201efoarte nepreg\u0103tit\u0103\u201d \u0219i a criticat-o inclusiv pe Ioana Petrescu, ministrul de Finan\u021be cu studii la Harvard, spun\u00e2nd c\u0103 se a\u0219tepta s\u0103 vin\u0103 s\u0103-i prezinte un desf\u0103\u0219ur\u0103tor. Premierul \u0219i ministrul de Finan\u021be au venit, \u00een schimb, doar cu afirma\u021bii, cu argumente [&hellip;]<\/p>\n","protected":false},"author":1,"featured_media":200937,"comment_status":"open","ping_status":"","sticky":false,"template":"","format":"standard","meta":{"footnotes":""},"categories":[2],"tags":[11],"class_list":["post-200936","post","type-post","status-publish","format-standard","has-post-thumbnail","hentry","category-politics","tag-digi24"],"_links":{"self":[{"href":"https:\/\/analyse.optim.biz\/index.php?rest_route=\/wp\/v2\/posts\/200936","targetHints":{"allow":["GET"]}}],"collection":[{"href":"https:\/\/analyse.optim.biz\/index.php?rest_route=\/wp\/v2\/posts"}],"about":[{"href":"https:\/\/analyse.optim.biz\/index.php?rest_route=\/wp\/v2\/types\/post"}],"author":[{"embeddable":true,"href":"https:\/\/analyse.optim.biz\/index.php?rest_route=\/wp\/v2\/users\/1"}],"replies":[{"embeddable":true,"href":"https:\/\/analyse.optim.biz\/index.php?rest_route=%2Fwp%2Fv2%2Fcomments&post=200936"}],"version-history":[{"count":0,"href":"https:\/\/analyse.optim.biz\/index.php?rest_route=\/wp\/v2\/posts\/200936\/revisions"}],"wp:featuredmedia":[{"embeddable":true,"href":"https:\/\/analyse.optim.biz\/index.php?rest_route=\/wp\/v2\/media\/200937"}],"wp:attachment":[{"href":"https:\/\/analyse.optim.biz\/index.php?rest_route=%2Fwp%2Fv2%2Fmedia&parent=200936"}],"wp:term":[{"taxonomy":"category","embeddable":true,"href":"https:\/\/analyse.optim.biz\/index.php?rest_route=%2Fwp%2Fv2%2Fcategories&post=200936"},{"taxonomy":"post_tag","embeddable":true,"href":"https:\/\/analyse.optim.biz\/index.php?rest_route=%2Fwp%2Fv2%2Ftags&post=200936"}],"curies":[{"name":"wp","href":"https:\/\/api.w.org\/{rel}","templated":true}]}}