{"id":2009114,"date":"2026-06-24T06:00:43","date_gmt":"2026-06-24T03:00:43","guid":{"rendered":"https:\/\/analyse.optim.biz\/?p=2009114"},"modified":"2026-06-24T06:00:43","modified_gmt":"2026-06-24T03:00:43","slug":"vacanta-la-muzeu-la-casa-avramide-copiii-sunt-invitati-la-ateliere-creative-de-vara-ziarul-delta","status":"publish","type":"post","link":"https:\/\/analyse.optim.biz\/?p=2009114","title":{"rendered":"\u201eVacan\u0163\u0103 la muzeu&#8221;, la Casa Avramide. Copiii sunt invita\u0163i la ateliere creative de var\u0103 &#8211; Ziarul Delta"},"content":{"rendered":"<p>[analyse_image type=&#8221;featured&#8221; src=&#8221;https:\/\/ziaruldelta.ro\/wp-content\/uploads\/2026\/06\/vacanta-la-muzeu.jpg&#8221;]<\/p>\n<article id=\"post-37163\" class=\"module single-post-module post-37163 post type-post status-publish format-standard has-post-thumbnail hentry category-cultura et-has-post-format-content et_post_format-et-post-format-standard\">\n<div class=\"post-header\">\n<h1 class=\"entry-title\">\u201eVacan\u0163\u0103 la muzeu\u201d, la Casa Avramide. Copiii sunt invita\u0163i la ateliere creative de var\u0103<\/h1>\n<div class=\"post-meta vcard\">\n<p>Posted by <a href=\"https:\/\/ziaruldelta.ro\/author\/nicoleta-urmuz\/\" class=\"url fn\" title=\"Posts by Nicoleta URMUZ\" rel=\"author\">Nicoleta URMUZ<\/a> | <span class=\"updated\">Jun 24, 2026<\/span> | <a href=\"https:\/\/ziaruldelta.ro\/category\/cultura\/\" rel=\"tag\">Cultur\u0103<\/a> | <\/p>\n<\/div>\n<\/div>\n<div class=\"post-thumbnail header\"><img decoding=\"async\" src=\"https:\/\/ziaruldelta.ro\/wp-content\/uploads\/2026\/06\/vacanta-la-muzeu.jpg\" alt=\"\u201eVacan\u0163\u0103 la muzeu\u201d, la Casa Avramide. Copiii sunt invita\u0163i la ateliere creative de var\u0103\"><\/div>\n<div class=\"post-wrap\">\n<div class=\"post-content entry-content\">\n<p>Casa Avramide \u00ee\u015fi deschide por\u0163ile pentru cei mici \u00een aceast\u0103 var\u0103, prin programul \u201eVacan\u0163\u0103 la muzeu\u201d, o ini\u0163iativ\u0103 dedicat\u0103 copiilor cu v\u00e2rste cuprinse \u00eentre 6 \u015fi 9 ani, care \u00ee\u015fi propune s\u0103 transforme vacan\u0163a \u00eentr-o experien\u0163\u0103 plin\u0103 de culoare, imagina\u0163ie \u015fi voie bun\u0103. \u00cen perioada 6 iulie \u2013 31 august, copiii sunt a\u015ftepta\u0163i la ateliere creative, organizate \u00een atmosfera primitoare a Casei Avramide, unde vor avea ocazia s\u0103 descopere bucuria exprim\u0103rii prin art\u0103, folosind pensule, culori \u015fi mult\u0103 imagina\u0163ie.<\/p>\n<p>Atelierele se vor desf\u0103\u015fura \u00een fiecare luni, \u00eentre orele 10:00 \u015fi 11:00, iar participarea se face pe baz\u0103 de \u00eenscriere. Taxa este de 20 de lei\/atelier, iar num\u0103rul de locuri este limitat la maximum 30 de participan\u0163i.<\/p>\n<p>Citi\u0163i continuarea \u00een edi\u0163ia tip\u0103rit\u0103 a ziarului Delta.<\/p>\n<\/div>\n<\/div>\n<div class=\"post-footer\">\n<div class=\"social-icons ed-social-share-icons\">\n<p class=\"share-title\">Share:<\/p>\n<\/div>\n<div class=\"rating-stars\">\n<p id=\"rate-title\" class=\"rate-title\">Rate:<\/p>\n<\/div>\n<\/div>\n<\/article>\n<div class=\"post-content entry-content\">\n<p>Casa Avramide \u00ee\u015fi deschide por\u0163ile pentru cei mici \u00een aceast\u0103 var\u0103, prin programul \u201eVacan\u0163\u0103 la muzeu\u201d, o ini\u0163iativ\u0103 dedicat\u0103 copiilor cu v\u00e2rste cuprinse \u00eentre 6 \u015fi 9 ani, care \u00ee\u015fi propune s\u0103 transforme vacan\u0163a \u00eentr-o experien\u0163\u0103 plin\u0103 de culoare, imagina\u0163ie \u015fi voie bun\u0103. \u00cen perioada 6 iulie \u2013 31 august, copiii sunt a\u015ftepta\u0163i la ateliere creative, organizate \u00een atmosfera primitoare a Casei Avramide, unde vor avea ocazia s\u0103 descopere bucuria exprim\u0103rii prin art\u0103, folosind pensule, culori \u015fi mult\u0103 imagina\u0163ie.<\/p>\n<p>Atelierele se vor desf\u0103\u015fura \u00een fiecare luni, \u00eentre orele 10:00 \u015fi 11:00, iar participarea se face pe baz\u0103 de \u00eenscriere. Taxa este de 20 de lei\/atelier, iar num\u0103rul de locuri este limitat la maximum 30 de participan\u0163i.<\/p>\n<p>Citi\u0163i continuarea \u00een edi\u0163ia tip\u0103rit\u0103 a ziarului Delta.<\/p>\n<\/div>\n<div class=\"post-content entry-content\">\n<p>Casa Avramide \u00ee\u015fi deschide por\u0163ile pentru cei mici \u00een aceast\u0103 var\u0103, prin programul \u201eVacan\u0163\u0103 la muzeu\u201d, o ini\u0163iativ\u0103 dedicat\u0103 copiilor cu v\u00e2rste cuprinse \u00eentre 6 \u015fi 9 ani, care \u00ee\u015fi propune s\u0103 transforme vacan\u0163a \u00eentr-o experien\u0163\u0103 plin\u0103 de culoare, imagina\u0163ie \u015fi voie bun\u0103. \u00cen perioada 6 iulie \u2013 31 august, copiii sunt a\u015ftepta\u0163i la ateliere creative, organizate \u00een atmosfera primitoare a Casei Avramide, unde vor avea ocazia s\u0103 descopere bucuria exprim\u0103rii prin art\u0103, folosind pensule, culori \u015fi mult\u0103 imagina\u0163ie.<\/p>\n<p>Atelierele se vor desf\u0103\u015fura \u00een fiecare luni, \u00eentre orele 10:00 \u015fi 11:00, iar participarea se face pe baz\u0103 de \u00eenscriere. Taxa este de 20 de lei\/atelier, iar num\u0103rul de locuri este limitat la maximum 30 de participan\u0163i.<\/p>\n<p>Citi\u0163i continuarea \u00een edi\u0163ia tip\u0103rit\u0103 a ziarului Delta.<\/p>\n<\/div>\n<p>[analyse_source url=&#8221;https:\/\/ziaruldelta.ro\/2026\/06\/24\/vacanta-la-muzeu-la-casa-avramide-copiii-sunt-invitati-la-ateliere-creative-de-vara\/&#8221;]<\/p>\n","protected":false},"excerpt":{"rendered":"<p>[analyse_image type=&#8221;featured&#8221; src=&#8221;https:\/\/ziaruldelta.ro\/wp-content\/uploads\/2026\/06\/vacanta-la-muzeu.jpg&#8221;] \u201eVacan\u0163\u0103 la muzeu\u201d, la Casa Avramide. Copiii sunt invita\u0163i la ateliere creative de var\u0103 Posted by Nicoleta URMUZ | Jun 24, 2026 | Cultur\u0103 | Casa Avramide \u00ee\u015fi deschide por\u0163ile pentru cei mici \u00een aceast\u0103 var\u0103, prin programul \u201eVacan\u0163\u0103 la muzeu\u201d, o ini\u0163iativ\u0103 dedicat\u0103 copiilor cu v\u00e2rste cuprinse \u00eentre 6 \u015fi 9 [&hellip;]<\/p>\n","protected":false},"author":1,"featured_media":0,"comment_status":"open","ping_status":"","sticky":false,"template":"","format":"standard","meta":{"footnotes":""},"categories":[89],"tags":[226,206],"class_list":["post-2009114","post","type-post","status-publish","format-standard","hentry","category-romania","tag-crawlmanager","tag-ziaruldelta-ro"],"_links":{"self":[{"href":"https:\/\/analyse.optim.biz\/index.php?rest_route=\/wp\/v2\/posts\/2009114","targetHints":{"allow":["GET"]}}],"collection":[{"href":"https:\/\/analyse.optim.biz\/index.php?rest_route=\/wp\/v2\/posts"}],"about":[{"href":"https:\/\/analyse.optim.biz\/index.php?rest_route=\/wp\/v2\/types\/post"}],"author":[{"embeddable":true,"href":"https:\/\/analyse.optim.biz\/index.php?rest_route=\/wp\/v2\/users\/1"}],"replies":[{"embeddable":true,"href":"https:\/\/analyse.optim.biz\/index.php?rest_route=%2Fwp%2Fv2%2Fcomments&post=2009114"}],"version-history":[{"count":0,"href":"https:\/\/analyse.optim.biz\/index.php?rest_route=\/wp\/v2\/posts\/2009114\/revisions"}],"wp:attachment":[{"href":"https:\/\/analyse.optim.biz\/index.php?rest_route=%2Fwp%2Fv2%2Fmedia&parent=2009114"}],"wp:term":[{"taxonomy":"category","embeddable":true,"href":"https:\/\/analyse.optim.biz\/index.php?rest_route=%2Fwp%2Fv2%2Fcategories&post=2009114"},{"taxonomy":"post_tag","embeddable":true,"href":"https:\/\/analyse.optim.biz\/index.php?rest_route=%2Fwp%2Fv2%2Ftags&post=2009114"}],"curies":[{"name":"wp","href":"https:\/\/api.w.org\/{rel}","templated":true}]}}