{"id":2008729,"date":"2026-06-24T06:26:44","date_gmt":"2026-06-24T03:26:44","guid":{"rendered":"https:\/\/analyse.optim.biz\/?p=2008729"},"modified":"2026-06-24T06:26:44","modified_gmt":"2026-06-24T03:26:44","slug":"nasterea-sfantului-ioan-botezatorul-inaintemergatorul-si-botezatorul-domnului-nostru-iisus-hristos","status":"publish","type":"post","link":"https:\/\/analyse.optim.biz\/?p=2008729","title":{"rendered":"Na\u0219terea Sf\u00e2ntului Ioan Botez\u0103torul, \u00cenaintemerg\u0103torul \u015fi Botez\u0103torul Domnului nostru Iisus Hristos"},"content":{"rendered":"<p>[analyse_image type=&#8221;featured&#8221; src=&#8221;https:\/\/ortodoxinfo.ro\/wp-content\/uploads\/2021\/06\/sarbatoarea-nasterii-sfantului-ioan-botezatorul-16042.jpghttps:\/\/ortodoxinfo.ro\/wp-content\/uploads\/2021\/06\/sarbatoarea-nasterii-sfantului-ioan-botezatorul-16042.jpg&#8221;]<\/p>\n<article id=\"post-95430\" class=\"post-95430 post type-post status-publish format-standard has-post-thumbnail category-sfinti-si-sarbatori tag-important tag-nasterea-sfantului-ioan-botezatorul tag-preotul-zaharia tag-sanzaienele\">\n<header class=\"single-header\">\n<aside class=\"breadcrumb-wrap breadcrumb-yoast s-breadcrumb\">\n<div class=\"breadcrumb-inner\"><span><span><a href=\"https:\/\/ortodoxinfo.ro\/\">Prima pagin\u0103<\/a><\/span> \u00bb <span><a href=\"https:\/\/ortodoxinfo.ro\/blog\/\">Blog<\/a><\/span> \u00bb <span class=\"breadcrumb_last\" aria-current=\"page\">Na\u0219terea Sf\u00e2ntului Ioan Botez\u0103torul, \u00cenaintemerg\u0103torul \u015fi Botez\u0103torul Domnului nostru Iisus Hristos<\/span><\/span><\/div>\n<\/aside>\n<h1 class=\"s-title fw-headline\">Na\u0219terea Sf\u00e2ntului Ioan Botez\u0103torul, \u00cenaintemerg\u0103torul \u015fi Botez\u0103torul Domnului nostru Iisus Hristos<\/h1>\n<div class=\"single-meta meta-s-default yes-0\">\n<div class=\"smeta-in\"><a class=\"meta-el meta-avatar\" href=\"https:\/\/ortodoxinfo.ro\/author\/redactor\/\"><img loading=\"lazy\" decoding=\"async\" alt=\"OrtodoxINFO\" src=\"https:\/\/secure.gravatar.com\/avatar\/21010332354a182ce4de6016685c5586f21c51866d0ec5bc8ef383240b3c3e02?s=120&amp;r=g\" class=\"avatar avatar-120 photo\" height=\"120\" width=\"120\"><\/a><\/p>\n<div class=\"smeta-sec\">\n<div class=\"p-meta\">\n<div class=\"meta-inner is-meta\"><span class=\"meta-el meta-date\"><time datetime=\"2026-06-24T09:47:33+03:00\">24 iunie 2026<\/time><\/span><span class=\"meta-el meta-category meta-bold\"><a class=\"meta-separate category-1858\" href=\"https:\/\/ortodoxinfo.ro\/category\/credinta-ortodoxa\/sfinti-si-sarbatori\/\">Sfin\u021bi \u0219i s\u0103rb\u0103tori<\/a><\/span><span class=\"meta-el meta-view\">3.3k vizualiz\u0103ri\t\t<\/span><span class=\"meta-el meta-comment mobile-last-meta tablet-last-meta\"><a href=\"https:\/\/ortodoxinfo.ro\/2026\/06\/24\/nasterea-sfantului-ioan-botezatorul-inaintemergatorul-si-botezatorul-domnului-nostru-iisus-hristos\/#comments\">5 comentarii<\/a><\/span><\/div>\n<\/div>\n<\/div>\n<\/div>\n<div class=\"smeta-extra\">\n<div class=\"t-shared-sec tooltips-n has-read-meta is-color\">\n<div class=\"t-shared-header is-meta\"><span class=\"share-label\">Share<\/span><\/div>\n<\/div>\n<div class=\"single-right-meta single-time-read is-meta\"><span class=\"meta-el meta-read\">5 Min Read<\/span><\/div>\n<\/div>\n<\/div>\n<\/header>\n<div class=\"grid-container\">\n<div class=\"s-ct\">\n<div class=\"s-feat-outer\">\n<div class=\"s-feat\">\n<div class=\"featured-lightbox-trigger\" data-source=\"https:\/\/ortodoxinfo.ro\/wp-content\/uploads\/2021\/06\/sarbatoarea-nasterii-sfantului-ioan-botezatorul-16042.jpg\" data-caption data-attribution><img fetchpriority=\"high\" decoding=\"async\" width=\"860\" height=\"629\" src=\"https:\/\/ortodoxinfo.ro\/wp-content\/uploads\/2021\/06\/sarbatoarea-nasterii-sfantului-ioan-botezatorul-16042-860x629.jpg\" class=\"attachment-foxiz_crop_o1 size-foxiz_crop_o1 wp-post-image\" alt loading=\"eager\"><\/div>\n<\/div>\n<\/div>\n<div class=\"s-ct-wrap has-lsl\">\n<div class=\"s-ct-inner\">\n<div class=\"l-shared-sec-outer show-mobile\">\n<div class=\"l-shared-sec\">\n<div class=\"l-shared-header meta-text\"><span class=\"share-label\">SHARE<\/span><\/div>\n<\/div>\n<\/div>\n<div class=\"e-ct-outer\">\n<div class=\"entry-top\">\n<div id=\"custom_html-3\" class=\"widget_text widget entry-widget clearfix widget_custom_html\">\n<div class=\"textwidget custom-html-widget\">\n<div><small><br \/>\n    OrtodoxINFO este supus unui sabotaj sistematic din partea reprezentan\u021bilor Google Rom\u00e2nia, at\u00e2t la afi\u0219\u0103ri c\u00e2t \u0219i \u00een rezultatele de c\u0103utare.<br \/>\n        Astfel c\u0103 veniturile din publicitate au sc\u0103zut de p\u00e2n\u0103 la <strong>10 ori<\/strong>. Situa\u021bia este similar\u0103 \u0219i pe Facebook.<\/p>\n<p>        V\u0103 invit\u0103m s\u0103 accesa\u021bi direct site-ul \u0219i s\u0103 v\u0103 abona\u021bi la notific\u0103ri.<\/p>\n<p>    Dac\u0103 dori\u021bi s\u0103 ne sus\u021bine\u021bi \u00een aceast\u0103 perioad\u0103 dificil\u0103, orice <a href=\"https:\/\/ortodoxinfo.ro\/donatii\/\">dona\u021bie<\/a> este binevenit\u0103.<br \/>\n    Dumnezeu s\u0103 v\u0103 r\u0103spl\u0103teasc\u0103!<br \/>\n<\/small><\/div>\n<\/div>\n<\/div>\n<\/div>\n<div class=\"entry-content rbct clearfix is-highlight-shares\">\n<p>An de an, la 24 iunie, Biserica Ortodox\u0103 pr\u0103znuie\u015fte Na\u015fterea Sf\u00e2ntului Ioan Botez\u0103torul, \u00cenaintemerg\u0103torul \u015fi Botez\u0103torul Domnului nostru Iisus Hristos.<\/p>\n<p><strong>Istoricul s\u0103rb\u0103torii<\/strong><\/p>\n<p>Sf\u00e2ntul Ioan, cel mai mare profet al Vechiului Testament, pe care-l pr\u0103znuim \u00een aceast\u0103 zi, face trecerea spre Noul Testament, care-l veste\u015fte pe M\u00e2ntuitorul cel \u00cenviat. Na\u015fterea Sf\u00e2ntului Ioan Botez\u0103torul a fost \u00cenaintemerg\u0103toare Na\u015fterii lui Hristos, fiind prevestit\u0103 \u00een profe\u0163iile Vechiului Testament, de prorocul Isaia. Chiar din secolul al IV-lea, Na\u015fterea Botez\u0103torului a fost pr\u0103znuit\u0103 cu mare fast.<\/p>\n<p><strong>Ziua de na\u0219tere a Sf\u00e2ntului Ioan Botez\u0103torul, o zi special\u0103<\/strong><\/p>\n<p>\u00cen calendarul ortodox, ziua de na\u015ftere a Sf\u00e2ntului Ioan Botez\u0103torul este cinstit\u0103 ca o zi special\u0103, asem\u0103n\u0103toare datei de Na\u015ftere a M\u00e2ntuitorului Iisus \u015fi a Maicii Domnului, Fecioara Maria. \u00cen schimb, pentru fiecare sf\u00e2nt, ziua de pr\u0103znuire este or\u00e2nduit\u0103 la data trecerii acestuia la via\u0163a ve\u015fnic\u0103.<\/p>\n<p><strong>Preotul Zaharia \u0219i so\u021bia lui Elisabeta sperau \u00eentr-o minune<\/strong><\/p>\n<p>Sf\u00e2ntul Ioan, fiul preotului Zaharia \u015fi al Elisabetei, veri\u015foara Fecioarei Maria, s-a n\u0103scut \u00een localitatea Ein-Kerem, nu departe de Ierusalim. Ani de-a r\u00e2ndul, p\u0103rin\u0163ii Sf\u00e2ntului Ioan s-au rugat la Dumnezeu s\u0103 le binecuv\u00e2nteze via\u0163a cu un fiu. De\u015fi erau \u00eenainta\u0163i \u00een v\u00e2rst\u0103, Elisabeta \u015fi preotul Zaharia sperau ca ruga lor fierbinte s\u0103 le fie \u00eemplinit\u0103 de Dumnezeu, iar aceast\u0103 minune s\u0103 alunge din via\u0163a lor ocara nerodirii de prunci deoarece, \u00een acea vreme, poporul evreu credea c\u0103 familia f\u0103r\u0103 copii era blestemat\u0103 de Dumnezeu. Din aceast\u0103 cauz\u0103, deseori, nici ofrandele aduse de aceste familii la Templu nu erau primite.<\/p>\n<p><strong>Arhanghelul Gavriil i-a adus preotului minunata veste<\/strong><\/p>\n<p>\u00centr-o zi, pe c\u00e2nd mul\u0163imea venit\u0103 la Templu se ruga afar\u0103, iar preotul Zaharia trebuia s\u0103 t\u0103m\u00e2ieze, l\u00e2ng\u0103 altar a ap\u0103rut Arhangherul Gavriil. Acesta i-a adus preotului minunata veste c\u0103 va avea un fiu:<\/p>\n<div class=\"inline-single-ad ad_single_3_index alignfull\">\n<div class=\"ad-wrap ad-script-wrap\">\n<div class=\"ad-script non-adsense edge-padding\">\n<div>\n\u203c\ufe0f\u203c\ufe0f NU recunoa\u0219tem ca pre\u0219edinte al Rom\u00e2niei pe marioneta retard\u0103 Nicu\u0219or Dan! Rom\u00e2ni, boicota\u021bi aceast\u0103 f\u0103c\u0103tur\u0103, care ne face \u021bara de r\u00e2s! NU rom\u00e2nii l-au votat pe Nicusoro\u0219 &#8211; cu unele excep\u021bii de persoane infantile, manipulabile \u0219i chiar idioate &#8211; ci l-au ajutat Maia Soro\u0219, Emanuel Macrou \u0219i tr\u0103d\u0103torii de la B.E.C. \u0219i CCR!<br \/>\n La \u00eenchisoare cu cei care au fraudat alegerile!\n<\/div>\n<\/div>\n<\/div>\n<\/div>\n<blockquote>\n<p>\u201eNu te teme Zaharia, pentru c\u0103 rug\u0103ciunea ta a fost ascultat\u0103 \u015fi Elisabeta, femeia ta, va na\u015fte un fiu \u015fi-l vei numi Ioan, \u015fi vei avea mare bucurie, \u015fi mul\u0163i se vor bucura, c\u0103ci el va fi mare \u00eenaintea lui Dumnezeu \u015fi se va umple de duhul sf\u00e2nt \u00eenc\u0103 din p\u00e2ntecele maicii sale\u201d.<\/p>\n<\/blockquote>\n<p><strong>Pentru necredin\u021ba lui, preotul Zaharia a r\u0103mas mut<\/strong><\/p>\n<p>A\u0219a cum men\u021bioneaz\u0103 Evanghelistul Luca (1,20), preotul Zaharia n-a crezut c\u0103 vestea Arhanghelului Gavriil este adev\u0103rat\u0103. De fapt, preotul a invocat faptul c\u0103 el \u015fi so\u021bia lui erau b\u0103tr\u00e2ni \u0219i nu mai aveau norocul s\u0103 aib\u0103 urma\u0219i (Luca 1,18). Pentru necredin\u0163a lui, Arhanghelul Gavriil i-a m\u0103rturisit preotului Zaharia c\u0103 va r\u0103m\u00e2ne mut, p\u00e2n\u0103 c\u00e2nd se va \u00eemplini vestirea sa, iar Elisabeta va aduce pe lume pruncul cel a\u015fteptat. \u015ei a\u015fa s-a \u00eent\u00e2mplat (Luca 1, 14, 19).<\/p>\n<p><strong>S-a \u00eemplinit vestirea \u0219i preotul Zaharia a sc\u0103pat de mu\u0163enie<\/strong><\/p>\n<p>La opt zile de la na\u015ftere, prorocul a spus c\u0103 pruncul care s-a n\u0103scut printr-o minune se va numi Ioan: \u201eS\u0103-l cheme Ioan!\u201d \u00cen limba ebraic\u0103, numele de Ioan, \u00eenseamn\u0103 \u201dDomnul s-a milostivit!\u201d Pentru c\u0103 s-a \u00eemplinit vestirea, preotul Zaharia a sc\u0103pat de mu\u0163enie.<\/p>\n<p><strong>Botez\u0103torul a vestit venirea lui Iisus<\/strong><\/p>\n<p>Ioan Botez\u0103torul a fost trimis de Dumnezeu s\u0103 vesteasc\u0103 venirea lui Iisus. Astfel, Prorocul Ioan, predicatorul ascet, model de poc\u0103in\u0163\u0103, \u015fi-a \u00eendeplinit misiunea, botez\u00e2ndu-l pe Hristos \u00een apele Iordanului. Evangheli\u015ftii men\u0163ioneaz\u0103 c\u0103, dup\u0103 acest eveniment, str\u0103lucirea lui Ioan urma s\u0103 scad\u0103, \u00een schimb str\u0103lucirea M\u00e2ntuitorului Iisus trebuia s\u0103 creasc\u0103.<\/p>\n<p><strong>\u00cen predicile sale, Ioan l-a criticat pe regele Irod<\/strong><\/p>\n<p>\u00cen predicile sale, Ioan a pledat pentru poc\u0103in\u0163\u0103 \u015fi nu l-a scutit de critici nici pe regele Irod Antipa pentru adulterul cu Irodiada, so\u0163ia fratelui s\u0103u vitreg, Filip. Pentru aceast\u0103 critic\u0103 aspr\u0103, Irodiada s-a r\u0103zbunt crunt \u015fi i-a gr\u0103bit moartea.<\/p>\n<p>Sf\u00e2ntul Ioan l-a botezat pe M\u00e2ntuitorul Iisus \u00een apele Iordanului la \u00eemplinirea vremii, a\u015fa cum a fost prorocit\u0103 de profe\u0163ii Vechiului Testament. \u00cen predicile sale, Ioan, predicatorul-ascet, se adresa mul\u0163imilor, \u00eendemn\u00e2nd la poc\u0103in\u0163\u0103 : \u201ePoc\u0103i\u0163i-v\u0103, pentru c\u0103 s-a apropiat \u00eemp\u0103r\u0103\u0163ia cerurilor!\u201d Astfel c\u0103 \u00eenv\u0103\u0163\u0103tura lui de baz\u0103 era structurat\u0103 pe aceste cuvinte imperative, care \u00eendemnau la poc\u0103in\u0163\u0103. \u00cen memoria cre\u015ftin\u0103t\u0103\u0163ii, Ioan Botez\u0103torul este prorocul care a spus \u00een fa\u0163a lumii c\u0103 Iisus este adev\u0103ratul Mesia, marele trimis al lui Dumnezeu.<\/p>\n<p><strong>\u300aProorocule \u015fi \u00cenaintemerg\u0103torule al venirii lui Hristos, dup\u0103 vrednicie a te l\u0103uda pe tine nu ne pricepem noi, cei ce cu dragoste te cinstim; c\u0103 nerodirea celeia ce te-a n\u0103scut \u015fi amu\u0163irea p\u0103rintelui t\u0103u s-a dezlegat, \u00eentru sl\u0103vit\u0103 \u015fi cinstit\u0103 na\u015fterea ta \u015fi \u00centruparea Fiului lui Dumnezeu lumii se propov\u0103duie\u015fte.\u300b\u00a0<\/strong><\/p>\n<\/div>\n<div class=\"efoot efoot-commas h5\">\n<div class=\"efoot-bar tag-bar\"><span class=\"blabel is-meta\">TAGGED:<\/span><a href=\"https:\/\/ortodoxinfo.ro\/tag\/important\/\" rel=\"tag\">important<\/a><a href=\"https:\/\/ortodoxinfo.ro\/tag\/nasterea-sfantului-ioan-botezatorul\/\" rel=\"tag\">NASTEREA SFANTULUI IOAN BOTEZATORUL<\/a><a href=\"https:\/\/ortodoxinfo.ro\/tag\/preotul-zaharia\/\" rel=\"tag\">preotul Zaharia<\/a><a href=\"https:\/\/ortodoxinfo.ro\/tag\/sanzaienele\/\" rel=\"tag\">S\u00e2nz\u00e2ienele<\/a><\/div>\n<\/div>\n<\/div>\n<\/div>\n<div class=\"e-shared-sec entry-sec\">\n<div class=\"e-shared-header h4\"><span>Distribuie<\/span><\/div>\n<div class=\"rbbsl tooltips-n effect-fadeout is-bg\"><a class=\"share-action share-trigger icon-facebook\" aria-label=\"Share on Facebook\" href=\"https:\/\/www.facebook.com\/sharer.php?u=https%3A%2F%2Fortodoxinfo.ro%2F2026%2F06%2F24%2Fnasterea-sfantului-ioan-botezatorul-inaintemergatorul-si-botezatorul-domnului-nostru-iisus-hristos%2F\" data-title=\"Facebook\" rel=\"nofollow\"><span>Facebook<\/span><\/a><a class=\"share-action share-trigger icon-twitter\" aria-label=\"Share on X\" href=\"https:\/\/twitter.com\/intent\/tweet?text=Na%C8%99terea+Sf%C3%A2ntului+Ioan+Botez%C4%83torul%2C+%C3%8Enaintemerg%C4%83torul+%C5%9Fi+Botez%C4%83torul+Domnului+nostru+Iisus+Hristos&amp;url=https%3A%2F%2Fortodoxinfo.ro%2F2026%2F06%2F24%2Fnasterea-sfantului-ioan-botezatorul-inaintemergatorul-si-botezatorul-domnului-nostru-iisus-hristos%2F&amp;via=ortodoxinforo\" data-title=\"X\" rel=\"nofollow\"><span>X<\/span><\/a><a class=\"share-action icon-whatsapp is-web\" aria-label=\"Share on Whatsapp\" href=\"https:\/\/web.whatsapp.com\/send?text=Na%C8%99terea+Sf%C3%A2ntului+Ioan+Botez%C4%83torul%2C+%C3%8Enaintemerg%C4%83torul+%C5%9Fi+Botez%C4%83torul+Domnului+nostru+Iisus+Hristos%20%E2%98%9E%20https%3A%2F%2Fortodoxinfo.ro%2F2026%2F06%2F24%2Fnasterea-sfantului-ioan-botezatorul-inaintemergatorul-si-botezatorul-domnului-nostru-iisus-hristos%2F\" target=\"_blank\" data-title=\"WhatsApp\" rel=\"nofollow\"><span>Whatsapp<\/span><\/a><a class=\"share-action icon-whatsapp is-mobile\" aria-label=\"Share on Whatsapp\" href=\"\/\/send?text=Na%C8%99terea+Sf%C3%A2ntului+Ioan+Botez%C4%83torul%2C+%C3%8Enaintemerg%C4%83torul+%C5%9Fi+Botez%C4%83torul+Domnului+nostru+Iisus+Hristos%20%E2%98%9E%20https%3A%2F%2Fortodoxinfo.ro%2F2026%2F06%2F24%2Fnasterea-sfantului-ioan-botezatorul-inaintemergatorul-si-botezatorul-domnului-nostru-iisus-hristos%2F\" target=\"_blank\" data-title=\"WhatsApp\" rel=\"nofollow\"><span>Whatsapp<\/span><\/a><a class=\"share-action share-trigger icon-telegram\" aria-label=\"Share on Telegram\" href=\"https:\/\/t.me\/share\/?url=https%3A%2F%2Fortodoxinfo.ro%2F2026%2F06%2F24%2Fnasterea-sfantului-ioan-botezatorul-inaintemergatorul-si-botezatorul-domnului-nostru-iisus-hristos%2F&amp;text=Na%C8%99terea+Sf%C3%A2ntului+Ioan+Botez%C4%83torul%2C+%C3%8Enaintemerg%C4%83torul+%C5%9Fi+Botez%C4%83torul+Domnului+nostru+Iisus+Hristos\" data-title=\"Telegram\" rel=\"nofollow\"><span>Telegram<\/span><\/a><a class=\"share-action icon-copy copy-trigger\" aria-label=\"Copy Link\" href=\"https:\/\/ortodoxinfo.ro\/2026\/06\/24\/nasterea-sfantului-ioan-botezatorul-inaintemergatorul-si-botezatorul-domnului-nostru-iisus-hristos\/\" data-copied=\"Copied!\" data-link=\"https:\/\/ortodoxinfo.ro\/2026\/06\/24\/nasterea-sfantului-ioan-botezatorul-inaintemergatorul-si-botezatorul-domnului-nostru-iisus-hristos\/\" rel=\"nofollow\" data-copy=\"Copy Link\"><span>Copy Link<\/span><\/a><a class=\"share-action icon-print\" aria-label=\"Print\" rel=\"nofollow\" data-title=\"Print\"><span>Print<\/span><\/a><\/div>\n<\/div>\n<\/div>\n<div id=\"tabs\" class=\"dntplgn_form_wrapper\"><span><\/p>\n<h2>\u0218tirile sunt sub cenzur\u0103! Sprijini\u021bi OrtodoxINFO!<\/h2>\n<p>Guvernul nu dore\u0219te aflarea adev\u0103rului despre lovitura de stat \u0219i \u00eengenuncherea Rom\u00e2niei. \u00cencerc\u0103m s\u0103 men\u021binem viu acest site \u0219i s\u0103 v\u0103 punem la dispozi\u021bie informa\u021bii care s\u0103 fac\u0103 lumin\u0103 \u00een cea mai mare provocare pe care o tr\u0103im. Jurnalismul independent al portalului OrtodoxINFO func\u021bioneaz\u0103 strict cu ajutorul cititorilor.<br \/>\nNe pute\u021bi sprijini printr-o <b><a href=\"https:\/\/ortodoxinfo.ro\/donatii\/\">dona\u021bie bancar\u0103<\/a> sau prin PayPal, complet\u00e2nd formularul de mai jos.<\/b><\/span><\/p>\n<ul>\n<li><a href=\"https:\/\/ortodoxinfo.ro\/2026\/06\/24\/nasterea-sfantului-ioan-botezatorul-inaintemergatorul-si-botezatorul-domnului-nostru-iisus-hristos\/#tabs-1\">Dona\u021bie lunar\u0103<\/a><\/li>\n<li><a href=\"https:\/\/ortodoxinfo.ro\/2026\/06\/24\/nasterea-sfantului-ioan-botezatorul-inaintemergatorul-si-botezatorul-domnului-nostru-iisus-hristos\/#tabs-2\">Doar acum<\/a><\/li>\n<\/ul>\n<div id=\"tabs-1\"><img loading=\"lazy\" decoding=\"async\" alt border=\"0\" src=\"https:\/\/www.paypalobjects.com\/en_US\/i\/scr\/pixel.gif\" width=\"1\" height=\"1\"><\/div>\n<div id=\"tabs-2\">\n<p>\t\t     \u20ac<\/p>\n<p>\t\t    <img loading=\"lazy\" decoding=\"async\" alt border=\"0\" src=\"https:\/\/www.paypalobjects.com\/en_US\/i\/scr\/pixel.gif\" width=\"1\" height=\"1\"><\/div>\n<p>Mul\u021bumim celor care ne-au ajutat p\u00e2n\u0103 acum!\n\t<\/p><\/div>\n<div class=\"comment-box-wrap entry-sec\">\n<div class=\"comment-box-header\"><span class=\"h3\">5 comentarii<\/span><\/div>\n<div class=\"comment-holder\">\n<div id=\"comments\" class=\"comments-area\">\n<div class=\"rb-section\">\n<ul class=\"comment-list entry\">\n<li id=\"comment-80363\" class=\"comment even thread-even depth-1\">\n<article id=\"div-comment-80363\" class=\"comment-body\">\n<footer class=\"comment-meta\">\n<div class=\"comment-author vcard\"><img loading=\"lazy\" decoding=\"async\" alt src=\"https:\/\/secure.gravatar.com\/avatar\/2c9adf2a7db65a3c021eb2b1d11e81546da304510989d20de8c8d7005d9e1f0b?s=100&amp;r=g\" class=\"avatar avatar-100 photo\" height=\"100\" width=\"100\"><b class=\"fn\">GHEORGHE<\/b><span class=\"says\">spune:<\/span><\/div>\n<div class=\"comment-metadata\"><a href=\"https:\/\/ortodoxinfo.ro\/2026\/06\/24\/nasterea-sfantului-ioan-botezatorul-inaintemergatorul-si-botezatorul-domnului-nostru-iisus-hristos\/#comment-80363\"><time datetime=\"2020-06-24T12:07:44+03:00\">24 iunie 2020 la 12:07<\/time><\/a><\/div>\n<\/footer>\n<div class=\"comment-content\">\n<p>SFINTE IOANE BOTEZATORILE ,ROAGA-TE PENTRU NOI LUI DUMNEZEU ,PACATOSII !<br \/>\nAMIN !<\/p>\n<\/div>\n<div class=\"reply\"><a rel=\"nofollow\" class=\"comment-reply-link\" href=\"https:\/\/ortodoxinfo.ro\/2026\/06\/24\/nasterea-sfantului-ioan-botezatorul-inaintemergatorul-si-botezatorul-domnului-nostru-iisus-hristos\/#comment-80363\" data-commentid=\"80363\" data-postid=\"95430\" data-belowelement=\"div-comment-80363\" data-respondelement=\"respond\" data-replyto=\"R\u0103spunde-i lui GHEORGHE\" aria-label=\"R\u0103spunde-i lui GHEORGHE\">R\u0103spunde<\/a><\/div>\n<\/article>\n<\/li>\n<li id=\"comment-80381\" class=\"comment odd alt thread-odd thread-alt depth-1 parent\">\n<article id=\"div-comment-80381\" class=\"comment-body\">\n<footer class=\"comment-meta\">\n<div class=\"comment-author vcard\"><img loading=\"lazy\" decoding=\"async\" alt src=\"https:\/\/secure.gravatar.com\/avatar\/365c0332d6992afb6f4fe7c10c351192d2203d27b1b9163eec88f5e1f8175350?s=100&amp;r=g\" class=\"avatar avatar-100 photo\" height=\"100\" width=\"100\"><b class=\"fn\">Duhul C\u0103pitanului<\/b><span class=\"says\">spune:<\/span><\/div>\n<div class=\"comment-metadata\"><a href=\"https:\/\/ortodoxinfo.ro\/2026\/06\/24\/nasterea-sfantului-ioan-botezatorul-inaintemergatorul-si-botezatorul-domnului-nostru-iisus-hristos\/#comment-80381\"><time datetime=\"2020-06-24T19:58:42+03:00\">24 iunie 2020 la 19:58<\/time><\/a><\/div>\n<\/footer>\n<div class=\"comment-content\">\n<p>Sfinte Ioane Botezatorule, ca cel ce ai mare \u00eendr\u0103zneal\u0103 \u00eenaintea M\u00e2ntuitorului, roag\u0103-L pe Acesta sa ne ascund\u0103 ca \u0219i pe tine, de antihrist \u0219i slugile lui, \u00een pustiul m\u00e2ntuirii Sale!<\/p>\n<\/div>\n<div class=\"reply\"><a rel=\"nofollow\" class=\"comment-reply-link\" href=\"https:\/\/ortodoxinfo.ro\/2026\/06\/24\/nasterea-sfantului-ioan-botezatorul-inaintemergatorul-si-botezatorul-domnului-nostru-iisus-hristos\/#comment-80381\" data-commentid=\"80381\" data-postid=\"95430\" data-belowelement=\"div-comment-80381\" data-respondelement=\"respond\" data-replyto=\"R\u0103spunde-i lui Duhul C\u0103pitanului\" aria-label=\"R\u0103spunde-i lui Duhul C\u0103pitanului\">R\u0103spunde<\/a><\/div>\n<\/article>\n<ul class=\"children\">\n<li id=\"comment-80383\" class=\"comment even depth-2\">\n<article id=\"div-comment-80383\" class=\"comment-body\">\n<footer class=\"comment-meta\">\n<div class=\"comment-author vcard\"><img decoding=\"async\" alt src=\"https:\/\/secure.gravatar.com\/avatar\/4ceaa1051ee1b02ccc84ad0a6767190b6134c1c0fd24cb66b712b720a8b4aec6?s=100&amp;r=g\" class=\"avatar avatar-100 photo\" height=\"100\" width=\"100\" loading=\"lazy\"><b class=\"fn\">GHEORGHE<\/b><span class=\"says\">spune:<\/span><\/div>\n<div class=\"comment-metadata\"><a href=\"https:\/\/ortodoxinfo.ro\/2026\/06\/24\/nasterea-sfantului-ioan-botezatorul-inaintemergatorul-si-botezatorul-domnului-nostru-iisus-hristos\/#comment-80383\"><time datetime=\"2020-06-24T20:56:04+03:00\">24 iunie 2020 la 20:56<\/time><\/a><\/div>\n<\/footer>\n<div class=\"comment-content\">\n<p>Sarut dreapta Sfintite Parinte Gabriel !<br \/>\nBinecuvintati!<\/p>\n<\/div>\n<div class=\"reply\"><a rel=\"nofollow\" class=\"comment-reply-link\" href=\"https:\/\/ortodoxinfo.ro\/2026\/06\/24\/nasterea-sfantului-ioan-botezatorul-inaintemergatorul-si-botezatorul-domnului-nostru-iisus-hristos\/#comment-80383\" data-commentid=\"80383\" data-postid=\"95430\" data-belowelement=\"div-comment-80383\" data-respondelement=\"respond\" data-replyto=\"R\u0103spunde-i lui GHEORGHE\" aria-label=\"R\u0103spunde-i lui GHEORGHE\">R\u0103spunde<\/a><\/div>\n<\/article>\n<\/li>\n<\/ul>\n<\/li>\n<li id=\"comment-80417\" class=\"comment odd alt thread-even depth-1\">\n<article id=\"div-comment-80417\" class=\"comment-body\">\n<footer class=\"comment-meta\">\n<div class=\"comment-author vcard\"><img decoding=\"async\" alt src=\"https:\/\/secure.gravatar.com\/avatar\/365c0332d6992afb6f4fe7c10c351192d2203d27b1b9163eec88f5e1f8175350?s=100&amp;r=g\" class=\"avatar avatar-100 photo\" height=\"100\" width=\"100\" loading=\"lazy\"><b class=\"fn\">Duhul C\u0103pitanului<\/b><span class=\"says\">spune:<\/span><\/div>\n<div class=\"comment-metadata\"><a href=\"https:\/\/ortodoxinfo.ro\/2026\/06\/24\/nasterea-sfantului-ioan-botezatorul-inaintemergatorul-si-botezatorul-domnului-nostru-iisus-hristos\/#comment-80417\"><time datetime=\"2020-06-25T21:01:41+03:00\">25 iunie 2020 la 21:01<\/time><\/a><\/div>\n<\/footer>\n<div class=\"comment-content\">\n<p>@Gheorghe, pentru rug\u0103ciunile Sf\u00e2ntului Ioan Botezatorul, sa scapi de antihrist \u0219i de toate slugile lui!<\/p>\n<\/div>\n<div class=\"reply\"><a rel=\"nofollow\" class=\"comment-reply-link\" href=\"https:\/\/ortodoxinfo.ro\/2026\/06\/24\/nasterea-sfantului-ioan-botezatorul-inaintemergatorul-si-botezatorul-domnului-nostru-iisus-hristos\/#comment-80417\" data-commentid=\"80417\" data-postid=\"95430\" data-belowelement=\"div-comment-80417\" data-respondelement=\"respond\" data-replyto=\"R\u0103spunde-i lui Duhul C\u0103pitanului\" aria-label=\"R\u0103spunde-i lui Duhul C\u0103pitanului\">R\u0103spunde<\/a><\/div>\n<\/article>\n<\/li>\n<li id=\"comment-80531\" class=\"comment even thread-odd thread-alt depth-1\">\n<article id=\"div-comment-80531\" class=\"comment-body\">\n<footer class=\"comment-meta\">\n<div class=\"comment-author vcard\"><img decoding=\"async\" alt src=\"https:\/\/secure.gravatar.com\/avatar\/2c9adf2a7db65a3c021eb2b1d11e81546da304510989d20de8c8d7005d9e1f0b?s=100&amp;r=g\" class=\"avatar avatar-100 photo\" height=\"100\" width=\"100\" loading=\"lazy\"><b class=\"fn\">GHEORGHE<\/b><span class=\"says\">spune:<\/span><\/div>\n<div class=\"comment-metadata\"><a href=\"https:\/\/ortodoxinfo.ro\/2026\/06\/24\/nasterea-sfantului-ioan-botezatorul-inaintemergatorul-si-botezatorul-domnului-nostru-iisus-hristos\/#comment-80531\"><time datetime=\"2020-06-30T06:47:33+03:00\">30 iunie 2020 la 6:47<\/time><\/a><\/div>\n<\/footer>\n<div class=\"comment-content\">\n<p>DOAMNE.AJUTA !<br \/>\nAMIN !<\/p>\n<\/div>\n<div class=\"reply\"><a rel=\"nofollow\" class=\"comment-reply-link\" href=\"https:\/\/ortodoxinfo.ro\/2026\/06\/24\/nasterea-sfantului-ioan-botezatorul-inaintemergatorul-si-botezatorul-domnului-nostru-iisus-hristos\/#comment-80531\" data-commentid=\"80531\" data-postid=\"95430\" data-belowelement=\"div-comment-80531\" data-respondelement=\"respond\" data-replyto=\"R\u0103spunde-i lui GHEORGHE\" aria-label=\"R\u0103spunde-i lui GHEORGHE\">R\u0103spunde<\/a><\/div>\n<\/article>\n<\/li>\n<\/ul>\n<\/div>\n<div id=\"respond\" class=\"comment-respond\">\n<h3 id=\"reply-title\" class=\"comment-reply-title\">Las\u0103 un r\u0103spuns <small><a rel=\"nofollow\" id=\"cancel-comment-reply-link\" href=\"https:\/\/ortodoxinfo.ro\/2026\/06\/24\/nasterea-sfantului-ioan-botezatorul-inaintemergatorul-si-botezatorul-domnului-nostru-iisus-hristos\/#respond\">Anuleaz\u0103 r\u0103spunsul<\/a><\/small><\/h3>\n<p class=\"comment-notes\"><span id=\"email-notes\">Adresa ta de email nu va fi publicat\u0103.<\/span><span class=\"required-field-message\">C\u00e2mpurile obligatorii sunt marcate cu <span class=\"required\">*<\/span><\/span><\/p>\n<\/div>\n<\/div>\n<\/div>\n<\/div>\n<\/div>\n<div class=\"sidebar-wrap single-sidebar\">\n<div class=\"sidebar-inner clearfix\">\n<div id=\"widget-post-2\" class=\"widget rb-section w-sidebar clearfix widget-post\">\n<div class=\"block-h widget-heading heading-layout-1\">\n<div class=\"heading-inner\">\n<h4 class=\"heading-title\"><span>Articole recente<\/span><\/h4>\n<\/div>\n<\/div>\n<div class=\"widget-p-listing\">\n<div class=\"p-wrap p-small p-list-small-2\" data-pid=\"242292\">\n<div class=\"feat-holder\">\n<div class=\"p-featured ratio-v1\"><a class=\"p-flink\" href=\"https:\/\/ortodoxinfo.ro\/2026\/06\/24\/ziua-universala-a-iei-de-ce-este-sarbatorita-pe-24-iunie-si-ce-simbolizeaza-piesa-vestimentara-din-portul-popular\/\" title=\"Ziua Universal\u0103 a Iei. De ce este s\u0103rb\u0103torit\u0103 pe 24 iunie \u0219i ce simbolizeaz\u0103 piesa vestimentar\u0103 din portul popular\"><img decoding=\"async\" width=\"150\" height=\"150\" src=\"https:\/\/ortodoxinfo.ro\/wp-content\/uploads\/2026\/06\/de-ce-ziua-universala-a-iei-este-sarbatorita-pe-24-iunie-si-ce-simbolizeaza-piesa-vestimentara-din-p-150x150.jpeg\" class=\"featured-img wp-post-image\" alt loading=\"lazy\"><\/a><\/div>\n<\/div>\n<div class=\"p-content\">\n<h5 class=\"entry-title\"><a class=\"p-url\" href=\"https:\/\/ortodoxinfo.ro\/2026\/06\/24\/ziua-universala-a-iei-de-ce-este-sarbatorita-pe-24-iunie-si-ce-simbolizeaza-piesa-vestimentara-din-portul-popular\/\" rel=\"bookmark\">Ziua Universal\u0103 a Iei. De ce este s\u0103rb\u0103torit\u0103 pe 24 iunie \u0219i ce simbolizeaz\u0103 piesa vestimentar\u0103 din portul popular<\/a><\/h5>\n<div class=\"p-meta\">\n<div class=\"meta-inner is-meta\"><span class=\"meta-el meta-date\"><time datetime=\"2026-06-24T15:11:10+03:00\">24 iunie 2026<\/time><\/span><span class=\"meta-el meta-category meta-bold\"><a class=\"meta-separate category-581\" href=\"https:\/\/ortodoxinfo.ro\/category\/stiri\/cultura\/\">Cultur\u0103<\/a><\/span><span class=\"meta-el meta-view\">3.4k vizualiz\u0103ri\t\t<\/span><\/div>\n<\/div>\n<\/div>\n<\/div>\n<div class=\"p-wrap p-small p-list-small-2\" data-pid=\"242109\">\n<div class=\"feat-holder\">\n<div class=\"p-featured ratio-v1\"><a class=\"p-flink\" href=\"https:\/\/ortodoxinfo.ro\/2026\/06\/23\/ansvsa-confirma-comisia-europeana-si-a-batut-joc-de-romani\/\" title=\"ANSVSA confirm\u0103. Comisia European\u0103 \u0219i-a b\u0103tut joc de rom\u00e2ni\"><img decoding=\"async\" width=\"150\" height=\"150\" src=\"https:\/\/ortodoxinfo.ro\/wp-content\/uploads\/2026\/06\/oiii.webp-150x150.webp\" class=\"featured-img wp-post-image\" alt loading=\"lazy\"><\/a><\/div>\n<\/div>\n<div class=\"p-content\">\n<h5 class=\"entry-title\"><a class=\"p-url\" href=\"https:\/\/ortodoxinfo.ro\/2026\/06\/23\/ansvsa-confirma-comisia-europeana-si-a-batut-joc-de-romani\/\" rel=\"bookmark\">ANSVSA confirm\u0103. Comisia European\u0103 \u0219i-a b\u0103tut joc de rom\u00e2ni<\/a><\/h5>\n<div class=\"p-meta\">\n<div class=\"meta-inner is-meta\"><span class=\"meta-el meta-date\"><time datetime=\"2026-06-23T23:26:21+03:00\">23 iunie 2026<\/time><\/span><span class=\"meta-el meta-category meta-bold\"><a class=\"meta-separate category-1534\" href=\"https:\/\/ortodoxinfo.ro\/category\/anti-sistem\/anti-romanism\/\">anti-Rom\u00e2nia<\/a><\/span><span class=\"meta-el meta-view\">18k vizualiz\u0103ri\t\t<\/span><\/div>\n<\/div>\n<\/div>\n<\/div>\n<div class=\"p-wrap p-small p-list-small-2\" data-pid=\"242069\">\n<div class=\"feat-holder\">\n<div class=\"p-featured ratio-v1\"><a class=\"p-flink\" href=\"https:\/\/ortodoxinfo.ro\/2026\/06\/23\/video-presedintele-real-al-romaniei-calin-georgescu-un-guvern-departat-de-voia-lui-dumnezeu-va-cadea-oricum-trebuie-sa-ne-intoarcem-la-vointa-poporului-turul-doi-inapoi\/\" title=\"VIDEO \/ Pre\u0219edintele real al Rom\u00e2niei, C\u0103lin Georgescu: Un guvern dep\u0103rtat de voia lui Dumnezeu va c\u0103dea oricum! Trebuie s\u0103 ne \u00eentoarcem la voin\u021ba poporului. Turul doi \u00eenapoi!\"><img decoding=\"async\" width=\"150\" height=\"150\" src=\"https:\/\/ortodoxinfo.ro\/wp-content\/uploads\/2026\/06\/calin-georgescu-Xqc3AR-150x150.webp\" class=\"featured-img wp-post-image\" alt loading=\"lazy\"><\/a><\/div>\n<\/div>\n<div class=\"p-content\">\n<h5 class=\"entry-title\"><a class=\"p-url\" href=\"https:\/\/ortodoxinfo.ro\/2026\/06\/23\/video-presedintele-real-al-romaniei-calin-georgescu-un-guvern-departat-de-voia-lui-dumnezeu-va-cadea-oricum-trebuie-sa-ne-intoarcem-la-vointa-poporului-turul-doi-inapoi\/\" rel=\"bookmark\">VIDEO \/ Pre\u0219edintele real al Rom\u00e2niei, C\u0103lin Georgescu: Un guvern dep\u0103rtat de voia lui Dumnezeu va c\u0103dea oricum! Trebuie s\u0103 ne \u00eentoarcem la voin\u021ba poporului. Turul doi \u00eenapoi!<\/a><\/h5>\n<div class=\"p-meta\">\n<div class=\"meta-inner is-meta\"><span class=\"meta-el meta-date\"><time datetime=\"2026-06-23T16:42:45+03:00\">23 iunie 2026<\/time><\/span><span class=\"meta-el meta-category meta-bold\"><a class=\"meta-separate category-19866\" href=\"https:\/\/ortodoxinfo.ro\/category\/lupta-pentru-romania\/\">Lupt\u0103 pentru Rom\u00e2nia<\/a><\/span><span class=\"meta-el meta-view\">6.8k vizualiz\u0103ri\t\t<\/span><\/div>\n<\/div>\n<\/div>\n<\/div>\n<div class=\"p-wrap p-small p-list-small-2\" data-pid=\"242014\">\n<div class=\"feat-holder\">\n<div class=\"p-featured ratio-v1\"><a class=\"p-flink\" href=\"https:\/\/ortodoxinfo.ro\/2026\/06\/23\/sfantul-maxim-marturisitorul-despre-patima-defaimarii\/\" title=\"Sf\u00e2ntul Maxim M\u0103rturisitorul despre patima def\u0103im\u0103rii\"><img decoding=\"async\" width=\"150\" height=\"150\" src=\"https:\/\/ortodoxinfo.ro\/wp-content\/uploads\/2026\/06\/sfantul-maxim-marturisitorul-despre-patima-defaimarii-366140-150x150.jpg\" class=\"featured-img wp-post-image\" alt loading=\"lazy\"><\/a><\/div>\n<\/div>\n<div class=\"p-content\">\n<h5 class=\"entry-title\"><a class=\"p-url\" href=\"https:\/\/ortodoxinfo.ro\/2026\/06\/23\/sfantul-maxim-marturisitorul-despre-patima-defaimarii\/\" rel=\"bookmark\">Sf\u00e2ntul Maxim M\u0103rturisitorul despre patima def\u0103im\u0103rii<\/a><\/h5>\n<div class=\"p-meta\">\n<div class=\"meta-inner is-meta\"><span class=\"meta-el meta-date\"><time datetime=\"2026-06-23T14:10:47+03:00\">23 iunie 2026<\/time><\/span><span class=\"meta-el meta-category meta-bold\"><a class=\"meta-separate category-1644\" href=\"https:\/\/ortodoxinfo.ro\/category\/credinta-ortodoxa\/predici-conferinte-interviuri\/\">Predici, conferin\u021be, interviuri, sfaturi<\/a><\/span><span class=\"meta-el meta-view\">5.4k vizualiz\u0103ri\t\t<\/span><\/div>\n<\/div>\n<\/div>\n<\/div>\n<\/div>\n<\/div>\n<div id=\"custom_html-2\" class=\"widget_text widget rb-section w-sidebar clearfix widget_custom_html\">\n<div class=\"block-h widget-heading heading-layout-1\">\n<div class=\"heading-inner\">\n<h4 class=\"heading-title\"><span>DONA\u021aII \u00een cont bancar<\/span><\/h4>\n<\/div>\n<\/div>\n<div class=\"textwidget custom-html-widget\">\n<table class=\"donatii\">\n<tbody>\n<tr>\n<th colspan=\"2\"><strong><span>Asicia\u021bia SMI-B<\/span><\/strong><\/th>\n<\/tr>\n<tr>\n<th>Cont LEI<\/th>\n<td>RO67CECEB00030RON2081955<\/td>\n<\/tr>\n<tr>\n<th>Cont EURO<\/th>\n<td>RO33CECEB000C1EUR2081978<\/td>\n<\/tr>\n<tr>\n<th>Cod SWIFT<\/th>\n<td>CECEROBU<\/td>\n<\/tr>\n<tr>\n<th colspan=\"2\"><strong>CEC BANK SA<\/strong><\/th>\n<\/tr>\n<\/tbody>\n<\/table>\n<\/div>\n<\/div>\n<\/div>\n<\/div>\n<\/div>\n<\/article>\n<div class=\"entry-content rbct clearfix is-highlight-shares\">\n<p>An de an, la 24 iunie, Biserica Ortodox\u0103 pr\u0103znuie\u015fte Na\u015fterea Sf\u00e2ntului Ioan Botez\u0103torul, \u00cenaintemerg\u0103torul \u015fi Botez\u0103torul Domnului nostru Iisus Hristos.<\/p>\n<p><strong>Istoricul s\u0103rb\u0103torii<\/strong><\/p>\n<p>Sf\u00e2ntul Ioan, cel mai mare profet al Vechiului Testament, pe care-l pr\u0103znuim \u00een aceast\u0103 zi, face trecerea spre Noul Testament, care-l veste\u015fte pe M\u00e2ntuitorul cel \u00cenviat. Na\u015fterea Sf\u00e2ntului Ioan Botez\u0103torul a fost \u00cenaintemerg\u0103toare Na\u015fterii lui Hristos, fiind prevestit\u0103 \u00een profe\u0163iile Vechiului Testament, de prorocul Isaia. Chiar din secolul al IV-lea, Na\u015fterea Botez\u0103torului a fost pr\u0103znuit\u0103 cu mare fast.<\/p>\n<p><strong>Ziua de na\u0219tere a Sf\u00e2ntului Ioan Botez\u0103torul, o zi special\u0103<\/strong><\/p>\n<p>\u00cen calendarul ortodox, ziua de na\u015ftere a Sf\u00e2ntului Ioan Botez\u0103torul este cinstit\u0103 ca o zi special\u0103, asem\u0103n\u0103toare datei de Na\u015ftere a M\u00e2ntuitorului Iisus \u015fi a Maicii Domnului, Fecioara Maria. \u00cen schimb, pentru fiecare sf\u00e2nt, ziua de pr\u0103znuire este or\u00e2nduit\u0103 la data trecerii acestuia la via\u0163a ve\u015fnic\u0103.<\/p>\n<p><strong>Preotul Zaharia \u0219i so\u021bia lui Elisabeta sperau \u00eentr-o minune<\/strong><\/p>\n<p>Sf\u00e2ntul Ioan, fiul preotului Zaharia \u015fi al Elisabetei, veri\u015foara Fecioarei Maria, s-a n\u0103scut \u00een localitatea Ein-Kerem, nu departe de Ierusalim. Ani de-a r\u00e2ndul, p\u0103rin\u0163ii Sf\u00e2ntului Ioan s-au rugat la Dumnezeu s\u0103 le binecuv\u00e2nteze via\u0163a cu un fiu. De\u015fi erau \u00eenainta\u0163i \u00een v\u00e2rst\u0103, Elisabeta \u015fi preotul Zaharia sperau ca ruga lor fierbinte s\u0103 le fie \u00eemplinit\u0103 de Dumnezeu, iar aceast\u0103 minune s\u0103 alunge din via\u0163a lor ocara nerodirii de prunci deoarece, \u00een acea vreme, poporul evreu credea c\u0103 familia f\u0103r\u0103 copii era blestemat\u0103 de Dumnezeu. Din aceast\u0103 cauz\u0103, deseori, nici ofrandele aduse de aceste familii la Templu nu erau primite.<\/p>\n<p><strong>Arhanghelul Gavriil i-a adus preotului minunata veste<\/strong><\/p>\n<p>\u00centr-o zi, pe c\u00e2nd mul\u0163imea venit\u0103 la Templu se ruga afar\u0103, iar preotul Zaharia trebuia s\u0103 t\u0103m\u00e2ieze, l\u00e2ng\u0103 altar a ap\u0103rut Arhangherul Gavriil. Acesta i-a adus preotului minunata veste c\u0103 va avea un fiu:<\/p>\n<div class=\"inline-single-ad ad_single_3_index alignfull\">\n<div class=\"ad-wrap ad-script-wrap\">\n<div class=\"ad-script non-adsense edge-padding\">\n<div>\n\u203c\ufe0f\u203c\ufe0f NU recunoa\u0219tem ca pre\u0219edinte al Rom\u00e2niei pe marioneta retard\u0103 Nicu\u0219or Dan! Rom\u00e2ni, boicota\u021bi aceast\u0103 f\u0103c\u0103tur\u0103, care ne face \u021bara de r\u00e2s! NU rom\u00e2nii l-au votat pe Nicusoro\u0219 &#8211; cu unele excep\u021bii de persoane infantile, manipulabile \u0219i chiar idioate &#8211; ci l-au ajutat Maia Soro\u0219, Emanuel Macrou \u0219i tr\u0103d\u0103torii de la B.E.C. \u0219i CCR!<br \/>\n La \u00eenchisoare cu cei care au fraudat alegerile!\n<\/div>\n<\/div>\n<\/div>\n<\/div>\n<blockquote>\n<p>\u201eNu te teme Zaharia, pentru c\u0103 rug\u0103ciunea ta a fost ascultat\u0103 \u015fi Elisabeta, femeia ta, va na\u015fte un fiu \u015fi-l vei numi Ioan, \u015fi vei avea mare bucurie, \u015fi mul\u0163i se vor bucura, c\u0103ci el va fi mare \u00eenaintea lui Dumnezeu \u015fi se va umple de duhul sf\u00e2nt \u00eenc\u0103 din p\u00e2ntecele maicii sale\u201d.<\/p>\n<\/blockquote>\n<p><strong>Pentru necredin\u021ba lui, preotul Zaharia a r\u0103mas mut<\/strong><\/p>\n<p>A\u0219a cum men\u021bioneaz\u0103 Evanghelistul Luca (1,20), preotul Zaharia n-a crezut c\u0103 vestea Arhanghelului Gavriil este adev\u0103rat\u0103. De fapt, preotul a invocat faptul c\u0103 el \u015fi so\u021bia lui erau b\u0103tr\u00e2ni \u0219i nu mai aveau norocul s\u0103 aib\u0103 urma\u0219i (Luca 1,18). Pentru necredin\u0163a lui, Arhanghelul Gavriil i-a m\u0103rturisit preotului Zaharia c\u0103 va r\u0103m\u00e2ne mut, p\u00e2n\u0103 c\u00e2nd se va \u00eemplini vestirea sa, iar Elisabeta va aduce pe lume pruncul cel a\u015fteptat. \u015ei a\u015fa s-a \u00eent\u00e2mplat (Luca 1, 14, 19).<\/p>\n<p><strong>S-a \u00eemplinit vestirea \u0219i preotul Zaharia a sc\u0103pat de mu\u0163enie<\/strong><\/p>\n<p>La opt zile de la na\u015ftere, prorocul a spus c\u0103 pruncul care s-a n\u0103scut printr-o minune se va numi Ioan: \u201eS\u0103-l cheme Ioan!\u201d \u00cen limba ebraic\u0103, numele de Ioan, \u00eenseamn\u0103 \u201dDomnul s-a milostivit!\u201d Pentru c\u0103 s-a \u00eemplinit vestirea, preotul Zaharia a sc\u0103pat de mu\u0163enie.<\/p>\n<p><strong>Botez\u0103torul a vestit venirea lui Iisus<\/strong><\/p>\n<p>Ioan Botez\u0103torul a fost trimis de Dumnezeu s\u0103 vesteasc\u0103 venirea lui Iisus. Astfel, Prorocul Ioan, predicatorul ascet, model de poc\u0103in\u0163\u0103, \u015fi-a \u00eendeplinit misiunea, botez\u00e2ndu-l pe Hristos \u00een apele Iordanului. Evangheli\u015ftii men\u0163ioneaz\u0103 c\u0103, dup\u0103 acest eveniment, str\u0103lucirea lui Ioan urma s\u0103 scad\u0103, \u00een schimb str\u0103lucirea M\u00e2ntuitorului Iisus trebuia s\u0103 creasc\u0103.<\/p>\n<p><strong>\u00cen predicile sale, Ioan l-a criticat pe regele Irod<\/strong><\/p>\n<p>\u00cen predicile sale, Ioan a pledat pentru poc\u0103in\u0163\u0103 \u015fi nu l-a scutit de critici nici pe regele Irod Antipa pentru adulterul cu Irodiada, so\u0163ia fratelui s\u0103u vitreg, Filip. Pentru aceast\u0103 critic\u0103 aspr\u0103, Irodiada s-a r\u0103zbunt crunt \u015fi i-a gr\u0103bit moartea.<\/p>\n<p>Sf\u00e2ntul Ioan l-a botezat pe M\u00e2ntuitorul Iisus \u00een apele Iordanului la \u00eemplinirea vremii, a\u015fa cum a fost prorocit\u0103 de profe\u0163ii Vechiului Testament. \u00cen predicile sale, Ioan, predicatorul-ascet, se adresa mul\u0163imilor, \u00eendemn\u00e2nd la poc\u0103in\u0163\u0103 : \u201ePoc\u0103i\u0163i-v\u0103, pentru c\u0103 s-a apropiat \u00eemp\u0103r\u0103\u0163ia cerurilor!\u201d Astfel c\u0103 \u00eenv\u0103\u0163\u0103tura lui de baz\u0103 era structurat\u0103 pe aceste cuvinte imperative, care \u00eendemnau la poc\u0103in\u0163\u0103. \u00cen memoria cre\u015ftin\u0103t\u0103\u0163ii, Ioan Botez\u0103torul este prorocul care a spus \u00een fa\u0163a lumii c\u0103 Iisus este adev\u0103ratul Mesia, marele trimis al lui Dumnezeu.<\/p>\n<p><strong>\u300aProorocule \u015fi \u00cenaintemerg\u0103torule al venirii lui Hristos, dup\u0103 vrednicie a te l\u0103uda pe tine nu ne pricepem noi, cei ce cu dragoste te cinstim; c\u0103 nerodirea celeia ce te-a n\u0103scut \u015fi amu\u0163irea p\u0103rintelui t\u0103u s-a dezlegat, \u00eentru sl\u0103vit\u0103 \u015fi cinstit\u0103 na\u015fterea ta \u015fi \u00centruparea Fiului lui Dumnezeu lumii se propov\u0103duie\u015fte.\u300b\u00a0<\/strong><\/p>\n<\/div>\n<p>[analyse_source url=&#8221;https:\/\/ortodoxinfo.ro\/2026\/06\/24\/nasterea-sfantului-ioan-botezatorul-inaintemergatorul-si-botezatorul-domnului-nostru-iisus-hristos\/&#8221;]<\/p>\n","protected":false},"excerpt":{"rendered":"<p>[analyse_image type=&#8221;featured&#8221; src=&#8221;https:\/\/ortodoxinfo.ro\/wp-content\/uploads\/2021\/06\/sarbatoarea-nasterii-sfantului-ioan-botezatorul-16042.jpghttps:\/\/ortodoxinfo.ro\/wp-content\/uploads\/2021\/06\/sarbatoarea-nasterii-sfantului-ioan-botezatorul-16042.jpg&#8221;] Prima pagin\u0103 \u00bb Blog \u00bb Na\u0219terea Sf\u00e2ntului Ioan Botez\u0103torul, \u00cenaintemerg\u0103torul \u015fi Botez\u0103torul Domnului nostru Iisus Hristos Na\u0219terea Sf\u00e2ntului Ioan Botez\u0103torul, \u00cenaintemerg\u0103torul \u015fi Botez\u0103torul Domnului nostru Iisus Hristos 24 iunie 2026Sfin\u021bi \u0219i s\u0103rb\u0103tori3.3k vizualiz\u0103ri 5 comentarii Share 5 Min Read SHARE OrtodoxINFO este supus unui sabotaj sistematic din partea reprezentan\u021bilor Google Rom\u00e2nia, at\u00e2t [&hellip;]<\/p>\n","protected":false},"author":1,"featured_media":0,"comment_status":"open","ping_status":"","sticky":false,"template":"","format":"standard","meta":{"footnotes":""},"categories":[89],"tags":[226,94],"class_list":["post-2008729","post","type-post","status-publish","format-standard","hentry","category-romania","tag-crawlmanager","tag-ortodoxinfo-ro"],"_links":{"self":[{"href":"https:\/\/analyse.optim.biz\/index.php?rest_route=\/wp\/v2\/posts\/2008729","targetHints":{"allow":["GET"]}}],"collection":[{"href":"https:\/\/analyse.optim.biz\/index.php?rest_route=\/wp\/v2\/posts"}],"about":[{"href":"https:\/\/analyse.optim.biz\/index.php?rest_route=\/wp\/v2\/types\/post"}],"author":[{"embeddable":true,"href":"https:\/\/analyse.optim.biz\/index.php?rest_route=\/wp\/v2\/users\/1"}],"replies":[{"embeddable":true,"href":"https:\/\/analyse.optim.biz\/index.php?rest_route=%2Fwp%2Fv2%2Fcomments&post=2008729"}],"version-history":[{"count":0,"href":"https:\/\/analyse.optim.biz\/index.php?rest_route=\/wp\/v2\/posts\/2008729\/revisions"}],"wp:attachment":[{"href":"https:\/\/analyse.optim.biz\/index.php?rest_route=%2Fwp%2Fv2%2Fmedia&parent=2008729"}],"wp:term":[{"taxonomy":"category","embeddable":true,"href":"https:\/\/analyse.optim.biz\/index.php?rest_route=%2Fwp%2Fv2%2Fcategories&post=2008729"},{"taxonomy":"post_tag","embeddable":true,"href":"https:\/\/analyse.optim.biz\/index.php?rest_route=%2Fwp%2Fv2%2Ftags&post=2008729"}],"curies":[{"name":"wp","href":"https:\/\/api.w.org\/{rel}","templated":true}]}}